{"id":8433,"date":"2025-06-16T19:14:25","date_gmt":"2025-06-16T18:14:25","guid":{"rendered":"https:\/\/universnews224.com\/?p=8433"},"modified":"2025-06-16T19:14:25","modified_gmt":"2025-06-16T18:14:25","slug":"derniere-minute-le-general-mamadi-doumbouya-senvolera-en-cote-divoire-ce-mardi","status":"publish","type":"post","link":"https:\/\/universnews224.com\/index.php\/derniere-minute-le-general-mamadi-doumbouya-senvolera-en-cote-divoire-ce-mardi\/","title":{"rendered":"Derni\u00e8re minute : le G\u00e9n\u00e9ral Mamadi Doumbouya s&rsquo;envolera en C\u00f4te d\u2019Ivoire ce mardi."},"content":{"rendered":"<p>C\u2019est le cabinet de la Pr\u00e9sidence Guin\u00e9enne qui l\u2019a annonc\u00e9 ce lundi 16 juin 2025. Le Pr\u00e9sident de la transition, G\u00e9n\u00e9ral Mamadi DOUMBOUYA, effectuera une visite en R\u00e9publique de C\u00f4te d\u2019Ivoire demain mardi 17 juin 2025.<\/p>\n<div dir=\"auto\">\n<div dir=\"auto\"><\/div>\n<div dir=\"auto\">C\u2019est une visite qui s\u2019inscrit dans le cadre du renforcement des liens fraternels et de la coop\u00e9ration entre nations africaines souveraines et solidaires pour le bien-\u00eatre des populations.<\/div>\n<div dir=\"auto\"><\/div>\n<div dir=\"auto\">Une visite plac\u00e9e sous le sceau de l\u2019unit\u00e9, de la paix et du panafricanisme en action, selon la pr\u00e9sidente guin\u00e9enne.<\/div>\n<div dir=\"auto\"><\/div>\n<\/div>\n","protected":false},"excerpt":{"rendered":"<p>C\u2019est le cabinet de la Pr\u00e9sidence Guin\u00e9enne qui l\u2019a annonc\u00e9 ce lundi 16 juin 2025.<\/p>\n","protected":false},"author":2,"featured_media":8434,"comment_status":"closed","ping_status":"open","sticky":false,"template":"","format":"standard","meta":[],"categories":[3,4],"tags":[237],"yoast_head":"<!-- This site is optimized with the Yoast SEO plugin v19.13 - https:\/\/yoast.com\/wordpress\/plugins\/seo\/ -->\n<title>Derni\u00e8re minute : le G\u00e9n\u00e9ral Mamadi Doumbouya s&#039;envolera en C\u00f4te d\u2019Ivoire ce mardi. - UNIVERSNEWS224<\/title>\n<meta name=\"robots\" content=\"index, follow, max-snippet:-1, max-image-preview:large, max-video-preview:-1\" \/>\n<link rel=\"canonical\" href=\"https:\/\/universnews224.com\/index.php\/derniere-minute-le-general-mamadi-doumbouya-senvolera-en-cote-divoire-ce-mardi\/\" \/>\n<meta property=\"og:locale\" content=\"fr_FR\" \/>\n<meta property=\"og:type\" content=\"article\" \/>\n<meta property=\"og:title\" content=\"Derni\u00e8re minute : le G\u00e9n\u00e9ral Mamadi Doumbouya s&#039;envolera en C\u00f4te d\u2019Ivoire ce mardi. - UNIVERSNEWS224\" \/>\n<meta property=\"og:description\" content=\"C\u2019est le cabinet de la Pr\u00e9sidence Guin\u00e9enne qui l\u2019a annonc\u00e9 ce lundi 16 juin 2025.\" \/>\n<meta property=\"og:url\" content=\"https:\/\/universnews224.com\/index.php\/derniere-minute-le-general-mamadi-doumbouya-senvolera-en-cote-divoire-ce-mardi\/\" \/>\n<meta property=\"og:site_name\" content=\"UNIVERSNEWS224\" \/>\n<meta property=\"article:published_time\" content=\"2025-06-16T18:14:25+00:00\" \/>\n<meta property=\"og:image\" content=\"https:\/\/universnews224.com\/wp-content\/uploads\/2025\/06\/IMG-20250616-WA0018.jpg\" \/>\n\t<meta property=\"og:image:width\" content=\"912\" \/>\n\t<meta property=\"og:image:height\" content=\"1280\" \/>\n\t<meta property=\"og:image:type\" content=\"image\/jpeg\" \/>\n<meta name=\"author\" content=\"La R\u00e9daction\" \/>\n<meta name=\"twitter:label1\" content=\"\u00c9crit par\" \/>\n\t<meta name=\"twitter:data1\" content=\"La R\u00e9daction\" \/>\n\t<meta name=\"twitter:label2\" content=\"Dur\u00e9e de lecture estim\u00e9e\" \/>\n\t<meta name=\"twitter:data2\" content=\"1 minute\" \/>\n<script type=\"application\/ld+json\" class=\"yoast-schema-graph\">{\"@context\":\"https:\/\/schema.org\",\"@graph\":[{\"@type\":\"Article\",\"@id\":\"https:\/\/universnews224.com\/index.php\/derniere-minute-le-general-mamadi-doumbouya-senvolera-en-cote-divoire-ce-mardi\/#article\",\"isPartOf\":{\"@id\":\"https:\/\/universnews224.com\/index.php\/derniere-minute-le-general-mamadi-doumbouya-senvolera-en-cote-divoire-ce-mardi\/\"},\"author\":{\"name\":\"La R\u00e9daction\",\"@id\":\"https:\/\/universnews224.com\/#\/schema\/person\/a4b7d4f94a4716df60456a491260485e\"},\"headline\":\"Derni\u00e8re minute : le G\u00e9n\u00e9ral Mamadi Doumbouya s&rsquo;envolera en C\u00f4te d\u2019Ivoire ce mardi.\",\"datePublished\":\"2025-06-16T18:14:25+00:00\",\"dateModified\":\"2025-06-16T18:14:25+00:00\",\"mainEntityOfPage\":{\"@id\":\"https:\/\/universnews224.com\/index.php\/derniere-minute-le-general-mamadi-doumbouya-senvolera-en-cote-divoire-ce-mardi\/\"},\"wordCount\":115,\"publisher\":{\"@id\":\"https:\/\/universnews224.com\/#organization\"},\"keywords\":[\"A la une\"],\"articleSection\":[\"ACTU\",\"POLITIQUE\"],\"inLanguage\":\"fr-FR\"},{\"@type\":\"WebPage\",\"@id\":\"https:\/\/universnews224.com\/index.php\/derniere-minute-le-general-mamadi-doumbouya-senvolera-en-cote-divoire-ce-mardi\/\",\"url\":\"https:\/\/universnews224.com\/index.php\/derniere-minute-le-general-mamadi-doumbouya-senvolera-en-cote-divoire-ce-mardi\/\",\"name\":\"Derni\u00e8re minute : le G\u00e9n\u00e9ral Mamadi Doumbouya s'envolera en C\u00f4te d\u2019Ivoire ce mardi. - UNIVERSNEWS224\",\"isPartOf\":{\"@id\":\"https:\/\/universnews224.com\/#website\"},\"datePublished\":\"2025-06-16T18:14:25+00:00\",\"dateModified\":\"2025-06-16T18:14:25+00:00\",\"inLanguage\":\"fr-FR\",\"potentialAction\":[{\"@type\":\"ReadAction\",\"target\":[\"https:\/\/universnews224.com\/index.php\/derniere-minute-le-general-mamadi-doumbouya-senvolera-en-cote-divoire-ce-mardi\/\"]}]},{\"@type\":\"WebSite\",\"@id\":\"https:\/\/universnews224.com\/#website\",\"url\":\"https:\/\/universnews224.com\/\",\"name\":\"UNIVERSNEWS224\",\"description\":\"\",\"publisher\":{\"@id\":\"https:\/\/universnews224.com\/#organization\"},\"potentialAction\":[{\"@type\":\"SearchAction\",\"target\":{\"@type\":\"EntryPoint\",\"urlTemplate\":\"https:\/\/universnews224.com\/?s={search_term_string}\"},\"query-input\":\"required name=search_term_string\"}],\"inLanguage\":\"fr-FR\"},{\"@type\":\"Organization\",\"@id\":\"https:\/\/universnews224.com\/#organization\",\"name\":\"UNIVERSNEWS224\",\"url\":\"https:\/\/universnews224.com\/\",\"logo\":{\"@type\":\"ImageObject\",\"inLanguage\":\"fr-FR\",\"@id\":\"https:\/\/universnews224.com\/#\/schema\/logo\/image\/\",\"url\":\"https:\/\/universnews224.com\/wp-content\/uploads\/2022\/08\/cropped-cropped-logoban.jpg\",\"contentUrl\":\"https:\/\/universnews224.com\/wp-content\/uploads\/2022\/08\/cropped-cropped-logoban.jpg\",\"width\":1080,\"height\":138,\"caption\":\"UNIVERSNEWS224\"},\"image\":{\"@id\":\"https:\/\/universnews224.com\/#\/schema\/logo\/image\/\"}},{\"@type\":\"Person\",\"@id\":\"https:\/\/universnews224.com\/#\/schema\/person\/a4b7d4f94a4716df60456a491260485e\",\"name\":\"La R\u00e9daction\",\"image\":{\"@type\":\"ImageObject\",\"inLanguage\":\"fr-FR\",\"@id\":\"https:\/\/universnews224.com\/#\/schema\/person\/image\/\",\"url\":\"https:\/\/secure.gravatar.com\/avatar\/edb90acc7752b23e1b3307ad36c14f0d?s=96&d=mm&r=g\",\"contentUrl\":\"https:\/\/secure.gravatar.com\/avatar\/edb90acc7752b23e1b3307ad36c14f0d?s=96&d=mm&r=g\",\"caption\":\"La R\u00e9daction\"},\"sameAs\":[\"https:\/\/universnews224.com\"],\"url\":\"https:\/\/universnews224.com\/index.php\/author\/m-camara\/\"}]}<\/script>\n<!-- \/ Yoast SEO plugin. -->","yoast_head_json":{"title":"Derni\u00e8re minute : le G\u00e9n\u00e9ral Mamadi Doumbouya s'envolera en C\u00f4te d\u2019Ivoire ce mardi. - UNIVERSNEWS224","robots":{"index":"index","follow":"follow","max-snippet":"max-snippet:-1","max-image-preview":"max-image-preview:large","max-video-preview":"max-video-preview:-1"},"canonical":"https:\/\/universnews224.com\/index.php\/derniere-minute-le-general-mamadi-doumbouya-senvolera-en-cote-divoire-ce-mardi\/","og_locale":"fr_FR","og_type":"article","og_title":"Derni\u00e8re minute : le G\u00e9n\u00e9ral Mamadi Doumbouya s'envolera en C\u00f4te d\u2019Ivoire ce mardi. - UNIVERSNEWS224","og_description":"C\u2019est le cabinet de la Pr\u00e9sidence Guin\u00e9enne qui l\u2019a annonc\u00e9 ce lundi 16 juin 2025.","og_url":"https:\/\/universnews224.com\/index.php\/derniere-minute-le-general-mamadi-doumbouya-senvolera-en-cote-divoire-ce-mardi\/","og_site_name":"UNIVERSNEWS224","article_published_time":"2025-06-16T18:14:25+00:00","og_image":[{"width":912,"height":1280,"url":"https:\/\/universnews224.com\/wp-content\/uploads\/2025\/06\/IMG-20250616-WA0018.jpg","type":"image\/jpeg"}],"author":"La R\u00e9daction","twitter_misc":{"\u00c9crit par":"La R\u00e9daction","Dur\u00e9e de lecture estim\u00e9e":"1 minute"},"schema":{"@context":"https:\/\/schema.org","@graph":[{"@type":"Article","@id":"https:\/\/universnews224.com\/index.php\/derniere-minute-le-general-mamadi-doumbouya-senvolera-en-cote-divoire-ce-mardi\/#article","isPartOf":{"@id":"https:\/\/universnews224.com\/index.php\/derniere-minute-le-general-mamadi-doumbouya-senvolera-en-cote-divoire-ce-mardi\/"},"author":{"name":"La R\u00e9daction","@id":"https:\/\/universnews224.com\/#\/schema\/person\/a4b7d4f94a4716df60456a491260485e"},"headline":"Derni\u00e8re minute : le G\u00e9n\u00e9ral Mamadi Doumbouya s&rsquo;envolera en C\u00f4te d\u2019Ivoire ce mardi.","datePublished":"2025-06-16T18:14:25+00:00","dateModified":"2025-06-16T18:14:25+00:00","mainEntityOfPage":{"@id":"https:\/\/universnews224.com\/index.php\/derniere-minute-le-general-mamadi-doumbouya-senvolera-en-cote-divoire-ce-mardi\/"},"wordCount":115,"publisher":{"@id":"https:\/\/universnews224.com\/#organization"},"keywords":["A la une"],"articleSection":["ACTU","POLITIQUE"],"inLanguage":"fr-FR"},{"@type":"WebPage","@id":"https:\/\/universnews224.com\/index.php\/derniere-minute-le-general-mamadi-doumbouya-senvolera-en-cote-divoire-ce-mardi\/","url":"https:\/\/universnews224.com\/index.php\/derniere-minute-le-general-mamadi-doumbouya-senvolera-en-cote-divoire-ce-mardi\/","name":"Derni\u00e8re minute : le G\u00e9n\u00e9ral Mamadi Doumbouya s'envolera en C\u00f4te d\u2019Ivoire ce mardi. - UNIVERSNEWS224","isPartOf":{"@id":"https:\/\/universnews224.com\/#website"},"datePublished":"2025-06-16T18:14:25+00:00","dateModified":"2025-06-16T18:14:25+00:00","inLanguage":"fr-FR","potentialAction":[{"@type":"ReadAction","target":["https:\/\/universnews224.com\/index.php\/derniere-minute-le-general-mamadi-doumbouya-senvolera-en-cote-divoire-ce-mardi\/"]}]},{"@type":"WebSite","@id":"https:\/\/universnews224.com\/#website","url":"https:\/\/universnews224.com\/","name":"UNIVERSNEWS224","description":"","publisher":{"@id":"https:\/\/universnews224.com\/#organization"},"potentialAction":[{"@type":"SearchAction","target":{"@type":"EntryPoint","urlTemplate":"https:\/\/universnews224.com\/?s={search_term_string}"},"query-input":"required name=search_term_string"}],"inLanguage":"fr-FR"},{"@type":"Organization","@id":"https:\/\/universnews224.com\/#organization","name":"UNIVERSNEWS224","url":"https:\/\/universnews224.com\/","logo":{"@type":"ImageObject","inLanguage":"fr-FR","@id":"https:\/\/universnews224.com\/#\/schema\/logo\/image\/","url":"https:\/\/universnews224.com\/wp-content\/uploads\/2022\/08\/cropped-cropped-logoban.jpg","contentUrl":"https:\/\/universnews224.com\/wp-content\/uploads\/2022\/08\/cropped-cropped-logoban.jpg","width":1080,"height":138,"caption":"UNIVERSNEWS224"},"image":{"@id":"https:\/\/universnews224.com\/#\/schema\/logo\/image\/"}},{"@type":"Person","@id":"https:\/\/universnews224.com\/#\/schema\/person\/a4b7d4f94a4716df60456a491260485e","name":"La R\u00e9daction","image":{"@type":"ImageObject","inLanguage":"fr-FR","@id":"https:\/\/universnews224.com\/#\/schema\/person\/image\/","url":"https:\/\/secure.gravatar.com\/avatar\/edb90acc7752b23e1b3307ad36c14f0d?s=96&d=mm&r=g","contentUrl":"https:\/\/secure.gravatar.com\/avatar\/edb90acc7752b23e1b3307ad36c14f0d?s=96&d=mm&r=g","caption":"La R\u00e9daction"},"sameAs":["https:\/\/universnews224.com"],"url":"https:\/\/universnews224.com\/index.php\/author\/m-camara\/"}]}},"_links":{"self":[{"href":"https:\/\/universnews224.com\/index.php\/wp-json\/wp\/v2\/posts\/8433"}],"collection":[{"href":"https:\/\/universnews224.com\/index.php\/wp-json\/wp\/v2\/posts"}],"about":[{"href":"https:\/\/universnews224.com\/index.php\/wp-json\/wp\/v2\/types\/post"}],"author":[{"embeddable":true,"href":"https:\/\/universnews224.com\/index.php\/wp-json\/wp\/v2\/users\/2"}],"replies":[{"embeddable":true,"href":"https:\/\/universnews224.com\/index.php\/wp-json\/wp\/v2\/comments?post=8433"}],"version-history":[{"count":1,"href":"https:\/\/universnews224.com\/index.php\/wp-json\/wp\/v2\/posts\/8433\/revisions"}],"predecessor-version":[{"id":8435,"href":"https:\/\/universnews224.com\/index.php\/wp-json\/wp\/v2\/posts\/8433\/revisions\/8435"}],"wp:featuredmedia":[{"embeddable":true,"href":"https:\/\/universnews224.com\/index.php\/wp-json\/wp\/v2\/media\/8434"}],"wp:attachment":[{"href":"https:\/\/universnews224.com\/index.php\/wp-json\/wp\/v2\/media?parent=8433"}],"wp:term":[{"taxonomy":"category","embeddable":true,"href":"https:\/\/universnews224.com\/index.php\/wp-json\/wp\/v2\/categories?post=8433"},{"taxonomy":"post_tag","embeddable":true,"href":"https:\/\/universnews224.com\/index.php\/wp-json\/wp\/v2\/tags?post=8433"}],"curies":[{"name":"wp","href":"https:\/\/api.w.org\/{rel}","templated":true}]}}