{"id":8439,"date":"2025-06-18T10:52:51","date_gmt":"2025-06-18T09:52:51","guid":{"rendered":"https:\/\/universnews224.com\/?p=8439"},"modified":"2025-06-18T10:52:51","modified_gmt":"2025-06-18T09:52:51","slug":"visite-du-general-doumbouya-a-abidjan-alassane-ouattara-se-felicite-des-progres-realises-en-guinee","status":"publish","type":"post","link":"https:\/\/universnews224.com\/index.php\/visite-du-general-doumbouya-a-abidjan-alassane-ouattara-se-felicite-des-progres-realises-en-guinee\/","title":{"rendered":"Visite du G\u00e9n\u00e9ral Doumbouya \u00e0 Abidjan: Alassane Ouattara se f\u00e9licite des progr\u00e8s r\u00e9alis\u00e9s en Guin\u00e9e."},"content":{"rendered":"<div dir=\"auto\">Depuis ce mardi matin, le pr\u00e9sident de la transition est en d\u00e9placement en C\u00f4te d\u2019Ivoire. Le g\u00e9n\u00e9ral Mamadi Doumbouya et son homologue ivoirien ont anim\u00e9 une conf\u00e9rence de presse cet apr\u00e8s-midi \u00e0 Abidjan. Ce fut un entretien approfondi qui a permis aux deux chefs d\u2019Etats d\u2019\u00e9changer sur la situation politique dans leurs deux pays. C\u2019est le pr\u00e9sident ivoirien a ouvert le bal. Il se f\u00e9licite de l\u2019\u00e9lan de d\u00e9veloppement amorc\u00e9 par la Guin\u00e9e sous l\u2019\u00e8re du CNRD.<\/div>\n<div dir=\"auto\"><\/div>\n<div dir=\"auto\">\u00ab Depuis plusieurs mois, la Guin\u00e9e traverse une \u00e9tape cruciale de son histoire. La C\u00f4te d\u2019Ivoire suit \u00e9videmment avec un grand int\u00e9r\u00eat cette \u00e9volution, ainsi que les efforts d\u00e9ploy\u00e9s pour retrouver la normalit\u00e9 constitutionnelle. J\u2019ai \u00e9t\u00e9 avec le pr\u00e9sident du Ghana, l\u2019un des chefs d\u2019\u00c9tat, \u00e0 vous rendre visite apr\u00e8s le changement en Guin\u00e9e, notre v\u0153u est de voir la Guin\u00e9e retrouver son lustre d\u2019antan et poursuivre sa marche vers le progr\u00e8s \u00e9conomique et social pour le bonheur du peuple guin\u00e9en. Je voudrais \u00e0 cet \u00e9gard vous f\u00e9liciter pour les importants progr\u00e8s r\u00e9alis\u00e9s dans le cadre du d\u00e9veloppement \u00e0 travers votre programme Simandou 2040 \u00bb, a-t-il salu\u00e9.<\/div>\n<div dir=\"auto\"><\/div>\n","protected":false},"excerpt":{"rendered":"<p>Depuis ce mardi matin, le pr\u00e9sident de la transition est en d\u00e9placement en C\u00f4te d\u2019Ivoire.<\/p>\n","protected":false},"author":2,"featured_media":8440,"comment_status":"closed","ping_status":"open","sticky":false,"template":"","format":"standard","meta":[],"categories":[3,4],"tags":[229],"yoast_head":"<!-- This site is optimized with the Yoast SEO plugin v19.13 - https:\/\/yoast.com\/wordpress\/plugins\/seo\/ -->\n<title>Visite du G\u00e9n\u00e9ral Doumbouya \u00e0 Abidjan: Alassane Ouattara se f\u00e9licite des progr\u00e8s r\u00e9alis\u00e9s en Guin\u00e9e. - UNIVERSNEWS224<\/title>\n<meta name=\"robots\" content=\"index, follow, max-snippet:-1, max-image-preview:large, max-video-preview:-1\" \/>\n<link rel=\"canonical\" href=\"https:\/\/universnews224.com\/index.php\/visite-du-general-doumbouya-a-abidjan-alassane-ouattara-se-felicite-des-progres-realises-en-guinee\/\" \/>\n<meta property=\"og:locale\" content=\"fr_FR\" \/>\n<meta property=\"og:type\" content=\"article\" \/>\n<meta property=\"og:title\" content=\"Visite du G\u00e9n\u00e9ral Doumbouya \u00e0 Abidjan: Alassane Ouattara se f\u00e9licite des progr\u00e8s r\u00e9alis\u00e9s en Guin\u00e9e. - UNIVERSNEWS224\" \/>\n<meta property=\"og:description\" content=\"Depuis ce mardi matin, le pr\u00e9sident de la transition est en d\u00e9placement en C\u00f4te d\u2019Ivoire.\" \/>\n<meta property=\"og:url\" content=\"https:\/\/universnews224.com\/index.php\/visite-du-general-doumbouya-a-abidjan-alassane-ouattara-se-felicite-des-progres-realises-en-guinee\/\" \/>\n<meta property=\"og:site_name\" content=\"UNIVERSNEWS224\" \/>\n<meta property=\"article:published_time\" content=\"2025-06-18T09:52:51+00:00\" \/>\n<meta property=\"og:image\" content=\"https:\/\/universnews224.com\/wp-content\/uploads\/2025\/06\/ADO-2.jpeg\" \/>\n\t<meta property=\"og:image:width\" content=\"700\" \/>\n\t<meta property=\"og:image:height\" content=\"323\" \/>\n\t<meta property=\"og:image:type\" content=\"image\/jpeg\" \/>\n<meta name=\"author\" content=\"La R\u00e9daction\" \/>\n<meta name=\"twitter:label1\" content=\"\u00c9crit par\" \/>\n\t<meta name=\"twitter:data1\" content=\"La R\u00e9daction\" \/>\n\t<meta name=\"twitter:label2\" content=\"Dur\u00e9e de lecture estim\u00e9e\" \/>\n\t<meta name=\"twitter:data2\" content=\"1 minute\" \/>\n<script type=\"application\/ld+json\" class=\"yoast-schema-graph\">{\"@context\":\"https:\/\/schema.org\",\"@graph\":[{\"@type\":\"Article\",\"@id\":\"https:\/\/universnews224.com\/index.php\/visite-du-general-doumbouya-a-abidjan-alassane-ouattara-se-felicite-des-progres-realises-en-guinee\/#article\",\"isPartOf\":{\"@id\":\"https:\/\/universnews224.com\/index.php\/visite-du-general-doumbouya-a-abidjan-alassane-ouattara-se-felicite-des-progres-realises-en-guinee\/\"},\"author\":{\"name\":\"La R\u00e9daction\",\"@id\":\"https:\/\/universnews224.com\/#\/schema\/person\/a4b7d4f94a4716df60456a491260485e\"},\"headline\":\"Visite du G\u00e9n\u00e9ral Doumbouya \u00e0 Abidjan: Alassane Ouattara se f\u00e9licite des progr\u00e8s r\u00e9alis\u00e9s en Guin\u00e9e.\",\"datePublished\":\"2025-06-18T09:52:51+00:00\",\"dateModified\":\"2025-06-18T09:52:51+00:00\",\"mainEntityOfPage\":{\"@id\":\"https:\/\/universnews224.com\/index.php\/visite-du-general-doumbouya-a-abidjan-alassane-ouattara-se-felicite-des-progres-realises-en-guinee\/\"},\"wordCount\":238,\"publisher\":{\"@id\":\"https:\/\/universnews224.com\/#organization\"},\"keywords\":[\"La une\"],\"articleSection\":[\"ACTU\",\"POLITIQUE\"],\"inLanguage\":\"fr-FR\"},{\"@type\":\"WebPage\",\"@id\":\"https:\/\/universnews224.com\/index.php\/visite-du-general-doumbouya-a-abidjan-alassane-ouattara-se-felicite-des-progres-realises-en-guinee\/\",\"url\":\"https:\/\/universnews224.com\/index.php\/visite-du-general-doumbouya-a-abidjan-alassane-ouattara-se-felicite-des-progres-realises-en-guinee\/\",\"name\":\"Visite du G\u00e9n\u00e9ral Doumbouya \u00e0 Abidjan: Alassane Ouattara se f\u00e9licite des progr\u00e8s r\u00e9alis\u00e9s en Guin\u00e9e. - UNIVERSNEWS224\",\"isPartOf\":{\"@id\":\"https:\/\/universnews224.com\/#website\"},\"datePublished\":\"2025-06-18T09:52:51+00:00\",\"dateModified\":\"2025-06-18T09:52:51+00:00\",\"inLanguage\":\"fr-FR\",\"potentialAction\":[{\"@type\":\"ReadAction\",\"target\":[\"https:\/\/universnews224.com\/index.php\/visite-du-general-doumbouya-a-abidjan-alassane-ouattara-se-felicite-des-progres-realises-en-guinee\/\"]}]},{\"@type\":\"WebSite\",\"@id\":\"https:\/\/universnews224.com\/#website\",\"url\":\"https:\/\/universnews224.com\/\",\"name\":\"UNIVERSNEWS224\",\"description\":\"\",\"publisher\":{\"@id\":\"https:\/\/universnews224.com\/#organization\"},\"potentialAction\":[{\"@type\":\"SearchAction\",\"target\":{\"@type\":\"EntryPoint\",\"urlTemplate\":\"https:\/\/universnews224.com\/?s={search_term_string}\"},\"query-input\":\"required name=search_term_string\"}],\"inLanguage\":\"fr-FR\"},{\"@type\":\"Organization\",\"@id\":\"https:\/\/universnews224.com\/#organization\",\"name\":\"UNIVERSNEWS224\",\"url\":\"https:\/\/universnews224.com\/\",\"logo\":{\"@type\":\"ImageObject\",\"inLanguage\":\"fr-FR\",\"@id\":\"https:\/\/universnews224.com\/#\/schema\/logo\/image\/\",\"url\":\"https:\/\/universnews224.com\/wp-content\/uploads\/2022\/08\/cropped-cropped-logoban.jpg\",\"contentUrl\":\"https:\/\/universnews224.com\/wp-content\/uploads\/2022\/08\/cropped-cropped-logoban.jpg\",\"width\":1080,\"height\":138,\"caption\":\"UNIVERSNEWS224\"},\"image\":{\"@id\":\"https:\/\/universnews224.com\/#\/schema\/logo\/image\/\"}},{\"@type\":\"Person\",\"@id\":\"https:\/\/universnews224.com\/#\/schema\/person\/a4b7d4f94a4716df60456a491260485e\",\"name\":\"La R\u00e9daction\",\"image\":{\"@type\":\"ImageObject\",\"inLanguage\":\"fr-FR\",\"@id\":\"https:\/\/universnews224.com\/#\/schema\/person\/image\/\",\"url\":\"https:\/\/secure.gravatar.com\/avatar\/edb90acc7752b23e1b3307ad36c14f0d?s=96&d=mm&r=g\",\"contentUrl\":\"https:\/\/secure.gravatar.com\/avatar\/edb90acc7752b23e1b3307ad36c14f0d?s=96&d=mm&r=g\",\"caption\":\"La R\u00e9daction\"},\"sameAs\":[\"https:\/\/universnews224.com\"],\"url\":\"https:\/\/universnews224.com\/index.php\/author\/m-camara\/\"}]}<\/script>\n<!-- \/ Yoast SEO plugin. -->","yoast_head_json":{"title":"Visite du G\u00e9n\u00e9ral Doumbouya \u00e0 Abidjan: Alassane Ouattara se f\u00e9licite des progr\u00e8s r\u00e9alis\u00e9s en Guin\u00e9e. - UNIVERSNEWS224","robots":{"index":"index","follow":"follow","max-snippet":"max-snippet:-1","max-image-preview":"max-image-preview:large","max-video-preview":"max-video-preview:-1"},"canonical":"https:\/\/universnews224.com\/index.php\/visite-du-general-doumbouya-a-abidjan-alassane-ouattara-se-felicite-des-progres-realises-en-guinee\/","og_locale":"fr_FR","og_type":"article","og_title":"Visite du G\u00e9n\u00e9ral Doumbouya \u00e0 Abidjan: Alassane Ouattara se f\u00e9licite des progr\u00e8s r\u00e9alis\u00e9s en Guin\u00e9e. - UNIVERSNEWS224","og_description":"Depuis ce mardi matin, le pr\u00e9sident de la transition est en d\u00e9placement en C\u00f4te d\u2019Ivoire.","og_url":"https:\/\/universnews224.com\/index.php\/visite-du-general-doumbouya-a-abidjan-alassane-ouattara-se-felicite-des-progres-realises-en-guinee\/","og_site_name":"UNIVERSNEWS224","article_published_time":"2025-06-18T09:52:51+00:00","og_image":[{"width":700,"height":323,"url":"https:\/\/universnews224.com\/wp-content\/uploads\/2025\/06\/ADO-2.jpeg","type":"image\/jpeg"}],"author":"La R\u00e9daction","twitter_misc":{"\u00c9crit par":"La R\u00e9daction","Dur\u00e9e de lecture estim\u00e9e":"1 minute"},"schema":{"@context":"https:\/\/schema.org","@graph":[{"@type":"Article","@id":"https:\/\/universnews224.com\/index.php\/visite-du-general-doumbouya-a-abidjan-alassane-ouattara-se-felicite-des-progres-realises-en-guinee\/#article","isPartOf":{"@id":"https:\/\/universnews224.com\/index.php\/visite-du-general-doumbouya-a-abidjan-alassane-ouattara-se-felicite-des-progres-realises-en-guinee\/"},"author":{"name":"La R\u00e9daction","@id":"https:\/\/universnews224.com\/#\/schema\/person\/a4b7d4f94a4716df60456a491260485e"},"headline":"Visite du G\u00e9n\u00e9ral Doumbouya \u00e0 Abidjan: Alassane Ouattara se f\u00e9licite des progr\u00e8s r\u00e9alis\u00e9s en Guin\u00e9e.","datePublished":"2025-06-18T09:52:51+00:00","dateModified":"2025-06-18T09:52:51+00:00","mainEntityOfPage":{"@id":"https:\/\/universnews224.com\/index.php\/visite-du-general-doumbouya-a-abidjan-alassane-ouattara-se-felicite-des-progres-realises-en-guinee\/"},"wordCount":238,"publisher":{"@id":"https:\/\/universnews224.com\/#organization"},"keywords":["La une"],"articleSection":["ACTU","POLITIQUE"],"inLanguage":"fr-FR"},{"@type":"WebPage","@id":"https:\/\/universnews224.com\/index.php\/visite-du-general-doumbouya-a-abidjan-alassane-ouattara-se-felicite-des-progres-realises-en-guinee\/","url":"https:\/\/universnews224.com\/index.php\/visite-du-general-doumbouya-a-abidjan-alassane-ouattara-se-felicite-des-progres-realises-en-guinee\/","name":"Visite du G\u00e9n\u00e9ral Doumbouya \u00e0 Abidjan: Alassane Ouattara se f\u00e9licite des progr\u00e8s r\u00e9alis\u00e9s en Guin\u00e9e. - UNIVERSNEWS224","isPartOf":{"@id":"https:\/\/universnews224.com\/#website"},"datePublished":"2025-06-18T09:52:51+00:00","dateModified":"2025-06-18T09:52:51+00:00","inLanguage":"fr-FR","potentialAction":[{"@type":"ReadAction","target":["https:\/\/universnews224.com\/index.php\/visite-du-general-doumbouya-a-abidjan-alassane-ouattara-se-felicite-des-progres-realises-en-guinee\/"]}]},{"@type":"WebSite","@id":"https:\/\/universnews224.com\/#website","url":"https:\/\/universnews224.com\/","name":"UNIVERSNEWS224","description":"","publisher":{"@id":"https:\/\/universnews224.com\/#organization"},"potentialAction":[{"@type":"SearchAction","target":{"@type":"EntryPoint","urlTemplate":"https:\/\/universnews224.com\/?s={search_term_string}"},"query-input":"required name=search_term_string"}],"inLanguage":"fr-FR"},{"@type":"Organization","@id":"https:\/\/universnews224.com\/#organization","name":"UNIVERSNEWS224","url":"https:\/\/universnews224.com\/","logo":{"@type":"ImageObject","inLanguage":"fr-FR","@id":"https:\/\/universnews224.com\/#\/schema\/logo\/image\/","url":"https:\/\/universnews224.com\/wp-content\/uploads\/2022\/08\/cropped-cropped-logoban.jpg","contentUrl":"https:\/\/universnews224.com\/wp-content\/uploads\/2022\/08\/cropped-cropped-logoban.jpg","width":1080,"height":138,"caption":"UNIVERSNEWS224"},"image":{"@id":"https:\/\/universnews224.com\/#\/schema\/logo\/image\/"}},{"@type":"Person","@id":"https:\/\/universnews224.com\/#\/schema\/person\/a4b7d4f94a4716df60456a491260485e","name":"La R\u00e9daction","image":{"@type":"ImageObject","inLanguage":"fr-FR","@id":"https:\/\/universnews224.com\/#\/schema\/person\/image\/","url":"https:\/\/secure.gravatar.com\/avatar\/edb90acc7752b23e1b3307ad36c14f0d?s=96&d=mm&r=g","contentUrl":"https:\/\/secure.gravatar.com\/avatar\/edb90acc7752b23e1b3307ad36c14f0d?s=96&d=mm&r=g","caption":"La R\u00e9daction"},"sameAs":["https:\/\/universnews224.com"],"url":"https:\/\/universnews224.com\/index.php\/author\/m-camara\/"}]}},"_links":{"self":[{"href":"https:\/\/universnews224.com\/index.php\/wp-json\/wp\/v2\/posts\/8439"}],"collection":[{"href":"https:\/\/universnews224.com\/index.php\/wp-json\/wp\/v2\/posts"}],"about":[{"href":"https:\/\/universnews224.com\/index.php\/wp-json\/wp\/v2\/types\/post"}],"author":[{"embeddable":true,"href":"https:\/\/universnews224.com\/index.php\/wp-json\/wp\/v2\/users\/2"}],"replies":[{"embeddable":true,"href":"https:\/\/universnews224.com\/index.php\/wp-json\/wp\/v2\/comments?post=8439"}],"version-history":[{"count":1,"href":"https:\/\/universnews224.com\/index.php\/wp-json\/wp\/v2\/posts\/8439\/revisions"}],"predecessor-version":[{"id":8441,"href":"https:\/\/universnews224.com\/index.php\/wp-json\/wp\/v2\/posts\/8439\/revisions\/8441"}],"wp:featuredmedia":[{"embeddable":true,"href":"https:\/\/universnews224.com\/index.php\/wp-json\/wp\/v2\/media\/8440"}],"wp:attachment":[{"href":"https:\/\/universnews224.com\/index.php\/wp-json\/wp\/v2\/media?parent=8439"}],"wp:term":[{"taxonomy":"category","embeddable":true,"href":"https:\/\/universnews224.com\/index.php\/wp-json\/wp\/v2\/categories?post=8439"},{"taxonomy":"post_tag","embeddable":true,"href":"https:\/\/universnews224.com\/index.php\/wp-json\/wp\/v2\/tags?post=8439"}],"curies":[{"name":"wp","href":"https:\/\/api.w.org\/{rel}","templated":true}]}}