{"id":8442,"date":"2025-06-18T10:56:16","date_gmt":"2025-06-18T09:56:16","guid":{"rendered":"https:\/\/universnews224.com\/?p=8442"},"modified":"2025-06-18T10:56:16","modified_gmt":"2025-06-18T09:56:16","slug":"dpj-le-journaliste-thierno-amadou-nbonet-camara-place-en-garde-a-vue-sur-plainte-de-thierno-mamadou-bah-tmb","status":"publish","type":"post","link":"https:\/\/universnews224.com\/index.php\/dpj-le-journaliste-thierno-amadou-nbonet-camara-place-en-garde-a-vue-sur-plainte-de-thierno-mamadou-bah-tmb\/","title":{"rendered":"DPJ : le journaliste Thierno Amadou N\u2019Bonet Camara plac\u00e9 en garde \u00e0 vue sur plainte de Thierno Mamadou Bah (TMB)"},"content":{"rendered":"<div dir=\"auto\">R\u00e9pondant \u00e0 une convocation de la direction centrale de la police judiciaire (DCPJ) saisie par Thierno Mamadou Bah, Conseiller personnel de G\u00e9n\u00e9ral Mamadi Doumbouya, Thierno Amadou N\u2019Bonet Camara ne rentrera \u00e0 son domicile ce mardi 17 juin 2025.<\/div>\n<div dir=\"auto\"><\/div>\n<div dir=\"auto\">Le journaliste a \u00e9t\u00e9 plac\u00e9 en garde \u00e0 vue au terme d\u2019une longue journ\u00e9e d\u2019audition par l\u2019officier de police judiciaire Colonel Bachir.<\/div>\n<div dir=\"auto\">Thierno Amadou N\u2019bonet Camara est poursuivi pour diffamation et injure par l\u2019ancien journaliste TMB dans l\u2019affaire portant sur un pr\u00e9sum\u00e9 d\u00e9tournement de plusieurs milliards de francs guin\u00e9ens \u00e0 l\u2019office guin\u00e9en de la publicit\u00e9 (OGP).<\/div>\n","protected":false},"excerpt":{"rendered":"<p>R\u00e9pondant \u00e0 une convocation de la direction centrale de la police judiciaire (DCPJ) saisie par<\/p>\n","protected":false},"author":2,"featured_media":8443,"comment_status":"closed","ping_status":"open","sticky":false,"template":"","format":"standard","meta":[],"categories":[3,5],"tags":[237],"yoast_head":"<!-- This site is optimized with the Yoast SEO plugin v19.13 - https:\/\/yoast.com\/wordpress\/plugins\/seo\/ -->\n<title>DPJ : le journaliste Thierno Amadou N\u2019Bonet Camara plac\u00e9 en garde \u00e0 vue sur plainte de Thierno Mamadou Bah (TMB) - UNIVERSNEWS224<\/title>\n<meta name=\"robots\" content=\"index, follow, max-snippet:-1, max-image-preview:large, max-video-preview:-1\" \/>\n<link rel=\"canonical\" href=\"https:\/\/universnews224.com\/index.php\/dpj-le-journaliste-thierno-amadou-nbonet-camara-place-en-garde-a-vue-sur-plainte-de-thierno-mamadou-bah-tmb\/\" \/>\n<meta property=\"og:locale\" content=\"fr_FR\" \/>\n<meta property=\"og:type\" content=\"article\" \/>\n<meta property=\"og:title\" content=\"DPJ : le journaliste Thierno Amadou N\u2019Bonet Camara plac\u00e9 en garde \u00e0 vue sur plainte de Thierno Mamadou Bah (TMB) - UNIVERSNEWS224\" \/>\n<meta property=\"og:description\" content=\"R\u00e9pondant \u00e0 une convocation de la direction centrale de la police judiciaire (DCPJ) saisie par\" \/>\n<meta property=\"og:url\" content=\"https:\/\/universnews224.com\/index.php\/dpj-le-journaliste-thierno-amadou-nbonet-camara-place-en-garde-a-vue-sur-plainte-de-thierno-mamadou-bah-tmb\/\" \/>\n<meta property=\"og:site_name\" content=\"UNIVERSNEWS224\" \/>\n<meta property=\"article:published_time\" content=\"2025-06-18T09:56:16+00:00\" \/>\n<meta property=\"og:image\" content=\"https:\/\/universnews224.com\/wp-content\/uploads\/2025\/06\/IMG_1918.jpeg\" \/>\n\t<meta property=\"og:image:width\" content=\"750\" \/>\n\t<meta property=\"og:image:height\" content=\"375\" \/>\n\t<meta property=\"og:image:type\" content=\"image\/jpeg\" \/>\n<meta name=\"author\" content=\"La R\u00e9daction\" \/>\n<meta name=\"twitter:label1\" content=\"\u00c9crit par\" \/>\n\t<meta name=\"twitter:data1\" content=\"La R\u00e9daction\" \/>\n\t<meta name=\"twitter:label2\" content=\"Dur\u00e9e de lecture estim\u00e9e\" \/>\n\t<meta name=\"twitter:data2\" content=\"1 minute\" \/>\n<script type=\"application\/ld+json\" class=\"yoast-schema-graph\">{\"@context\":\"https:\/\/schema.org\",\"@graph\":[{\"@type\":\"Article\",\"@id\":\"https:\/\/universnews224.com\/index.php\/dpj-le-journaliste-thierno-amadou-nbonet-camara-place-en-garde-a-vue-sur-plainte-de-thierno-mamadou-bah-tmb\/#article\",\"isPartOf\":{\"@id\":\"https:\/\/universnews224.com\/index.php\/dpj-le-journaliste-thierno-amadou-nbonet-camara-place-en-garde-a-vue-sur-plainte-de-thierno-mamadou-bah-tmb\/\"},\"author\":{\"name\":\"La R\u00e9daction\",\"@id\":\"https:\/\/universnews224.com\/#\/schema\/person\/a4b7d4f94a4716df60456a491260485e\"},\"headline\":\"DPJ : le journaliste Thierno Amadou N\u2019Bonet Camara plac\u00e9 en garde \u00e0 vue sur plainte de Thierno Mamadou Bah (TMB)\",\"datePublished\":\"2025-06-18T09:56:16+00:00\",\"dateModified\":\"2025-06-18T09:56:16+00:00\",\"mainEntityOfPage\":{\"@id\":\"https:\/\/universnews224.com\/index.php\/dpj-le-journaliste-thierno-amadou-nbonet-camara-place-en-garde-a-vue-sur-plainte-de-thierno-mamadou-bah-tmb\/\"},\"wordCount\":123,\"publisher\":{\"@id\":\"https:\/\/universnews224.com\/#organization\"},\"keywords\":[\"A la une\"],\"articleSection\":[\"ACTU\",\"SOCI\u00c9T\u00c9\"],\"inLanguage\":\"fr-FR\"},{\"@type\":\"WebPage\",\"@id\":\"https:\/\/universnews224.com\/index.php\/dpj-le-journaliste-thierno-amadou-nbonet-camara-place-en-garde-a-vue-sur-plainte-de-thierno-mamadou-bah-tmb\/\",\"url\":\"https:\/\/universnews224.com\/index.php\/dpj-le-journaliste-thierno-amadou-nbonet-camara-place-en-garde-a-vue-sur-plainte-de-thierno-mamadou-bah-tmb\/\",\"name\":\"DPJ : le journaliste Thierno Amadou N\u2019Bonet Camara plac\u00e9 en garde \u00e0 vue sur plainte de Thierno Mamadou Bah (TMB) - UNIVERSNEWS224\",\"isPartOf\":{\"@id\":\"https:\/\/universnews224.com\/#website\"},\"datePublished\":\"2025-06-18T09:56:16+00:00\",\"dateModified\":\"2025-06-18T09:56:16+00:00\",\"inLanguage\":\"fr-FR\",\"potentialAction\":[{\"@type\":\"ReadAction\",\"target\":[\"https:\/\/universnews224.com\/index.php\/dpj-le-journaliste-thierno-amadou-nbonet-camara-place-en-garde-a-vue-sur-plainte-de-thierno-mamadou-bah-tmb\/\"]}]},{\"@type\":\"WebSite\",\"@id\":\"https:\/\/universnews224.com\/#website\",\"url\":\"https:\/\/universnews224.com\/\",\"name\":\"UNIVERSNEWS224\",\"description\":\"\",\"publisher\":{\"@id\":\"https:\/\/universnews224.com\/#organization\"},\"potentialAction\":[{\"@type\":\"SearchAction\",\"target\":{\"@type\":\"EntryPoint\",\"urlTemplate\":\"https:\/\/universnews224.com\/?s={search_term_string}\"},\"query-input\":\"required name=search_term_string\"}],\"inLanguage\":\"fr-FR\"},{\"@type\":\"Organization\",\"@id\":\"https:\/\/universnews224.com\/#organization\",\"name\":\"UNIVERSNEWS224\",\"url\":\"https:\/\/universnews224.com\/\",\"logo\":{\"@type\":\"ImageObject\",\"inLanguage\":\"fr-FR\",\"@id\":\"https:\/\/universnews224.com\/#\/schema\/logo\/image\/\",\"url\":\"https:\/\/universnews224.com\/wp-content\/uploads\/2022\/08\/cropped-cropped-logoban.jpg\",\"contentUrl\":\"https:\/\/universnews224.com\/wp-content\/uploads\/2022\/08\/cropped-cropped-logoban.jpg\",\"width\":1080,\"height\":138,\"caption\":\"UNIVERSNEWS224\"},\"image\":{\"@id\":\"https:\/\/universnews224.com\/#\/schema\/logo\/image\/\"}},{\"@type\":\"Person\",\"@id\":\"https:\/\/universnews224.com\/#\/schema\/person\/a4b7d4f94a4716df60456a491260485e\",\"name\":\"La R\u00e9daction\",\"image\":{\"@type\":\"ImageObject\",\"inLanguage\":\"fr-FR\",\"@id\":\"https:\/\/universnews224.com\/#\/schema\/person\/image\/\",\"url\":\"https:\/\/secure.gravatar.com\/avatar\/edb90acc7752b23e1b3307ad36c14f0d?s=96&d=mm&r=g\",\"contentUrl\":\"https:\/\/secure.gravatar.com\/avatar\/edb90acc7752b23e1b3307ad36c14f0d?s=96&d=mm&r=g\",\"caption\":\"La R\u00e9daction\"},\"sameAs\":[\"https:\/\/universnews224.com\"],\"url\":\"https:\/\/universnews224.com\/index.php\/author\/m-camara\/\"}]}<\/script>\n<!-- \/ Yoast SEO plugin. -->","yoast_head_json":{"title":"DPJ : le journaliste Thierno Amadou N\u2019Bonet Camara plac\u00e9 en garde \u00e0 vue sur plainte de Thierno Mamadou Bah (TMB) - UNIVERSNEWS224","robots":{"index":"index","follow":"follow","max-snippet":"max-snippet:-1","max-image-preview":"max-image-preview:large","max-video-preview":"max-video-preview:-1"},"canonical":"https:\/\/universnews224.com\/index.php\/dpj-le-journaliste-thierno-amadou-nbonet-camara-place-en-garde-a-vue-sur-plainte-de-thierno-mamadou-bah-tmb\/","og_locale":"fr_FR","og_type":"article","og_title":"DPJ : le journaliste Thierno Amadou N\u2019Bonet Camara plac\u00e9 en garde \u00e0 vue sur plainte de Thierno Mamadou Bah (TMB) - UNIVERSNEWS224","og_description":"R\u00e9pondant \u00e0 une convocation de la direction centrale de la police judiciaire (DCPJ) saisie par","og_url":"https:\/\/universnews224.com\/index.php\/dpj-le-journaliste-thierno-amadou-nbonet-camara-place-en-garde-a-vue-sur-plainte-de-thierno-mamadou-bah-tmb\/","og_site_name":"UNIVERSNEWS224","article_published_time":"2025-06-18T09:56:16+00:00","og_image":[{"width":750,"height":375,"url":"https:\/\/universnews224.com\/wp-content\/uploads\/2025\/06\/IMG_1918.jpeg","type":"image\/jpeg"}],"author":"La R\u00e9daction","twitter_misc":{"\u00c9crit par":"La R\u00e9daction","Dur\u00e9e de lecture estim\u00e9e":"1 minute"},"schema":{"@context":"https:\/\/schema.org","@graph":[{"@type":"Article","@id":"https:\/\/universnews224.com\/index.php\/dpj-le-journaliste-thierno-amadou-nbonet-camara-place-en-garde-a-vue-sur-plainte-de-thierno-mamadou-bah-tmb\/#article","isPartOf":{"@id":"https:\/\/universnews224.com\/index.php\/dpj-le-journaliste-thierno-amadou-nbonet-camara-place-en-garde-a-vue-sur-plainte-de-thierno-mamadou-bah-tmb\/"},"author":{"name":"La R\u00e9daction","@id":"https:\/\/universnews224.com\/#\/schema\/person\/a4b7d4f94a4716df60456a491260485e"},"headline":"DPJ : le journaliste Thierno Amadou N\u2019Bonet Camara plac\u00e9 en garde \u00e0 vue sur plainte de Thierno Mamadou Bah (TMB)","datePublished":"2025-06-18T09:56:16+00:00","dateModified":"2025-06-18T09:56:16+00:00","mainEntityOfPage":{"@id":"https:\/\/universnews224.com\/index.php\/dpj-le-journaliste-thierno-amadou-nbonet-camara-place-en-garde-a-vue-sur-plainte-de-thierno-mamadou-bah-tmb\/"},"wordCount":123,"publisher":{"@id":"https:\/\/universnews224.com\/#organization"},"keywords":["A la une"],"articleSection":["ACTU","SOCI\u00c9T\u00c9"],"inLanguage":"fr-FR"},{"@type":"WebPage","@id":"https:\/\/universnews224.com\/index.php\/dpj-le-journaliste-thierno-amadou-nbonet-camara-place-en-garde-a-vue-sur-plainte-de-thierno-mamadou-bah-tmb\/","url":"https:\/\/universnews224.com\/index.php\/dpj-le-journaliste-thierno-amadou-nbonet-camara-place-en-garde-a-vue-sur-plainte-de-thierno-mamadou-bah-tmb\/","name":"DPJ : le journaliste Thierno Amadou N\u2019Bonet Camara plac\u00e9 en garde \u00e0 vue sur plainte de Thierno Mamadou Bah (TMB) - UNIVERSNEWS224","isPartOf":{"@id":"https:\/\/universnews224.com\/#website"},"datePublished":"2025-06-18T09:56:16+00:00","dateModified":"2025-06-18T09:56:16+00:00","inLanguage":"fr-FR","potentialAction":[{"@type":"ReadAction","target":["https:\/\/universnews224.com\/index.php\/dpj-le-journaliste-thierno-amadou-nbonet-camara-place-en-garde-a-vue-sur-plainte-de-thierno-mamadou-bah-tmb\/"]}]},{"@type":"WebSite","@id":"https:\/\/universnews224.com\/#website","url":"https:\/\/universnews224.com\/","name":"UNIVERSNEWS224","description":"","publisher":{"@id":"https:\/\/universnews224.com\/#organization"},"potentialAction":[{"@type":"SearchAction","target":{"@type":"EntryPoint","urlTemplate":"https:\/\/universnews224.com\/?s={search_term_string}"},"query-input":"required name=search_term_string"}],"inLanguage":"fr-FR"},{"@type":"Organization","@id":"https:\/\/universnews224.com\/#organization","name":"UNIVERSNEWS224","url":"https:\/\/universnews224.com\/","logo":{"@type":"ImageObject","inLanguage":"fr-FR","@id":"https:\/\/universnews224.com\/#\/schema\/logo\/image\/","url":"https:\/\/universnews224.com\/wp-content\/uploads\/2022\/08\/cropped-cropped-logoban.jpg","contentUrl":"https:\/\/universnews224.com\/wp-content\/uploads\/2022\/08\/cropped-cropped-logoban.jpg","width":1080,"height":138,"caption":"UNIVERSNEWS224"},"image":{"@id":"https:\/\/universnews224.com\/#\/schema\/logo\/image\/"}},{"@type":"Person","@id":"https:\/\/universnews224.com\/#\/schema\/person\/a4b7d4f94a4716df60456a491260485e","name":"La R\u00e9daction","image":{"@type":"ImageObject","inLanguage":"fr-FR","@id":"https:\/\/universnews224.com\/#\/schema\/person\/image\/","url":"https:\/\/secure.gravatar.com\/avatar\/edb90acc7752b23e1b3307ad36c14f0d?s=96&d=mm&r=g","contentUrl":"https:\/\/secure.gravatar.com\/avatar\/edb90acc7752b23e1b3307ad36c14f0d?s=96&d=mm&r=g","caption":"La R\u00e9daction"},"sameAs":["https:\/\/universnews224.com"],"url":"https:\/\/universnews224.com\/index.php\/author\/m-camara\/"}]}},"_links":{"self":[{"href":"https:\/\/universnews224.com\/index.php\/wp-json\/wp\/v2\/posts\/8442"}],"collection":[{"href":"https:\/\/universnews224.com\/index.php\/wp-json\/wp\/v2\/posts"}],"about":[{"href":"https:\/\/universnews224.com\/index.php\/wp-json\/wp\/v2\/types\/post"}],"author":[{"embeddable":true,"href":"https:\/\/universnews224.com\/index.php\/wp-json\/wp\/v2\/users\/2"}],"replies":[{"embeddable":true,"href":"https:\/\/universnews224.com\/index.php\/wp-json\/wp\/v2\/comments?post=8442"}],"version-history":[{"count":1,"href":"https:\/\/universnews224.com\/index.php\/wp-json\/wp\/v2\/posts\/8442\/revisions"}],"predecessor-version":[{"id":8444,"href":"https:\/\/universnews224.com\/index.php\/wp-json\/wp\/v2\/posts\/8442\/revisions\/8444"}],"wp:featuredmedia":[{"embeddable":true,"href":"https:\/\/universnews224.com\/index.php\/wp-json\/wp\/v2\/media\/8443"}],"wp:attachment":[{"href":"https:\/\/universnews224.com\/index.php\/wp-json\/wp\/v2\/media?parent=8442"}],"wp:term":[{"taxonomy":"category","embeddable":true,"href":"https:\/\/universnews224.com\/index.php\/wp-json\/wp\/v2\/categories?post=8442"},{"taxonomy":"post_tag","embeddable":true,"href":"https:\/\/universnews224.com\/index.php\/wp-json\/wp\/v2\/tags?post=8442"}],"curies":[{"name":"wp","href":"https:\/\/api.w.org\/{rel}","templated":true}]}}