{"id":8445,"date":"2025-06-18T10:58:22","date_gmt":"2025-06-18T09:58:22","guid":{"rendered":"https:\/\/universnews224.com\/?p=8445"},"modified":"2025-06-18T10:58:22","modified_gmt":"2025-06-18T09:58:22","slug":"general-mamadi-a-ouattara-vous-avez-choisi-la-voie-de-la-comprehension-plutot-que-celle-du-jugement","status":"publish","type":"post","link":"https:\/\/universnews224.com\/index.php\/general-mamadi-a-ouattara-vous-avez-choisi-la-voie-de-la-comprehension-plutot-que-celle-du-jugement\/","title":{"rendered":"G\u00e9n\u00e9ral Mamadi \u00e0 Ouattara: \u00ab vous avez choisi la voie de la compr\u00e9hension plut\u00f4t que celle du jugement \u00bb"},"content":{"rendered":"<p>Le Pr\u00e9sident guin\u00e9en a pris la parole cet apr\u00e8s-midi lors d\u2019une conf\u00e9rence de presse qu\u2019il a co-anim\u00e9 \u00e0 Abidjan avec son homologue. Dans son intervention, le chef de l\u2019\u00c9tat guin\u00e9en a commenc\u00e9 par remercier son homologue pour l\u2019invitation et l\u2019accueil chaleureux qui lui a \u00e9t\u00e9 r\u00e9serv\u00e9<\/p>\n<div dir=\"auto\"><\/div>\n<div dir=\"auto\">\u00ab M. le Pr\u00e9sident, ceci t\u00e9moigne de l\u2019estime que vous portez \u00e0 la R\u00e9publique de Guin\u00e9e et \u00e0 ma modeste personne. En cette heureuse occasion, permettez-moi, M. le Pr\u00e9sident, de transmettre les salutations fraternelles du peuple de Guin\u00e9e. Je suis ici non seulement en tant que pr\u00e9sident de la R\u00e9publique de Guin\u00e9e, mais aussi en tant que fr\u00e8re, en tant qu\u2019ami et en tant que fils d\u2019Afrique \u00bb, a entam\u00e9 le G\u00e9n\u00e9ral Mamadi Doumbouya.<\/div>\n<div dir=\"auto\"><\/div>\n<div dir=\"auto\">Le chef de l\u2019\u00c9tat guin\u00e9en n\u2019a pas manquer d\u2019exprimer sa profonde admiration pour le parcours exceptionnel qui est celui de son homologue ivoirien \u00e0 la t\u00eate de la C\u00f4te d\u2019Ivoire dans un contexte sociopolitique actuelle tant r\u00e9gionale que mondiale.<\/div>\n<div dir=\"auto\"><\/div>\n<div dir=\"auto\"><\/div>\n<div dir=\"auto\">\u00ab Votre leadership emprunt de sagesse et de vision a transform\u00e9 votre pays et inspir\u00e9 de nombreuses nations \u00e0 travers le continent africain \u00bb, a reconnu le g\u00e9n\u00e9ral Mamadi Doumbouya.<\/div>\n<div dir=\"auto\"><\/div>\n<div dir=\"auto\">Le pr\u00e9sident guin\u00e9en a aussi lou\u00e9 l\u2019humilit\u00e9 qui caract\u00e9rise Alassane Dramane Ouattara. Il a rappel\u00e9 s\u2019en \u00eatre rendu compte lors de leur premi\u00e8re rencontre apr\u00e8s le coup d\u2019\u00c9tat en Guin\u00e9e.<\/div>\n<div dir=\"auto\"><\/div>\n<div dir=\"auto\">\u00ab Depuis notre premi\u00e8re rencontre \u00e0 Conakry, M. le Pr\u00e9sident, j\u2019ai \u00e9t\u00e9 marqu\u00e9 par votre humilit\u00e9 et le respect que vous avez vis-\u00e0-vis du peuple de Guin\u00e9e. Ce jours, vous avez choisi la voie de la compr\u00e9hension plut\u00f4t que celle du jugement. Nous savons aussi que vous avez jou\u00e9 un r\u00f4le aupr\u00e8s de vos paires pour une meilleure compr\u00e9hension du contexte guin\u00e9en. Je vous en remercie sinc\u00e8rement \u00bb, a-t-il ajout\u00e9.<\/div>\n","protected":false},"excerpt":{"rendered":"<p>Le Pr\u00e9sident guin\u00e9en a pris la parole cet apr\u00e8s-midi lors d\u2019une conf\u00e9rence de presse qu\u2019il<\/p>\n","protected":false},"author":2,"featured_media":8446,"comment_status":"closed","ping_status":"open","sticky":false,"template":"","format":"standard","meta":[],"categories":[3,4],"tags":[237],"yoast_head":"<!-- This site is optimized with the Yoast SEO plugin v19.13 - https:\/\/yoast.com\/wordpress\/plugins\/seo\/ -->\n<title>G\u00e9n\u00e9ral Mamadi \u00e0 Ouattara: \u00ab vous avez choisi la voie de la compr\u00e9hension plut\u00f4t que celle du jugement \u00bb - UNIVERSNEWS224<\/title>\n<meta name=\"robots\" content=\"index, follow, max-snippet:-1, max-image-preview:large, max-video-preview:-1\" \/>\n<link rel=\"canonical\" href=\"https:\/\/universnews224.com\/index.php\/general-mamadi-a-ouattara-vous-avez-choisi-la-voie-de-la-comprehension-plutot-que-celle-du-jugement\/\" \/>\n<meta property=\"og:locale\" content=\"fr_FR\" \/>\n<meta property=\"og:type\" content=\"article\" \/>\n<meta property=\"og:title\" content=\"G\u00e9n\u00e9ral Mamadi \u00e0 Ouattara: \u00ab vous avez choisi la voie de la compr\u00e9hension plut\u00f4t que celle du jugement \u00bb - UNIVERSNEWS224\" \/>\n<meta property=\"og:description\" content=\"Le Pr\u00e9sident guin\u00e9en a pris la parole cet apr\u00e8s-midi lors d\u2019une conf\u00e9rence de presse qu\u2019il\" \/>\n<meta property=\"og:url\" content=\"https:\/\/universnews224.com\/index.php\/general-mamadi-a-ouattara-vous-avez-choisi-la-voie-de-la-comprehension-plutot-que-celle-du-jugement\/\" \/>\n<meta property=\"og:site_name\" content=\"UNIVERSNEWS224\" \/>\n<meta property=\"article:published_time\" content=\"2025-06-18T09:58:22+00:00\" \/>\n<meta property=\"og:image\" content=\"https:\/\/universnews224.com\/wp-content\/uploads\/2025\/06\/ADO-3.jpeg\" \/>\n\t<meta property=\"og:image:width\" content=\"700\" \/>\n\t<meta property=\"og:image:height\" content=\"284\" \/>\n\t<meta property=\"og:image:type\" content=\"image\/jpeg\" \/>\n<meta name=\"author\" content=\"La R\u00e9daction\" \/>\n<meta name=\"twitter:label1\" content=\"\u00c9crit par\" \/>\n\t<meta name=\"twitter:data1\" content=\"La R\u00e9daction\" \/>\n\t<meta name=\"twitter:label2\" content=\"Dur\u00e9e de lecture estim\u00e9e\" \/>\n\t<meta name=\"twitter:data2\" content=\"2 minutes\" \/>\n<script type=\"application\/ld+json\" class=\"yoast-schema-graph\">{\"@context\":\"https:\/\/schema.org\",\"@graph\":[{\"@type\":\"Article\",\"@id\":\"https:\/\/universnews224.com\/index.php\/general-mamadi-a-ouattara-vous-avez-choisi-la-voie-de-la-comprehension-plutot-que-celle-du-jugement\/#article\",\"isPartOf\":{\"@id\":\"https:\/\/universnews224.com\/index.php\/general-mamadi-a-ouattara-vous-avez-choisi-la-voie-de-la-comprehension-plutot-que-celle-du-jugement\/\"},\"author\":{\"name\":\"La R\u00e9daction\",\"@id\":\"https:\/\/universnews224.com\/#\/schema\/person\/a4b7d4f94a4716df60456a491260485e\"},\"headline\":\"G\u00e9n\u00e9ral Mamadi \u00e0 Ouattara: \u00ab vous avez choisi la voie de la compr\u00e9hension plut\u00f4t que celle du jugement \u00bb\",\"datePublished\":\"2025-06-18T09:58:22+00:00\",\"dateModified\":\"2025-06-18T09:58:22+00:00\",\"mainEntityOfPage\":{\"@id\":\"https:\/\/universnews224.com\/index.php\/general-mamadi-a-ouattara-vous-avez-choisi-la-voie-de-la-comprehension-plutot-que-celle-du-jugement\/\"},\"wordCount\":354,\"publisher\":{\"@id\":\"https:\/\/universnews224.com\/#organization\"},\"keywords\":[\"A la une\"],\"articleSection\":[\"ACTU\",\"POLITIQUE\"],\"inLanguage\":\"fr-FR\"},{\"@type\":\"WebPage\",\"@id\":\"https:\/\/universnews224.com\/index.php\/general-mamadi-a-ouattara-vous-avez-choisi-la-voie-de-la-comprehension-plutot-que-celle-du-jugement\/\",\"url\":\"https:\/\/universnews224.com\/index.php\/general-mamadi-a-ouattara-vous-avez-choisi-la-voie-de-la-comprehension-plutot-que-celle-du-jugement\/\",\"name\":\"G\u00e9n\u00e9ral Mamadi \u00e0 Ouattara: \u00ab vous avez choisi la voie de la compr\u00e9hension plut\u00f4t que celle du jugement \u00bb - UNIVERSNEWS224\",\"isPartOf\":{\"@id\":\"https:\/\/universnews224.com\/#website\"},\"datePublished\":\"2025-06-18T09:58:22+00:00\",\"dateModified\":\"2025-06-18T09:58:22+00:00\",\"inLanguage\":\"fr-FR\",\"potentialAction\":[{\"@type\":\"ReadAction\",\"target\":[\"https:\/\/universnews224.com\/index.php\/general-mamadi-a-ouattara-vous-avez-choisi-la-voie-de-la-comprehension-plutot-que-celle-du-jugement\/\"]}]},{\"@type\":\"WebSite\",\"@id\":\"https:\/\/universnews224.com\/#website\",\"url\":\"https:\/\/universnews224.com\/\",\"name\":\"UNIVERSNEWS224\",\"description\":\"\",\"publisher\":{\"@id\":\"https:\/\/universnews224.com\/#organization\"},\"potentialAction\":[{\"@type\":\"SearchAction\",\"target\":{\"@type\":\"EntryPoint\",\"urlTemplate\":\"https:\/\/universnews224.com\/?s={search_term_string}\"},\"query-input\":\"required name=search_term_string\"}],\"inLanguage\":\"fr-FR\"},{\"@type\":\"Organization\",\"@id\":\"https:\/\/universnews224.com\/#organization\",\"name\":\"UNIVERSNEWS224\",\"url\":\"https:\/\/universnews224.com\/\",\"logo\":{\"@type\":\"ImageObject\",\"inLanguage\":\"fr-FR\",\"@id\":\"https:\/\/universnews224.com\/#\/schema\/logo\/image\/\",\"url\":\"https:\/\/universnews224.com\/wp-content\/uploads\/2022\/08\/cropped-cropped-logoban.jpg\",\"contentUrl\":\"https:\/\/universnews224.com\/wp-content\/uploads\/2022\/08\/cropped-cropped-logoban.jpg\",\"width\":1080,\"height\":138,\"caption\":\"UNIVERSNEWS224\"},\"image\":{\"@id\":\"https:\/\/universnews224.com\/#\/schema\/logo\/image\/\"}},{\"@type\":\"Person\",\"@id\":\"https:\/\/universnews224.com\/#\/schema\/person\/a4b7d4f94a4716df60456a491260485e\",\"name\":\"La R\u00e9daction\",\"image\":{\"@type\":\"ImageObject\",\"inLanguage\":\"fr-FR\",\"@id\":\"https:\/\/universnews224.com\/#\/schema\/person\/image\/\",\"url\":\"https:\/\/secure.gravatar.com\/avatar\/edb90acc7752b23e1b3307ad36c14f0d?s=96&d=mm&r=g\",\"contentUrl\":\"https:\/\/secure.gravatar.com\/avatar\/edb90acc7752b23e1b3307ad36c14f0d?s=96&d=mm&r=g\",\"caption\":\"La R\u00e9daction\"},\"sameAs\":[\"https:\/\/universnews224.com\"],\"url\":\"https:\/\/universnews224.com\/index.php\/author\/m-camara\/\"}]}<\/script>\n<!-- \/ Yoast SEO plugin. -->","yoast_head_json":{"title":"G\u00e9n\u00e9ral Mamadi \u00e0 Ouattara: \u00ab vous avez choisi la voie de la compr\u00e9hension plut\u00f4t que celle du jugement \u00bb - UNIVERSNEWS224","robots":{"index":"index","follow":"follow","max-snippet":"max-snippet:-1","max-image-preview":"max-image-preview:large","max-video-preview":"max-video-preview:-1"},"canonical":"https:\/\/universnews224.com\/index.php\/general-mamadi-a-ouattara-vous-avez-choisi-la-voie-de-la-comprehension-plutot-que-celle-du-jugement\/","og_locale":"fr_FR","og_type":"article","og_title":"G\u00e9n\u00e9ral Mamadi \u00e0 Ouattara: \u00ab vous avez choisi la voie de la compr\u00e9hension plut\u00f4t que celle du jugement \u00bb - UNIVERSNEWS224","og_description":"Le Pr\u00e9sident guin\u00e9en a pris la parole cet apr\u00e8s-midi lors d\u2019une conf\u00e9rence de presse qu\u2019il","og_url":"https:\/\/universnews224.com\/index.php\/general-mamadi-a-ouattara-vous-avez-choisi-la-voie-de-la-comprehension-plutot-que-celle-du-jugement\/","og_site_name":"UNIVERSNEWS224","article_published_time":"2025-06-18T09:58:22+00:00","og_image":[{"width":700,"height":284,"url":"https:\/\/universnews224.com\/wp-content\/uploads\/2025\/06\/ADO-3.jpeg","type":"image\/jpeg"}],"author":"La R\u00e9daction","twitter_misc":{"\u00c9crit par":"La R\u00e9daction","Dur\u00e9e de lecture estim\u00e9e":"2 minutes"},"schema":{"@context":"https:\/\/schema.org","@graph":[{"@type":"Article","@id":"https:\/\/universnews224.com\/index.php\/general-mamadi-a-ouattara-vous-avez-choisi-la-voie-de-la-comprehension-plutot-que-celle-du-jugement\/#article","isPartOf":{"@id":"https:\/\/universnews224.com\/index.php\/general-mamadi-a-ouattara-vous-avez-choisi-la-voie-de-la-comprehension-plutot-que-celle-du-jugement\/"},"author":{"name":"La R\u00e9daction","@id":"https:\/\/universnews224.com\/#\/schema\/person\/a4b7d4f94a4716df60456a491260485e"},"headline":"G\u00e9n\u00e9ral Mamadi \u00e0 Ouattara: \u00ab vous avez choisi la voie de la compr\u00e9hension plut\u00f4t que celle du jugement \u00bb","datePublished":"2025-06-18T09:58:22+00:00","dateModified":"2025-06-18T09:58:22+00:00","mainEntityOfPage":{"@id":"https:\/\/universnews224.com\/index.php\/general-mamadi-a-ouattara-vous-avez-choisi-la-voie-de-la-comprehension-plutot-que-celle-du-jugement\/"},"wordCount":354,"publisher":{"@id":"https:\/\/universnews224.com\/#organization"},"keywords":["A la une"],"articleSection":["ACTU","POLITIQUE"],"inLanguage":"fr-FR"},{"@type":"WebPage","@id":"https:\/\/universnews224.com\/index.php\/general-mamadi-a-ouattara-vous-avez-choisi-la-voie-de-la-comprehension-plutot-que-celle-du-jugement\/","url":"https:\/\/universnews224.com\/index.php\/general-mamadi-a-ouattara-vous-avez-choisi-la-voie-de-la-comprehension-plutot-que-celle-du-jugement\/","name":"G\u00e9n\u00e9ral Mamadi \u00e0 Ouattara: \u00ab vous avez choisi la voie de la compr\u00e9hension plut\u00f4t que celle du jugement \u00bb - UNIVERSNEWS224","isPartOf":{"@id":"https:\/\/universnews224.com\/#website"},"datePublished":"2025-06-18T09:58:22+00:00","dateModified":"2025-06-18T09:58:22+00:00","inLanguage":"fr-FR","potentialAction":[{"@type":"ReadAction","target":["https:\/\/universnews224.com\/index.php\/general-mamadi-a-ouattara-vous-avez-choisi-la-voie-de-la-comprehension-plutot-que-celle-du-jugement\/"]}]},{"@type":"WebSite","@id":"https:\/\/universnews224.com\/#website","url":"https:\/\/universnews224.com\/","name":"UNIVERSNEWS224","description":"","publisher":{"@id":"https:\/\/universnews224.com\/#organization"},"potentialAction":[{"@type":"SearchAction","target":{"@type":"EntryPoint","urlTemplate":"https:\/\/universnews224.com\/?s={search_term_string}"},"query-input":"required name=search_term_string"}],"inLanguage":"fr-FR"},{"@type":"Organization","@id":"https:\/\/universnews224.com\/#organization","name":"UNIVERSNEWS224","url":"https:\/\/universnews224.com\/","logo":{"@type":"ImageObject","inLanguage":"fr-FR","@id":"https:\/\/universnews224.com\/#\/schema\/logo\/image\/","url":"https:\/\/universnews224.com\/wp-content\/uploads\/2022\/08\/cropped-cropped-logoban.jpg","contentUrl":"https:\/\/universnews224.com\/wp-content\/uploads\/2022\/08\/cropped-cropped-logoban.jpg","width":1080,"height":138,"caption":"UNIVERSNEWS224"},"image":{"@id":"https:\/\/universnews224.com\/#\/schema\/logo\/image\/"}},{"@type":"Person","@id":"https:\/\/universnews224.com\/#\/schema\/person\/a4b7d4f94a4716df60456a491260485e","name":"La R\u00e9daction","image":{"@type":"ImageObject","inLanguage":"fr-FR","@id":"https:\/\/universnews224.com\/#\/schema\/person\/image\/","url":"https:\/\/secure.gravatar.com\/avatar\/edb90acc7752b23e1b3307ad36c14f0d?s=96&d=mm&r=g","contentUrl":"https:\/\/secure.gravatar.com\/avatar\/edb90acc7752b23e1b3307ad36c14f0d?s=96&d=mm&r=g","caption":"La R\u00e9daction"},"sameAs":["https:\/\/universnews224.com"],"url":"https:\/\/universnews224.com\/index.php\/author\/m-camara\/"}]}},"_links":{"self":[{"href":"https:\/\/universnews224.com\/index.php\/wp-json\/wp\/v2\/posts\/8445"}],"collection":[{"href":"https:\/\/universnews224.com\/index.php\/wp-json\/wp\/v2\/posts"}],"about":[{"href":"https:\/\/universnews224.com\/index.php\/wp-json\/wp\/v2\/types\/post"}],"author":[{"embeddable":true,"href":"https:\/\/universnews224.com\/index.php\/wp-json\/wp\/v2\/users\/2"}],"replies":[{"embeddable":true,"href":"https:\/\/universnews224.com\/index.php\/wp-json\/wp\/v2\/comments?post=8445"}],"version-history":[{"count":1,"href":"https:\/\/universnews224.com\/index.php\/wp-json\/wp\/v2\/posts\/8445\/revisions"}],"predecessor-version":[{"id":8447,"href":"https:\/\/universnews224.com\/index.php\/wp-json\/wp\/v2\/posts\/8445\/revisions\/8447"}],"wp:featuredmedia":[{"embeddable":true,"href":"https:\/\/universnews224.com\/index.php\/wp-json\/wp\/v2\/media\/8446"}],"wp:attachment":[{"href":"https:\/\/universnews224.com\/index.php\/wp-json\/wp\/v2\/media?parent=8445"}],"wp:term":[{"taxonomy":"category","embeddable":true,"href":"https:\/\/universnews224.com\/index.php\/wp-json\/wp\/v2\/categories?post=8445"},{"taxonomy":"post_tag","embeddable":true,"href":"https:\/\/universnews224.com\/index.php\/wp-json\/wp\/v2\/tags?post=8445"}],"curies":[{"name":"wp","href":"https:\/\/api.w.org\/{rel}","templated":true}]}}