{"id":8455,"date":"2025-06-19T01:46:46","date_gmt":"2025-06-19T00:46:46","guid":{"rendered":"https:\/\/universnews224.com\/?p=8455"},"modified":"2025-06-19T01:46:46","modified_gmt":"2025-06-19T00:46:46","slug":"simic-2025-larrivee-a-conakry-du-pdg-de-global-btp-drone-center","status":"publish","type":"post","link":"https:\/\/universnews224.com\/index.php\/simic-2025-larrivee-a-conakry-du-pdg-de-global-btp-drone-center\/","title":{"rendered":"SIMIC 2025: l&rsquo;arriv\u00e9e \u00e0 Conakry du PDG de Global BTP Drone Center."},"content":{"rendered":"<div dir=\"auto\"><strong>Conakry, la capitale guin\u00e9enne abritera du 20 au 21 juin 2025, la 1\u00e8re \u00e9dition du Salon International des Mines et Carri\u00e8res de Guin\u00e9e (SIMIC 2025). En pr\u00e9lude ce grand\u00a0 \u00e9v\u00e9nement d\u00e9di\u00e9 \u00e0 l&rsquo;industrie mini\u00e8re en Guin\u00e9e et dans la sous-r\u00e9gion, la commission d&rsquo;organisation a accueilli ce mercredi, 18 juin 2025, \u00e0 l&rsquo;a\u00e9roport international Ahmed S\u00e9kou Tour\u00e9, une \u00e9quipe de Global BTP Drone Center, conduite par son PDG, Bationo Valery.<a href=\"https:\/\/universnews224.com\/wp-content\/uploads\/2025\/06\/20250618_213314-scaled.jpg\"><img loading=\"lazy\" class=\"alignnone size-medium wp-image-8456\" src=\"https:\/\/universnews224.com\/wp-content\/uploads\/2025\/06\/20250618_213314-300x169.jpg\" alt=\"\" width=\"300\" height=\"169\" srcset=\"https:\/\/universnews224.com\/wp-content\/uploads\/2025\/06\/20250618_213314-300x169.jpg 300w, https:\/\/universnews224.com\/wp-content\/uploads\/2025\/06\/20250618_213314-1024x576.jpg 1024w, https:\/\/universnews224.com\/wp-content\/uploads\/2025\/06\/20250618_213314-768x432.jpg 768w, https:\/\/universnews224.com\/wp-content\/uploads\/2025\/06\/20250618_213314-1536x864.jpg 1536w, https:\/\/universnews224.com\/wp-content\/uploads\/2025\/06\/20250618_213314-2048x1153.jpg 2048w, https:\/\/universnews224.com\/wp-content\/uploads\/2025\/06\/20250618_213314-800x450.jpg 800w\" sizes=\"(max-width: 300px) 100vw, 300px\" \/><\/a><\/strong><\/div>\n<div dir=\"auto\">\u00c0 sa descente d&rsquo;avion, cet entrepreneur Burkinab\u00e8 s&rsquo;est r\u00e9joui de l&rsquo;accueil r\u00e9serv\u00e9 \u00e0 sa d\u00e9l\u00e9gation ainsi qu&rsquo;\u00e0 lui. <a href=\"https:\/\/universnews224.com\/wp-content\/uploads\/2025\/06\/20250618_212649-scaled.jpg\"><img loading=\"lazy\" class=\"alignnone size-medium wp-image-8457\" src=\"https:\/\/universnews224.com\/wp-content\/uploads\/2025\/06\/20250618_212649-300x169.jpg\" alt=\"\" width=\"300\" height=\"169\" srcset=\"https:\/\/universnews224.com\/wp-content\/uploads\/2025\/06\/20250618_212649-300x169.jpg 300w, https:\/\/universnews224.com\/wp-content\/uploads\/2025\/06\/20250618_212649-1024x576.jpg 1024w, https:\/\/universnews224.com\/wp-content\/uploads\/2025\/06\/20250618_212649-768x432.jpg 768w, https:\/\/universnews224.com\/wp-content\/uploads\/2025\/06\/20250618_212649-1536x864.jpg 1536w, https:\/\/universnews224.com\/wp-content\/uploads\/2025\/06\/20250618_212649-2048x1153.jpg 2048w, https:\/\/universnews224.com\/wp-content\/uploads\/2025\/06\/20250618_212649-800x450.jpg 800w\" sizes=\"(max-width: 300px) 100vw, 300px\" \/><\/a><\/div>\n<div dir=\"auto\"><em>\u00ab\u00a0Nous sommes tr\u00e8s contents pour l&rsquo;accueil qui \u00e9tait tr\u00e8s chaleureux. On voit que la Guin\u00e9e, c&rsquo;est le Burkina Faso aussi, parce que c&rsquo;est le m\u00eame climat, c&rsquo;est les m\u00eames hommes, c&rsquo;est l&rsquo;Afrique. C&rsquo;est un grand honneur pour moi d&rsquo;\u00eatre choisi et d&rsquo;\u00eatre invit\u00e9 \u00e0 ce salon. Cela montre comment est-ce que les diff\u00e9rents pays sont fr\u00e8res et amis, pour venir partager nos diff\u00e9rentes exp\u00e9riences entre pays fr\u00e8res. <\/em><em>D&rsquo;abord, je viens pour conna\u00eetre mes amis et mes fr\u00e8res africains, et ensuite proposer mes expertises en mati\u00e8re de drones. Qu&rsquo;est-ce que le drone peut faire dans les mines et les carri\u00e8res ? Qu&rsquo;est-ce que le drone peut faire dans l&rsquo;environnement et les infrastructures ? Surtout l&rsquo;agronomie, o\u00f9 les drones interviennent aujourd&rsquo;hui\u00a0\u00bb<\/em>, a t-il indiqu\u00e9.<\/div>\n<div dir=\"auto\"><\/div>\n<div dir=\"auto\">Pour sa part, Paul Kamano, commissaire g\u00e9n\u00e9ral du Salon International des Mines et Carri\u00e8res de Guin\u00e9e s&rsquo;est f\u00e9licit\u00e9 de l&rsquo;arriv\u00e9e de cette \u00e9quipe en terre guin\u00e9enne. <a href=\"https:\/\/universnews224.com\/wp-content\/uploads\/2025\/06\/20250618_212538-scaled.jpg\"><img loading=\"lazy\" class=\"alignnone size-medium wp-image-8458\" src=\"https:\/\/universnews224.com\/wp-content\/uploads\/2025\/06\/20250618_212538-300x169.jpg\" alt=\"\" width=\"300\" height=\"169\" srcset=\"https:\/\/universnews224.com\/wp-content\/uploads\/2025\/06\/20250618_212538-300x169.jpg 300w, https:\/\/universnews224.com\/wp-content\/uploads\/2025\/06\/20250618_212538-1024x576.jpg 1024w, https:\/\/universnews224.com\/wp-content\/uploads\/2025\/06\/20250618_212538-768x432.jpg 768w, https:\/\/universnews224.com\/wp-content\/uploads\/2025\/06\/20250618_212538-1536x864.jpg 1536w, https:\/\/universnews224.com\/wp-content\/uploads\/2025\/06\/20250618_212538-2048x1153.jpg 2048w, https:\/\/universnews224.com\/wp-content\/uploads\/2025\/06\/20250618_212538-800x450.jpg 800w\" sizes=\"(max-width: 300px) 100vw, 300px\" \/><\/a><\/div>\n<div dir=\"auto\"><em>\u00ab\u00a0Nous sommes l\u00e0 pour accueillir nos h\u00f4tes qui viennent du Burkina Faso. Ce sont des Africains qui investissent dans nos secteurs miniers, \u00e0 travers des solutions innovantes qu&rsquo;ils ont \u00e0 proposer. Ils ont d\u00e9j\u00e0 d\u00e9montr\u00e9 leurs preuves au Burkina et partout sur le continent. Donc, pour nous, c&rsquo;est une fiert\u00e9, \u00e0 l&rsquo;occasion du Salon international des mines et carri\u00e8res, de recevoir cette d\u00e9l\u00e9gation conduite par M. Val\u00e9ry pour permettre aux Guin\u00e9ens de profiter de l&rsquo;expertise de cet Africain qui \u00e9volue qui fait des exploits ailleurs. Parce que \u00e7a fait partie de la vision de nos autorit\u00e9s. Le pr\u00e9sident de la transition, le g\u00e9n\u00e9ral d&rsquo;arm\u00e9e Mamadi Doumbouya, a dit tout ce que chacun peut apporter \u00e0 son pays, qu&rsquo;il apporte. Nous avons fait venir cet investisseur et on aimerait, \u00e0 partir de l\u00e0, que les autorit\u00e9s facilitent, non seulement que le Salon se r\u00e9alise dans de bonnes conditions, mais apr\u00e8s que cet entrepreneur soit re\u00e7u dans de bonnes conditions, et que le projet pour lequel il est venu \u00e0 Guin\u00e9e se concr\u00e9tise. Nous sommes l\u00e0 pour accueillir nos h\u00f4tes qui viennent du Burkina Faso. Ce sont des Africains qui investissent dans nos secteurs miniers, \u00e0 travers des solutions innovantes qu&rsquo;ils ont \u00e0 proposer. Ils ont d\u00e9j\u00e0 d\u00e9montr\u00e9 leurs preuves au Burkina et partout sur le continent. Donc, pour nous, c&rsquo;est une fiert\u00e9, \u00e0 l&rsquo;occasion du Salon international des mines et carri\u00e8res, de recevoir cette d\u00e9l\u00e9gation conduite par M. Val\u00e9ry pour permettre aux Guin\u00e9ens de profiter de l&rsquo;expertise de cet Africain qui \u00e9volue qui fait des exploits ailleurs. Parce que \u00e7a fait partie de la vision de nos autorit\u00e9s. Le pr\u00e9sident de la transition, le g\u00e9n\u00e9ral d&rsquo;arm\u00e9e Mamadi Doumbouya, a dit tout ce que chacun peut apporter \u00e0 son pays, qu&rsquo;il apporte. Nous avons fait venir cet investisseur et on aimerait, \u00e0 partir de l\u00e0, que les autorit\u00e9s facilitent, non seulement que le Salon se r\u00e9alise dans de bonnes conditions, mais apr\u00e8s que cet entrepreneur soit re\u00e7u dans de bonnes conditions, et que le projet pour lequel il est venu \u00e0 Guin\u00e9e se concr\u00e9tise. Donc, la Guin\u00e9e accueille l&rsquo;Afrique. La Guin\u00e9e est un pays minier, et avec le projet Simandou, le programme Simandou, je pense qu&rsquo;on est dans cette dynamique de promouvoir ce programme-l\u00e0, de promouvoir la vision du pr\u00e9sident, de faire en sorte que les acteurs les plus performants dans leur secteur viennent investir dans notre pays<\/em>\u00ab\u00a0, a t-il martel\u00e9.<\/div>\n<div dir=\"auto\"><\/div>\n<div dir=\"auto\">Decoster Kamara<\/div>\n<div dir=\"auto\"><\/div>\n<div dir=\"auto\">611 46 04 10<\/div>\n<div dir=\"auto\"><\/div>\n","protected":false},"excerpt":{"rendered":"<p>Conakry, la capitale guin\u00e9enne abritera du 20 au 21 juin 2025, la 1\u00e8re \u00e9dition du<\/p>\n","protected":false},"author":2,"featured_media":8456,"comment_status":"closed","ping_status":"open","sticky":false,"template":"","format":"standard","meta":[],"categories":[3,5],"tags":[229],"yoast_head":"<!-- This site is optimized with the Yoast SEO plugin v19.13 - https:\/\/yoast.com\/wordpress\/plugins\/seo\/ -->\n<title>SIMIC 2025: l&#039;arriv\u00e9e \u00e0 Conakry du PDG de Global BTP Drone Center. - UNIVERSNEWS224<\/title>\n<meta name=\"robots\" content=\"index, follow, max-snippet:-1, max-image-preview:large, max-video-preview:-1\" \/>\n<link rel=\"canonical\" href=\"https:\/\/universnews224.com\/index.php\/simic-2025-larrivee-a-conakry-du-pdg-de-global-btp-drone-center\/\" \/>\n<meta property=\"og:locale\" content=\"fr_FR\" \/>\n<meta property=\"og:type\" content=\"article\" \/>\n<meta property=\"og:title\" content=\"SIMIC 2025: l&#039;arriv\u00e9e \u00e0 Conakry du PDG de Global BTP Drone Center. - UNIVERSNEWS224\" \/>\n<meta property=\"og:description\" content=\"Conakry, la capitale guin\u00e9enne abritera du 20 au 21 juin 2025, la 1\u00e8re \u00e9dition du\" \/>\n<meta property=\"og:url\" content=\"https:\/\/universnews224.com\/index.php\/simic-2025-larrivee-a-conakry-du-pdg-de-global-btp-drone-center\/\" \/>\n<meta property=\"og:site_name\" content=\"UNIVERSNEWS224\" \/>\n<meta property=\"article:published_time\" content=\"2025-06-19T00:46:46+00:00\" \/>\n<meta property=\"og:image\" content=\"https:\/\/universnews224.com\/wp-content\/uploads\/2025\/06\/20250618_213314-scaled.jpg\" \/>\n\t<meta property=\"og:image:width\" content=\"2560\" \/>\n\t<meta property=\"og:image:height\" content=\"1441\" \/>\n\t<meta property=\"og:image:type\" content=\"image\/jpeg\" \/>\n<meta name=\"author\" content=\"La R\u00e9daction\" \/>\n<meta name=\"twitter:label1\" content=\"\u00c9crit par\" \/>\n\t<meta name=\"twitter:data1\" content=\"La R\u00e9daction\" \/>\n\t<meta name=\"twitter:label2\" content=\"Dur\u00e9e de lecture estim\u00e9e\" \/>\n\t<meta name=\"twitter:data2\" content=\"4 minutes\" \/>\n<script type=\"application\/ld+json\" class=\"yoast-schema-graph\">{\"@context\":\"https:\/\/schema.org\",\"@graph\":[{\"@type\":\"Article\",\"@id\":\"https:\/\/universnews224.com\/index.php\/simic-2025-larrivee-a-conakry-du-pdg-de-global-btp-drone-center\/#article\",\"isPartOf\":{\"@id\":\"https:\/\/universnews224.com\/index.php\/simic-2025-larrivee-a-conakry-du-pdg-de-global-btp-drone-center\/\"},\"author\":{\"name\":\"La R\u00e9daction\",\"@id\":\"https:\/\/universnews224.com\/#\/schema\/person\/a4b7d4f94a4716df60456a491260485e\"},\"headline\":\"SIMIC 2025: l&rsquo;arriv\u00e9e \u00e0 Conakry du PDG de Global BTP Drone Center.\",\"datePublished\":\"2025-06-19T00:46:46+00:00\",\"dateModified\":\"2025-06-19T00:46:46+00:00\",\"mainEntityOfPage\":{\"@id\":\"https:\/\/universnews224.com\/index.php\/simic-2025-larrivee-a-conakry-du-pdg-de-global-btp-drone-center\/\"},\"wordCount\":701,\"publisher\":{\"@id\":\"https:\/\/universnews224.com\/#organization\"},\"keywords\":[\"La une\"],\"articleSection\":[\"ACTU\",\"SOCI\u00c9T\u00c9\"],\"inLanguage\":\"fr-FR\"},{\"@type\":\"WebPage\",\"@id\":\"https:\/\/universnews224.com\/index.php\/simic-2025-larrivee-a-conakry-du-pdg-de-global-btp-drone-center\/\",\"url\":\"https:\/\/universnews224.com\/index.php\/simic-2025-larrivee-a-conakry-du-pdg-de-global-btp-drone-center\/\",\"name\":\"SIMIC 2025: l'arriv\u00e9e \u00e0 Conakry du PDG de Global BTP Drone Center. - UNIVERSNEWS224\",\"isPartOf\":{\"@id\":\"https:\/\/universnews224.com\/#website\"},\"datePublished\":\"2025-06-19T00:46:46+00:00\",\"dateModified\":\"2025-06-19T00:46:46+00:00\",\"inLanguage\":\"fr-FR\",\"potentialAction\":[{\"@type\":\"ReadAction\",\"target\":[\"https:\/\/universnews224.com\/index.php\/simic-2025-larrivee-a-conakry-du-pdg-de-global-btp-drone-center\/\"]}]},{\"@type\":\"WebSite\",\"@id\":\"https:\/\/universnews224.com\/#website\",\"url\":\"https:\/\/universnews224.com\/\",\"name\":\"UNIVERSNEWS224\",\"description\":\"\",\"publisher\":{\"@id\":\"https:\/\/universnews224.com\/#organization\"},\"potentialAction\":[{\"@type\":\"SearchAction\",\"target\":{\"@type\":\"EntryPoint\",\"urlTemplate\":\"https:\/\/universnews224.com\/?s={search_term_string}\"},\"query-input\":\"required name=search_term_string\"}],\"inLanguage\":\"fr-FR\"},{\"@type\":\"Organization\",\"@id\":\"https:\/\/universnews224.com\/#organization\",\"name\":\"UNIVERSNEWS224\",\"url\":\"https:\/\/universnews224.com\/\",\"logo\":{\"@type\":\"ImageObject\",\"inLanguage\":\"fr-FR\",\"@id\":\"https:\/\/universnews224.com\/#\/schema\/logo\/image\/\",\"url\":\"https:\/\/universnews224.com\/wp-content\/uploads\/2022\/08\/cropped-cropped-logoban.jpg\",\"contentUrl\":\"https:\/\/universnews224.com\/wp-content\/uploads\/2022\/08\/cropped-cropped-logoban.jpg\",\"width\":1080,\"height\":138,\"caption\":\"UNIVERSNEWS224\"},\"image\":{\"@id\":\"https:\/\/universnews224.com\/#\/schema\/logo\/image\/\"}},{\"@type\":\"Person\",\"@id\":\"https:\/\/universnews224.com\/#\/schema\/person\/a4b7d4f94a4716df60456a491260485e\",\"name\":\"La R\u00e9daction\",\"image\":{\"@type\":\"ImageObject\",\"inLanguage\":\"fr-FR\",\"@id\":\"https:\/\/universnews224.com\/#\/schema\/person\/image\/\",\"url\":\"https:\/\/secure.gravatar.com\/avatar\/edb90acc7752b23e1b3307ad36c14f0d?s=96&d=mm&r=g\",\"contentUrl\":\"https:\/\/secure.gravatar.com\/avatar\/edb90acc7752b23e1b3307ad36c14f0d?s=96&d=mm&r=g\",\"caption\":\"La R\u00e9daction\"},\"sameAs\":[\"https:\/\/universnews224.com\"],\"url\":\"https:\/\/universnews224.com\/index.php\/author\/m-camara\/\"}]}<\/script>\n<!-- \/ Yoast SEO plugin. -->","yoast_head_json":{"title":"SIMIC 2025: l'arriv\u00e9e \u00e0 Conakry du PDG de Global BTP Drone Center. - UNIVERSNEWS224","robots":{"index":"index","follow":"follow","max-snippet":"max-snippet:-1","max-image-preview":"max-image-preview:large","max-video-preview":"max-video-preview:-1"},"canonical":"https:\/\/universnews224.com\/index.php\/simic-2025-larrivee-a-conakry-du-pdg-de-global-btp-drone-center\/","og_locale":"fr_FR","og_type":"article","og_title":"SIMIC 2025: l'arriv\u00e9e \u00e0 Conakry du PDG de Global BTP Drone Center. - UNIVERSNEWS224","og_description":"Conakry, la capitale guin\u00e9enne abritera du 20 au 21 juin 2025, la 1\u00e8re \u00e9dition du","og_url":"https:\/\/universnews224.com\/index.php\/simic-2025-larrivee-a-conakry-du-pdg-de-global-btp-drone-center\/","og_site_name":"UNIVERSNEWS224","article_published_time":"2025-06-19T00:46:46+00:00","og_image":[{"width":2560,"height":1441,"url":"https:\/\/universnews224.com\/wp-content\/uploads\/2025\/06\/20250618_213314-scaled.jpg","type":"image\/jpeg"}],"author":"La R\u00e9daction","twitter_misc":{"\u00c9crit par":"La R\u00e9daction","Dur\u00e9e de lecture estim\u00e9e":"4 minutes"},"schema":{"@context":"https:\/\/schema.org","@graph":[{"@type":"Article","@id":"https:\/\/universnews224.com\/index.php\/simic-2025-larrivee-a-conakry-du-pdg-de-global-btp-drone-center\/#article","isPartOf":{"@id":"https:\/\/universnews224.com\/index.php\/simic-2025-larrivee-a-conakry-du-pdg-de-global-btp-drone-center\/"},"author":{"name":"La R\u00e9daction","@id":"https:\/\/universnews224.com\/#\/schema\/person\/a4b7d4f94a4716df60456a491260485e"},"headline":"SIMIC 2025: l&rsquo;arriv\u00e9e \u00e0 Conakry du PDG de Global BTP Drone Center.","datePublished":"2025-06-19T00:46:46+00:00","dateModified":"2025-06-19T00:46:46+00:00","mainEntityOfPage":{"@id":"https:\/\/universnews224.com\/index.php\/simic-2025-larrivee-a-conakry-du-pdg-de-global-btp-drone-center\/"},"wordCount":701,"publisher":{"@id":"https:\/\/universnews224.com\/#organization"},"keywords":["La une"],"articleSection":["ACTU","SOCI\u00c9T\u00c9"],"inLanguage":"fr-FR"},{"@type":"WebPage","@id":"https:\/\/universnews224.com\/index.php\/simic-2025-larrivee-a-conakry-du-pdg-de-global-btp-drone-center\/","url":"https:\/\/universnews224.com\/index.php\/simic-2025-larrivee-a-conakry-du-pdg-de-global-btp-drone-center\/","name":"SIMIC 2025: l'arriv\u00e9e \u00e0 Conakry du PDG de Global BTP Drone Center. - UNIVERSNEWS224","isPartOf":{"@id":"https:\/\/universnews224.com\/#website"},"datePublished":"2025-06-19T00:46:46+00:00","dateModified":"2025-06-19T00:46:46+00:00","inLanguage":"fr-FR","potentialAction":[{"@type":"ReadAction","target":["https:\/\/universnews224.com\/index.php\/simic-2025-larrivee-a-conakry-du-pdg-de-global-btp-drone-center\/"]}]},{"@type":"WebSite","@id":"https:\/\/universnews224.com\/#website","url":"https:\/\/universnews224.com\/","name":"UNIVERSNEWS224","description":"","publisher":{"@id":"https:\/\/universnews224.com\/#organization"},"potentialAction":[{"@type":"SearchAction","target":{"@type":"EntryPoint","urlTemplate":"https:\/\/universnews224.com\/?s={search_term_string}"},"query-input":"required name=search_term_string"}],"inLanguage":"fr-FR"},{"@type":"Organization","@id":"https:\/\/universnews224.com\/#organization","name":"UNIVERSNEWS224","url":"https:\/\/universnews224.com\/","logo":{"@type":"ImageObject","inLanguage":"fr-FR","@id":"https:\/\/universnews224.com\/#\/schema\/logo\/image\/","url":"https:\/\/universnews224.com\/wp-content\/uploads\/2022\/08\/cropped-cropped-logoban.jpg","contentUrl":"https:\/\/universnews224.com\/wp-content\/uploads\/2022\/08\/cropped-cropped-logoban.jpg","width":1080,"height":138,"caption":"UNIVERSNEWS224"},"image":{"@id":"https:\/\/universnews224.com\/#\/schema\/logo\/image\/"}},{"@type":"Person","@id":"https:\/\/universnews224.com\/#\/schema\/person\/a4b7d4f94a4716df60456a491260485e","name":"La R\u00e9daction","image":{"@type":"ImageObject","inLanguage":"fr-FR","@id":"https:\/\/universnews224.com\/#\/schema\/person\/image\/","url":"https:\/\/secure.gravatar.com\/avatar\/edb90acc7752b23e1b3307ad36c14f0d?s=96&d=mm&r=g","contentUrl":"https:\/\/secure.gravatar.com\/avatar\/edb90acc7752b23e1b3307ad36c14f0d?s=96&d=mm&r=g","caption":"La R\u00e9daction"},"sameAs":["https:\/\/universnews224.com"],"url":"https:\/\/universnews224.com\/index.php\/author\/m-camara\/"}]}},"_links":{"self":[{"href":"https:\/\/universnews224.com\/index.php\/wp-json\/wp\/v2\/posts\/8455"}],"collection":[{"href":"https:\/\/universnews224.com\/index.php\/wp-json\/wp\/v2\/posts"}],"about":[{"href":"https:\/\/universnews224.com\/index.php\/wp-json\/wp\/v2\/types\/post"}],"author":[{"embeddable":true,"href":"https:\/\/universnews224.com\/index.php\/wp-json\/wp\/v2\/users\/2"}],"replies":[{"embeddable":true,"href":"https:\/\/universnews224.com\/index.php\/wp-json\/wp\/v2\/comments?post=8455"}],"version-history":[{"count":1,"href":"https:\/\/universnews224.com\/index.php\/wp-json\/wp\/v2\/posts\/8455\/revisions"}],"predecessor-version":[{"id":8459,"href":"https:\/\/universnews224.com\/index.php\/wp-json\/wp\/v2\/posts\/8455\/revisions\/8459"}],"wp:featuredmedia":[{"embeddable":true,"href":"https:\/\/universnews224.com\/index.php\/wp-json\/wp\/v2\/media\/8456"}],"wp:attachment":[{"href":"https:\/\/universnews224.com\/index.php\/wp-json\/wp\/v2\/media?parent=8455"}],"wp:term":[{"taxonomy":"category","embeddable":true,"href":"https:\/\/universnews224.com\/index.php\/wp-json\/wp\/v2\/categories?post=8455"},{"taxonomy":"post_tag","embeddable":true,"href":"https:\/\/universnews224.com\/index.php\/wp-json\/wp\/v2\/tags?post=8455"}],"curies":[{"name":"wp","href":"https:\/\/api.w.org\/{rel}","templated":true}]}}