{"id":8474,"date":"2025-06-20T14:22:30","date_gmt":"2025-06-20T13:22:30","guid":{"rendered":"https:\/\/universnews224.com\/?p=8474"},"modified":"2025-06-20T14:24:32","modified_gmt":"2025-06-20T13:24:32","slug":"minies-lancement-a-conakry-de-la-1ere-edition-du-salon-international-des-mines-et-carrieres-de-guinee","status":"publish","type":"post","link":"https:\/\/universnews224.com\/index.php\/minies-lancement-a-conakry-de-la-1ere-edition-du-salon-international-des-mines-et-carrieres-de-guinee\/","title":{"rendered":"Mines: Lancement \u00e0 Conakry de la 1\u00e8re \u00e9dition du Salon International des Mines et Carri\u00e8res de Guin\u00e9e."},"content":{"rendered":"<div dir=\"auto\">Les travaux de la 1\u00e8re \u00e9dition du Salon International des Mines et Carri\u00e8res de Guin\u00e9e SIMIC-Guin\u00e9e ont \u00e9t\u00e9 officiellement lanc\u00e9s ce vendredi, 20 juin 2025, dans un r\u00e9ceptif h\u00f4telier de la capitale Conakry.<a href=\"https:\/\/universnews224.com\/wp-content\/uploads\/2025\/06\/IMG-20250620-WA0012.jpg\"><img loading=\"lazy\" class=\"alignnone size-medium wp-image-8475\" src=\"https:\/\/universnews224.com\/wp-content\/uploads\/2025\/06\/IMG-20250620-WA0012-300x225.jpg\" alt=\"\" width=\"300\" height=\"225\" srcset=\"https:\/\/universnews224.com\/wp-content\/uploads\/2025\/06\/IMG-20250620-WA0012-300x225.jpg 300w, https:\/\/universnews224.com\/wp-content\/uploads\/2025\/06\/IMG-20250620-WA0012-768x576.jpg 768w, https:\/\/universnews224.com\/wp-content\/uploads\/2025\/06\/IMG-20250620-WA0012-720x540.jpg 720w, https:\/\/universnews224.com\/wp-content\/uploads\/2025\/06\/IMG-20250620-WA0012.jpg 1016w\" sizes=\"(max-width: 300px) 100vw, 300px\" \/><\/a><\/div>\n<div dir=\"auto\">Plac\u00e9e sous le th\u00e8me:\u00abSimandou 2040: quels leviers et opportunit\u00e9s pour le d\u00e9veloppement local, pendant deux jours les participants venus de Guin\u00e9e, du Mali et du Burkina Faso vont se pencher les enjeux du secteur minier guin\u00e9en et de formuler les recommandations concr\u00e8tes pour son essor en Guin\u00e9e. C&rsquo;\u00e9tait en pr\u00e9sence de plusieurs personnalit\u00e9s du pays ainsi que plusieurs entreprises \u00e9voluant dans le secteur minier guin\u00e9en et \u00e0 l&rsquo;\u00e9tranger. <a href=\"https:\/\/universnews224.com\/wp-content\/uploads\/2025\/06\/IMG-20250620-WA0011.jpg\"><img loading=\"lazy\" class=\"alignnone size-medium wp-image-8476\" src=\"https:\/\/universnews224.com\/wp-content\/uploads\/2025\/06\/IMG-20250620-WA0011-300x225.jpg\" alt=\"\" width=\"300\" height=\"225\" srcset=\"https:\/\/universnews224.com\/wp-content\/uploads\/2025\/06\/IMG-20250620-WA0011-300x225.jpg 300w, https:\/\/universnews224.com\/wp-content\/uploads\/2025\/06\/IMG-20250620-WA0011-768x576.jpg 768w, https:\/\/universnews224.com\/wp-content\/uploads\/2025\/06\/IMG-20250620-WA0011-720x540.jpg 720w, https:\/\/universnews224.com\/wp-content\/uploads\/2025\/06\/IMG-20250620-WA0011.jpg 1016w\" sizes=\"(max-width: 300px) 100vw, 300px\" \/><\/a><\/div>\n<div dir=\"auto\">Dans son discours d&rsquo;ouverture, Mariame Diallo, porte-parole de TARGET,\u00a0 filiale du Groupe COPE-GUIN\u00c9E, le Salon International des Mines et Carri\u00e8res de Guin\u00e9e (SIMIC GUIN\u00c9E) ambitionne d&rsquo;\u00eatre le carrefour de l\u2019innovation, du dialogue et de l\u2019investissement. <a href=\"https:\/\/universnews224.com\/wp-content\/uploads\/2025\/06\/20250620_103034-scaled.jpg\"><img loading=\"lazy\" class=\"alignnone size-medium wp-image-8477\" src=\"https:\/\/universnews224.com\/wp-content\/uploads\/2025\/06\/20250620_103034-300x169.jpg\" alt=\"\" width=\"300\" height=\"169\" srcset=\"https:\/\/universnews224.com\/wp-content\/uploads\/2025\/06\/20250620_103034-300x169.jpg 300w, https:\/\/universnews224.com\/wp-content\/uploads\/2025\/06\/20250620_103034-1024x576.jpg 1024w, https:\/\/universnews224.com\/wp-content\/uploads\/2025\/06\/20250620_103034-768x432.jpg 768w, https:\/\/universnews224.com\/wp-content\/uploads\/2025\/06\/20250620_103034-1536x864.jpg 1536w, https:\/\/universnews224.com\/wp-content\/uploads\/2025\/06\/20250620_103034-2048x1153.jpg 2048w, https:\/\/universnews224.com\/wp-content\/uploads\/2025\/06\/20250620_103034-800x450.jpg 800w\" sizes=\"(max-width: 300px) 100vw, 300px\" \/><\/a><\/div>\n<div dir=\"auto\">\u00ab\u00a0La Guin\u00e9e est une terre d\u2019opportunit\u00e9s. Une terre o\u00f9 l\u2019abondance des ressources naturelles rencontre aujourd\u2019hui une volont\u00e9 politique affirm\u00e9e, une vision claire et des r\u00e9formes structurantes. Nos r\u00e9serves min\u00e9rales en bauxite, fer, or, diamant, lithium, et d\u2019autres ressources strat\u00e9giques font de notre pays un acteur incontournable dans la g\u00e9opolitique des mati\u00e8res premi\u00e8res. Mais nous avons pleinement conscience que la richesse du sous-sol ne vaut que par la capacit\u00e9 des hommes et des institutions \u00e0 la transformer au b\u00e9n\u00e9fice du plus grand nombre. C\u2019est dans cette optique que nous soutenons les initiatives de modernisation de notre cadre juridique, de renforcement de la gouvernance du secteur, et d\u2019exigence d&rsquo;une meilleure responsabilit\u00e9 sociale et environnementale des op\u00e9rateurs. Toutes ces r\u00e9formes aujourd&rsquo;hui dans la gouvernance mini\u00e8re en Guin\u00e9e sous \u00e0 l&rsquo;actif du Pr\u00e9sident de la R\u00e9publique de Guin\u00e9e, le G\u00e9n\u00e9ral d&rsquo;Arm\u00e9e Mamadi DOUMBOUYA, \u00e0 son gouvernement mais aussi \u00e0 M. Bouna SYLLA, Ministre des Mines et de la G\u00e9ologie sans omettre des cadres comp\u00e9tents et talentueux qui composent ce d\u00e9partement strat\u00e9gique. Dieu seul sait le travail effort abbatu au quotidien par nos autorit\u00e9s. Le Salon International des Mines et Carri\u00e8res de Guin\u00e9e (SIMIC GUIN\u00c9E) en phase avec la gouvernance exemplaire de nos mines aujourd&rsquo;hui, ambitionne d&rsquo;\u00eatre le carrefour de l\u2019innovation, du dialogue et de l\u2019investissement. Ce salon est bien plus qu\u2019une simple exposition. Il est un espace strat\u00e9gique de dialogue, de partage d\u2019expertises, et de construction de partenariats durables. Pendant ces deux journ\u00e9es, nous parlerons du programme SIMANDOU 2040 : Quels leviers et opportunit\u00e9s pour le d\u00e9veloppement local, de l&rsquo;exploitation mini\u00e8re et l&rsquo;impact sur l&rsquo;economie locale, de sant\u00e9-s\u00e9curit\u00e9 dans l&rsquo;industrie mini\u00e8re, de syst\u00e8mes de surveillance via l&rsquo;usage des drones, de contenu local, de transition \u00e9nerg\u00e9tique, digitalisation des op\u00e9rations mini\u00e8res, environnement, inclusion communautaire, sans omettre l&rsquo;industrie p\u00e9troli\u00e8re, gazi\u00e8re et \u00e9nerg\u00e9tique\u00a0\u00bb, a t-il affirm\u00e9.<\/div>\n<div dir=\"auto\"><\/div>\n<div dir=\"auto\">Poursuivant, Mariame Diallo a indiqu\u00e9 que ce salon s\u2019inscrit dans une dynamique globale : faire de la Guin\u00e9e un exemple africain d\u2019exploitation mini\u00e8re responsable, \u00e9thique, inclusive et r\u00e9siliente face aux d\u00e9fis climatiques et g\u00e9opolitiques.<a href=\"https:\/\/universnews224.com\/wp-content\/uploads\/2025\/06\/20250620_103043-scaled.jpg\"><img loading=\"lazy\" class=\"alignnone size-medium wp-image-8478\" src=\"https:\/\/universnews224.com\/wp-content\/uploads\/2025\/06\/20250620_103043-300x169.jpg\" alt=\"\" width=\"300\" height=\"169\" srcset=\"https:\/\/universnews224.com\/wp-content\/uploads\/2025\/06\/20250620_103043-300x169.jpg 300w, https:\/\/universnews224.com\/wp-content\/uploads\/2025\/06\/20250620_103043-1024x576.jpg 1024w, https:\/\/universnews224.com\/wp-content\/uploads\/2025\/06\/20250620_103043-768x432.jpg 768w, https:\/\/universnews224.com\/wp-content\/uploads\/2025\/06\/20250620_103043-1536x864.jpg 1536w, https:\/\/universnews224.com\/wp-content\/uploads\/2025\/06\/20250620_103043-2048x1153.jpg 2048w, https:\/\/universnews224.com\/wp-content\/uploads\/2025\/06\/20250620_103043-800x450.jpg 800w\" sizes=\"(max-width: 300px) 100vw, 300px\" \/><\/a><\/div>\n<div dir=\"auto\"><\/div>\n<div dir=\"auto\">\u00ab\u00a0Nous voulons attirer des investissements responsables, favoriser le transfert de technologies, soutenir l\u2019\u00e9mergence d\u2019une main-d\u2019\u0153uvre nationale qualifi\u00e9e et promouvoir la transformation locale des mati\u00e8res premi\u00e8res, condition essentielle \u00e0 notre souverainet\u00e9 industrielle. Nous sommes sommes fiers des r\u00e9sultats obtenus par nos autorit\u00e9s. Ce salon s\u2019inscrit dans une dynamique globale : faire de la Guin\u00e9e un exemple africain d\u2019exploitation mini\u00e8re responsable, \u00e9thique, inclusive et r\u00e9siliente face aux d\u00e9fis climatiques et g\u00e9opolitiques. Nous croyons en une industrie extractive qui ne sacrifie ni l\u2019environnement, ni la dignit\u00e9 des communaut\u00e9s, ni les g\u00e9n\u00e9rations futures. C\u2019est le sens de notre engagement pour une croissance plus verte, plus juste et plus \u00e9quitable\u00a0\u00bb, a t-elle soulign\u00e9.<\/div>\n<div dir=\"auto\"><\/div>\n<div dir=\"auto\">De son c\u00f4t\u00e9, M. Bationo Didier Valer, PDG de Global BTP Drone Center a, au nom des exposants, remerci\u00e9 les responsables de COPE-Guin\u00e9e pour le choix port\u00e9 sur leurs entreprises, en les invitant \u00e0 venir participer \u00e0 la 1\u00e8re \u00e9dition de SIMIC-GUIN\u00c9E.<a href=\"https:\/\/universnews224.com\/wp-content\/uploads\/2025\/06\/20250620_105213-scaled.jpg\"><img loading=\"lazy\" class=\"alignnone size-medium wp-image-8469\" src=\"https:\/\/universnews224.com\/wp-content\/uploads\/2025\/06\/20250620_105213-300x169.jpg\" alt=\"\" width=\"300\" height=\"169\" srcset=\"https:\/\/universnews224.com\/wp-content\/uploads\/2025\/06\/20250620_105213-300x169.jpg 300w, https:\/\/universnews224.com\/wp-content\/uploads\/2025\/06\/20250620_105213-1024x576.jpg 1024w, https:\/\/universnews224.com\/wp-content\/uploads\/2025\/06\/20250620_105213-768x432.jpg 768w, https:\/\/universnews224.com\/wp-content\/uploads\/2025\/06\/20250620_105213-1536x864.jpg 1536w, https:\/\/universnews224.com\/wp-content\/uploads\/2025\/06\/20250620_105213-2048x1153.jpg 2048w, https:\/\/universnews224.com\/wp-content\/uploads\/2025\/06\/20250620_105213-800x450.jpg 800w\" sizes=\"(max-width: 300px) 100vw, 300px\" \/><\/a><\/div>\n<div dir=\"auto\"><\/div>\n<div dir=\"auto\">\u00ab\u00a0Nous avons \u00e9t\u00e9 invit\u00e9s par les autorit\u00e9s et les comit\u00e9s d&rsquo;organisation depuis le Burkina et nous les remercions pour l&rsquo;honneur et la confiance qu&rsquo;ils nous ont faits en nous invitant \u00e0 cet \u00e9v\u00e9nement qui est tr\u00e8s majeur et assez important pour le secteur minier\u00a0\u00bb, a t-il indiqu\u00e9.<\/div>\n<div dir=\"auto\"><\/div>\n<div dir=\"auto\">Pour sa part, Ibrahima Traor\u00e9, Directeur G\u00e9n\u00e9ral adjoint des Mines a, au nom du ministre Bouna Sylla, remerci\u00e9 les organisateurs de cette initiative. Il a ensuite soulign\u00e9 que cette rencontre marque une \u00e9tape importante pour tous les acteurs, publics comme priv\u00e9s, engag\u00e9s dans la valorisation durable de nos ressources naturelles.<a href=\"https:\/\/universnews224.com\/wp-content\/uploads\/2025\/06\/20250620_103949-scaled.jpg\"><img loading=\"lazy\" class=\"alignnone size-medium wp-image-8479\" src=\"https:\/\/universnews224.com\/wp-content\/uploads\/2025\/06\/20250620_103949-300x169.jpg\" alt=\"\" width=\"300\" height=\"169\" srcset=\"https:\/\/universnews224.com\/wp-content\/uploads\/2025\/06\/20250620_103949-300x169.jpg 300w, https:\/\/universnews224.com\/wp-content\/uploads\/2025\/06\/20250620_103949-1024x576.jpg 1024w, https:\/\/universnews224.com\/wp-content\/uploads\/2025\/06\/20250620_103949-768x432.jpg 768w, https:\/\/universnews224.com\/wp-content\/uploads\/2025\/06\/20250620_103949-1536x864.jpg 1536w, https:\/\/universnews224.com\/wp-content\/uploads\/2025\/06\/20250620_103949-2048x1153.jpg 2048w, https:\/\/universnews224.com\/wp-content\/uploads\/2025\/06\/20250620_103949-800x450.jpg 800w\" sizes=\"(max-width: 300px) 100vw, 300px\" \/><\/a><\/div>\n<div dir=\"auto\"><\/div>\n<div dir=\"auto\">\u00ab\u00a0Avec ses r\u00e9serves min\u00e9rales parmi les plus riches du continent, notre sous-sol est une province de d\u00e9veloppement. Mais aussi, elle n&rsquo;appelle \u00e0 la responsabilit\u00e9 collective. Car aujourd&rsquo;hui, plus que jamais, l&rsquo;exploitation mini\u00e8re doit rimer avec l&rsquo;innovation, transparence, respect de l&rsquo;environnement, cr\u00e9ation des valeurs locales.Le SMIC 2025, alors, n&rsquo;est pas un simple salon. C&rsquo;est un espace de dialogue, de vision et d&rsquo;action sur la th\u00e9matique exploitation mini\u00e8re, quelle strat\u00e9gie pour impacter l&rsquo;\u00e9conomie au niveau local. Ce qui est d&rsquo;ailleurs une pr\u00e9occupation majeure pour le gouvernement de la R\u00e9publique de Guin\u00e9e, avec \u00e0 sa t\u00eate le g\u00e9n\u00e9ral-pr\u00e9sident. C&rsquo;est pourquoi, je tiens \u00e0 saluer les organisateurs de cette initiative ambitieuse\u00a0\u00bb, a t-il soulign\u00e9.<a href=\"https:\/\/universnews224.com\/wp-content\/uploads\/2025\/06\/20250620_113955-scaled.jpg\"><img loading=\"lazy\" class=\"alignnone size-medium wp-image-8470\" src=\"https:\/\/universnews224.com\/wp-content\/uploads\/2025\/06\/20250620_113955-300x169.jpg\" alt=\"\" width=\"300\" height=\"169\" srcset=\"https:\/\/universnews224.com\/wp-content\/uploads\/2025\/06\/20250620_113955-300x169.jpg 300w, https:\/\/universnews224.com\/wp-content\/uploads\/2025\/06\/20250620_113955-1024x576.jpg 1024w, https:\/\/universnews224.com\/wp-content\/uploads\/2025\/06\/20250620_113955-768x432.jpg 768w, https:\/\/universnews224.com\/wp-content\/uploads\/2025\/06\/20250620_113955-1536x864.jpg 1536w, https:\/\/universnews224.com\/wp-content\/uploads\/2025\/06\/20250620_113955-2048x1153.jpg 2048w, https:\/\/universnews224.com\/wp-content\/uploads\/2025\/06\/20250620_113955-800x450.jpg 800w\" sizes=\"(max-width: 300px) 100vw, 300px\" \/><\/a><\/div>\n<div dir=\"auto\"><\/div>\n<div dir=\"auto\">Il faut rappeler que\u00a0 pendant ces deux (2) jours, il y aura des panels, des expositions, des conf\u00e9rences d\u00e9bats sur l&rsquo;avenir du secteur minier guin\u00e9en etc..<\/div>\n<div dir=\"auto\"><\/div>\n<div dir=\"auto\">Kamara Decoster<\/div>\n<div dir=\"auto\"><\/div>\n<div dir=\"auto\"><\/div>\n","protected":false},"excerpt":{"rendered":"<p>Les travaux de la 1\u00e8re \u00e9dition du Salon International des Mines et Carri\u00e8res de Guin\u00e9e<\/p>\n","protected":false},"author":2,"featured_media":8476,"comment_status":"closed","ping_status":"open","sticky":false,"template":"","format":"standard","meta":[],"categories":[3,5],"tags":[237],"yoast_head":"<!-- This site is optimized with the Yoast SEO plugin v19.13 - https:\/\/yoast.com\/wordpress\/plugins\/seo\/ -->\n<title>Mines: Lancement \u00e0 Conakry de la 1\u00e8re \u00e9dition du Salon International des Mines et Carri\u00e8res de Guin\u00e9e. - UNIVERSNEWS224<\/title>\n<meta name=\"robots\" content=\"index, follow, max-snippet:-1, max-image-preview:large, max-video-preview:-1\" \/>\n<link rel=\"canonical\" href=\"https:\/\/universnews224.com\/index.php\/minies-lancement-a-conakry-de-la-1ere-edition-du-salon-international-des-mines-et-carrieres-de-guinee\/\" \/>\n<meta property=\"og:locale\" content=\"fr_FR\" \/>\n<meta property=\"og:type\" content=\"article\" \/>\n<meta property=\"og:title\" content=\"Mines: Lancement \u00e0 Conakry de la 1\u00e8re \u00e9dition du Salon International des Mines et Carri\u00e8res de Guin\u00e9e. - UNIVERSNEWS224\" \/>\n<meta property=\"og:description\" content=\"Les travaux de la 1\u00e8re \u00e9dition du Salon International des Mines et Carri\u00e8res de Guin\u00e9e\" \/>\n<meta property=\"og:url\" content=\"https:\/\/universnews224.com\/index.php\/minies-lancement-a-conakry-de-la-1ere-edition-du-salon-international-des-mines-et-carrieres-de-guinee\/\" \/>\n<meta property=\"og:site_name\" content=\"UNIVERSNEWS224\" \/>\n<meta property=\"article:published_time\" content=\"2025-06-20T13:22:30+00:00\" \/>\n<meta property=\"article:modified_time\" content=\"2025-06-20T13:24:32+00:00\" \/>\n<meta property=\"og:image\" content=\"https:\/\/universnews224.com\/wp-content\/uploads\/2025\/06\/IMG-20250620-WA0011.jpg\" \/>\n\t<meta property=\"og:image:width\" content=\"1016\" \/>\n\t<meta property=\"og:image:height\" content=\"762\" \/>\n\t<meta property=\"og:image:type\" content=\"image\/jpeg\" \/>\n<meta name=\"author\" content=\"La R\u00e9daction\" \/>\n<meta name=\"twitter:label1\" content=\"\u00c9crit par\" \/>\n\t<meta name=\"twitter:data1\" content=\"La R\u00e9daction\" \/>\n\t<meta name=\"twitter:label2\" content=\"Dur\u00e9e de lecture estim\u00e9e\" \/>\n\t<meta name=\"twitter:data2\" content=\"6 minutes\" \/>\n<script type=\"application\/ld+json\" class=\"yoast-schema-graph\">{\"@context\":\"https:\/\/schema.org\",\"@graph\":[{\"@type\":\"Article\",\"@id\":\"https:\/\/universnews224.com\/index.php\/minies-lancement-a-conakry-de-la-1ere-edition-du-salon-international-des-mines-et-carrieres-de-guinee\/#article\",\"isPartOf\":{\"@id\":\"https:\/\/universnews224.com\/index.php\/minies-lancement-a-conakry-de-la-1ere-edition-du-salon-international-des-mines-et-carrieres-de-guinee\/\"},\"author\":{\"name\":\"La R\u00e9daction\",\"@id\":\"https:\/\/universnews224.com\/#\/schema\/person\/a4b7d4f94a4716df60456a491260485e\"},\"headline\":\"Mines: Lancement \u00e0 Conakry de la 1\u00e8re \u00e9dition du Salon International des Mines et Carri\u00e8res de Guin\u00e9e.\",\"datePublished\":\"2025-06-20T13:22:30+00:00\",\"dateModified\":\"2025-06-20T13:24:32+00:00\",\"mainEntityOfPage\":{\"@id\":\"https:\/\/universnews224.com\/index.php\/minies-lancement-a-conakry-de-la-1ere-edition-du-salon-international-des-mines-et-carrieres-de-guinee\/\"},\"wordCount\":993,\"publisher\":{\"@id\":\"https:\/\/universnews224.com\/#organization\"},\"keywords\":[\"A la une\"],\"articleSection\":[\"ACTU\",\"SOCI\u00c9T\u00c9\"],\"inLanguage\":\"fr-FR\"},{\"@type\":\"WebPage\",\"@id\":\"https:\/\/universnews224.com\/index.php\/minies-lancement-a-conakry-de-la-1ere-edition-du-salon-international-des-mines-et-carrieres-de-guinee\/\",\"url\":\"https:\/\/universnews224.com\/index.php\/minies-lancement-a-conakry-de-la-1ere-edition-du-salon-international-des-mines-et-carrieres-de-guinee\/\",\"name\":\"Mines: Lancement \u00e0 Conakry de la 1\u00e8re \u00e9dition du Salon International des Mines et Carri\u00e8res de Guin\u00e9e. - UNIVERSNEWS224\",\"isPartOf\":{\"@id\":\"https:\/\/universnews224.com\/#website\"},\"datePublished\":\"2025-06-20T13:22:30+00:00\",\"dateModified\":\"2025-06-20T13:24:32+00:00\",\"inLanguage\":\"fr-FR\",\"potentialAction\":[{\"@type\":\"ReadAction\",\"target\":[\"https:\/\/universnews224.com\/index.php\/minies-lancement-a-conakry-de-la-1ere-edition-du-salon-international-des-mines-et-carrieres-de-guinee\/\"]}]},{\"@type\":\"WebSite\",\"@id\":\"https:\/\/universnews224.com\/#website\",\"url\":\"https:\/\/universnews224.com\/\",\"name\":\"UNIVERSNEWS224\",\"description\":\"\",\"publisher\":{\"@id\":\"https:\/\/universnews224.com\/#organization\"},\"potentialAction\":[{\"@type\":\"SearchAction\",\"target\":{\"@type\":\"EntryPoint\",\"urlTemplate\":\"https:\/\/universnews224.com\/?s={search_term_string}\"},\"query-input\":\"required name=search_term_string\"}],\"inLanguage\":\"fr-FR\"},{\"@type\":\"Organization\",\"@id\":\"https:\/\/universnews224.com\/#organization\",\"name\":\"UNIVERSNEWS224\",\"url\":\"https:\/\/universnews224.com\/\",\"logo\":{\"@type\":\"ImageObject\",\"inLanguage\":\"fr-FR\",\"@id\":\"https:\/\/universnews224.com\/#\/schema\/logo\/image\/\",\"url\":\"https:\/\/universnews224.com\/wp-content\/uploads\/2022\/08\/cropped-cropped-logoban.jpg\",\"contentUrl\":\"https:\/\/universnews224.com\/wp-content\/uploads\/2022\/08\/cropped-cropped-logoban.jpg\",\"width\":1080,\"height\":138,\"caption\":\"UNIVERSNEWS224\"},\"image\":{\"@id\":\"https:\/\/universnews224.com\/#\/schema\/logo\/image\/\"}},{\"@type\":\"Person\",\"@id\":\"https:\/\/universnews224.com\/#\/schema\/person\/a4b7d4f94a4716df60456a491260485e\",\"name\":\"La R\u00e9daction\",\"image\":{\"@type\":\"ImageObject\",\"inLanguage\":\"fr-FR\",\"@id\":\"https:\/\/universnews224.com\/#\/schema\/person\/image\/\",\"url\":\"https:\/\/secure.gravatar.com\/avatar\/edb90acc7752b23e1b3307ad36c14f0d?s=96&d=mm&r=g\",\"contentUrl\":\"https:\/\/secure.gravatar.com\/avatar\/edb90acc7752b23e1b3307ad36c14f0d?s=96&d=mm&r=g\",\"caption\":\"La R\u00e9daction\"},\"sameAs\":[\"https:\/\/universnews224.com\"],\"url\":\"https:\/\/universnews224.com\/index.php\/author\/m-camara\/\"}]}<\/script>\n<!-- \/ Yoast SEO plugin. -->","yoast_head_json":{"title":"Mines: Lancement \u00e0 Conakry de la 1\u00e8re \u00e9dition du Salon International des Mines et Carri\u00e8res de Guin\u00e9e. - UNIVERSNEWS224","robots":{"index":"index","follow":"follow","max-snippet":"max-snippet:-1","max-image-preview":"max-image-preview:large","max-video-preview":"max-video-preview:-1"},"canonical":"https:\/\/universnews224.com\/index.php\/minies-lancement-a-conakry-de-la-1ere-edition-du-salon-international-des-mines-et-carrieres-de-guinee\/","og_locale":"fr_FR","og_type":"article","og_title":"Mines: Lancement \u00e0 Conakry de la 1\u00e8re \u00e9dition du Salon International des Mines et Carri\u00e8res de Guin\u00e9e. - UNIVERSNEWS224","og_description":"Les travaux de la 1\u00e8re \u00e9dition du Salon International des Mines et Carri\u00e8res de Guin\u00e9e","og_url":"https:\/\/universnews224.com\/index.php\/minies-lancement-a-conakry-de-la-1ere-edition-du-salon-international-des-mines-et-carrieres-de-guinee\/","og_site_name":"UNIVERSNEWS224","article_published_time":"2025-06-20T13:22:30+00:00","article_modified_time":"2025-06-20T13:24:32+00:00","og_image":[{"width":1016,"height":762,"url":"https:\/\/universnews224.com\/wp-content\/uploads\/2025\/06\/IMG-20250620-WA0011.jpg","type":"image\/jpeg"}],"author":"La R\u00e9daction","twitter_misc":{"\u00c9crit par":"La R\u00e9daction","Dur\u00e9e de lecture estim\u00e9e":"6 minutes"},"schema":{"@context":"https:\/\/schema.org","@graph":[{"@type":"Article","@id":"https:\/\/universnews224.com\/index.php\/minies-lancement-a-conakry-de-la-1ere-edition-du-salon-international-des-mines-et-carrieres-de-guinee\/#article","isPartOf":{"@id":"https:\/\/universnews224.com\/index.php\/minies-lancement-a-conakry-de-la-1ere-edition-du-salon-international-des-mines-et-carrieres-de-guinee\/"},"author":{"name":"La R\u00e9daction","@id":"https:\/\/universnews224.com\/#\/schema\/person\/a4b7d4f94a4716df60456a491260485e"},"headline":"Mines: Lancement \u00e0 Conakry de la 1\u00e8re \u00e9dition du Salon International des Mines et Carri\u00e8res de Guin\u00e9e.","datePublished":"2025-06-20T13:22:30+00:00","dateModified":"2025-06-20T13:24:32+00:00","mainEntityOfPage":{"@id":"https:\/\/universnews224.com\/index.php\/minies-lancement-a-conakry-de-la-1ere-edition-du-salon-international-des-mines-et-carrieres-de-guinee\/"},"wordCount":993,"publisher":{"@id":"https:\/\/universnews224.com\/#organization"},"keywords":["A la une"],"articleSection":["ACTU","SOCI\u00c9T\u00c9"],"inLanguage":"fr-FR"},{"@type":"WebPage","@id":"https:\/\/universnews224.com\/index.php\/minies-lancement-a-conakry-de-la-1ere-edition-du-salon-international-des-mines-et-carrieres-de-guinee\/","url":"https:\/\/universnews224.com\/index.php\/minies-lancement-a-conakry-de-la-1ere-edition-du-salon-international-des-mines-et-carrieres-de-guinee\/","name":"Mines: Lancement \u00e0 Conakry de la 1\u00e8re \u00e9dition du Salon International des Mines et Carri\u00e8res de Guin\u00e9e. - UNIVERSNEWS224","isPartOf":{"@id":"https:\/\/universnews224.com\/#website"},"datePublished":"2025-06-20T13:22:30+00:00","dateModified":"2025-06-20T13:24:32+00:00","inLanguage":"fr-FR","potentialAction":[{"@type":"ReadAction","target":["https:\/\/universnews224.com\/index.php\/minies-lancement-a-conakry-de-la-1ere-edition-du-salon-international-des-mines-et-carrieres-de-guinee\/"]}]},{"@type":"WebSite","@id":"https:\/\/universnews224.com\/#website","url":"https:\/\/universnews224.com\/","name":"UNIVERSNEWS224","description":"","publisher":{"@id":"https:\/\/universnews224.com\/#organization"},"potentialAction":[{"@type":"SearchAction","target":{"@type":"EntryPoint","urlTemplate":"https:\/\/universnews224.com\/?s={search_term_string}"},"query-input":"required name=search_term_string"}],"inLanguage":"fr-FR"},{"@type":"Organization","@id":"https:\/\/universnews224.com\/#organization","name":"UNIVERSNEWS224","url":"https:\/\/universnews224.com\/","logo":{"@type":"ImageObject","inLanguage":"fr-FR","@id":"https:\/\/universnews224.com\/#\/schema\/logo\/image\/","url":"https:\/\/universnews224.com\/wp-content\/uploads\/2022\/08\/cropped-cropped-logoban.jpg","contentUrl":"https:\/\/universnews224.com\/wp-content\/uploads\/2022\/08\/cropped-cropped-logoban.jpg","width":1080,"height":138,"caption":"UNIVERSNEWS224"},"image":{"@id":"https:\/\/universnews224.com\/#\/schema\/logo\/image\/"}},{"@type":"Person","@id":"https:\/\/universnews224.com\/#\/schema\/person\/a4b7d4f94a4716df60456a491260485e","name":"La R\u00e9daction","image":{"@type":"ImageObject","inLanguage":"fr-FR","@id":"https:\/\/universnews224.com\/#\/schema\/person\/image\/","url":"https:\/\/secure.gravatar.com\/avatar\/edb90acc7752b23e1b3307ad36c14f0d?s=96&d=mm&r=g","contentUrl":"https:\/\/secure.gravatar.com\/avatar\/edb90acc7752b23e1b3307ad36c14f0d?s=96&d=mm&r=g","caption":"La R\u00e9daction"},"sameAs":["https:\/\/universnews224.com"],"url":"https:\/\/universnews224.com\/index.php\/author\/m-camara\/"}]}},"_links":{"self":[{"href":"https:\/\/universnews224.com\/index.php\/wp-json\/wp\/v2\/posts\/8474"}],"collection":[{"href":"https:\/\/universnews224.com\/index.php\/wp-json\/wp\/v2\/posts"}],"about":[{"href":"https:\/\/universnews224.com\/index.php\/wp-json\/wp\/v2\/types\/post"}],"author":[{"embeddable":true,"href":"https:\/\/universnews224.com\/index.php\/wp-json\/wp\/v2\/users\/2"}],"replies":[{"embeddable":true,"href":"https:\/\/universnews224.com\/index.php\/wp-json\/wp\/v2\/comments?post=8474"}],"version-history":[{"count":3,"href":"https:\/\/universnews224.com\/index.php\/wp-json\/wp\/v2\/posts\/8474\/revisions"}],"predecessor-version":[{"id":8482,"href":"https:\/\/universnews224.com\/index.php\/wp-json\/wp\/v2\/posts\/8474\/revisions\/8482"}],"wp:featuredmedia":[{"embeddable":true,"href":"https:\/\/universnews224.com\/index.php\/wp-json\/wp\/v2\/media\/8476"}],"wp:attachment":[{"href":"https:\/\/universnews224.com\/index.php\/wp-json\/wp\/v2\/media?parent=8474"}],"wp:term":[{"taxonomy":"category","embeddable":true,"href":"https:\/\/universnews224.com\/index.php\/wp-json\/wp\/v2\/categories?post=8474"},{"taxonomy":"post_tag","embeddable":true,"href":"https:\/\/universnews224.com\/index.php\/wp-json\/wp\/v2\/tags?post=8474"}],"curies":[{"name":"wp","href":"https:\/\/api.w.org\/{rel}","templated":true}]}}