{"id":8483,"date":"2025-06-20T15:25:40","date_gmt":"2025-06-20T14:25:40","guid":{"rendered":"https:\/\/universnews224.com\/?p=8483"},"modified":"2025-06-20T15:25:40","modified_gmt":"2025-06-20T14:25:40","slug":"3eme-edition-du-women-summit-fatima-camara-parmi-les-femmes-leaders-de-lafrique","status":"publish","type":"post","link":"https:\/\/universnews224.com\/index.php\/3eme-edition-du-women-summit-fatima-camara-parmi-les-femmes-leaders-de-lafrique\/","title":{"rendered":"3\u00e8me \u00c9dition du Women Summit: Fatima Camara parmi les femmes leaders de l&rsquo;Afrique"},"content":{"rendered":"<p>La ville de Casablanca a abrit\u00e9 les 18 et 19 juin 2025, la 3\u00e8me \u00e9dition du Women Summit Casablanca (GWS25). Un \u00e9v\u00e9nement panafricain majeur et prestigieux. Plac\u00e9 sous le th\u00e8me \u00abInnovating Together: Women Driving Change in Africa\u00bb, une mani\u00e8re de mettre en lumi\u00e8re le r\u00f4le fondamental des femmes dans la construction d\u2019un avenir prosp\u00e8re et durable pour le continent africain.<a href=\"https:\/\/universnews224.com\/wp-content\/uploads\/2025\/06\/IMG-20250620-WA0023.jpg\"><img loading=\"lazy\" class=\"alignnone size-medium wp-image-8484\" src=\"https:\/\/universnews224.com\/wp-content\/uploads\/2025\/06\/IMG-20250620-WA0023-300x255.jpg\" alt=\"\" width=\"300\" height=\"255\" srcset=\"https:\/\/universnews224.com\/wp-content\/uploads\/2025\/06\/IMG-20250620-WA0023-300x255.jpg 300w, https:\/\/universnews224.com\/wp-content\/uploads\/2025\/06\/IMG-20250620-WA0023-768x652.jpg 768w, https:\/\/universnews224.com\/wp-content\/uploads\/2025\/06\/IMG-20250620-WA0023.jpg 960w\" sizes=\"(max-width: 300px) 100vw, 300px\" \/><\/a><\/p>\n<p>r\u00e9sente \u00e0 cette grande c\u00e9r\u00e9monie de donner et de recevoir en faveur de la femme guin\u00e9enne et d&rsquo;ailleurs, madame la ministre de la P\u00eache et de l\u2019\u00c9conomie Maritime, Fatima Camara a dignement repr\u00e9sent\u00e9 la R\u00e9publique de Guin\u00e9e lors de cette 3\u00e8me \u00e9dition du Women Summit un rendez-Vous Panafricain Incontournable.<a href=\"https:\/\/universnews224.com\/wp-content\/uploads\/2025\/06\/IMG-20250620-WA0022.jpg\"><img loading=\"lazy\" class=\"alignnone size-medium wp-image-8485\" src=\"https:\/\/universnews224.com\/wp-content\/uploads\/2025\/06\/IMG-20250620-WA0022-300x226.jpg\" alt=\"\" width=\"300\" height=\"226\" srcset=\"https:\/\/universnews224.com\/wp-content\/uploads\/2025\/06\/IMG-20250620-WA0022-300x226.jpg 300w, https:\/\/universnews224.com\/wp-content\/uploads\/2025\/06\/IMG-20250620-WA0022-1024x773.jpg 1024w, https:\/\/universnews224.com\/wp-content\/uploads\/2025\/06\/IMG-20250620-WA0022-768x580.jpg 768w, https:\/\/universnews224.com\/wp-content\/uploads\/2025\/06\/IMG-20250620-WA0022-720x540.jpg 720w, https:\/\/universnews224.com\/wp-content\/uploads\/2025\/06\/IMG-20250620-WA0022.jpg 1080w\" sizes=\"(max-width: 300px) 100vw, 300px\" \/><\/a>Une co-animatrice du panel \u00ab Inclusive &amp; Transformational Leadership \u00bb, la Ministre de la P\u00eache Fatima Camara a mis en avant les avanc\u00e9es majeures du secteur de la p\u00eache, les r\u00e9formes en faveur des femmes du secteur, ainsi que le financement historique de 128 millions de dollars obtenu pour le projet Kounki.<a href=\"https:\/\/universnews224.com\/wp-content\/uploads\/2025\/06\/IMG-20250620-WA0020.jpg\"><img loading=\"lazy\" class=\"alignnone size-medium wp-image-8486\" src=\"https:\/\/universnews224.com\/wp-content\/uploads\/2025\/06\/IMG-20250620-WA0020-300x259.jpg\" alt=\"\" width=\"300\" height=\"259\" srcset=\"https:\/\/universnews224.com\/wp-content\/uploads\/2025\/06\/IMG-20250620-WA0020-300x259.jpg 300w, https:\/\/universnews224.com\/wp-content\/uploads\/2025\/06\/IMG-20250620-WA0020.jpg 720w\" sizes=\"(max-width: 300px) 100vw, 300px\" \/><\/a><\/p>\n<p>Une mani\u00e8re de prendre en avant son engagement et son leadership qui ont \u00e9t\u00e9 r\u00e9compens\u00e9s par le Prix Ubuntu pour son impact positif en mati\u00e8re de d\u00e9veloppement durable, d\u2019inclusion et d\u2019autonomisation des femmes. Une tr\u00e8s belle rencontre riche en \u00e9changes et de partage d&rsquo;exp\u00e9rience, en collaboration et en inspiration pour l\u2019avenir de l\u2019Afrique. Car L\u2019Afrique se trouve \u00e0 un carrefour strat\u00e9gique face aux mutations mondiales qui vise \u00e0 promouvoir un leadership f\u00e9minin audacieux et innovant pour r\u00e9pondre aux d\u00e9fis du continent, tout en cr\u00e9ant des opportunit\u00e9s pour un d\u00e9veloppement inclusif et durable.<\/p>\n<p>Sana Sylla.<\/p>\n","protected":false},"excerpt":{"rendered":"<p>La ville de Casablanca a abrit\u00e9 les 18 et 19 juin 2025, la 3\u00e8me \u00e9dition<\/p>\n","protected":false},"author":2,"featured_media":8486,"comment_status":"closed","ping_status":"open","sticky":false,"template":"","format":"standard","meta":[],"categories":[3,5],"tags":[237],"yoast_head":"<!-- This site is optimized with the Yoast SEO plugin v19.13 - https:\/\/yoast.com\/wordpress\/plugins\/seo\/ -->\n<title>3\u00e8me \u00c9dition du Women Summit: Fatima Camara parmi les femmes leaders de l&#039;Afrique - UNIVERSNEWS224<\/title>\n<meta name=\"robots\" content=\"index, follow, max-snippet:-1, max-image-preview:large, max-video-preview:-1\" \/>\n<link rel=\"canonical\" href=\"https:\/\/universnews224.com\/index.php\/3eme-edition-du-women-summit-fatima-camara-parmi-les-femmes-leaders-de-lafrique\/\" \/>\n<meta property=\"og:locale\" content=\"fr_FR\" \/>\n<meta property=\"og:type\" content=\"article\" \/>\n<meta property=\"og:title\" content=\"3\u00e8me \u00c9dition du Women Summit: Fatima Camara parmi les femmes leaders de l&#039;Afrique - UNIVERSNEWS224\" \/>\n<meta property=\"og:description\" content=\"La ville de Casablanca a abrit\u00e9 les 18 et 19 juin 2025, la 3\u00e8me \u00e9dition\" \/>\n<meta property=\"og:url\" content=\"https:\/\/universnews224.com\/index.php\/3eme-edition-du-women-summit-fatima-camara-parmi-les-femmes-leaders-de-lafrique\/\" \/>\n<meta property=\"og:site_name\" content=\"UNIVERSNEWS224\" \/>\n<meta property=\"article:published_time\" content=\"2025-06-20T14:25:40+00:00\" \/>\n<meta property=\"og:image\" content=\"https:\/\/universnews224.com\/wp-content\/uploads\/2025\/06\/IMG-20250620-WA0020.jpg\" \/>\n\t<meta property=\"og:image:width\" content=\"720\" \/>\n\t<meta property=\"og:image:height\" content=\"622\" \/>\n\t<meta property=\"og:image:type\" content=\"image\/jpeg\" \/>\n<meta name=\"author\" content=\"La R\u00e9daction\" \/>\n<meta name=\"twitter:label1\" content=\"\u00c9crit par\" \/>\n\t<meta name=\"twitter:data1\" content=\"La R\u00e9daction\" \/>\n\t<meta name=\"twitter:label2\" content=\"Dur\u00e9e de lecture estim\u00e9e\" \/>\n\t<meta name=\"twitter:data2\" content=\"2 minutes\" \/>\n<script type=\"application\/ld+json\" class=\"yoast-schema-graph\">{\"@context\":\"https:\/\/schema.org\",\"@graph\":[{\"@type\":\"Article\",\"@id\":\"https:\/\/universnews224.com\/index.php\/3eme-edition-du-women-summit-fatima-camara-parmi-les-femmes-leaders-de-lafrique\/#article\",\"isPartOf\":{\"@id\":\"https:\/\/universnews224.com\/index.php\/3eme-edition-du-women-summit-fatima-camara-parmi-les-femmes-leaders-de-lafrique\/\"},\"author\":{\"name\":\"La R\u00e9daction\",\"@id\":\"https:\/\/universnews224.com\/#\/schema\/person\/a4b7d4f94a4716df60456a491260485e\"},\"headline\":\"3\u00e8me \u00c9dition du Women Summit: Fatima Camara parmi les femmes leaders de l&rsquo;Afrique\",\"datePublished\":\"2025-06-20T14:25:40+00:00\",\"dateModified\":\"2025-06-20T14:25:40+00:00\",\"mainEntityOfPage\":{\"@id\":\"https:\/\/universnews224.com\/index.php\/3eme-edition-du-women-summit-fatima-camara-parmi-les-femmes-leaders-de-lafrique\/\"},\"wordCount\":298,\"publisher\":{\"@id\":\"https:\/\/universnews224.com\/#organization\"},\"keywords\":[\"A la une\"],\"articleSection\":[\"ACTU\",\"SOCI\u00c9T\u00c9\"],\"inLanguage\":\"fr-FR\"},{\"@type\":\"WebPage\",\"@id\":\"https:\/\/universnews224.com\/index.php\/3eme-edition-du-women-summit-fatima-camara-parmi-les-femmes-leaders-de-lafrique\/\",\"url\":\"https:\/\/universnews224.com\/index.php\/3eme-edition-du-women-summit-fatima-camara-parmi-les-femmes-leaders-de-lafrique\/\",\"name\":\"3\u00e8me \u00c9dition du Women Summit: Fatima Camara parmi les femmes leaders de l'Afrique - UNIVERSNEWS224\",\"isPartOf\":{\"@id\":\"https:\/\/universnews224.com\/#website\"},\"datePublished\":\"2025-06-20T14:25:40+00:00\",\"dateModified\":\"2025-06-20T14:25:40+00:00\",\"inLanguage\":\"fr-FR\",\"potentialAction\":[{\"@type\":\"ReadAction\",\"target\":[\"https:\/\/universnews224.com\/index.php\/3eme-edition-du-women-summit-fatima-camara-parmi-les-femmes-leaders-de-lafrique\/\"]}]},{\"@type\":\"WebSite\",\"@id\":\"https:\/\/universnews224.com\/#website\",\"url\":\"https:\/\/universnews224.com\/\",\"name\":\"UNIVERSNEWS224\",\"description\":\"\",\"publisher\":{\"@id\":\"https:\/\/universnews224.com\/#organization\"},\"potentialAction\":[{\"@type\":\"SearchAction\",\"target\":{\"@type\":\"EntryPoint\",\"urlTemplate\":\"https:\/\/universnews224.com\/?s={search_term_string}\"},\"query-input\":\"required name=search_term_string\"}],\"inLanguage\":\"fr-FR\"},{\"@type\":\"Organization\",\"@id\":\"https:\/\/universnews224.com\/#organization\",\"name\":\"UNIVERSNEWS224\",\"url\":\"https:\/\/universnews224.com\/\",\"logo\":{\"@type\":\"ImageObject\",\"inLanguage\":\"fr-FR\",\"@id\":\"https:\/\/universnews224.com\/#\/schema\/logo\/image\/\",\"url\":\"https:\/\/universnews224.com\/wp-content\/uploads\/2022\/08\/cropped-cropped-logoban.jpg\",\"contentUrl\":\"https:\/\/universnews224.com\/wp-content\/uploads\/2022\/08\/cropped-cropped-logoban.jpg\",\"width\":1080,\"height\":138,\"caption\":\"UNIVERSNEWS224\"},\"image\":{\"@id\":\"https:\/\/universnews224.com\/#\/schema\/logo\/image\/\"}},{\"@type\":\"Person\",\"@id\":\"https:\/\/universnews224.com\/#\/schema\/person\/a4b7d4f94a4716df60456a491260485e\",\"name\":\"La R\u00e9daction\",\"image\":{\"@type\":\"ImageObject\",\"inLanguage\":\"fr-FR\",\"@id\":\"https:\/\/universnews224.com\/#\/schema\/person\/image\/\",\"url\":\"https:\/\/secure.gravatar.com\/avatar\/edb90acc7752b23e1b3307ad36c14f0d?s=96&d=mm&r=g\",\"contentUrl\":\"https:\/\/secure.gravatar.com\/avatar\/edb90acc7752b23e1b3307ad36c14f0d?s=96&d=mm&r=g\",\"caption\":\"La R\u00e9daction\"},\"sameAs\":[\"https:\/\/universnews224.com\"],\"url\":\"https:\/\/universnews224.com\/index.php\/author\/m-camara\/\"}]}<\/script>\n<!-- \/ Yoast SEO plugin. -->","yoast_head_json":{"title":"3\u00e8me \u00c9dition du Women Summit: Fatima Camara parmi les femmes leaders de l'Afrique - UNIVERSNEWS224","robots":{"index":"index","follow":"follow","max-snippet":"max-snippet:-1","max-image-preview":"max-image-preview:large","max-video-preview":"max-video-preview:-1"},"canonical":"https:\/\/universnews224.com\/index.php\/3eme-edition-du-women-summit-fatima-camara-parmi-les-femmes-leaders-de-lafrique\/","og_locale":"fr_FR","og_type":"article","og_title":"3\u00e8me \u00c9dition du Women Summit: Fatima Camara parmi les femmes leaders de l'Afrique - UNIVERSNEWS224","og_description":"La ville de Casablanca a abrit\u00e9 les 18 et 19 juin 2025, la 3\u00e8me \u00e9dition","og_url":"https:\/\/universnews224.com\/index.php\/3eme-edition-du-women-summit-fatima-camara-parmi-les-femmes-leaders-de-lafrique\/","og_site_name":"UNIVERSNEWS224","article_published_time":"2025-06-20T14:25:40+00:00","og_image":[{"width":720,"height":622,"url":"https:\/\/universnews224.com\/wp-content\/uploads\/2025\/06\/IMG-20250620-WA0020.jpg","type":"image\/jpeg"}],"author":"La R\u00e9daction","twitter_misc":{"\u00c9crit par":"La R\u00e9daction","Dur\u00e9e de lecture estim\u00e9e":"2 minutes"},"schema":{"@context":"https:\/\/schema.org","@graph":[{"@type":"Article","@id":"https:\/\/universnews224.com\/index.php\/3eme-edition-du-women-summit-fatima-camara-parmi-les-femmes-leaders-de-lafrique\/#article","isPartOf":{"@id":"https:\/\/universnews224.com\/index.php\/3eme-edition-du-women-summit-fatima-camara-parmi-les-femmes-leaders-de-lafrique\/"},"author":{"name":"La R\u00e9daction","@id":"https:\/\/universnews224.com\/#\/schema\/person\/a4b7d4f94a4716df60456a491260485e"},"headline":"3\u00e8me \u00c9dition du Women Summit: Fatima Camara parmi les femmes leaders de l&rsquo;Afrique","datePublished":"2025-06-20T14:25:40+00:00","dateModified":"2025-06-20T14:25:40+00:00","mainEntityOfPage":{"@id":"https:\/\/universnews224.com\/index.php\/3eme-edition-du-women-summit-fatima-camara-parmi-les-femmes-leaders-de-lafrique\/"},"wordCount":298,"publisher":{"@id":"https:\/\/universnews224.com\/#organization"},"keywords":["A la une"],"articleSection":["ACTU","SOCI\u00c9T\u00c9"],"inLanguage":"fr-FR"},{"@type":"WebPage","@id":"https:\/\/universnews224.com\/index.php\/3eme-edition-du-women-summit-fatima-camara-parmi-les-femmes-leaders-de-lafrique\/","url":"https:\/\/universnews224.com\/index.php\/3eme-edition-du-women-summit-fatima-camara-parmi-les-femmes-leaders-de-lafrique\/","name":"3\u00e8me \u00c9dition du Women Summit: Fatima Camara parmi les femmes leaders de l'Afrique - UNIVERSNEWS224","isPartOf":{"@id":"https:\/\/universnews224.com\/#website"},"datePublished":"2025-06-20T14:25:40+00:00","dateModified":"2025-06-20T14:25:40+00:00","inLanguage":"fr-FR","potentialAction":[{"@type":"ReadAction","target":["https:\/\/universnews224.com\/index.php\/3eme-edition-du-women-summit-fatima-camara-parmi-les-femmes-leaders-de-lafrique\/"]}]},{"@type":"WebSite","@id":"https:\/\/universnews224.com\/#website","url":"https:\/\/universnews224.com\/","name":"UNIVERSNEWS224","description":"","publisher":{"@id":"https:\/\/universnews224.com\/#organization"},"potentialAction":[{"@type":"SearchAction","target":{"@type":"EntryPoint","urlTemplate":"https:\/\/universnews224.com\/?s={search_term_string}"},"query-input":"required name=search_term_string"}],"inLanguage":"fr-FR"},{"@type":"Organization","@id":"https:\/\/universnews224.com\/#organization","name":"UNIVERSNEWS224","url":"https:\/\/universnews224.com\/","logo":{"@type":"ImageObject","inLanguage":"fr-FR","@id":"https:\/\/universnews224.com\/#\/schema\/logo\/image\/","url":"https:\/\/universnews224.com\/wp-content\/uploads\/2022\/08\/cropped-cropped-logoban.jpg","contentUrl":"https:\/\/universnews224.com\/wp-content\/uploads\/2022\/08\/cropped-cropped-logoban.jpg","width":1080,"height":138,"caption":"UNIVERSNEWS224"},"image":{"@id":"https:\/\/universnews224.com\/#\/schema\/logo\/image\/"}},{"@type":"Person","@id":"https:\/\/universnews224.com\/#\/schema\/person\/a4b7d4f94a4716df60456a491260485e","name":"La R\u00e9daction","image":{"@type":"ImageObject","inLanguage":"fr-FR","@id":"https:\/\/universnews224.com\/#\/schema\/person\/image\/","url":"https:\/\/secure.gravatar.com\/avatar\/edb90acc7752b23e1b3307ad36c14f0d?s=96&d=mm&r=g","contentUrl":"https:\/\/secure.gravatar.com\/avatar\/edb90acc7752b23e1b3307ad36c14f0d?s=96&d=mm&r=g","caption":"La R\u00e9daction"},"sameAs":["https:\/\/universnews224.com"],"url":"https:\/\/universnews224.com\/index.php\/author\/m-camara\/"}]}},"_links":{"self":[{"href":"https:\/\/universnews224.com\/index.php\/wp-json\/wp\/v2\/posts\/8483"}],"collection":[{"href":"https:\/\/universnews224.com\/index.php\/wp-json\/wp\/v2\/posts"}],"about":[{"href":"https:\/\/universnews224.com\/index.php\/wp-json\/wp\/v2\/types\/post"}],"author":[{"embeddable":true,"href":"https:\/\/universnews224.com\/index.php\/wp-json\/wp\/v2\/users\/2"}],"replies":[{"embeddable":true,"href":"https:\/\/universnews224.com\/index.php\/wp-json\/wp\/v2\/comments?post=8483"}],"version-history":[{"count":1,"href":"https:\/\/universnews224.com\/index.php\/wp-json\/wp\/v2\/posts\/8483\/revisions"}],"predecessor-version":[{"id":8487,"href":"https:\/\/universnews224.com\/index.php\/wp-json\/wp\/v2\/posts\/8483\/revisions\/8487"}],"wp:featuredmedia":[{"embeddable":true,"href":"https:\/\/universnews224.com\/index.php\/wp-json\/wp\/v2\/media\/8486"}],"wp:attachment":[{"href":"https:\/\/universnews224.com\/index.php\/wp-json\/wp\/v2\/media?parent=8483"}],"wp:term":[{"taxonomy":"category","embeddable":true,"href":"https:\/\/universnews224.com\/index.php\/wp-json\/wp\/v2\/categories?post=8483"},{"taxonomy":"post_tag","embeddable":true,"href":"https:\/\/universnews224.com\/index.php\/wp-json\/wp\/v2\/tags?post=8483"}],"curies":[{"name":"wp","href":"https:\/\/api.w.org\/{rel}","templated":true}]}}