{"id":8488,"date":"2025-06-20T23:41:09","date_gmt":"2025-06-20T22:41:09","guid":{"rendered":"https:\/\/universnews224.com\/?p=8488"},"modified":"2025-06-20T23:41:09","modified_gmt":"2025-06-20T22:41:09","slug":"conakry-cest-parti-pour-la-4eme-edition-du-forum-de-lentrepreneuriat-et-leadership-feminin","status":"publish","type":"post","link":"https:\/\/universnews224.com\/index.php\/conakry-cest-parti-pour-la-4eme-edition-du-forum-de-lentrepreneuriat-et-leadership-feminin\/","title":{"rendered":"Conakry: C\u2019est parti pour la 4\u00e8me \u00e9dition du forum de l\u2019entrepreneuriat et leadership f\u00e9minin."},"content":{"rendered":"<div dir=\"auto\">La 4\u00e8me \u00e9dition du Forum de l\u2019entrepreneuriat et leadership f\u00e9minin (FODELF) a \u00e9t\u00e9 officiellement lanc\u00e9e ce vendredi 20 juin 2025, sous le th\u00e8me: \u00a0\u00bbFemmes, actrices cl\u00e9s de l&rsquo;\u00e9conomie bleue, briser les barri\u00e8reset cr\u00e9er des opportunit\u00e9s\u00a0\u00bb . Cette \u00e9dition a connu la pr\u00e9sence du monde entrepreneurial f\u00e9minin, la directrice de la pension militaire G\u00e9n\u00e9rale Fatoumata Yarie Sylla, la Conseill\u00e8re du ministre de la p\u00eache et de \u00e9conomie maritime Mme Rabiatou Diaby et quelques membres du CNT.<a href=\"https:\/\/universnews224.com\/wp-content\/uploads\/2025\/06\/IMG-20250620-WA0029.jpg\"><img loading=\"lazy\" class=\"alignnone size-medium wp-image-8490\" src=\"https:\/\/universnews224.com\/wp-content\/uploads\/2025\/06\/IMG-20250620-WA0029-300x138.jpg\" alt=\"\" width=\"300\" height=\"138\" srcset=\"https:\/\/universnews224.com\/wp-content\/uploads\/2025\/06\/IMG-20250620-WA0029-300x138.jpg 300w, https:\/\/universnews224.com\/wp-content\/uploads\/2025\/06\/IMG-20250620-WA0029-768x354.jpg 768w, https:\/\/universnews224.com\/wp-content\/uploads\/2025\/06\/IMG-20250620-WA0029.jpg 1008w\" sizes=\"(max-width: 300px) 100vw, 300px\" \/><\/a><\/div>\n<div dir=\"auto\">Selon Macir\u00e9 Tour\u00e9,\u00a0 initiatrice de l\u2019\u00e9v\u00e8nement, ce forum consiste \u00e0 cr\u00e9er un espace d\u2019\u00e9change sur les questions li\u00e9es \u00e0 l\u2019entrepreneuriat f\u00e9minin.<a href=\"https:\/\/universnews224.com\/wp-content\/uploads\/2025\/06\/IMG-20250620-WA0026.jpg\"><img loading=\"lazy\" class=\"alignnone size-medium wp-image-8489\" src=\"https:\/\/universnews224.com\/wp-content\/uploads\/2025\/06\/IMG-20250620-WA0026-300x224.jpg\" alt=\"\" width=\"300\" height=\"224\" srcset=\"https:\/\/universnews224.com\/wp-content\/uploads\/2025\/06\/IMG-20250620-WA0026-300x224.jpg 300w, https:\/\/universnews224.com\/wp-content\/uploads\/2025\/06\/IMG-20250620-WA0026-1024x764.jpg 1024w, https:\/\/universnews224.com\/wp-content\/uploads\/2025\/06\/IMG-20250620-WA0026-768x573.jpg 768w, https:\/\/universnews224.com\/wp-content\/uploads\/2025\/06\/IMG-20250620-WA0026-720x540.jpg 720w, https:\/\/universnews224.com\/wp-content\/uploads\/2025\/06\/IMG-20250620-WA0026.jpg 1080w\" sizes=\"(max-width: 300px) 100vw, 300px\" \/><\/a><\/div>\n<div dir=\"auto\"><\/div>\n<div dir=\"auto\">\u00ab le Forum de l&rsquo;entrepreneuriat et du leadership f\u00e9minin que nous portons depuis 2019 avec passion et conviction. Le FODELF, c&rsquo;est un espace d&rsquo;id\u00e9es, d&rsquo;action et d&rsquo;impact. Un espace qui met les femmes au centre, parce que c&rsquo;est l\u00e0 qu&rsquo;elles ont toujours \u00e9t\u00e9 car elles sont et restent les piliers de nos soci\u00e9t\u00e9s. Cette ann\u00e9e, nous avons d\u00e9cid\u00e9 de braquer nos projecteurs<\/div>\n<div dir=\"auto\">sur I&rsquo;\u00e9conomie maritime, et plus pr\u00e9cis\u00e9ment sur les femmes du secteur de a p\u00eache. La p\u00eache regorge d&rsquo;opportunit\u00e9s : Des milliers d&#8217;emplois durables, une forte capacit\u00e9 d&rsquo;exportation, Une cha\u00eene de valeur \u00e0 structurer, Une transition \u00e9cologique \u00e0 penser. Il \u00e9tait crucial pour nous de braquer nos projecteurs sur nos m\u00e8res, soeurs, et tantes leur t\u00e9moigner notre reconnaissance, leur c\u00e9l\u00e9brer et leur donner le micro pour s&rsquo;exprimer. Mais aussi de les encourager et promouvoir l&rsquo;entrepreneuriat f\u00e9minin par un espace d&rsquo;\u00e9change et de soutien \u00bb, a-t-elle fait savoir.<\/div>\n<div dir=\"auto\"><\/div>\n<div dir=\"auto\">Pour sa part, Mme la Conseill\u00e8re du ministre de la p\u00eache et de \u00e9conomie maritime Mme Rabiatou Diaby a, au nom de son ministre Mme Fatima Camara encourag\u00e9 cette 4\u00e8me \u00e9dition organis\u00e9 par la jeune dame l&rsquo;initiatrice. <a href=\"https:\/\/universnews224.com\/wp-content\/uploads\/2025\/06\/IMG-20250620-WA0028.jpg\"><img loading=\"lazy\" class=\"alignnone size-medium wp-image-8491\" src=\"https:\/\/universnews224.com\/wp-content\/uploads\/2025\/06\/IMG-20250620-WA0028-300x274.jpg\" alt=\"\" width=\"300\" height=\"274\" srcset=\"https:\/\/universnews224.com\/wp-content\/uploads\/2025\/06\/IMG-20250620-WA0028-300x274.jpg 300w, https:\/\/universnews224.com\/wp-content\/uploads\/2025\/06\/IMG-20250620-WA0028-768x700.jpg 768w, https:\/\/universnews224.com\/wp-content\/uploads\/2025\/06\/IMG-20250620-WA0028.jpg 978w\" sizes=\"(max-width: 300px) 100vw, 300px\" \/><\/a><\/div>\n<div dir=\"auto\">\u00ab Aujourd\u2019hui le secteur de la p\u00eache joue un r\u00f4le fondamental dans notre \u00e9conomie. Il fournit des moyens de subsistance \u00e0 pr\u00e8s de 300 000 guin\u00e9ens, contribue \u00e0 la s\u00e9curit\u00e9 alimentaire, \u00e0 l&#8217;emploi, \u00e0 l&rsquo;\u00e9quilibre social des communaut\u00e9s c\u00f4ti\u00e8res, et repr\u00e9sente une source pr\u00e9cieuse de revenus pour de nombreuses familles. Mais au-del\u00e0 des chifres, ce sont les femmes qui, discr\u00e8tement mais puissamment, assurent la vitalit\u00e9 du secteur. A travers le mareyage, la transformation artisanale, le transport et la commercialisation,<\/div>\n<div dir=\"auto\">elles occupent l&rsquo;essentiel de la cha\u00eene de valeur post-capture. Sans elles, il n&rsquo;y aurait ni disponibilit\u00e9, ni accessibilit\u00e9, ni distribution<\/div>\n<div dir=\"auto\">structur\u00e9e du poisson sur nos march\u00e9s\u00bb, a-t-elle soulign\u00e9.<\/div>\n<div dir=\"auto\"><\/div>\n<div dir=\"auto\">Et d&rsquo;ajouter, \u00ab Conscient de cette r\u00e9alit\u00e9, le Minist\u00e8re a engag\u00e9 des r\u00e9formes profondes pour am\u00e9liorer les conditions de travail des femmes et leur ouvrir de nouvelles perspectives \u00e9conomiques. Cela s&rsquo;est traduit par la r\u00e9habilitation des d\u00e9barcad\u00e8res, la construction de halls de vente s\u00e9curis\u00e9s, la mise \u00e0 disposition d&rsquo;entrep\u00f4ts frigonfiques d&rsquo;une capacit\u00e9 de 250 tonnes chacun, et le soutien \u00e0 la structuration des groupements f\u00e9minins. Le Plan strat\u00e9gique de d\u00e9veloppement halieutique 2023-2027 int\u00e9gre pleinement l&rsquo;\u00e9galit\u00e9 de genre, avec des engagements pr\u00e9cis pour accroitre la paticipation f\u00e9minine dans la gouvernance locale des p\u00e9ches, soutenir les coop\u00e9ratives ding\u00e9es par des femmes et garantir leur acc\u00e8s aux intrants, au foncier, aux cr\u00e9dits et \u00e0 la formation \u00bb, a d\u00e9clar\u00e9 Mme Diaby.<a href=\"https:\/\/universnews224.com\/wp-content\/uploads\/2025\/06\/IMG-20250620-WA0030.jpg\"><img loading=\"lazy\" class=\"alignnone size-medium wp-image-8492\" src=\"https:\/\/universnews224.com\/wp-content\/uploads\/2025\/06\/IMG-20250620-WA0030-300x148.jpg\" alt=\"\" width=\"300\" height=\"148\" srcset=\"https:\/\/universnews224.com\/wp-content\/uploads\/2025\/06\/IMG-20250620-WA0030-300x148.jpg 300w, https:\/\/universnews224.com\/wp-content\/uploads\/2025\/06\/IMG-20250620-WA0030-768x379.jpg 768w, https:\/\/universnews224.com\/wp-content\/uploads\/2025\/06\/IMG-20250620-WA0030.jpg 942w\" sizes=\"(max-width: 300px) 100vw, 300px\" \/><\/a><\/div>\n<div dir=\"auto\"><\/div>\n<div dir=\"auto\">Sana Sylla.<\/div>\n","protected":false},"excerpt":{"rendered":"<p>La 4\u00e8me \u00e9dition du Forum de l\u2019entrepreneuriat et leadership f\u00e9minin (FODELF) a \u00e9t\u00e9 officiellement lanc\u00e9e<\/p>\n","protected":false},"author":2,"featured_media":0,"comment_status":"closed","ping_status":"open","sticky":false,"template":"","format":"standard","meta":[],"categories":[3,5],"tags":[237],"yoast_head":"<!-- This site is optimized with the Yoast SEO plugin v19.13 - https:\/\/yoast.com\/wordpress\/plugins\/seo\/ -->\n<title>Conakry: C\u2019est parti pour la 4\u00e8me \u00e9dition du forum de l\u2019entrepreneuriat et leadership f\u00e9minin. - UNIVERSNEWS224<\/title>\n<meta name=\"robots\" content=\"index, follow, max-snippet:-1, max-image-preview:large, max-video-preview:-1\" \/>\n<link rel=\"canonical\" href=\"https:\/\/universnews224.com\/index.php\/conakry-cest-parti-pour-la-4eme-edition-du-forum-de-lentrepreneuriat-et-leadership-feminin\/\" \/>\n<meta property=\"og:locale\" content=\"fr_FR\" \/>\n<meta property=\"og:type\" content=\"article\" \/>\n<meta property=\"og:title\" content=\"Conakry: C\u2019est parti pour la 4\u00e8me \u00e9dition du forum de l\u2019entrepreneuriat et leadership f\u00e9minin. - UNIVERSNEWS224\" \/>\n<meta property=\"og:description\" content=\"La 4\u00e8me \u00e9dition du Forum de l\u2019entrepreneuriat et leadership f\u00e9minin (FODELF) a \u00e9t\u00e9 officiellement lanc\u00e9e\" \/>\n<meta property=\"og:url\" content=\"https:\/\/universnews224.com\/index.php\/conakry-cest-parti-pour-la-4eme-edition-du-forum-de-lentrepreneuriat-et-leadership-feminin\/\" \/>\n<meta property=\"og:site_name\" content=\"UNIVERSNEWS224\" \/>\n<meta property=\"article:published_time\" content=\"2025-06-20T22:41:09+00:00\" \/>\n<meta property=\"og:image\" content=\"https:\/\/universnews224.com\/wp-content\/uploads\/2025\/06\/IMG-20250620-WA0029-300x138.jpg\" \/>\n<meta name=\"author\" content=\"La R\u00e9daction\" \/>\n<meta name=\"twitter:label1\" content=\"\u00c9crit par\" \/>\n\t<meta name=\"twitter:data1\" content=\"La R\u00e9daction\" \/>\n\t<meta name=\"twitter:label2\" content=\"Dur\u00e9e de lecture estim\u00e9e\" \/>\n\t<meta name=\"twitter:data2\" content=\"4 minutes\" \/>\n<script type=\"application\/ld+json\" class=\"yoast-schema-graph\">{\"@context\":\"https:\/\/schema.org\",\"@graph\":[{\"@type\":\"Article\",\"@id\":\"https:\/\/universnews224.com\/index.php\/conakry-cest-parti-pour-la-4eme-edition-du-forum-de-lentrepreneuriat-et-leadership-feminin\/#article\",\"isPartOf\":{\"@id\":\"https:\/\/universnews224.com\/index.php\/conakry-cest-parti-pour-la-4eme-edition-du-forum-de-lentrepreneuriat-et-leadership-feminin\/\"},\"author\":{\"name\":\"La R\u00e9daction\",\"@id\":\"https:\/\/universnews224.com\/#\/schema\/person\/a4b7d4f94a4716df60456a491260485e\"},\"headline\":\"Conakry: C\u2019est parti pour la 4\u00e8me \u00e9dition du forum de l\u2019entrepreneuriat et leadership f\u00e9minin.\",\"datePublished\":\"2025-06-20T22:41:09+00:00\",\"dateModified\":\"2025-06-20T22:41:09+00:00\",\"mainEntityOfPage\":{\"@id\":\"https:\/\/universnews224.com\/index.php\/conakry-cest-parti-pour-la-4eme-edition-du-forum-de-lentrepreneuriat-et-leadership-feminin\/\"},\"wordCount\":583,\"publisher\":{\"@id\":\"https:\/\/universnews224.com\/#organization\"},\"keywords\":[\"A la une\"],\"articleSection\":[\"ACTU\",\"SOCI\u00c9T\u00c9\"],\"inLanguage\":\"fr-FR\"},{\"@type\":\"WebPage\",\"@id\":\"https:\/\/universnews224.com\/index.php\/conakry-cest-parti-pour-la-4eme-edition-du-forum-de-lentrepreneuriat-et-leadership-feminin\/\",\"url\":\"https:\/\/universnews224.com\/index.php\/conakry-cest-parti-pour-la-4eme-edition-du-forum-de-lentrepreneuriat-et-leadership-feminin\/\",\"name\":\"Conakry: C\u2019est parti pour la 4\u00e8me \u00e9dition du forum de l\u2019entrepreneuriat et leadership f\u00e9minin. - UNIVERSNEWS224\",\"isPartOf\":{\"@id\":\"https:\/\/universnews224.com\/#website\"},\"datePublished\":\"2025-06-20T22:41:09+00:00\",\"dateModified\":\"2025-06-20T22:41:09+00:00\",\"inLanguage\":\"fr-FR\",\"potentialAction\":[{\"@type\":\"ReadAction\",\"target\":[\"https:\/\/universnews224.com\/index.php\/conakry-cest-parti-pour-la-4eme-edition-du-forum-de-lentrepreneuriat-et-leadership-feminin\/\"]}]},{\"@type\":\"WebSite\",\"@id\":\"https:\/\/universnews224.com\/#website\",\"url\":\"https:\/\/universnews224.com\/\",\"name\":\"UNIVERSNEWS224\",\"description\":\"\",\"publisher\":{\"@id\":\"https:\/\/universnews224.com\/#organization\"},\"potentialAction\":[{\"@type\":\"SearchAction\",\"target\":{\"@type\":\"EntryPoint\",\"urlTemplate\":\"https:\/\/universnews224.com\/?s={search_term_string}\"},\"query-input\":\"required name=search_term_string\"}],\"inLanguage\":\"fr-FR\"},{\"@type\":\"Organization\",\"@id\":\"https:\/\/universnews224.com\/#organization\",\"name\":\"UNIVERSNEWS224\",\"url\":\"https:\/\/universnews224.com\/\",\"logo\":{\"@type\":\"ImageObject\",\"inLanguage\":\"fr-FR\",\"@id\":\"https:\/\/universnews224.com\/#\/schema\/logo\/image\/\",\"url\":\"https:\/\/universnews224.com\/wp-content\/uploads\/2022\/08\/cropped-cropped-logoban.jpg\",\"contentUrl\":\"https:\/\/universnews224.com\/wp-content\/uploads\/2022\/08\/cropped-cropped-logoban.jpg\",\"width\":1080,\"height\":138,\"caption\":\"UNIVERSNEWS224\"},\"image\":{\"@id\":\"https:\/\/universnews224.com\/#\/schema\/logo\/image\/\"}},{\"@type\":\"Person\",\"@id\":\"https:\/\/universnews224.com\/#\/schema\/person\/a4b7d4f94a4716df60456a491260485e\",\"name\":\"La R\u00e9daction\",\"image\":{\"@type\":\"ImageObject\",\"inLanguage\":\"fr-FR\",\"@id\":\"https:\/\/universnews224.com\/#\/schema\/person\/image\/\",\"url\":\"https:\/\/secure.gravatar.com\/avatar\/edb90acc7752b23e1b3307ad36c14f0d?s=96&d=mm&r=g\",\"contentUrl\":\"https:\/\/secure.gravatar.com\/avatar\/edb90acc7752b23e1b3307ad36c14f0d?s=96&d=mm&r=g\",\"caption\":\"La R\u00e9daction\"},\"sameAs\":[\"https:\/\/universnews224.com\"],\"url\":\"https:\/\/universnews224.com\/index.php\/author\/m-camara\/\"}]}<\/script>\n<!-- \/ Yoast SEO plugin. -->","yoast_head_json":{"title":"Conakry: C\u2019est parti pour la 4\u00e8me \u00e9dition du forum de l\u2019entrepreneuriat et leadership f\u00e9minin. - UNIVERSNEWS224","robots":{"index":"index","follow":"follow","max-snippet":"max-snippet:-1","max-image-preview":"max-image-preview:large","max-video-preview":"max-video-preview:-1"},"canonical":"https:\/\/universnews224.com\/index.php\/conakry-cest-parti-pour-la-4eme-edition-du-forum-de-lentrepreneuriat-et-leadership-feminin\/","og_locale":"fr_FR","og_type":"article","og_title":"Conakry: C\u2019est parti pour la 4\u00e8me \u00e9dition du forum de l\u2019entrepreneuriat et leadership f\u00e9minin. - UNIVERSNEWS224","og_description":"La 4\u00e8me \u00e9dition du Forum de l\u2019entrepreneuriat et leadership f\u00e9minin (FODELF) a \u00e9t\u00e9 officiellement lanc\u00e9e","og_url":"https:\/\/universnews224.com\/index.php\/conakry-cest-parti-pour-la-4eme-edition-du-forum-de-lentrepreneuriat-et-leadership-feminin\/","og_site_name":"UNIVERSNEWS224","article_published_time":"2025-06-20T22:41:09+00:00","og_image":[{"url":"https:\/\/universnews224.com\/wp-content\/uploads\/2025\/06\/IMG-20250620-WA0029-300x138.jpg"}],"author":"La R\u00e9daction","twitter_misc":{"\u00c9crit par":"La R\u00e9daction","Dur\u00e9e de lecture estim\u00e9e":"4 minutes"},"schema":{"@context":"https:\/\/schema.org","@graph":[{"@type":"Article","@id":"https:\/\/universnews224.com\/index.php\/conakry-cest-parti-pour-la-4eme-edition-du-forum-de-lentrepreneuriat-et-leadership-feminin\/#article","isPartOf":{"@id":"https:\/\/universnews224.com\/index.php\/conakry-cest-parti-pour-la-4eme-edition-du-forum-de-lentrepreneuriat-et-leadership-feminin\/"},"author":{"name":"La R\u00e9daction","@id":"https:\/\/universnews224.com\/#\/schema\/person\/a4b7d4f94a4716df60456a491260485e"},"headline":"Conakry: C\u2019est parti pour la 4\u00e8me \u00e9dition du forum de l\u2019entrepreneuriat et leadership f\u00e9minin.","datePublished":"2025-06-20T22:41:09+00:00","dateModified":"2025-06-20T22:41:09+00:00","mainEntityOfPage":{"@id":"https:\/\/universnews224.com\/index.php\/conakry-cest-parti-pour-la-4eme-edition-du-forum-de-lentrepreneuriat-et-leadership-feminin\/"},"wordCount":583,"publisher":{"@id":"https:\/\/universnews224.com\/#organization"},"keywords":["A la une"],"articleSection":["ACTU","SOCI\u00c9T\u00c9"],"inLanguage":"fr-FR"},{"@type":"WebPage","@id":"https:\/\/universnews224.com\/index.php\/conakry-cest-parti-pour-la-4eme-edition-du-forum-de-lentrepreneuriat-et-leadership-feminin\/","url":"https:\/\/universnews224.com\/index.php\/conakry-cest-parti-pour-la-4eme-edition-du-forum-de-lentrepreneuriat-et-leadership-feminin\/","name":"Conakry: C\u2019est parti pour la 4\u00e8me \u00e9dition du forum de l\u2019entrepreneuriat et leadership f\u00e9minin. - UNIVERSNEWS224","isPartOf":{"@id":"https:\/\/universnews224.com\/#website"},"datePublished":"2025-06-20T22:41:09+00:00","dateModified":"2025-06-20T22:41:09+00:00","inLanguage":"fr-FR","potentialAction":[{"@type":"ReadAction","target":["https:\/\/universnews224.com\/index.php\/conakry-cest-parti-pour-la-4eme-edition-du-forum-de-lentrepreneuriat-et-leadership-feminin\/"]}]},{"@type":"WebSite","@id":"https:\/\/universnews224.com\/#website","url":"https:\/\/universnews224.com\/","name":"UNIVERSNEWS224","description":"","publisher":{"@id":"https:\/\/universnews224.com\/#organization"},"potentialAction":[{"@type":"SearchAction","target":{"@type":"EntryPoint","urlTemplate":"https:\/\/universnews224.com\/?s={search_term_string}"},"query-input":"required name=search_term_string"}],"inLanguage":"fr-FR"},{"@type":"Organization","@id":"https:\/\/universnews224.com\/#organization","name":"UNIVERSNEWS224","url":"https:\/\/universnews224.com\/","logo":{"@type":"ImageObject","inLanguage":"fr-FR","@id":"https:\/\/universnews224.com\/#\/schema\/logo\/image\/","url":"https:\/\/universnews224.com\/wp-content\/uploads\/2022\/08\/cropped-cropped-logoban.jpg","contentUrl":"https:\/\/universnews224.com\/wp-content\/uploads\/2022\/08\/cropped-cropped-logoban.jpg","width":1080,"height":138,"caption":"UNIVERSNEWS224"},"image":{"@id":"https:\/\/universnews224.com\/#\/schema\/logo\/image\/"}},{"@type":"Person","@id":"https:\/\/universnews224.com\/#\/schema\/person\/a4b7d4f94a4716df60456a491260485e","name":"La R\u00e9daction","image":{"@type":"ImageObject","inLanguage":"fr-FR","@id":"https:\/\/universnews224.com\/#\/schema\/person\/image\/","url":"https:\/\/secure.gravatar.com\/avatar\/edb90acc7752b23e1b3307ad36c14f0d?s=96&d=mm&r=g","contentUrl":"https:\/\/secure.gravatar.com\/avatar\/edb90acc7752b23e1b3307ad36c14f0d?s=96&d=mm&r=g","caption":"La R\u00e9daction"},"sameAs":["https:\/\/universnews224.com"],"url":"https:\/\/universnews224.com\/index.php\/author\/m-camara\/"}]}},"_links":{"self":[{"href":"https:\/\/universnews224.com\/index.php\/wp-json\/wp\/v2\/posts\/8488"}],"collection":[{"href":"https:\/\/universnews224.com\/index.php\/wp-json\/wp\/v2\/posts"}],"about":[{"href":"https:\/\/universnews224.com\/index.php\/wp-json\/wp\/v2\/types\/post"}],"author":[{"embeddable":true,"href":"https:\/\/universnews224.com\/index.php\/wp-json\/wp\/v2\/users\/2"}],"replies":[{"embeddable":true,"href":"https:\/\/universnews224.com\/index.php\/wp-json\/wp\/v2\/comments?post=8488"}],"version-history":[{"count":1,"href":"https:\/\/universnews224.com\/index.php\/wp-json\/wp\/v2\/posts\/8488\/revisions"}],"predecessor-version":[{"id":8493,"href":"https:\/\/universnews224.com\/index.php\/wp-json\/wp\/v2\/posts\/8488\/revisions\/8493"}],"wp:attachment":[{"href":"https:\/\/universnews224.com\/index.php\/wp-json\/wp\/v2\/media?parent=8488"}],"wp:term":[{"taxonomy":"category","embeddable":true,"href":"https:\/\/universnews224.com\/index.php\/wp-json\/wp\/v2\/categories?post=8488"},{"taxonomy":"post_tag","embeddable":true,"href":"https:\/\/universnews224.com\/index.php\/wp-json\/wp\/v2\/tags?post=8488"}],"curies":[{"name":"wp","href":"https:\/\/api.w.org\/{rel}","templated":true}]}}