{"id":8512,"date":"2025-06-21T12:22:09","date_gmt":"2025-06-21T11:22:09","guid":{"rendered":"https:\/\/universnews224.com\/?p=8512"},"modified":"2025-06-21T12:22:09","modified_gmt":"2025-06-21T11:22:09","slug":"incendie-a-la-pharmacie-centrale-la-direction-generale-apporte-des-precisions","status":"publish","type":"post","link":"https:\/\/universnews224.com\/index.php\/incendie-a-la-pharmacie-centrale-la-direction-generale-apporte-des-precisions\/","title":{"rendered":"Incendie \u00e0 la Pharmacie centrale : la Direction G\u00e9n\u00e9rale apporte des pr\u00e9cisions"},"content":{"rendered":"<p style=\"margin: 0px 0px 1em;padding: 0px;border: 0px;line-height: inherit;font-family: 'Helvetica Neue', Helvetica, Roboto, Arial, sans-serif;vertical-align: baseline;text-align: justify\">Dans la matin\u00e9e de ce samedi 21 juin 2025, un incendie s\u2019est d\u00e9clar\u00e9 \u00e0 la Pharmacie centrale de Guin\u00e9e. Peu apr\u00e8s, la Direction G\u00e9n\u00e9rale a tent\u00e9 de rassurer et d\u2019apporter des pr\u00e9cisions, \u00e0 travers un communiqu\u00e9.<\/p>\n<p style=\"margin: 0px 0px 1em;padding: 0px;border: 0px;line-height: inherit;font-family: 'Helvetica Neue', Helvetica, Roboto, Arial, sans-serif;vertical-align: baseline;text-align: justify\">Selon la Direction G\u00e9n\u00e9rale de la PCG, il ne s\u2019agit pas d\u2019un incendie dans les locaux ni les entrep\u00f4ts de la Pharmacie Centrale de Guin\u00e9e. L\u2019incident s\u2019est plut\u00f4t produit dans un magasin du Programme \u00c9largi de Vaccination (PEV), situ\u00e9 dans l\u2019enceinte du site de Madina, mais distinct des installations op\u00e9rationnelles de la PCG SA.<\/p>\n<div class=\"jeg_ad jeg_ad_article jnews_content_inline_3_ads  \" style=\"margin: 0px 0px 1.25em;padding: 0px;border: 0px;line-height: inherit;font-family: 'Helvetica Neue', Helvetica, Roboto, Arial, sans-serif;vertical-align: baseline;text-align: center\">\n<div class=\"ads-wrapper align-center \" style=\"margin: 1em 0px;padding: 0px;border: 0px;font: inherit;vertical-align: baseline\"><\/div>\n<\/div>\n<p style=\"margin: 0px 0px 1em;padding: 0px;border: 0px;font-style: normal;font-weight: 400;font-size: 16px;line-height: inherit;font-family: 'Helvetica Neue', Helvetica, Roboto, Arial, sans-serif;vertical-align: baseline;text-align: justify;color: #333333;letter-spacing: normal;text-indent: 0px;text-transform: none;background-color: #ffffff\">\u00c0 l\u2019heure actuelle, selon la Direction G\u00e9n\u00e9rale, aucun stock de m\u00e9dicaments essentiels n\u2019a \u00e9t\u00e9 affect\u00e9 ; aucune infrastructure de la Pharmacie Centrale de Guin\u00e9e SA n\u2019a \u00e9t\u00e9 touch\u00e9e ; les \u00e9quipes sont mobilis\u00e9es, la situation est sous contr\u00f4le ; l\u2019activit\u00e9 de la centrale d\u2019achat se poursuit normalement et en toute s\u00e9curit\u00e9.<a href=\"https:\/\/universnews224.com\/wp-content\/uploads\/2025\/06\/IMG-20250621-WA0000.jpg\"><img loading=\"lazy\" class=\"alignnone size-medium wp-image-8513\" src=\"https:\/\/universnews224.com\/wp-content\/uploads\/2025\/06\/IMG-20250621-WA0000-200x300.jpg\" alt=\"\" width=\"200\" height=\"300\" srcset=\"https:\/\/universnews224.com\/wp-content\/uploads\/2025\/06\/IMG-20250621-WA0000-200x300.jpg 200w, https:\/\/universnews224.com\/wp-content\/uploads\/2025\/06\/IMG-20250621-WA0000-683x1024.jpg 683w, https:\/\/universnews224.com\/wp-content\/uploads\/2025\/06\/IMG-20250621-WA0000-768x1152.jpg 768w, https:\/\/universnews224.com\/wp-content\/uploads\/2025\/06\/IMG-20250621-WA0000.jpg 1024w\" sizes=\"(max-width: 200px) 100vw, 200px\" \/><\/a><\/p>\n","protected":false},"excerpt":{"rendered":"<p>Dans la matin\u00e9e de ce samedi 21 juin 2025, un incendie s\u2019est d\u00e9clar\u00e9 \u00e0 la<\/p>\n","protected":false},"author":2,"featured_media":0,"comment_status":"closed","ping_status":"open","sticky":false,"template":"","format":"standard","meta":[],"categories":[3,5],"tags":[237],"yoast_head":"<!-- This site is optimized with the Yoast SEO plugin v19.13 - https:\/\/yoast.com\/wordpress\/plugins\/seo\/ -->\n<title>Incendie \u00e0 la Pharmacie centrale : la Direction G\u00e9n\u00e9rale apporte des pr\u00e9cisions - UNIVERSNEWS224<\/title>\n<meta name=\"robots\" content=\"index, follow, max-snippet:-1, max-image-preview:large, max-video-preview:-1\" \/>\n<link rel=\"canonical\" href=\"https:\/\/universnews224.com\/index.php\/incendie-a-la-pharmacie-centrale-la-direction-generale-apporte-des-precisions\/\" \/>\n<meta property=\"og:locale\" content=\"fr_FR\" \/>\n<meta property=\"og:type\" content=\"article\" \/>\n<meta property=\"og:title\" content=\"Incendie \u00e0 la Pharmacie centrale : la Direction G\u00e9n\u00e9rale apporte des pr\u00e9cisions - UNIVERSNEWS224\" \/>\n<meta property=\"og:description\" content=\"Dans la matin\u00e9e de ce samedi 21 juin 2025, un incendie s\u2019est d\u00e9clar\u00e9 \u00e0 la\" \/>\n<meta property=\"og:url\" content=\"https:\/\/universnews224.com\/index.php\/incendie-a-la-pharmacie-centrale-la-direction-generale-apporte-des-precisions\/\" \/>\n<meta property=\"og:site_name\" content=\"UNIVERSNEWS224\" \/>\n<meta property=\"article:published_time\" content=\"2025-06-21T11:22:09+00:00\" \/>\n<meta property=\"og:image\" content=\"https:\/\/universnews224.com\/wp-content\/uploads\/2025\/06\/IMG-20250621-WA0000-200x300.jpg\" \/>\n<meta name=\"author\" content=\"La R\u00e9daction\" \/>\n<meta name=\"twitter:label1\" content=\"\u00c9crit par\" \/>\n\t<meta name=\"twitter:data1\" content=\"La R\u00e9daction\" \/>\n\t<meta name=\"twitter:label2\" content=\"Dur\u00e9e de lecture estim\u00e9e\" \/>\n\t<meta name=\"twitter:data2\" content=\"1 minute\" \/>\n<script type=\"application\/ld+json\" class=\"yoast-schema-graph\">{\"@context\":\"https:\/\/schema.org\",\"@graph\":[{\"@type\":\"Article\",\"@id\":\"https:\/\/universnews224.com\/index.php\/incendie-a-la-pharmacie-centrale-la-direction-generale-apporte-des-precisions\/#article\",\"isPartOf\":{\"@id\":\"https:\/\/universnews224.com\/index.php\/incendie-a-la-pharmacie-centrale-la-direction-generale-apporte-des-precisions\/\"},\"author\":{\"name\":\"La R\u00e9daction\",\"@id\":\"https:\/\/universnews224.com\/#\/schema\/person\/a4b7d4f94a4716df60456a491260485e\"},\"headline\":\"Incendie \u00e0 la Pharmacie centrale : la Direction G\u00e9n\u00e9rale apporte des pr\u00e9cisions\",\"datePublished\":\"2025-06-21T11:22:09+00:00\",\"dateModified\":\"2025-06-21T11:22:09+00:00\",\"mainEntityOfPage\":{\"@id\":\"https:\/\/universnews224.com\/index.php\/incendie-a-la-pharmacie-centrale-la-direction-generale-apporte-des-precisions\/\"},\"wordCount\":179,\"publisher\":{\"@id\":\"https:\/\/universnews224.com\/#organization\"},\"keywords\":[\"A la une\"],\"articleSection\":[\"ACTU\",\"SOCI\u00c9T\u00c9\"],\"inLanguage\":\"fr-FR\"},{\"@type\":\"WebPage\",\"@id\":\"https:\/\/universnews224.com\/index.php\/incendie-a-la-pharmacie-centrale-la-direction-generale-apporte-des-precisions\/\",\"url\":\"https:\/\/universnews224.com\/index.php\/incendie-a-la-pharmacie-centrale-la-direction-generale-apporte-des-precisions\/\",\"name\":\"Incendie \u00e0 la Pharmacie centrale : la Direction G\u00e9n\u00e9rale apporte des pr\u00e9cisions - UNIVERSNEWS224\",\"isPartOf\":{\"@id\":\"https:\/\/universnews224.com\/#website\"},\"datePublished\":\"2025-06-21T11:22:09+00:00\",\"dateModified\":\"2025-06-21T11:22:09+00:00\",\"inLanguage\":\"fr-FR\",\"potentialAction\":[{\"@type\":\"ReadAction\",\"target\":[\"https:\/\/universnews224.com\/index.php\/incendie-a-la-pharmacie-centrale-la-direction-generale-apporte-des-precisions\/\"]}]},{\"@type\":\"WebSite\",\"@id\":\"https:\/\/universnews224.com\/#website\",\"url\":\"https:\/\/universnews224.com\/\",\"name\":\"UNIVERSNEWS224\",\"description\":\"\",\"publisher\":{\"@id\":\"https:\/\/universnews224.com\/#organization\"},\"potentialAction\":[{\"@type\":\"SearchAction\",\"target\":{\"@type\":\"EntryPoint\",\"urlTemplate\":\"https:\/\/universnews224.com\/?s={search_term_string}\"},\"query-input\":\"required name=search_term_string\"}],\"inLanguage\":\"fr-FR\"},{\"@type\":\"Organization\",\"@id\":\"https:\/\/universnews224.com\/#organization\",\"name\":\"UNIVERSNEWS224\",\"url\":\"https:\/\/universnews224.com\/\",\"logo\":{\"@type\":\"ImageObject\",\"inLanguage\":\"fr-FR\",\"@id\":\"https:\/\/universnews224.com\/#\/schema\/logo\/image\/\",\"url\":\"https:\/\/universnews224.com\/wp-content\/uploads\/2022\/08\/cropped-cropped-logoban.jpg\",\"contentUrl\":\"https:\/\/universnews224.com\/wp-content\/uploads\/2022\/08\/cropped-cropped-logoban.jpg\",\"width\":1080,\"height\":138,\"caption\":\"UNIVERSNEWS224\"},\"image\":{\"@id\":\"https:\/\/universnews224.com\/#\/schema\/logo\/image\/\"}},{\"@type\":\"Person\",\"@id\":\"https:\/\/universnews224.com\/#\/schema\/person\/a4b7d4f94a4716df60456a491260485e\",\"name\":\"La R\u00e9daction\",\"image\":{\"@type\":\"ImageObject\",\"inLanguage\":\"fr-FR\",\"@id\":\"https:\/\/universnews224.com\/#\/schema\/person\/image\/\",\"url\":\"https:\/\/secure.gravatar.com\/avatar\/edb90acc7752b23e1b3307ad36c14f0d?s=96&d=mm&r=g\",\"contentUrl\":\"https:\/\/secure.gravatar.com\/avatar\/edb90acc7752b23e1b3307ad36c14f0d?s=96&d=mm&r=g\",\"caption\":\"La R\u00e9daction\"},\"sameAs\":[\"https:\/\/universnews224.com\"],\"url\":\"https:\/\/universnews224.com\/index.php\/author\/m-camara\/\"}]}<\/script>\n<!-- \/ Yoast SEO plugin. -->","yoast_head_json":{"title":"Incendie \u00e0 la Pharmacie centrale : la Direction G\u00e9n\u00e9rale apporte des pr\u00e9cisions - UNIVERSNEWS224","robots":{"index":"index","follow":"follow","max-snippet":"max-snippet:-1","max-image-preview":"max-image-preview:large","max-video-preview":"max-video-preview:-1"},"canonical":"https:\/\/universnews224.com\/index.php\/incendie-a-la-pharmacie-centrale-la-direction-generale-apporte-des-precisions\/","og_locale":"fr_FR","og_type":"article","og_title":"Incendie \u00e0 la Pharmacie centrale : la Direction G\u00e9n\u00e9rale apporte des pr\u00e9cisions - UNIVERSNEWS224","og_description":"Dans la matin\u00e9e de ce samedi 21 juin 2025, un incendie s\u2019est d\u00e9clar\u00e9 \u00e0 la","og_url":"https:\/\/universnews224.com\/index.php\/incendie-a-la-pharmacie-centrale-la-direction-generale-apporte-des-precisions\/","og_site_name":"UNIVERSNEWS224","article_published_time":"2025-06-21T11:22:09+00:00","og_image":[{"url":"https:\/\/universnews224.com\/wp-content\/uploads\/2025\/06\/IMG-20250621-WA0000-200x300.jpg"}],"author":"La R\u00e9daction","twitter_misc":{"\u00c9crit par":"La R\u00e9daction","Dur\u00e9e de lecture estim\u00e9e":"1 minute"},"schema":{"@context":"https:\/\/schema.org","@graph":[{"@type":"Article","@id":"https:\/\/universnews224.com\/index.php\/incendie-a-la-pharmacie-centrale-la-direction-generale-apporte-des-precisions\/#article","isPartOf":{"@id":"https:\/\/universnews224.com\/index.php\/incendie-a-la-pharmacie-centrale-la-direction-generale-apporte-des-precisions\/"},"author":{"name":"La R\u00e9daction","@id":"https:\/\/universnews224.com\/#\/schema\/person\/a4b7d4f94a4716df60456a491260485e"},"headline":"Incendie \u00e0 la Pharmacie centrale : la Direction G\u00e9n\u00e9rale apporte des pr\u00e9cisions","datePublished":"2025-06-21T11:22:09+00:00","dateModified":"2025-06-21T11:22:09+00:00","mainEntityOfPage":{"@id":"https:\/\/universnews224.com\/index.php\/incendie-a-la-pharmacie-centrale-la-direction-generale-apporte-des-precisions\/"},"wordCount":179,"publisher":{"@id":"https:\/\/universnews224.com\/#organization"},"keywords":["A la une"],"articleSection":["ACTU","SOCI\u00c9T\u00c9"],"inLanguage":"fr-FR"},{"@type":"WebPage","@id":"https:\/\/universnews224.com\/index.php\/incendie-a-la-pharmacie-centrale-la-direction-generale-apporte-des-precisions\/","url":"https:\/\/universnews224.com\/index.php\/incendie-a-la-pharmacie-centrale-la-direction-generale-apporte-des-precisions\/","name":"Incendie \u00e0 la Pharmacie centrale : la Direction G\u00e9n\u00e9rale apporte des pr\u00e9cisions - UNIVERSNEWS224","isPartOf":{"@id":"https:\/\/universnews224.com\/#website"},"datePublished":"2025-06-21T11:22:09+00:00","dateModified":"2025-06-21T11:22:09+00:00","inLanguage":"fr-FR","potentialAction":[{"@type":"ReadAction","target":["https:\/\/universnews224.com\/index.php\/incendie-a-la-pharmacie-centrale-la-direction-generale-apporte-des-precisions\/"]}]},{"@type":"WebSite","@id":"https:\/\/universnews224.com\/#website","url":"https:\/\/universnews224.com\/","name":"UNIVERSNEWS224","description":"","publisher":{"@id":"https:\/\/universnews224.com\/#organization"},"potentialAction":[{"@type":"SearchAction","target":{"@type":"EntryPoint","urlTemplate":"https:\/\/universnews224.com\/?s={search_term_string}"},"query-input":"required name=search_term_string"}],"inLanguage":"fr-FR"},{"@type":"Organization","@id":"https:\/\/universnews224.com\/#organization","name":"UNIVERSNEWS224","url":"https:\/\/universnews224.com\/","logo":{"@type":"ImageObject","inLanguage":"fr-FR","@id":"https:\/\/universnews224.com\/#\/schema\/logo\/image\/","url":"https:\/\/universnews224.com\/wp-content\/uploads\/2022\/08\/cropped-cropped-logoban.jpg","contentUrl":"https:\/\/universnews224.com\/wp-content\/uploads\/2022\/08\/cropped-cropped-logoban.jpg","width":1080,"height":138,"caption":"UNIVERSNEWS224"},"image":{"@id":"https:\/\/universnews224.com\/#\/schema\/logo\/image\/"}},{"@type":"Person","@id":"https:\/\/universnews224.com\/#\/schema\/person\/a4b7d4f94a4716df60456a491260485e","name":"La R\u00e9daction","image":{"@type":"ImageObject","inLanguage":"fr-FR","@id":"https:\/\/universnews224.com\/#\/schema\/person\/image\/","url":"https:\/\/secure.gravatar.com\/avatar\/edb90acc7752b23e1b3307ad36c14f0d?s=96&d=mm&r=g","contentUrl":"https:\/\/secure.gravatar.com\/avatar\/edb90acc7752b23e1b3307ad36c14f0d?s=96&d=mm&r=g","caption":"La R\u00e9daction"},"sameAs":["https:\/\/universnews224.com"],"url":"https:\/\/universnews224.com\/index.php\/author\/m-camara\/"}]}},"_links":{"self":[{"href":"https:\/\/universnews224.com\/index.php\/wp-json\/wp\/v2\/posts\/8512"}],"collection":[{"href":"https:\/\/universnews224.com\/index.php\/wp-json\/wp\/v2\/posts"}],"about":[{"href":"https:\/\/universnews224.com\/index.php\/wp-json\/wp\/v2\/types\/post"}],"author":[{"embeddable":true,"href":"https:\/\/universnews224.com\/index.php\/wp-json\/wp\/v2\/users\/2"}],"replies":[{"embeddable":true,"href":"https:\/\/universnews224.com\/index.php\/wp-json\/wp\/v2\/comments?post=8512"}],"version-history":[{"count":1,"href":"https:\/\/universnews224.com\/index.php\/wp-json\/wp\/v2\/posts\/8512\/revisions"}],"predecessor-version":[{"id":8514,"href":"https:\/\/universnews224.com\/index.php\/wp-json\/wp\/v2\/posts\/8512\/revisions\/8514"}],"wp:attachment":[{"href":"https:\/\/universnews224.com\/index.php\/wp-json\/wp\/v2\/media?parent=8512"}],"wp:term":[{"taxonomy":"category","embeddable":true,"href":"https:\/\/universnews224.com\/index.php\/wp-json\/wp\/v2\/categories?post=8512"},{"taxonomy":"post_tag","embeddable":true,"href":"https:\/\/universnews224.com\/index.php\/wp-json\/wp\/v2\/tags?post=8512"}],"curies":[{"name":"wp","href":"https:\/\/api.w.org\/{rel}","templated":true}]}}