{"id":8519,"date":"2025-06-21T14:53:09","date_gmt":"2025-06-21T13:53:09","guid":{"rendered":"https:\/\/universnews224.com\/?p=8519"},"modified":"2025-06-21T14:53:09","modified_gmt":"2025-06-21T13:53:09","slug":"le-colonel-mamadou-aliou-diallo-honore-par-lambassade-des-etats-unis-damerique-en-guinee","status":"publish","type":"post","link":"https:\/\/universnews224.com\/index.php\/le-colonel-mamadou-aliou-diallo-honore-par-lambassade-des-etats-unis-damerique-en-guinee\/","title":{"rendered":"Le Colonel Mamadou Aliou Diallo honor\u00e9 par l&rsquo;Ambassade des \u00c9tats-Unis d&rsquo;Am\u00e9rique en Guin\u00e9e"},"content":{"rendered":"<p>Le Colonel Mamadou Aliou Diallo, Chef du Groupement n\u00b02 de CMIS de la Police nationale guin\u00e9enne, a re\u00e7u une distinction officielle de l&rsquo;Ambassade des \u00c9tats-Unis d&rsquo;Am\u00e9rique en Guin\u00e9e.<\/p>\n<p>Cette distinction diplomatique lui a \u00e9t\u00e9 accord\u00e9e en reconnaissance de son professionnalisme exemplaire et de la qualit\u00e9 des services rendus. L&rsquo;institution diplomatique am\u00e9ricaine a formalis\u00e9 cette reconnaissance par la remise d&rsquo;un satisfecit de m\u00e9rite, t\u00e9moignant de l&rsquo;excellence de son travail.<a href=\"https:\/\/universnews224.com\/wp-content\/uploads\/2025\/06\/IMG-20250621-WA0004.jpg\"><img loading=\"lazy\" class=\"alignnone size-medium wp-image-8520\" src=\"https:\/\/universnews224.com\/wp-content\/uploads\/2025\/06\/IMG-20250621-WA0004-300x198.jpg\" alt=\"\" width=\"300\" height=\"198\" srcset=\"https:\/\/universnews224.com\/wp-content\/uploads\/2025\/06\/IMG-20250621-WA0004-300x198.jpg 300w, https:\/\/universnews224.com\/wp-content\/uploads\/2025\/06\/IMG-20250621-WA0004-768x506.jpg 768w, https:\/\/universnews224.com\/wp-content\/uploads\/2025\/06\/IMG-20250621-WA0004.jpg 828w\" sizes=\"(max-width: 300px) 100vw, 300px\" \/><\/a><\/p>\n<p>Le Colonel Mamadou Aliou Diallo s&rsquo;est particuli\u00e8rement illustr\u00e9 par : Son efficacit\u00e9 remarquable dans le maintien de l&rsquo;ordre public, sa gestion professionnelle des manifestations dans sa zone d&rsquo;intervention,son leadership exemplaire \u00e0 la t\u00eate d&rsquo;une \u00e9quipe engag\u00e9e et comp\u00e9tente,sa rigueur et discipline unanimement reconnues par ses pairs et sa hi\u00e9rarchie.<a href=\"https:\/\/universnews224.com\/wp-content\/uploads\/2025\/06\/IMG-20250621-WA0003.jpg\"><img loading=\"lazy\" class=\"alignnone size-medium wp-image-8521\" src=\"https:\/\/universnews224.com\/wp-content\/uploads\/2025\/06\/IMG-20250621-WA0003-300x240.jpg\" alt=\"\" width=\"300\" height=\"240\" srcset=\"https:\/\/universnews224.com\/wp-content\/uploads\/2025\/06\/IMG-20250621-WA0003-300x240.jpg 300w, https:\/\/universnews224.com\/wp-content\/uploads\/2025\/06\/IMG-20250621-WA0003.jpg 627w\" sizes=\"(max-width: 300px) 100vw, 300px\" \/><\/a>\u00c0 l&rsquo;issue de cette c\u00e9r\u00e9monie de distinction, le Colonel Mamadou Aliou Diallo a exprim\u00e9 sa profonde gratitude au plus hautes autorit\u00e9s :<br \/>\nAu Pr\u00e9sident de la R\u00e9publique, le G\u00e9n\u00e9ral Mamadi Doumbouya, pour ses efforts constants en faveur du renforcement des capacit\u00e9s des forces de police et de s\u00e9curit\u00e9 nationale.<\/p>\n<p>\u00c0 son Directeur G\u00e9n\u00e9ral qui lui a t\u00e9moign\u00e9 sa confiance en le nommant \u00e0 ce poste de responsabilit\u00e9 strat\u00e9gique. \u00c0 l&rsquo;ensemble de sa hi\u00e9rarchie pour l&rsquo;encadrement et le soutien apport\u00e9s. \u00c0 sa famille pour son soutien ind\u00e9fectible tout au long de sa carri\u00e8re.<\/p>\n<p>Cette reconnaissance diplomatique constitue un t\u00e9moignage \u00e9loquent de l&rsquo;excellence du travail accompli par les forces de l&rsquo;ordre guin\u00e9ennes et de leur contribution essentielle au maintien de la paix sociale et de la s\u00e9curit\u00e9 publique.<\/p>\n<p>Mohamed Tawel Camara<\/p>\n","protected":false},"excerpt":{"rendered":"<p>Le Colonel Mamadou Aliou Diallo, Chef du Groupement n\u00b02 de CMIS de la Police nationale<\/p>\n","protected":false},"author":2,"featured_media":8520,"comment_status":"closed","ping_status":"open","sticky":false,"template":"","format":"standard","meta":[],"categories":[3,5],"tags":[237],"yoast_head":"<!-- This site is optimized with the Yoast SEO plugin v19.13 - https:\/\/yoast.com\/wordpress\/plugins\/seo\/ -->\n<title>Le Colonel Mamadou Aliou Diallo honor\u00e9 par l&#039;Ambassade des \u00c9tats-Unis d&#039;Am\u00e9rique en Guin\u00e9e - UNIVERSNEWS224<\/title>\n<meta name=\"robots\" content=\"index, follow, max-snippet:-1, max-image-preview:large, max-video-preview:-1\" \/>\n<link rel=\"canonical\" href=\"https:\/\/universnews224.com\/index.php\/le-colonel-mamadou-aliou-diallo-honore-par-lambassade-des-etats-unis-damerique-en-guinee\/\" \/>\n<meta property=\"og:locale\" content=\"fr_FR\" \/>\n<meta property=\"og:type\" content=\"article\" \/>\n<meta property=\"og:title\" content=\"Le Colonel Mamadou Aliou Diallo honor\u00e9 par l&#039;Ambassade des \u00c9tats-Unis d&#039;Am\u00e9rique en Guin\u00e9e - UNIVERSNEWS224\" \/>\n<meta property=\"og:description\" content=\"Le Colonel Mamadou Aliou Diallo, Chef du Groupement n\u00b02 de CMIS de la Police nationale\" \/>\n<meta property=\"og:url\" content=\"https:\/\/universnews224.com\/index.php\/le-colonel-mamadou-aliou-diallo-honore-par-lambassade-des-etats-unis-damerique-en-guinee\/\" \/>\n<meta property=\"og:site_name\" content=\"UNIVERSNEWS224\" \/>\n<meta property=\"article:published_time\" content=\"2025-06-21T13:53:09+00:00\" \/>\n<meta property=\"og:image\" content=\"https:\/\/universnews224.com\/wp-content\/uploads\/2025\/06\/IMG-20250621-WA0004.jpg\" \/>\n\t<meta property=\"og:image:width\" content=\"828\" \/>\n\t<meta property=\"og:image:height\" content=\"546\" \/>\n\t<meta property=\"og:image:type\" content=\"image\/jpeg\" \/>\n<meta name=\"author\" content=\"La R\u00e9daction\" \/>\n<meta name=\"twitter:label1\" content=\"\u00c9crit par\" \/>\n\t<meta name=\"twitter:data1\" content=\"La R\u00e9daction\" \/>\n\t<meta name=\"twitter:label2\" content=\"Dur\u00e9e de lecture estim\u00e9e\" \/>\n\t<meta name=\"twitter:data2\" content=\"2 minutes\" \/>\n<script type=\"application\/ld+json\" class=\"yoast-schema-graph\">{\"@context\":\"https:\/\/schema.org\",\"@graph\":[{\"@type\":\"Article\",\"@id\":\"https:\/\/universnews224.com\/index.php\/le-colonel-mamadou-aliou-diallo-honore-par-lambassade-des-etats-unis-damerique-en-guinee\/#article\",\"isPartOf\":{\"@id\":\"https:\/\/universnews224.com\/index.php\/le-colonel-mamadou-aliou-diallo-honore-par-lambassade-des-etats-unis-damerique-en-guinee\/\"},\"author\":{\"name\":\"La R\u00e9daction\",\"@id\":\"https:\/\/universnews224.com\/#\/schema\/person\/a4b7d4f94a4716df60456a491260485e\"},\"headline\":\"Le Colonel Mamadou Aliou Diallo honor\u00e9 par l&rsquo;Ambassade des \u00c9tats-Unis d&rsquo;Am\u00e9rique en Guin\u00e9e\",\"datePublished\":\"2025-06-21T13:53:09+00:00\",\"dateModified\":\"2025-06-21T13:53:09+00:00\",\"mainEntityOfPage\":{\"@id\":\"https:\/\/universnews224.com\/index.php\/le-colonel-mamadou-aliou-diallo-honore-par-lambassade-des-etats-unis-damerique-en-guinee\/\"},\"wordCount\":288,\"publisher\":{\"@id\":\"https:\/\/universnews224.com\/#organization\"},\"keywords\":[\"A la une\"],\"articleSection\":[\"ACTU\",\"SOCI\u00c9T\u00c9\"],\"inLanguage\":\"fr-FR\"},{\"@type\":\"WebPage\",\"@id\":\"https:\/\/universnews224.com\/index.php\/le-colonel-mamadou-aliou-diallo-honore-par-lambassade-des-etats-unis-damerique-en-guinee\/\",\"url\":\"https:\/\/universnews224.com\/index.php\/le-colonel-mamadou-aliou-diallo-honore-par-lambassade-des-etats-unis-damerique-en-guinee\/\",\"name\":\"Le Colonel Mamadou Aliou Diallo honor\u00e9 par l'Ambassade des \u00c9tats-Unis d'Am\u00e9rique en Guin\u00e9e - UNIVERSNEWS224\",\"isPartOf\":{\"@id\":\"https:\/\/universnews224.com\/#website\"},\"datePublished\":\"2025-06-21T13:53:09+00:00\",\"dateModified\":\"2025-06-21T13:53:09+00:00\",\"inLanguage\":\"fr-FR\",\"potentialAction\":[{\"@type\":\"ReadAction\",\"target\":[\"https:\/\/universnews224.com\/index.php\/le-colonel-mamadou-aliou-diallo-honore-par-lambassade-des-etats-unis-damerique-en-guinee\/\"]}]},{\"@type\":\"WebSite\",\"@id\":\"https:\/\/universnews224.com\/#website\",\"url\":\"https:\/\/universnews224.com\/\",\"name\":\"UNIVERSNEWS224\",\"description\":\"\",\"publisher\":{\"@id\":\"https:\/\/universnews224.com\/#organization\"},\"potentialAction\":[{\"@type\":\"SearchAction\",\"target\":{\"@type\":\"EntryPoint\",\"urlTemplate\":\"https:\/\/universnews224.com\/?s={search_term_string}\"},\"query-input\":\"required name=search_term_string\"}],\"inLanguage\":\"fr-FR\"},{\"@type\":\"Organization\",\"@id\":\"https:\/\/universnews224.com\/#organization\",\"name\":\"UNIVERSNEWS224\",\"url\":\"https:\/\/universnews224.com\/\",\"logo\":{\"@type\":\"ImageObject\",\"inLanguage\":\"fr-FR\",\"@id\":\"https:\/\/universnews224.com\/#\/schema\/logo\/image\/\",\"url\":\"https:\/\/universnews224.com\/wp-content\/uploads\/2022\/08\/cropped-cropped-logoban.jpg\",\"contentUrl\":\"https:\/\/universnews224.com\/wp-content\/uploads\/2022\/08\/cropped-cropped-logoban.jpg\",\"width\":1080,\"height\":138,\"caption\":\"UNIVERSNEWS224\"},\"image\":{\"@id\":\"https:\/\/universnews224.com\/#\/schema\/logo\/image\/\"}},{\"@type\":\"Person\",\"@id\":\"https:\/\/universnews224.com\/#\/schema\/person\/a4b7d4f94a4716df60456a491260485e\",\"name\":\"La R\u00e9daction\",\"image\":{\"@type\":\"ImageObject\",\"inLanguage\":\"fr-FR\",\"@id\":\"https:\/\/universnews224.com\/#\/schema\/person\/image\/\",\"url\":\"https:\/\/secure.gravatar.com\/avatar\/edb90acc7752b23e1b3307ad36c14f0d?s=96&d=mm&r=g\",\"contentUrl\":\"https:\/\/secure.gravatar.com\/avatar\/edb90acc7752b23e1b3307ad36c14f0d?s=96&d=mm&r=g\",\"caption\":\"La R\u00e9daction\"},\"sameAs\":[\"https:\/\/universnews224.com\"],\"url\":\"https:\/\/universnews224.com\/index.php\/author\/m-camara\/\"}]}<\/script>\n<!-- \/ Yoast SEO plugin. -->","yoast_head_json":{"title":"Le Colonel Mamadou Aliou Diallo honor\u00e9 par l'Ambassade des \u00c9tats-Unis d'Am\u00e9rique en Guin\u00e9e - UNIVERSNEWS224","robots":{"index":"index","follow":"follow","max-snippet":"max-snippet:-1","max-image-preview":"max-image-preview:large","max-video-preview":"max-video-preview:-1"},"canonical":"https:\/\/universnews224.com\/index.php\/le-colonel-mamadou-aliou-diallo-honore-par-lambassade-des-etats-unis-damerique-en-guinee\/","og_locale":"fr_FR","og_type":"article","og_title":"Le Colonel Mamadou Aliou Diallo honor\u00e9 par l'Ambassade des \u00c9tats-Unis d'Am\u00e9rique en Guin\u00e9e - UNIVERSNEWS224","og_description":"Le Colonel Mamadou Aliou Diallo, Chef du Groupement n\u00b02 de CMIS de la Police nationale","og_url":"https:\/\/universnews224.com\/index.php\/le-colonel-mamadou-aliou-diallo-honore-par-lambassade-des-etats-unis-damerique-en-guinee\/","og_site_name":"UNIVERSNEWS224","article_published_time":"2025-06-21T13:53:09+00:00","og_image":[{"width":828,"height":546,"url":"https:\/\/universnews224.com\/wp-content\/uploads\/2025\/06\/IMG-20250621-WA0004.jpg","type":"image\/jpeg"}],"author":"La R\u00e9daction","twitter_misc":{"\u00c9crit par":"La R\u00e9daction","Dur\u00e9e de lecture estim\u00e9e":"2 minutes"},"schema":{"@context":"https:\/\/schema.org","@graph":[{"@type":"Article","@id":"https:\/\/universnews224.com\/index.php\/le-colonel-mamadou-aliou-diallo-honore-par-lambassade-des-etats-unis-damerique-en-guinee\/#article","isPartOf":{"@id":"https:\/\/universnews224.com\/index.php\/le-colonel-mamadou-aliou-diallo-honore-par-lambassade-des-etats-unis-damerique-en-guinee\/"},"author":{"name":"La R\u00e9daction","@id":"https:\/\/universnews224.com\/#\/schema\/person\/a4b7d4f94a4716df60456a491260485e"},"headline":"Le Colonel Mamadou Aliou Diallo honor\u00e9 par l&rsquo;Ambassade des \u00c9tats-Unis d&rsquo;Am\u00e9rique en Guin\u00e9e","datePublished":"2025-06-21T13:53:09+00:00","dateModified":"2025-06-21T13:53:09+00:00","mainEntityOfPage":{"@id":"https:\/\/universnews224.com\/index.php\/le-colonel-mamadou-aliou-diallo-honore-par-lambassade-des-etats-unis-damerique-en-guinee\/"},"wordCount":288,"publisher":{"@id":"https:\/\/universnews224.com\/#organization"},"keywords":["A la une"],"articleSection":["ACTU","SOCI\u00c9T\u00c9"],"inLanguage":"fr-FR"},{"@type":"WebPage","@id":"https:\/\/universnews224.com\/index.php\/le-colonel-mamadou-aliou-diallo-honore-par-lambassade-des-etats-unis-damerique-en-guinee\/","url":"https:\/\/universnews224.com\/index.php\/le-colonel-mamadou-aliou-diallo-honore-par-lambassade-des-etats-unis-damerique-en-guinee\/","name":"Le Colonel Mamadou Aliou Diallo honor\u00e9 par l'Ambassade des \u00c9tats-Unis d'Am\u00e9rique en Guin\u00e9e - UNIVERSNEWS224","isPartOf":{"@id":"https:\/\/universnews224.com\/#website"},"datePublished":"2025-06-21T13:53:09+00:00","dateModified":"2025-06-21T13:53:09+00:00","inLanguage":"fr-FR","potentialAction":[{"@type":"ReadAction","target":["https:\/\/universnews224.com\/index.php\/le-colonel-mamadou-aliou-diallo-honore-par-lambassade-des-etats-unis-damerique-en-guinee\/"]}]},{"@type":"WebSite","@id":"https:\/\/universnews224.com\/#website","url":"https:\/\/universnews224.com\/","name":"UNIVERSNEWS224","description":"","publisher":{"@id":"https:\/\/universnews224.com\/#organization"},"potentialAction":[{"@type":"SearchAction","target":{"@type":"EntryPoint","urlTemplate":"https:\/\/universnews224.com\/?s={search_term_string}"},"query-input":"required name=search_term_string"}],"inLanguage":"fr-FR"},{"@type":"Organization","@id":"https:\/\/universnews224.com\/#organization","name":"UNIVERSNEWS224","url":"https:\/\/universnews224.com\/","logo":{"@type":"ImageObject","inLanguage":"fr-FR","@id":"https:\/\/universnews224.com\/#\/schema\/logo\/image\/","url":"https:\/\/universnews224.com\/wp-content\/uploads\/2022\/08\/cropped-cropped-logoban.jpg","contentUrl":"https:\/\/universnews224.com\/wp-content\/uploads\/2022\/08\/cropped-cropped-logoban.jpg","width":1080,"height":138,"caption":"UNIVERSNEWS224"},"image":{"@id":"https:\/\/universnews224.com\/#\/schema\/logo\/image\/"}},{"@type":"Person","@id":"https:\/\/universnews224.com\/#\/schema\/person\/a4b7d4f94a4716df60456a491260485e","name":"La R\u00e9daction","image":{"@type":"ImageObject","inLanguage":"fr-FR","@id":"https:\/\/universnews224.com\/#\/schema\/person\/image\/","url":"https:\/\/secure.gravatar.com\/avatar\/edb90acc7752b23e1b3307ad36c14f0d?s=96&d=mm&r=g","contentUrl":"https:\/\/secure.gravatar.com\/avatar\/edb90acc7752b23e1b3307ad36c14f0d?s=96&d=mm&r=g","caption":"La R\u00e9daction"},"sameAs":["https:\/\/universnews224.com"],"url":"https:\/\/universnews224.com\/index.php\/author\/m-camara\/"}]}},"_links":{"self":[{"href":"https:\/\/universnews224.com\/index.php\/wp-json\/wp\/v2\/posts\/8519"}],"collection":[{"href":"https:\/\/universnews224.com\/index.php\/wp-json\/wp\/v2\/posts"}],"about":[{"href":"https:\/\/universnews224.com\/index.php\/wp-json\/wp\/v2\/types\/post"}],"author":[{"embeddable":true,"href":"https:\/\/universnews224.com\/index.php\/wp-json\/wp\/v2\/users\/2"}],"replies":[{"embeddable":true,"href":"https:\/\/universnews224.com\/index.php\/wp-json\/wp\/v2\/comments?post=8519"}],"version-history":[{"count":1,"href":"https:\/\/universnews224.com\/index.php\/wp-json\/wp\/v2\/posts\/8519\/revisions"}],"predecessor-version":[{"id":8522,"href":"https:\/\/universnews224.com\/index.php\/wp-json\/wp\/v2\/posts\/8519\/revisions\/8522"}],"wp:featuredmedia":[{"embeddable":true,"href":"https:\/\/universnews224.com\/index.php\/wp-json\/wp\/v2\/media\/8520"}],"wp:attachment":[{"href":"https:\/\/universnews224.com\/index.php\/wp-json\/wp\/v2\/media?parent=8519"}],"wp:term":[{"taxonomy":"category","embeddable":true,"href":"https:\/\/universnews224.com\/index.php\/wp-json\/wp\/v2\/categories?post=8519"},{"taxonomy":"post_tag","embeddable":true,"href":"https:\/\/universnews224.com\/index.php\/wp-json\/wp\/v2\/tags?post=8519"}],"curies":[{"name":"wp","href":"https:\/\/api.w.org\/{rel}","templated":true}]}}