{"id":8660,"date":"2025-07-11T17:18:05","date_gmt":"2025-07-11T16:18:05","guid":{"rendered":"https:\/\/universnews224.com\/?p=8660"},"modified":"2025-07-11T17:18:05","modified_gmt":"2025-07-11T16:18:05","slug":"senegal-ousmane-sonko-sen-prend-a-bassirou-diomaye-faye-dans-un-discours","status":"publish","type":"post","link":"https:\/\/universnews224.com\/index.php\/senegal-ousmane-sonko-sen-prend-a-bassirou-diomaye-faye-dans-un-discours\/","title":{"rendered":"S\u00e9n\u00e9gal: Ousmane Sonko s&rsquo;en prend \u00e0 Bassirou Diomaye Faye dans un discours"},"content":{"rendered":"<h1 class=\"single-post-title\" style=\"font-size: 50px;margin: 0px 0px 15px;font-family: MillerHeadline2;font-weight: 400;line-height: 1.3;color: #000000;background-color: #f3f3f3\"><\/h1>\n<p>Alors que plusieurs rumeurs ont circul\u00e9 ce vendredi 11 juillet 2025 faisant \u00e9tat de la pr\u00e9sence de Fonik\u00e9 Mengu\u00e9 (Oumar Sylla) et de Mamadou Billo Bah \u00e0 Bo, une ville de la Sierra Leone, le Front national pour la d\u00e9fense de la Constitution (FNDC) n\u2019a pas confirm\u00e9 cette information.<\/p>\n<div dir=\"auto\"><\/div>\n<div dir=\"auto\">Au contraire, le responsable de la communication de ce mouvement social, dissous par les autorit\u00e9s de la transition, a pr\u00e9cis\u00e9 qu\u2019aucune d\u00e9claration officielle n\u2019\u00e9tait pr\u00e9vue \u00e0 ce sujet.<\/div>\n<div dir=\"auto\"><\/div>\n<div dir=\"auto\">\u00ab Le FNDC n\u2019a annonc\u00e9 ni conf\u00e9rence de presse ni plan de communication aujourd\u2019hui. Un feu de paille pour le CNRD, sans doute. Toutes les informations concernant notre mouvement social se trouvent toujours sur nos canaux \u00bb, a bri\u00e8vement \u00e9crit Abdoulaye Oumou Sow, du FNDC.<\/div>\n<div dir=\"auto\"><\/div>\n<div dir=\"auto\"><\/div>\n<div dir=\"auto\">L\u2019information relative \u00e0 la pr\u00e9tendue pr\u00e9sence des deux activistes, port\u00e9s disparus depuis le 9 juillet 2024, n\u2019a \u00e9t\u00e9 confirm\u00e9e par aucun responsable du FNDC. Africaguinee.com a contact\u00e9 au moins deux membres du mouvement ainsi que l\u2019\u00e9pouse de l\u2019un d\u2019eux, sans obtenir de confirmation.<\/div>\n<div dir=\"auto\"><\/div>\n<div dir=\"auto\">\u00ab Je ne peux pas confirmer ces informations parce que je n\u2019ai eu de nouvelles par rapport \u00e0 \u00e7a. Mieux, les images qui circulent sont tr\u00e8s anciennes \u00bb, a confi\u00e9 l\u2019\u00e9pouse de l\u2019un des activistes.<\/div>\n<div dir=\"auto\"><\/div>\n<div dir=\"auto\">Dans une vid\u00e9o, le responsable des op\u00e9rations du FNDC, Ibrahima Diallo, a \u00e9galement d\u00e9menti ces rumeurs :<\/div>\n<div dir=\"auto\"><\/div>\n<div dir=\"auto\">\u00ab L\u2019information selon laquelle nos camarades Oumar Sylla, dit Fonik\u00e9 Mengu\u00e9, et Billo Bah auraient \u00e9t\u00e9 retrouv\u00e9s jet\u00e9s quelque part en brousse en Sierra Leone, et que le FNDC s\u2019appr\u00eaterait \u00e0 organiser une conf\u00e9rence de presse, est fausse.<\/div>\n<div dir=\"auto\"><\/div>\n<div dir=\"auto\">Je vous invite \u00e0 rester mobilis\u00e9s, comme nous l\u2019avons fait le 9 juillet, pour exiger leur lib\u00e9ration. Et si jamais ils sont lib\u00e9r\u00e9s, rassurez-vous : le FNDC sera le premier \u00e0 vous en informer \u00bb, a d\u00e9clar\u00e9 l\u2019activiste.<\/div>\n<div dir=\"auto\"><\/div>\n<div dir=\"auto\"><\/div>\n<div dir=\"auto\">Ces rumeurs interviennent au lendemain du premier anniversaire de la disparition forc\u00e9e d\u2019Oumar Sylla alias Fonik\u00e9 Mengu\u00e9 et de Mamadou Billo Bah, deux figures majeures du FNDC.<\/div>\n<div dir=\"auto\"><\/div>\n<div dir=\"auto\"><\/div>\n<div dir=\"auto\">Africaguinee.com<\/div>\n","protected":false},"excerpt":{"rendered":"<p>Alors que plusieurs rumeurs ont circul\u00e9 ce vendredi 11 juillet 2025 faisant \u00e9tat de la<\/p>\n","protected":false},"author":2,"featured_media":8661,"comment_status":"closed","ping_status":"open","sticky":false,"template":"","format":"standard","meta":[],"categories":[1],"tags":[237],"yoast_head":"<!-- This site is optimized with the Yoast SEO plugin v19.13 - https:\/\/yoast.com\/wordpress\/plugins\/seo\/ -->\n<title>S\u00e9n\u00e9gal: Ousmane Sonko s&#039;en prend \u00e0 Bassirou Diomaye Faye dans un discours - UNIVERSNEWS224<\/title>\n<meta name=\"robots\" content=\"index, follow, max-snippet:-1, max-image-preview:large, max-video-preview:-1\" \/>\n<link rel=\"canonical\" href=\"https:\/\/universnews224.com\/index.php\/senegal-ousmane-sonko-sen-prend-a-bassirou-diomaye-faye-dans-un-discours\/\" \/>\n<meta property=\"og:locale\" content=\"fr_FR\" \/>\n<meta property=\"og:type\" content=\"article\" \/>\n<meta property=\"og:title\" content=\"S\u00e9n\u00e9gal: Ousmane Sonko s&#039;en prend \u00e0 Bassirou Diomaye Faye dans un discours - UNIVERSNEWS224\" \/>\n<meta property=\"og:description\" content=\"Alors que plusieurs rumeurs ont circul\u00e9 ce vendredi 11 juillet 2025 faisant \u00e9tat de la\" \/>\n<meta property=\"og:url\" content=\"https:\/\/universnews224.com\/index.php\/senegal-ousmane-sonko-sen-prend-a-bassirou-diomaye-faye-dans-un-discours\/\" \/>\n<meta property=\"og:site_name\" content=\"UNIVERSNEWS224\" \/>\n<meta property=\"article:published_time\" content=\"2025-07-11T16:18:05+00:00\" \/>\n<meta property=\"og:image\" content=\"https:\/\/universnews224.com\/wp-content\/uploads\/2025\/07\/Fonike-Mengue-et-Billo-Bah-640x375-1.jpg\" \/>\n\t<meta property=\"og:image:width\" content=\"640\" \/>\n\t<meta property=\"og:image:height\" content=\"375\" \/>\n\t<meta property=\"og:image:type\" content=\"image\/jpeg\" \/>\n<meta name=\"author\" content=\"La R\u00e9daction\" \/>\n<meta name=\"twitter:label1\" content=\"\u00c9crit par\" \/>\n\t<meta name=\"twitter:data1\" content=\"La R\u00e9daction\" \/>\n\t<meta name=\"twitter:label2\" content=\"Dur\u00e9e de lecture estim\u00e9e\" \/>\n\t<meta name=\"twitter:data2\" content=\"2 minutes\" \/>\n<script type=\"application\/ld+json\" class=\"yoast-schema-graph\">{\"@context\":\"https:\/\/schema.org\",\"@graph\":[{\"@type\":\"Article\",\"@id\":\"https:\/\/universnews224.com\/index.php\/senegal-ousmane-sonko-sen-prend-a-bassirou-diomaye-faye-dans-un-discours\/#article\",\"isPartOf\":{\"@id\":\"https:\/\/universnews224.com\/index.php\/senegal-ousmane-sonko-sen-prend-a-bassirou-diomaye-faye-dans-un-discours\/\"},\"author\":{\"name\":\"La R\u00e9daction\",\"@id\":\"https:\/\/universnews224.com\/#\/schema\/person\/a4b7d4f94a4716df60456a491260485e\"},\"headline\":\"S\u00e9n\u00e9gal: Ousmane Sonko s&rsquo;en prend \u00e0 Bassirou Diomaye Faye dans un discours\",\"datePublished\":\"2025-07-11T16:18:05+00:00\",\"dateModified\":\"2025-07-11T16:18:05+00:00\",\"mainEntityOfPage\":{\"@id\":\"https:\/\/universnews224.com\/index.php\/senegal-ousmane-sonko-sen-prend-a-bassirou-diomaye-faye-dans-un-discours\/\"},\"wordCount\":360,\"publisher\":{\"@id\":\"https:\/\/universnews224.com\/#organization\"},\"keywords\":[\"A la une\"],\"inLanguage\":\"fr-FR\"},{\"@type\":\"WebPage\",\"@id\":\"https:\/\/universnews224.com\/index.php\/senegal-ousmane-sonko-sen-prend-a-bassirou-diomaye-faye-dans-un-discours\/\",\"url\":\"https:\/\/universnews224.com\/index.php\/senegal-ousmane-sonko-sen-prend-a-bassirou-diomaye-faye-dans-un-discours\/\",\"name\":\"S\u00e9n\u00e9gal: Ousmane Sonko s'en prend \u00e0 Bassirou Diomaye Faye dans un discours - UNIVERSNEWS224\",\"isPartOf\":{\"@id\":\"https:\/\/universnews224.com\/#website\"},\"datePublished\":\"2025-07-11T16:18:05+00:00\",\"dateModified\":\"2025-07-11T16:18:05+00:00\",\"inLanguage\":\"fr-FR\",\"potentialAction\":[{\"@type\":\"ReadAction\",\"target\":[\"https:\/\/universnews224.com\/index.php\/senegal-ousmane-sonko-sen-prend-a-bassirou-diomaye-faye-dans-un-discours\/\"]}]},{\"@type\":\"WebSite\",\"@id\":\"https:\/\/universnews224.com\/#website\",\"url\":\"https:\/\/universnews224.com\/\",\"name\":\"UNIVERSNEWS224\",\"description\":\"\",\"publisher\":{\"@id\":\"https:\/\/universnews224.com\/#organization\"},\"potentialAction\":[{\"@type\":\"SearchAction\",\"target\":{\"@type\":\"EntryPoint\",\"urlTemplate\":\"https:\/\/universnews224.com\/?s={search_term_string}\"},\"query-input\":\"required name=search_term_string\"}],\"inLanguage\":\"fr-FR\"},{\"@type\":\"Organization\",\"@id\":\"https:\/\/universnews224.com\/#organization\",\"name\":\"UNIVERSNEWS224\",\"url\":\"https:\/\/universnews224.com\/\",\"logo\":{\"@type\":\"ImageObject\",\"inLanguage\":\"fr-FR\",\"@id\":\"https:\/\/universnews224.com\/#\/schema\/logo\/image\/\",\"url\":\"https:\/\/universnews224.com\/wp-content\/uploads\/2022\/08\/cropped-cropped-logoban.jpg\",\"contentUrl\":\"https:\/\/universnews224.com\/wp-content\/uploads\/2022\/08\/cropped-cropped-logoban.jpg\",\"width\":1080,\"height\":138,\"caption\":\"UNIVERSNEWS224\"},\"image\":{\"@id\":\"https:\/\/universnews224.com\/#\/schema\/logo\/image\/\"}},{\"@type\":\"Person\",\"@id\":\"https:\/\/universnews224.com\/#\/schema\/person\/a4b7d4f94a4716df60456a491260485e\",\"name\":\"La R\u00e9daction\",\"image\":{\"@type\":\"ImageObject\",\"inLanguage\":\"fr-FR\",\"@id\":\"https:\/\/universnews224.com\/#\/schema\/person\/image\/\",\"url\":\"https:\/\/secure.gravatar.com\/avatar\/edb90acc7752b23e1b3307ad36c14f0d?s=96&d=mm&r=g\",\"contentUrl\":\"https:\/\/secure.gravatar.com\/avatar\/edb90acc7752b23e1b3307ad36c14f0d?s=96&d=mm&r=g\",\"caption\":\"La R\u00e9daction\"},\"sameAs\":[\"https:\/\/universnews224.com\"],\"url\":\"https:\/\/universnews224.com\/index.php\/author\/m-camara\/\"}]}<\/script>\n<!-- \/ Yoast SEO plugin. -->","yoast_head_json":{"title":"S\u00e9n\u00e9gal: Ousmane Sonko s'en prend \u00e0 Bassirou Diomaye Faye dans un discours - UNIVERSNEWS224","robots":{"index":"index","follow":"follow","max-snippet":"max-snippet:-1","max-image-preview":"max-image-preview:large","max-video-preview":"max-video-preview:-1"},"canonical":"https:\/\/universnews224.com\/index.php\/senegal-ousmane-sonko-sen-prend-a-bassirou-diomaye-faye-dans-un-discours\/","og_locale":"fr_FR","og_type":"article","og_title":"S\u00e9n\u00e9gal: Ousmane Sonko s'en prend \u00e0 Bassirou Diomaye Faye dans un discours - UNIVERSNEWS224","og_description":"Alors que plusieurs rumeurs ont circul\u00e9 ce vendredi 11 juillet 2025 faisant \u00e9tat de la","og_url":"https:\/\/universnews224.com\/index.php\/senegal-ousmane-sonko-sen-prend-a-bassirou-diomaye-faye-dans-un-discours\/","og_site_name":"UNIVERSNEWS224","article_published_time":"2025-07-11T16:18:05+00:00","og_image":[{"width":640,"height":375,"url":"https:\/\/universnews224.com\/wp-content\/uploads\/2025\/07\/Fonike-Mengue-et-Billo-Bah-640x375-1.jpg","type":"image\/jpeg"}],"author":"La R\u00e9daction","twitter_misc":{"\u00c9crit par":"La R\u00e9daction","Dur\u00e9e de lecture estim\u00e9e":"2 minutes"},"schema":{"@context":"https:\/\/schema.org","@graph":[{"@type":"Article","@id":"https:\/\/universnews224.com\/index.php\/senegal-ousmane-sonko-sen-prend-a-bassirou-diomaye-faye-dans-un-discours\/#article","isPartOf":{"@id":"https:\/\/universnews224.com\/index.php\/senegal-ousmane-sonko-sen-prend-a-bassirou-diomaye-faye-dans-un-discours\/"},"author":{"name":"La R\u00e9daction","@id":"https:\/\/universnews224.com\/#\/schema\/person\/a4b7d4f94a4716df60456a491260485e"},"headline":"S\u00e9n\u00e9gal: Ousmane Sonko s&rsquo;en prend \u00e0 Bassirou Diomaye Faye dans un discours","datePublished":"2025-07-11T16:18:05+00:00","dateModified":"2025-07-11T16:18:05+00:00","mainEntityOfPage":{"@id":"https:\/\/universnews224.com\/index.php\/senegal-ousmane-sonko-sen-prend-a-bassirou-diomaye-faye-dans-un-discours\/"},"wordCount":360,"publisher":{"@id":"https:\/\/universnews224.com\/#organization"},"keywords":["A la une"],"inLanguage":"fr-FR"},{"@type":"WebPage","@id":"https:\/\/universnews224.com\/index.php\/senegal-ousmane-sonko-sen-prend-a-bassirou-diomaye-faye-dans-un-discours\/","url":"https:\/\/universnews224.com\/index.php\/senegal-ousmane-sonko-sen-prend-a-bassirou-diomaye-faye-dans-un-discours\/","name":"S\u00e9n\u00e9gal: Ousmane Sonko s'en prend \u00e0 Bassirou Diomaye Faye dans un discours - UNIVERSNEWS224","isPartOf":{"@id":"https:\/\/universnews224.com\/#website"},"datePublished":"2025-07-11T16:18:05+00:00","dateModified":"2025-07-11T16:18:05+00:00","inLanguage":"fr-FR","potentialAction":[{"@type":"ReadAction","target":["https:\/\/universnews224.com\/index.php\/senegal-ousmane-sonko-sen-prend-a-bassirou-diomaye-faye-dans-un-discours\/"]}]},{"@type":"WebSite","@id":"https:\/\/universnews224.com\/#website","url":"https:\/\/universnews224.com\/","name":"UNIVERSNEWS224","description":"","publisher":{"@id":"https:\/\/universnews224.com\/#organization"},"potentialAction":[{"@type":"SearchAction","target":{"@type":"EntryPoint","urlTemplate":"https:\/\/universnews224.com\/?s={search_term_string}"},"query-input":"required name=search_term_string"}],"inLanguage":"fr-FR"},{"@type":"Organization","@id":"https:\/\/universnews224.com\/#organization","name":"UNIVERSNEWS224","url":"https:\/\/universnews224.com\/","logo":{"@type":"ImageObject","inLanguage":"fr-FR","@id":"https:\/\/universnews224.com\/#\/schema\/logo\/image\/","url":"https:\/\/universnews224.com\/wp-content\/uploads\/2022\/08\/cropped-cropped-logoban.jpg","contentUrl":"https:\/\/universnews224.com\/wp-content\/uploads\/2022\/08\/cropped-cropped-logoban.jpg","width":1080,"height":138,"caption":"UNIVERSNEWS224"},"image":{"@id":"https:\/\/universnews224.com\/#\/schema\/logo\/image\/"}},{"@type":"Person","@id":"https:\/\/universnews224.com\/#\/schema\/person\/a4b7d4f94a4716df60456a491260485e","name":"La R\u00e9daction","image":{"@type":"ImageObject","inLanguage":"fr-FR","@id":"https:\/\/universnews224.com\/#\/schema\/person\/image\/","url":"https:\/\/secure.gravatar.com\/avatar\/edb90acc7752b23e1b3307ad36c14f0d?s=96&d=mm&r=g","contentUrl":"https:\/\/secure.gravatar.com\/avatar\/edb90acc7752b23e1b3307ad36c14f0d?s=96&d=mm&r=g","caption":"La R\u00e9daction"},"sameAs":["https:\/\/universnews224.com"],"url":"https:\/\/universnews224.com\/index.php\/author\/m-camara\/"}]}},"_links":{"self":[{"href":"https:\/\/universnews224.com\/index.php\/wp-json\/wp\/v2\/posts\/8660"}],"collection":[{"href":"https:\/\/universnews224.com\/index.php\/wp-json\/wp\/v2\/posts"}],"about":[{"href":"https:\/\/universnews224.com\/index.php\/wp-json\/wp\/v2\/types\/post"}],"author":[{"embeddable":true,"href":"https:\/\/universnews224.com\/index.php\/wp-json\/wp\/v2\/users\/2"}],"replies":[{"embeddable":true,"href":"https:\/\/universnews224.com\/index.php\/wp-json\/wp\/v2\/comments?post=8660"}],"version-history":[{"count":1,"href":"https:\/\/universnews224.com\/index.php\/wp-json\/wp\/v2\/posts\/8660\/revisions"}],"predecessor-version":[{"id":8662,"href":"https:\/\/universnews224.com\/index.php\/wp-json\/wp\/v2\/posts\/8660\/revisions\/8662"}],"wp:featuredmedia":[{"embeddable":true,"href":"https:\/\/universnews224.com\/index.php\/wp-json\/wp\/v2\/media\/8661"}],"wp:attachment":[{"href":"https:\/\/universnews224.com\/index.php\/wp-json\/wp\/v2\/media?parent=8660"}],"wp:term":[{"taxonomy":"category","embeddable":true,"href":"https:\/\/universnews224.com\/index.php\/wp-json\/wp\/v2\/categories?post=8660"},{"taxonomy":"post_tag","embeddable":true,"href":"https:\/\/universnews224.com\/index.php\/wp-json\/wp\/v2\/tags?post=8660"}],"curies":[{"name":"wp","href":"https:\/\/api.w.org\/{rel}","templated":true}]}}