{"id":8663,"date":"2025-07-11T17:19:57","date_gmt":"2025-07-11T16:19:57","guid":{"rendered":"https:\/\/universnews224.com\/?p=8663"},"modified":"2025-07-11T17:19:57","modified_gmt":"2025-07-11T16:19:57","slug":"senegal-ousmane-sonko-sen-prend-a-bassirou-diomaye-faye-dans-un-discours-2","status":"publish","type":"post","link":"https:\/\/universnews224.com\/index.php\/senegal-ousmane-sonko-sen-prend-a-bassirou-diomaye-faye-dans-un-discours-2\/","title":{"rendered":"S\u00e9n\u00e9gal: Ousmane Sonko s\u2019en prend \u00e0 Bassirou Diomaye Faye dans un discours"},"content":{"rendered":"<p class=\"t-content__chapo\">Dans un discours au ton tr\u00e8s vindicatif, prononc\u00e9 lors d\u2019une r\u00e9union de son parti, le Pastef, jeudi 10 juillet, Le Premier ministre Ousmane Sonko s\u2019en est pris \u00e0 ses adversaires politiques,\u00a0mais aussi, pour la premi\u00e8re fois, au pr\u00e9sident Bassirou Diomaye Faye.<\/p>\n<p>Pour Ousmane Sonko, il n\u2019y a pas de probl\u00e8me majeur au\u00a0<strong><a class=\"gtm-add-suggested-tag\" href=\"https:\/\/www.rfi.fr\/fr\/tag\/s%C3%A9n%C3%A9gal\/\" target=\"_self\" rel=\"noopener\">S\u00e9n\u00e9gal<\/a><\/strong>, hormis un \u00ab<em>\u00a0probl\u00e8me d\u2019autorit\u00e9<\/em>\u00a0\u00bb, m\u00eame \u00ab\u00a0<em>d\u2019absence d\u2019autorit\u00e9<\/em>\u00a0\u00bb, a-t-il d\u00e9clar\u00e9 jeudi 10 juillet lors de l\u2019installation du Conseil national du Pastef.<\/p>\n<p>Une attaque \u00e0 peine voil\u00e9e au pr\u00e9sident de la R\u00e9publique,\u00a0<strong><a class=\"gtm-add-suggested-tag\" href=\"https:\/\/www.rfi.fr\/fr\/tag\/bassirou-diomaye-faye\/\" target=\"_self\" rel=\"noopener\">Bassirou Diomaye Faye<\/a><\/strong>, auquel Ousmane Sonko reproche de ne pas assez trancher et de ne pas d\u00e9fendre son Premier ministre, notamment\u00a0face aux attaques \u00e0 sa personne qu\u2019il dit subir. \u00ab<em>\u00a0On ne peut tol\u00e9rer qu\u2019un homme, p\u00e8re de famille et chef d\u2019institution, soit tra\u00een\u00e9 quotidiennement sans la boue, sous couvert de libert\u00e9 d\u2019expression\u00a0<\/em>\u00bb. Des attaques qui peuvent cesser si le pr\u00e9sident d\u00e9cide \u00ab\u00a0<em>de s\u2019y opposer fermement\u00a0<\/em>\u00bb.<\/p>\n<h2>Des tensions entre le Premier ministre et le pr\u00e9sident ?<\/h2>\n<p>Ousmane Sonko appelle aussi \u00e0 ce qu\u2019on le \u00ab<em>\u00a0laisse gouverner\u00a0<\/em>\u00bb et d\u00e9nonce un manque de marge de man\u0153uvre pour ex\u00e9cuter les r\u00e9formes promises.\u00a0\u00ab<em>\u00a0J\u2019interpelle le pr\u00e9sident Bassirou Diomaye Faye pour qu\u2019il prenne ses responsabilit\u00e9s, sinon qu\u2019il me laisse faire<\/em>\u00a0\u00bb, a-t-il dit. Le Premier ministre a \u00e9galement appel\u00e9 la justice \u00e0 faire son travail et acc\u00e9l\u00e9rer la reddition des comptes.<\/p>\n<p>La presse s\u00e9n\u00e9galaise voit dans ces d\u00e9claration le signe de tensions au sein du tandem Sonko-Diomaye.\u00a0\u00ab Divorce en live\u00a0\u00bb, a titr\u00e9 le journal\u00a0<em>l\u2019Enqu\u00eate<\/em>. Sans aller si loin, le politologue Moussa Diaw parle de \u00ab\u00a0<em>divergences importantes<\/em>\u00a0\u00bb \u00e0 la t\u00eate du pays, des tensions qui reposent la question de la viabilit\u00e9 de ce tandem.<\/p>\n<p>Ousmane Sonko est le candidat naturel du Pastef, \u00e9vinc\u00e9 de la pr\u00e9sidentielle \u00e0 cause de ses probl\u00e8mes judiciaires, et avait lui-m\u00eame d\u00e9sign\u00e9 Bassirou Diomaye Faye pour \u00eatre candidat \u00e0 sa place au poste de pr\u00e9sident.<\/p>\n<p>Une source proche de la pr\u00e9sidence, elle, minimise le clash et met ce discours sur le compte de la frustration d\u2019un chef de gouvernement qui doit se contenter du fauteuil de Premier ministre.\u00a0Ousmane Sonko a en tout cas dit tr\u00e8s clairement que malgr\u00e9 ses divergences, il ne comptait pas d\u00e9missionner.<\/p>\n<p>&nbsp;<\/p>\n<p>RFI<\/p>\n","protected":false},"excerpt":{"rendered":"<p>Dans un discours au ton tr\u00e8s vindicatif, prononc\u00e9 lors d\u2019une r\u00e9union de son parti, le<\/p>\n","protected":false},"author":2,"featured_media":8664,"comment_status":"closed","ping_status":"open","sticky":false,"template":"","format":"standard","meta":[],"categories":[1],"tags":[237],"yoast_head":"<!-- This site is optimized with the Yoast SEO plugin v19.13 - https:\/\/yoast.com\/wordpress\/plugins\/seo\/ -->\n<title>S\u00e9n\u00e9gal: Ousmane Sonko s\u2019en prend \u00e0 Bassirou Diomaye Faye dans un discours - UNIVERSNEWS224<\/title>\n<meta name=\"robots\" content=\"index, follow, max-snippet:-1, max-image-preview:large, max-video-preview:-1\" \/>\n<link rel=\"canonical\" href=\"https:\/\/universnews224.com\/index.php\/senegal-ousmane-sonko-sen-prend-a-bassirou-diomaye-faye-dans-un-discours-2\/\" \/>\n<meta property=\"og:locale\" content=\"fr_FR\" \/>\n<meta property=\"og:type\" content=\"article\" \/>\n<meta property=\"og:title\" content=\"S\u00e9n\u00e9gal: Ousmane Sonko s\u2019en prend \u00e0 Bassirou Diomaye Faye dans un discours - UNIVERSNEWS224\" \/>\n<meta property=\"og:description\" content=\"Dans un discours au ton tr\u00e8s vindicatif, prononc\u00e9 lors d\u2019une r\u00e9union de son parti, le\" \/>\n<meta property=\"og:url\" content=\"https:\/\/universnews224.com\/index.php\/senegal-ousmane-sonko-sen-prend-a-bassirou-diomaye-faye-dans-un-discours-2\/\" \/>\n<meta property=\"og:site_name\" content=\"UNIVERSNEWS224\" \/>\n<meta property=\"article:published_time\" content=\"2025-07-11T16:19:57+00:00\" \/>\n<meta property=\"og:image\" content=\"https:\/\/universnews224.com\/wp-content\/uploads\/2025\/07\/000_36LX2FM.jpg\" \/>\n\t<meta property=\"og:image:width\" content=\"1280\" \/>\n\t<meta property=\"og:image:height\" content=\"721\" \/>\n\t<meta property=\"og:image:type\" content=\"image\/jpeg\" \/>\n<meta name=\"author\" content=\"La R\u00e9daction\" \/>\n<meta name=\"twitter:label1\" content=\"\u00c9crit par\" \/>\n\t<meta name=\"twitter:data1\" content=\"La R\u00e9daction\" \/>\n\t<meta name=\"twitter:label2\" content=\"Dur\u00e9e de lecture estim\u00e9e\" \/>\n\t<meta name=\"twitter:data2\" content=\"2 minutes\" \/>\n<script type=\"application\/ld+json\" class=\"yoast-schema-graph\">{\"@context\":\"https:\/\/schema.org\",\"@graph\":[{\"@type\":\"Article\",\"@id\":\"https:\/\/universnews224.com\/index.php\/senegal-ousmane-sonko-sen-prend-a-bassirou-diomaye-faye-dans-un-discours-2\/#article\",\"isPartOf\":{\"@id\":\"https:\/\/universnews224.com\/index.php\/senegal-ousmane-sonko-sen-prend-a-bassirou-diomaye-faye-dans-un-discours-2\/\"},\"author\":{\"name\":\"La R\u00e9daction\",\"@id\":\"https:\/\/universnews224.com\/#\/schema\/person\/a4b7d4f94a4716df60456a491260485e\"},\"headline\":\"S\u00e9n\u00e9gal: Ousmane Sonko s\u2019en prend \u00e0 Bassirou Diomaye Faye dans un discours\",\"datePublished\":\"2025-07-11T16:19:57+00:00\",\"dateModified\":\"2025-07-11T16:19:57+00:00\",\"mainEntityOfPage\":{\"@id\":\"https:\/\/universnews224.com\/index.php\/senegal-ousmane-sonko-sen-prend-a-bassirou-diomaye-faye-dans-un-discours-2\/\"},\"wordCount\":422,\"publisher\":{\"@id\":\"https:\/\/universnews224.com\/#organization\"},\"keywords\":[\"A la une\"],\"inLanguage\":\"fr-FR\"},{\"@type\":\"WebPage\",\"@id\":\"https:\/\/universnews224.com\/index.php\/senegal-ousmane-sonko-sen-prend-a-bassirou-diomaye-faye-dans-un-discours-2\/\",\"url\":\"https:\/\/universnews224.com\/index.php\/senegal-ousmane-sonko-sen-prend-a-bassirou-diomaye-faye-dans-un-discours-2\/\",\"name\":\"S\u00e9n\u00e9gal: Ousmane Sonko s\u2019en prend \u00e0 Bassirou Diomaye Faye dans un discours - UNIVERSNEWS224\",\"isPartOf\":{\"@id\":\"https:\/\/universnews224.com\/#website\"},\"datePublished\":\"2025-07-11T16:19:57+00:00\",\"dateModified\":\"2025-07-11T16:19:57+00:00\",\"inLanguage\":\"fr-FR\",\"potentialAction\":[{\"@type\":\"ReadAction\",\"target\":[\"https:\/\/universnews224.com\/index.php\/senegal-ousmane-sonko-sen-prend-a-bassirou-diomaye-faye-dans-un-discours-2\/\"]}]},{\"@type\":\"WebSite\",\"@id\":\"https:\/\/universnews224.com\/#website\",\"url\":\"https:\/\/universnews224.com\/\",\"name\":\"UNIVERSNEWS224\",\"description\":\"\",\"publisher\":{\"@id\":\"https:\/\/universnews224.com\/#organization\"},\"potentialAction\":[{\"@type\":\"SearchAction\",\"target\":{\"@type\":\"EntryPoint\",\"urlTemplate\":\"https:\/\/universnews224.com\/?s={search_term_string}\"},\"query-input\":\"required name=search_term_string\"}],\"inLanguage\":\"fr-FR\"},{\"@type\":\"Organization\",\"@id\":\"https:\/\/universnews224.com\/#organization\",\"name\":\"UNIVERSNEWS224\",\"url\":\"https:\/\/universnews224.com\/\",\"logo\":{\"@type\":\"ImageObject\",\"inLanguage\":\"fr-FR\",\"@id\":\"https:\/\/universnews224.com\/#\/schema\/logo\/image\/\",\"url\":\"https:\/\/universnews224.com\/wp-content\/uploads\/2022\/08\/cropped-cropped-logoban.jpg\",\"contentUrl\":\"https:\/\/universnews224.com\/wp-content\/uploads\/2022\/08\/cropped-cropped-logoban.jpg\",\"width\":1080,\"height\":138,\"caption\":\"UNIVERSNEWS224\"},\"image\":{\"@id\":\"https:\/\/universnews224.com\/#\/schema\/logo\/image\/\"}},{\"@type\":\"Person\",\"@id\":\"https:\/\/universnews224.com\/#\/schema\/person\/a4b7d4f94a4716df60456a491260485e\",\"name\":\"La R\u00e9daction\",\"image\":{\"@type\":\"ImageObject\",\"inLanguage\":\"fr-FR\",\"@id\":\"https:\/\/universnews224.com\/#\/schema\/person\/image\/\",\"url\":\"https:\/\/secure.gravatar.com\/avatar\/edb90acc7752b23e1b3307ad36c14f0d?s=96&d=mm&r=g\",\"contentUrl\":\"https:\/\/secure.gravatar.com\/avatar\/edb90acc7752b23e1b3307ad36c14f0d?s=96&d=mm&r=g\",\"caption\":\"La R\u00e9daction\"},\"sameAs\":[\"https:\/\/universnews224.com\"],\"url\":\"https:\/\/universnews224.com\/index.php\/author\/m-camara\/\"}]}<\/script>\n<!-- \/ Yoast SEO plugin. -->","yoast_head_json":{"title":"S\u00e9n\u00e9gal: Ousmane Sonko s\u2019en prend \u00e0 Bassirou Diomaye Faye dans un discours - UNIVERSNEWS224","robots":{"index":"index","follow":"follow","max-snippet":"max-snippet:-1","max-image-preview":"max-image-preview:large","max-video-preview":"max-video-preview:-1"},"canonical":"https:\/\/universnews224.com\/index.php\/senegal-ousmane-sonko-sen-prend-a-bassirou-diomaye-faye-dans-un-discours-2\/","og_locale":"fr_FR","og_type":"article","og_title":"S\u00e9n\u00e9gal: Ousmane Sonko s\u2019en prend \u00e0 Bassirou Diomaye Faye dans un discours - UNIVERSNEWS224","og_description":"Dans un discours au ton tr\u00e8s vindicatif, prononc\u00e9 lors d\u2019une r\u00e9union de son parti, le","og_url":"https:\/\/universnews224.com\/index.php\/senegal-ousmane-sonko-sen-prend-a-bassirou-diomaye-faye-dans-un-discours-2\/","og_site_name":"UNIVERSNEWS224","article_published_time":"2025-07-11T16:19:57+00:00","og_image":[{"width":1280,"height":721,"url":"https:\/\/universnews224.com\/wp-content\/uploads\/2025\/07\/000_36LX2FM.jpg","type":"image\/jpeg"}],"author":"La R\u00e9daction","twitter_misc":{"\u00c9crit par":"La R\u00e9daction","Dur\u00e9e de lecture estim\u00e9e":"2 minutes"},"schema":{"@context":"https:\/\/schema.org","@graph":[{"@type":"Article","@id":"https:\/\/universnews224.com\/index.php\/senegal-ousmane-sonko-sen-prend-a-bassirou-diomaye-faye-dans-un-discours-2\/#article","isPartOf":{"@id":"https:\/\/universnews224.com\/index.php\/senegal-ousmane-sonko-sen-prend-a-bassirou-diomaye-faye-dans-un-discours-2\/"},"author":{"name":"La R\u00e9daction","@id":"https:\/\/universnews224.com\/#\/schema\/person\/a4b7d4f94a4716df60456a491260485e"},"headline":"S\u00e9n\u00e9gal: Ousmane Sonko s\u2019en prend \u00e0 Bassirou Diomaye Faye dans un discours","datePublished":"2025-07-11T16:19:57+00:00","dateModified":"2025-07-11T16:19:57+00:00","mainEntityOfPage":{"@id":"https:\/\/universnews224.com\/index.php\/senegal-ousmane-sonko-sen-prend-a-bassirou-diomaye-faye-dans-un-discours-2\/"},"wordCount":422,"publisher":{"@id":"https:\/\/universnews224.com\/#organization"},"keywords":["A la une"],"inLanguage":"fr-FR"},{"@type":"WebPage","@id":"https:\/\/universnews224.com\/index.php\/senegal-ousmane-sonko-sen-prend-a-bassirou-diomaye-faye-dans-un-discours-2\/","url":"https:\/\/universnews224.com\/index.php\/senegal-ousmane-sonko-sen-prend-a-bassirou-diomaye-faye-dans-un-discours-2\/","name":"S\u00e9n\u00e9gal: Ousmane Sonko s\u2019en prend \u00e0 Bassirou Diomaye Faye dans un discours - UNIVERSNEWS224","isPartOf":{"@id":"https:\/\/universnews224.com\/#website"},"datePublished":"2025-07-11T16:19:57+00:00","dateModified":"2025-07-11T16:19:57+00:00","inLanguage":"fr-FR","potentialAction":[{"@type":"ReadAction","target":["https:\/\/universnews224.com\/index.php\/senegal-ousmane-sonko-sen-prend-a-bassirou-diomaye-faye-dans-un-discours-2\/"]}]},{"@type":"WebSite","@id":"https:\/\/universnews224.com\/#website","url":"https:\/\/universnews224.com\/","name":"UNIVERSNEWS224","description":"","publisher":{"@id":"https:\/\/universnews224.com\/#organization"},"potentialAction":[{"@type":"SearchAction","target":{"@type":"EntryPoint","urlTemplate":"https:\/\/universnews224.com\/?s={search_term_string}"},"query-input":"required name=search_term_string"}],"inLanguage":"fr-FR"},{"@type":"Organization","@id":"https:\/\/universnews224.com\/#organization","name":"UNIVERSNEWS224","url":"https:\/\/universnews224.com\/","logo":{"@type":"ImageObject","inLanguage":"fr-FR","@id":"https:\/\/universnews224.com\/#\/schema\/logo\/image\/","url":"https:\/\/universnews224.com\/wp-content\/uploads\/2022\/08\/cropped-cropped-logoban.jpg","contentUrl":"https:\/\/universnews224.com\/wp-content\/uploads\/2022\/08\/cropped-cropped-logoban.jpg","width":1080,"height":138,"caption":"UNIVERSNEWS224"},"image":{"@id":"https:\/\/universnews224.com\/#\/schema\/logo\/image\/"}},{"@type":"Person","@id":"https:\/\/universnews224.com\/#\/schema\/person\/a4b7d4f94a4716df60456a491260485e","name":"La R\u00e9daction","image":{"@type":"ImageObject","inLanguage":"fr-FR","@id":"https:\/\/universnews224.com\/#\/schema\/person\/image\/","url":"https:\/\/secure.gravatar.com\/avatar\/edb90acc7752b23e1b3307ad36c14f0d?s=96&d=mm&r=g","contentUrl":"https:\/\/secure.gravatar.com\/avatar\/edb90acc7752b23e1b3307ad36c14f0d?s=96&d=mm&r=g","caption":"La R\u00e9daction"},"sameAs":["https:\/\/universnews224.com"],"url":"https:\/\/universnews224.com\/index.php\/author\/m-camara\/"}]}},"_links":{"self":[{"href":"https:\/\/universnews224.com\/index.php\/wp-json\/wp\/v2\/posts\/8663"}],"collection":[{"href":"https:\/\/universnews224.com\/index.php\/wp-json\/wp\/v2\/posts"}],"about":[{"href":"https:\/\/universnews224.com\/index.php\/wp-json\/wp\/v2\/types\/post"}],"author":[{"embeddable":true,"href":"https:\/\/universnews224.com\/index.php\/wp-json\/wp\/v2\/users\/2"}],"replies":[{"embeddable":true,"href":"https:\/\/universnews224.com\/index.php\/wp-json\/wp\/v2\/comments?post=8663"}],"version-history":[{"count":1,"href":"https:\/\/universnews224.com\/index.php\/wp-json\/wp\/v2\/posts\/8663\/revisions"}],"predecessor-version":[{"id":8665,"href":"https:\/\/universnews224.com\/index.php\/wp-json\/wp\/v2\/posts\/8663\/revisions\/8665"}],"wp:featuredmedia":[{"embeddable":true,"href":"https:\/\/universnews224.com\/index.php\/wp-json\/wp\/v2\/media\/8664"}],"wp:attachment":[{"href":"https:\/\/universnews224.com\/index.php\/wp-json\/wp\/v2\/media?parent=8663"}],"wp:term":[{"taxonomy":"category","embeddable":true,"href":"https:\/\/universnews224.com\/index.php\/wp-json\/wp\/v2\/categories?post=8663"},{"taxonomy":"post_tag","embeddable":true,"href":"https:\/\/universnews224.com\/index.php\/wp-json\/wp\/v2\/tags?post=8663"}],"curies":[{"name":"wp","href":"https:\/\/api.w.org\/{rel}","templated":true}]}}