{"id":8697,"date":"2025-07-16T23:00:03","date_gmt":"2025-07-16T22:00:03","guid":{"rendered":"https:\/\/universnews224.com\/?p=8697"},"modified":"2025-07-16T23:00:03","modified_gmt":"2025-07-16T22:00:03","slug":"inquiet-pour-sa-securite-dr-faya-millimouno-ecrit-au-general-mamadi-doumbouya-lettre-ouverture","status":"publish","type":"post","link":"https:\/\/universnews224.com\/index.php\/inquiet-pour-sa-securite-dr-faya-millimouno-ecrit-au-general-mamadi-doumbouya-lettre-ouverture\/","title":{"rendered":"Inquiet pour sa s\u00e9curit\u00e9, Dr. Faya Millimouno \u00e9crit au G\u00e9n\u00e9ral Mamadi Doumbouya (Lettre Ouverture)"},"content":{"rendered":"<p><strong>Objet :<\/strong> Alerte solennelle sur des menaces graves contre ma personne et appel au respect des droits fondamentaux garantis par la Charte de la Transition et les instruments juridiques internationaux ratifi\u00e9s par la R\u00e9publique de Guin\u00e9e.<\/p>\n<p>Conakry, le 14 juillet 2025<\/p>\n<div class=\"jeg_ad jeg_ad_article jnews_content_inline_3_ads  \">\n<div class=\"ads-wrapper align-center \"><\/div>\n<\/div>\n<p><strong>Excellence Monsieur le Pr\u00e9sident,<\/strong><\/p>\n<p>En ma qualit\u00e9 de citoyen guin\u00e9en et de Pr\u00e9sident du Bloc Lib\u00e9ral, parti politique exer\u00e7ant l\u00e9galement, je me vois dans l\u2019obligation r\u00e9publicaine de vous adresser cette lettre ouverte, m\u00fb par un profond sentiment de responsabilit\u00e9 devant les menaces croissantes qui p\u00e8sent depuis le d\u00e9but de l\u2019ann\u00e9e sur mon int\u00e9grit\u00e9 physique, celle de ma famille, des militants et cadres de mon parti.<\/p>\n<p>Il y a plusieurs jours, des informations concordantes, provenant de sources cr\u00e9dibles et vari\u00e9es, m\u2019alertent sur l\u2019existence de man\u0153uvres obscures et inqui\u00e9tantes autour de mes d\u00e9placements et de ma r\u00e9sidence. Ces informations font \u00e9tat de projets d\u2019enl\u00e8vement, voire d\u2019\u00e9limination physique, visant directement ma personne. Ces alertes, renforc\u00e9es par une surveillance inhabituelle et des comportements suspects dans mon environnement imm\u00e9diat, interviennent dans un climat national alarmant, marqu\u00e9 par une escalade d\u2019intimidations, de disparitions forc\u00e9es, d\u2019arrestations extrajudiciaires et de r\u00e9pression cibl\u00e9e contre les voix libres et critiques.<\/p>\n<p>Ces m\u00e9thodes, qui rel\u00e8vent davantage des r\u00e9gimes autoritaires que d\u2019un Etat de droit, rappellent douloureusement le sort subi par plusieurs compatriotes tels que Oumar SYLLA alias Fonik\u00e9 Mengue, Mamadou Billo BAH, Sadou NIMAGA, Habib Marouane CAMARA, Abdoul SACKO, Me Mohamed<br \/>\nTRAORE, et tant d\u2019autres, victimes d\u2019enl\u00e8vements ou de s\u00e9questrations en dehors de tout cadre l\u00e9gal. Leurs cas restent des stigmates encore ouverts dans la conscience collective de notre peuple.<\/p>\n<p>Ces menaces contre ma personne m\u2019ont amen\u00e9, par confiance \u00e0 la justice de mon pays \u00e0 porter des plaintes, le 25 f\u00e9vrier 2025 contre X pour menace de mort et injures au parquet g\u00e9n\u00e9ral pr\u00e8s la Cour d\u2019Appel de Conakry, re\u00e7ue sous le n\u00ba248 \/25\/2\/2025 et au parquet pr\u00e8s le Tribunal de Premi\u00e8re Instance de Mafanco, re\u00e7ue sous le n\u00ba321\/25\/02\/25, lesquelles n\u2019ont connu aucune suite pour le moment.<\/p>\n<p>Je vous rappelle avec tout le respect d\u00fb \u00e0 votre haute fonction que l\u2019\u00c9tat guin\u00e9en est juridiquement li\u00e9 par la Charte de la Transition, notamment en son article 10 qui proclame que \u00ab la personne humaine est sacr\u00e9e. Toute personne a droit au respect de son int\u00e9grit\u00e9 physique et morale, de son<br \/>\nidentit\u00e9 et de sa vie priv\u00e9e\u2026 \u00bb.<\/p>\n<p>La D\u00e9claration universelle des droits de l\u2019homme, le Pacte international relatif aux droits civils et politiques, ainsi que la Charte africaine des droits de l\u2019homme et des peuples, imposent \u00e9galement \u00e0 l\u2019\u00c9tat guin\u00e9en l\u2019obligation formelle de prot\u00e9ger chaque citoyen contre les atteintes \u00e0 sa vie, sa<br \/>\nlibert\u00e9, sa dignit\u00e9 et sa s\u00e9curit\u00e9.<\/p>\n<p>En vertu de ces textes contraignants, je vous demande solennellement de garantir ma s\u00e9curit\u00e9 physique et morale, celle de ma famille, ainsi que celle des militants du Bloc Lib\u00e9ral, conform\u00e9ment aux droits qui nous sont reconnus en tant que citoyens guin\u00e9ens.<\/p>\n<p>Et ni mon engagement politique, ni mes prises de positions publiques ne sauraient justifier que ma vie ou celle de mes proches soient mises en p\u00e9ril.<br \/>\nMon combat demeure pacifique, l\u00e9gal et r\u00e9solument r\u00e9publicain. Je crois en la d\u00e9mocratie, au pluralisme, au dialogue d\u2019id\u00e9es et \u00e0 la justice comme fondement d\u2019un avenir partag\u00e9 pour notre pays. Rien, absolument rien, ne peut justifier la terreur politique contre un citoyen qui ne fait qu\u2019exercer des droits qui lui sont reconnus par la loi.<\/p>\n<p>Et \u00e0 ce sujet, l\u2019article 8 de la charte de la transition dispose: \u00ab Les libert\u00e9s et droits fondamentaux sont reconnus et leur exercice est garanti aux citoyens dans les conditions et formes pr\u00e9vues par la loi. Aucune situation d\u2019exception ou d\u2019urgence ne doit justifier les violations des droits humains \u00bb.<\/p>\n<p>Or au titre de ces libert\u00e9s fondamentales figurent celles d\u2019expression et d\u2019opinion qui sont aussi garanties \u00e0 l\u2019article 23 de la m\u00eame charte, en disposant comme suit: \u00ab Les libert\u00e9s d\u2019opinion, d\u2019expression, de conscience, et de culte sont garanties\u2026\u00bb<\/p>\n<p>Ainsi, en tant que garant de la s\u00e9curit\u00e9 des citoyens, des libert\u00e9s et droits fondamentaux, Chef Supr\u00eame des arm\u00e9es, votre responsabilit\u00e9 personnelle est directement engag\u00e9e devant l\u2019histoire et devant le droit. Il vous revient d\u2019emp\u00eacher que la R\u00e9publique ne sombre dans l\u2019arbitraire et l\u2019impunit\u00e9. L\u2019Etat ne saurait se faire complice de pratiques dignes d\u2019une \u00e9poque que nous avons tous jur\u00e9 de ne plus revivre.<\/p>\n<p><strong>Excellence Monsieur le Pr\u00e9sident,<\/strong><\/p>\n<p>Ce n\u2019est ni un cri de d\u00e9fiance, ni une plainte ordinaire, mais un appel r\u00e9publicain, un acte de foi dans la loi, dans nos institutions, et dans la conscience morale des gouvernants. Car il n\u2019y a ni paix sans justice, ni d\u00e9mocratie sans pluralisme, ni stabilit\u00e9 sans respect absolu des libert\u00e9s fondamentales.<\/p>\n<p>En esp\u00e9rant que vous saurez apporter \u00e0 cette alerte une r\u00e9ponse \u00e0 la hauteur de vos engagements et des aspirations profondes du peuple guin\u00e9en, je vous invite \u00e0 faire preuve de courage d\u2019\u00c9tat et de fid\u00e9lit\u00e9 \u00e0 l\u2019esprit de la Transition.<br \/>\nVeuillez agr\u00e9er, Excellence Monsieur le Pr\u00e9sident, l\u2019expression de ma tr\u00e8s haute consid\u00e9ration.<\/p>\n<p>&nbsp;<\/p>\n<p><strong>Dr Faya Lansana MILLIMOUNO<\/strong><\/p>\n<p>Citoyen guin\u00e9en<\/p>\n<p>Pr\u00e9sident du Bloc Lib\u00e9ral<\/p>\n","protected":false},"excerpt":{"rendered":"<p>Objet : Alerte solennelle sur des menaces graves contre ma personne et appel au respect<\/p>\n","protected":false},"author":2,"featured_media":8369,"comment_status":"closed","ping_status":"open","sticky":false,"template":"","format":"standard","meta":[],"categories":[1],"tags":[237],"yoast_head":"<!-- This site is optimized with the Yoast SEO plugin v19.13 - https:\/\/yoast.com\/wordpress\/plugins\/seo\/ -->\n<title>Inquiet pour sa s\u00e9curit\u00e9, Dr. Faya Millimouno \u00e9crit au G\u00e9n\u00e9ral Mamadi Doumbouya (Lettre Ouverture) - UNIVERSNEWS224<\/title>\n<meta name=\"robots\" content=\"index, follow, max-snippet:-1, max-image-preview:large, max-video-preview:-1\" \/>\n<link rel=\"canonical\" href=\"https:\/\/universnews224.com\/index.php\/inquiet-pour-sa-securite-dr-faya-millimouno-ecrit-au-general-mamadi-doumbouya-lettre-ouverture\/\" \/>\n<meta property=\"og:locale\" content=\"fr_FR\" \/>\n<meta property=\"og:type\" content=\"article\" \/>\n<meta property=\"og:title\" content=\"Inquiet pour sa s\u00e9curit\u00e9, Dr. Faya Millimouno \u00e9crit au G\u00e9n\u00e9ral Mamadi Doumbouya (Lettre Ouverture) - UNIVERSNEWS224\" \/>\n<meta property=\"og:description\" content=\"Objet : Alerte solennelle sur des menaces graves contre ma personne et appel au respect\" \/>\n<meta property=\"og:url\" content=\"https:\/\/universnews224.com\/index.php\/inquiet-pour-sa-securite-dr-faya-millimouno-ecrit-au-general-mamadi-doumbouya-lettre-ouverture\/\" \/>\n<meta property=\"og:site_name\" content=\"UNIVERSNEWS224\" \/>\n<meta property=\"article:published_time\" content=\"2025-07-16T22:00:03+00:00\" \/>\n<meta property=\"og:image\" content=\"https:\/\/universnews224.com\/wp-content\/uploads\/2025\/06\/Dr-Faya-Milimouno-2.jpg\" \/>\n\t<meta property=\"og:image:width\" content=\"604\" \/>\n\t<meta property=\"og:image:height\" content=\"468\" \/>\n\t<meta property=\"og:image:type\" content=\"image\/jpeg\" \/>\n<meta name=\"author\" content=\"La R\u00e9daction\" \/>\n<meta name=\"twitter:label1\" content=\"\u00c9crit par\" \/>\n\t<meta name=\"twitter:data1\" content=\"La R\u00e9daction\" \/>\n\t<meta name=\"twitter:label2\" content=\"Dur\u00e9e de lecture estim\u00e9e\" \/>\n\t<meta name=\"twitter:data2\" content=\"5 minutes\" \/>\n<script type=\"application\/ld+json\" class=\"yoast-schema-graph\">{\"@context\":\"https:\/\/schema.org\",\"@graph\":[{\"@type\":\"Article\",\"@id\":\"https:\/\/universnews224.com\/index.php\/inquiet-pour-sa-securite-dr-faya-millimouno-ecrit-au-general-mamadi-doumbouya-lettre-ouverture\/#article\",\"isPartOf\":{\"@id\":\"https:\/\/universnews224.com\/index.php\/inquiet-pour-sa-securite-dr-faya-millimouno-ecrit-au-general-mamadi-doumbouya-lettre-ouverture\/\"},\"author\":{\"name\":\"La R\u00e9daction\",\"@id\":\"https:\/\/universnews224.com\/#\/schema\/person\/a4b7d4f94a4716df60456a491260485e\"},\"headline\":\"Inquiet pour sa s\u00e9curit\u00e9, Dr. Faya Millimouno \u00e9crit au G\u00e9n\u00e9ral Mamadi Doumbouya (Lettre Ouverture)\",\"datePublished\":\"2025-07-16T22:00:03+00:00\",\"dateModified\":\"2025-07-16T22:00:03+00:00\",\"mainEntityOfPage\":{\"@id\":\"https:\/\/universnews224.com\/index.php\/inquiet-pour-sa-securite-dr-faya-millimouno-ecrit-au-general-mamadi-doumbouya-lettre-ouverture\/\"},\"wordCount\":953,\"publisher\":{\"@id\":\"https:\/\/universnews224.com\/#organization\"},\"keywords\":[\"A la une\"],\"inLanguage\":\"fr-FR\"},{\"@type\":\"WebPage\",\"@id\":\"https:\/\/universnews224.com\/index.php\/inquiet-pour-sa-securite-dr-faya-millimouno-ecrit-au-general-mamadi-doumbouya-lettre-ouverture\/\",\"url\":\"https:\/\/universnews224.com\/index.php\/inquiet-pour-sa-securite-dr-faya-millimouno-ecrit-au-general-mamadi-doumbouya-lettre-ouverture\/\",\"name\":\"Inquiet pour sa s\u00e9curit\u00e9, Dr. Faya Millimouno \u00e9crit au G\u00e9n\u00e9ral Mamadi Doumbouya (Lettre Ouverture) - UNIVERSNEWS224\",\"isPartOf\":{\"@id\":\"https:\/\/universnews224.com\/#website\"},\"datePublished\":\"2025-07-16T22:00:03+00:00\",\"dateModified\":\"2025-07-16T22:00:03+00:00\",\"inLanguage\":\"fr-FR\",\"potentialAction\":[{\"@type\":\"ReadAction\",\"target\":[\"https:\/\/universnews224.com\/index.php\/inquiet-pour-sa-securite-dr-faya-millimouno-ecrit-au-general-mamadi-doumbouya-lettre-ouverture\/\"]}]},{\"@type\":\"WebSite\",\"@id\":\"https:\/\/universnews224.com\/#website\",\"url\":\"https:\/\/universnews224.com\/\",\"name\":\"UNIVERSNEWS224\",\"description\":\"\",\"publisher\":{\"@id\":\"https:\/\/universnews224.com\/#organization\"},\"potentialAction\":[{\"@type\":\"SearchAction\",\"target\":{\"@type\":\"EntryPoint\",\"urlTemplate\":\"https:\/\/universnews224.com\/?s={search_term_string}\"},\"query-input\":\"required name=search_term_string\"}],\"inLanguage\":\"fr-FR\"},{\"@type\":\"Organization\",\"@id\":\"https:\/\/universnews224.com\/#organization\",\"name\":\"UNIVERSNEWS224\",\"url\":\"https:\/\/universnews224.com\/\",\"logo\":{\"@type\":\"ImageObject\",\"inLanguage\":\"fr-FR\",\"@id\":\"https:\/\/universnews224.com\/#\/schema\/logo\/image\/\",\"url\":\"https:\/\/universnews224.com\/wp-content\/uploads\/2022\/08\/cropped-cropped-logoban.jpg\",\"contentUrl\":\"https:\/\/universnews224.com\/wp-content\/uploads\/2022\/08\/cropped-cropped-logoban.jpg\",\"width\":1080,\"height\":138,\"caption\":\"UNIVERSNEWS224\"},\"image\":{\"@id\":\"https:\/\/universnews224.com\/#\/schema\/logo\/image\/\"}},{\"@type\":\"Person\",\"@id\":\"https:\/\/universnews224.com\/#\/schema\/person\/a4b7d4f94a4716df60456a491260485e\",\"name\":\"La R\u00e9daction\",\"image\":{\"@type\":\"ImageObject\",\"inLanguage\":\"fr-FR\",\"@id\":\"https:\/\/universnews224.com\/#\/schema\/person\/image\/\",\"url\":\"https:\/\/secure.gravatar.com\/avatar\/edb90acc7752b23e1b3307ad36c14f0d?s=96&d=mm&r=g\",\"contentUrl\":\"https:\/\/secure.gravatar.com\/avatar\/edb90acc7752b23e1b3307ad36c14f0d?s=96&d=mm&r=g\",\"caption\":\"La R\u00e9daction\"},\"sameAs\":[\"https:\/\/universnews224.com\"],\"url\":\"https:\/\/universnews224.com\/index.php\/author\/m-camara\/\"}]}<\/script>\n<!-- \/ Yoast SEO plugin. -->","yoast_head_json":{"title":"Inquiet pour sa s\u00e9curit\u00e9, Dr. Faya Millimouno \u00e9crit au G\u00e9n\u00e9ral Mamadi Doumbouya (Lettre Ouverture) - UNIVERSNEWS224","robots":{"index":"index","follow":"follow","max-snippet":"max-snippet:-1","max-image-preview":"max-image-preview:large","max-video-preview":"max-video-preview:-1"},"canonical":"https:\/\/universnews224.com\/index.php\/inquiet-pour-sa-securite-dr-faya-millimouno-ecrit-au-general-mamadi-doumbouya-lettre-ouverture\/","og_locale":"fr_FR","og_type":"article","og_title":"Inquiet pour sa s\u00e9curit\u00e9, Dr. Faya Millimouno \u00e9crit au G\u00e9n\u00e9ral Mamadi Doumbouya (Lettre Ouverture) - UNIVERSNEWS224","og_description":"Objet : Alerte solennelle sur des menaces graves contre ma personne et appel au respect","og_url":"https:\/\/universnews224.com\/index.php\/inquiet-pour-sa-securite-dr-faya-millimouno-ecrit-au-general-mamadi-doumbouya-lettre-ouverture\/","og_site_name":"UNIVERSNEWS224","article_published_time":"2025-07-16T22:00:03+00:00","og_image":[{"width":604,"height":468,"url":"https:\/\/universnews224.com\/wp-content\/uploads\/2025\/06\/Dr-Faya-Milimouno-2.jpg","type":"image\/jpeg"}],"author":"La R\u00e9daction","twitter_misc":{"\u00c9crit par":"La R\u00e9daction","Dur\u00e9e de lecture estim\u00e9e":"5 minutes"},"schema":{"@context":"https:\/\/schema.org","@graph":[{"@type":"Article","@id":"https:\/\/universnews224.com\/index.php\/inquiet-pour-sa-securite-dr-faya-millimouno-ecrit-au-general-mamadi-doumbouya-lettre-ouverture\/#article","isPartOf":{"@id":"https:\/\/universnews224.com\/index.php\/inquiet-pour-sa-securite-dr-faya-millimouno-ecrit-au-general-mamadi-doumbouya-lettre-ouverture\/"},"author":{"name":"La R\u00e9daction","@id":"https:\/\/universnews224.com\/#\/schema\/person\/a4b7d4f94a4716df60456a491260485e"},"headline":"Inquiet pour sa s\u00e9curit\u00e9, Dr. Faya Millimouno \u00e9crit au G\u00e9n\u00e9ral Mamadi Doumbouya (Lettre Ouverture)","datePublished":"2025-07-16T22:00:03+00:00","dateModified":"2025-07-16T22:00:03+00:00","mainEntityOfPage":{"@id":"https:\/\/universnews224.com\/index.php\/inquiet-pour-sa-securite-dr-faya-millimouno-ecrit-au-general-mamadi-doumbouya-lettre-ouverture\/"},"wordCount":953,"publisher":{"@id":"https:\/\/universnews224.com\/#organization"},"keywords":["A la une"],"inLanguage":"fr-FR"},{"@type":"WebPage","@id":"https:\/\/universnews224.com\/index.php\/inquiet-pour-sa-securite-dr-faya-millimouno-ecrit-au-general-mamadi-doumbouya-lettre-ouverture\/","url":"https:\/\/universnews224.com\/index.php\/inquiet-pour-sa-securite-dr-faya-millimouno-ecrit-au-general-mamadi-doumbouya-lettre-ouverture\/","name":"Inquiet pour sa s\u00e9curit\u00e9, Dr. Faya Millimouno \u00e9crit au G\u00e9n\u00e9ral Mamadi Doumbouya (Lettre Ouverture) - UNIVERSNEWS224","isPartOf":{"@id":"https:\/\/universnews224.com\/#website"},"datePublished":"2025-07-16T22:00:03+00:00","dateModified":"2025-07-16T22:00:03+00:00","inLanguage":"fr-FR","potentialAction":[{"@type":"ReadAction","target":["https:\/\/universnews224.com\/index.php\/inquiet-pour-sa-securite-dr-faya-millimouno-ecrit-au-general-mamadi-doumbouya-lettre-ouverture\/"]}]},{"@type":"WebSite","@id":"https:\/\/universnews224.com\/#website","url":"https:\/\/universnews224.com\/","name":"UNIVERSNEWS224","description":"","publisher":{"@id":"https:\/\/universnews224.com\/#organization"},"potentialAction":[{"@type":"SearchAction","target":{"@type":"EntryPoint","urlTemplate":"https:\/\/universnews224.com\/?s={search_term_string}"},"query-input":"required name=search_term_string"}],"inLanguage":"fr-FR"},{"@type":"Organization","@id":"https:\/\/universnews224.com\/#organization","name":"UNIVERSNEWS224","url":"https:\/\/universnews224.com\/","logo":{"@type":"ImageObject","inLanguage":"fr-FR","@id":"https:\/\/universnews224.com\/#\/schema\/logo\/image\/","url":"https:\/\/universnews224.com\/wp-content\/uploads\/2022\/08\/cropped-cropped-logoban.jpg","contentUrl":"https:\/\/universnews224.com\/wp-content\/uploads\/2022\/08\/cropped-cropped-logoban.jpg","width":1080,"height":138,"caption":"UNIVERSNEWS224"},"image":{"@id":"https:\/\/universnews224.com\/#\/schema\/logo\/image\/"}},{"@type":"Person","@id":"https:\/\/universnews224.com\/#\/schema\/person\/a4b7d4f94a4716df60456a491260485e","name":"La R\u00e9daction","image":{"@type":"ImageObject","inLanguage":"fr-FR","@id":"https:\/\/universnews224.com\/#\/schema\/person\/image\/","url":"https:\/\/secure.gravatar.com\/avatar\/edb90acc7752b23e1b3307ad36c14f0d?s=96&d=mm&r=g","contentUrl":"https:\/\/secure.gravatar.com\/avatar\/edb90acc7752b23e1b3307ad36c14f0d?s=96&d=mm&r=g","caption":"La R\u00e9daction"},"sameAs":["https:\/\/universnews224.com"],"url":"https:\/\/universnews224.com\/index.php\/author\/m-camara\/"}]}},"_links":{"self":[{"href":"https:\/\/universnews224.com\/index.php\/wp-json\/wp\/v2\/posts\/8697"}],"collection":[{"href":"https:\/\/universnews224.com\/index.php\/wp-json\/wp\/v2\/posts"}],"about":[{"href":"https:\/\/universnews224.com\/index.php\/wp-json\/wp\/v2\/types\/post"}],"author":[{"embeddable":true,"href":"https:\/\/universnews224.com\/index.php\/wp-json\/wp\/v2\/users\/2"}],"replies":[{"embeddable":true,"href":"https:\/\/universnews224.com\/index.php\/wp-json\/wp\/v2\/comments?post=8697"}],"version-history":[{"count":1,"href":"https:\/\/universnews224.com\/index.php\/wp-json\/wp\/v2\/posts\/8697\/revisions"}],"predecessor-version":[{"id":8698,"href":"https:\/\/universnews224.com\/index.php\/wp-json\/wp\/v2\/posts\/8697\/revisions\/8698"}],"wp:featuredmedia":[{"embeddable":true,"href":"https:\/\/universnews224.com\/index.php\/wp-json\/wp\/v2\/media\/8369"}],"wp:attachment":[{"href":"https:\/\/universnews224.com\/index.php\/wp-json\/wp\/v2\/media?parent=8697"}],"wp:term":[{"taxonomy":"category","embeddable":true,"href":"https:\/\/universnews224.com\/index.php\/wp-json\/wp\/v2\/categories?post=8697"},{"taxonomy":"post_tag","embeddable":true,"href":"https:\/\/universnews224.com\/index.php\/wp-json\/wp\/v2\/tags?post=8697"}],"curies":[{"name":"wp","href":"https:\/\/api.w.org\/{rel}","templated":true}]}}