{"id":8714,"date":"2025-07-23T13:16:23","date_gmt":"2025-07-23T12:16:23","guid":{"rendered":"https:\/\/universnews224.com\/?p=8714"},"modified":"2025-07-23T13:16:23","modified_gmt":"2025-07-23T12:16:23","slug":"derriere-minutes-mme-djenab-toure-nommee-directrice-generale-des-elections-2","status":"publish","type":"post","link":"https:\/\/universnews224.com\/index.php\/derriere-minutes-mme-djenab-toure-nommee-directrice-generale-des-elections-2\/","title":{"rendered":"Derri\u00e8re minutes: Mme. Djenab Tour\u00e9, nomm\u00e9e Directrice G\u00e9n\u00e9rale des \u00c9lections."},"content":{"rendered":"<p>\u00c0 travers un d\u00e9cret lu \u00e0 la t\u00e9l\u00e9vision nationale dans la soir\u00e9e ce mardi, 22 juillet 2025, le G\u00e9n\u00e9ral Mamadi Doumbouya a proc\u00e9d\u00e9 \u00e0 la nomination de Mme. Djenab Tour\u00e9, jusque-l\u00e0 Directrice nationale des affaires politiques et de l\u2019administration \u00e9lectorale, au poste de Directrice G\u00e9n\u00e9rale des \u00c9lections (DGE). Le m\u00eame d\u00e9cret ajoute que Georges Abraham Sory, expert, logicien \u00e9lectoral, est promu Directeur G\u00e9n\u00e9ral Adjoint de DGE.<\/p>\n<p>&nbsp;<\/p>\n","protected":false},"excerpt":{"rendered":"<p>\u00c0 travers un d\u00e9cret lu \u00e0 la t\u00e9l\u00e9vision nationale dans la soir\u00e9e ce mardi, 22<\/p>\n","protected":false},"author":2,"featured_media":0,"comment_status":"closed","ping_status":"open","sticky":false,"template":"","format":"standard","meta":[],"categories":[1],"tags":[],"yoast_head":"<!-- This site is optimized with the Yoast SEO plugin v19.13 - https:\/\/yoast.com\/wordpress\/plugins\/seo\/ -->\n<title>Derri\u00e8re minutes: Mme. Djenab Tour\u00e9, nomm\u00e9e Directrice G\u00e9n\u00e9rale des \u00c9lections. - UNIVERSNEWS224<\/title>\n<meta name=\"robots\" content=\"index, follow, max-snippet:-1, max-image-preview:large, max-video-preview:-1\" \/>\n<link rel=\"canonical\" href=\"https:\/\/universnews224.com\/index.php\/derriere-minutes-mme-djenab-toure-nommee-directrice-generale-des-elections-2\/\" \/>\n<meta property=\"og:locale\" content=\"fr_FR\" \/>\n<meta property=\"og:type\" content=\"article\" \/>\n<meta property=\"og:title\" content=\"Derri\u00e8re minutes: Mme. Djenab Tour\u00e9, nomm\u00e9e Directrice G\u00e9n\u00e9rale des \u00c9lections. - UNIVERSNEWS224\" \/>\n<meta property=\"og:description\" content=\"\u00c0 travers un d\u00e9cret lu \u00e0 la t\u00e9l\u00e9vision nationale dans la soir\u00e9e ce mardi, 22\" \/>\n<meta property=\"og:url\" content=\"https:\/\/universnews224.com\/index.php\/derriere-minutes-mme-djenab-toure-nommee-directrice-generale-des-elections-2\/\" \/>\n<meta property=\"og:site_name\" content=\"UNIVERSNEWS224\" \/>\n<meta property=\"article:published_time\" content=\"2025-07-23T12:16:23+00:00\" \/>\n<meta name=\"author\" content=\"La R\u00e9daction\" \/>\n<meta name=\"twitter:label1\" content=\"\u00c9crit par\" \/>\n\t<meta name=\"twitter:data1\" content=\"La R\u00e9daction\" \/>\n\t<meta name=\"twitter:label2\" content=\"Dur\u00e9e de lecture estim\u00e9e\" \/>\n\t<meta name=\"twitter:data2\" content=\"1 minute\" \/>\n<script type=\"application\/ld+json\" class=\"yoast-schema-graph\">{\"@context\":\"https:\/\/schema.org\",\"@graph\":[{\"@type\":\"Article\",\"@id\":\"https:\/\/universnews224.com\/index.php\/derriere-minutes-mme-djenab-toure-nommee-directrice-generale-des-elections-2\/#article\",\"isPartOf\":{\"@id\":\"https:\/\/universnews224.com\/index.php\/derriere-minutes-mme-djenab-toure-nommee-directrice-generale-des-elections-2\/\"},\"author\":{\"name\":\"La R\u00e9daction\",\"@id\":\"https:\/\/universnews224.com\/#\/schema\/person\/a4b7d4f94a4716df60456a491260485e\"},\"headline\":\"Derri\u00e8re minutes: Mme. Djenab Tour\u00e9, nomm\u00e9e Directrice G\u00e9n\u00e9rale des \u00c9lections.\",\"datePublished\":\"2025-07-23T12:16:23+00:00\",\"dateModified\":\"2025-07-23T12:16:23+00:00\",\"mainEntityOfPage\":{\"@id\":\"https:\/\/universnews224.com\/index.php\/derriere-minutes-mme-djenab-toure-nommee-directrice-generale-des-elections-2\/\"},\"wordCount\":90,\"publisher\":{\"@id\":\"https:\/\/universnews224.com\/#organization\"},\"inLanguage\":\"fr-FR\"},{\"@type\":\"WebPage\",\"@id\":\"https:\/\/universnews224.com\/index.php\/derriere-minutes-mme-djenab-toure-nommee-directrice-generale-des-elections-2\/\",\"url\":\"https:\/\/universnews224.com\/index.php\/derriere-minutes-mme-djenab-toure-nommee-directrice-generale-des-elections-2\/\",\"name\":\"Derri\u00e8re minutes: Mme. Djenab Tour\u00e9, nomm\u00e9e Directrice G\u00e9n\u00e9rale des \u00c9lections. - UNIVERSNEWS224\",\"isPartOf\":{\"@id\":\"https:\/\/universnews224.com\/#website\"},\"datePublished\":\"2025-07-23T12:16:23+00:00\",\"dateModified\":\"2025-07-23T12:16:23+00:00\",\"inLanguage\":\"fr-FR\",\"potentialAction\":[{\"@type\":\"ReadAction\",\"target\":[\"https:\/\/universnews224.com\/index.php\/derriere-minutes-mme-djenab-toure-nommee-directrice-generale-des-elections-2\/\"]}]},{\"@type\":\"WebSite\",\"@id\":\"https:\/\/universnews224.com\/#website\",\"url\":\"https:\/\/universnews224.com\/\",\"name\":\"UNIVERSNEWS224\",\"description\":\"\",\"publisher\":{\"@id\":\"https:\/\/universnews224.com\/#organization\"},\"potentialAction\":[{\"@type\":\"SearchAction\",\"target\":{\"@type\":\"EntryPoint\",\"urlTemplate\":\"https:\/\/universnews224.com\/?s={search_term_string}\"},\"query-input\":\"required name=search_term_string\"}],\"inLanguage\":\"fr-FR\"},{\"@type\":\"Organization\",\"@id\":\"https:\/\/universnews224.com\/#organization\",\"name\":\"UNIVERSNEWS224\",\"url\":\"https:\/\/universnews224.com\/\",\"logo\":{\"@type\":\"ImageObject\",\"inLanguage\":\"fr-FR\",\"@id\":\"https:\/\/universnews224.com\/#\/schema\/logo\/image\/\",\"url\":\"https:\/\/universnews224.com\/wp-content\/uploads\/2022\/08\/cropped-cropped-logoban.jpg\",\"contentUrl\":\"https:\/\/universnews224.com\/wp-content\/uploads\/2022\/08\/cropped-cropped-logoban.jpg\",\"width\":1080,\"height\":138,\"caption\":\"UNIVERSNEWS224\"},\"image\":{\"@id\":\"https:\/\/universnews224.com\/#\/schema\/logo\/image\/\"}},{\"@type\":\"Person\",\"@id\":\"https:\/\/universnews224.com\/#\/schema\/person\/a4b7d4f94a4716df60456a491260485e\",\"name\":\"La R\u00e9daction\",\"image\":{\"@type\":\"ImageObject\",\"inLanguage\":\"fr-FR\",\"@id\":\"https:\/\/universnews224.com\/#\/schema\/person\/image\/\",\"url\":\"https:\/\/secure.gravatar.com\/avatar\/edb90acc7752b23e1b3307ad36c14f0d?s=96&d=mm&r=g\",\"contentUrl\":\"https:\/\/secure.gravatar.com\/avatar\/edb90acc7752b23e1b3307ad36c14f0d?s=96&d=mm&r=g\",\"caption\":\"La R\u00e9daction\"},\"sameAs\":[\"https:\/\/universnews224.com\"],\"url\":\"https:\/\/universnews224.com\/index.php\/author\/m-camara\/\"}]}<\/script>\n<!-- \/ Yoast SEO plugin. -->","yoast_head_json":{"title":"Derri\u00e8re minutes: Mme. Djenab Tour\u00e9, nomm\u00e9e Directrice G\u00e9n\u00e9rale des \u00c9lections. - UNIVERSNEWS224","robots":{"index":"index","follow":"follow","max-snippet":"max-snippet:-1","max-image-preview":"max-image-preview:large","max-video-preview":"max-video-preview:-1"},"canonical":"https:\/\/universnews224.com\/index.php\/derriere-minutes-mme-djenab-toure-nommee-directrice-generale-des-elections-2\/","og_locale":"fr_FR","og_type":"article","og_title":"Derri\u00e8re minutes: Mme. Djenab Tour\u00e9, nomm\u00e9e Directrice G\u00e9n\u00e9rale des \u00c9lections. - UNIVERSNEWS224","og_description":"\u00c0 travers un d\u00e9cret lu \u00e0 la t\u00e9l\u00e9vision nationale dans la soir\u00e9e ce mardi, 22","og_url":"https:\/\/universnews224.com\/index.php\/derriere-minutes-mme-djenab-toure-nommee-directrice-generale-des-elections-2\/","og_site_name":"UNIVERSNEWS224","article_published_time":"2025-07-23T12:16:23+00:00","author":"La R\u00e9daction","twitter_misc":{"\u00c9crit par":"La R\u00e9daction","Dur\u00e9e de lecture estim\u00e9e":"1 minute"},"schema":{"@context":"https:\/\/schema.org","@graph":[{"@type":"Article","@id":"https:\/\/universnews224.com\/index.php\/derriere-minutes-mme-djenab-toure-nommee-directrice-generale-des-elections-2\/#article","isPartOf":{"@id":"https:\/\/universnews224.com\/index.php\/derriere-minutes-mme-djenab-toure-nommee-directrice-generale-des-elections-2\/"},"author":{"name":"La R\u00e9daction","@id":"https:\/\/universnews224.com\/#\/schema\/person\/a4b7d4f94a4716df60456a491260485e"},"headline":"Derri\u00e8re minutes: Mme. Djenab Tour\u00e9, nomm\u00e9e Directrice G\u00e9n\u00e9rale des \u00c9lections.","datePublished":"2025-07-23T12:16:23+00:00","dateModified":"2025-07-23T12:16:23+00:00","mainEntityOfPage":{"@id":"https:\/\/universnews224.com\/index.php\/derriere-minutes-mme-djenab-toure-nommee-directrice-generale-des-elections-2\/"},"wordCount":90,"publisher":{"@id":"https:\/\/universnews224.com\/#organization"},"inLanguage":"fr-FR"},{"@type":"WebPage","@id":"https:\/\/universnews224.com\/index.php\/derriere-minutes-mme-djenab-toure-nommee-directrice-generale-des-elections-2\/","url":"https:\/\/universnews224.com\/index.php\/derriere-minutes-mme-djenab-toure-nommee-directrice-generale-des-elections-2\/","name":"Derri\u00e8re minutes: Mme. Djenab Tour\u00e9, nomm\u00e9e Directrice G\u00e9n\u00e9rale des \u00c9lections. - UNIVERSNEWS224","isPartOf":{"@id":"https:\/\/universnews224.com\/#website"},"datePublished":"2025-07-23T12:16:23+00:00","dateModified":"2025-07-23T12:16:23+00:00","inLanguage":"fr-FR","potentialAction":[{"@type":"ReadAction","target":["https:\/\/universnews224.com\/index.php\/derriere-minutes-mme-djenab-toure-nommee-directrice-generale-des-elections-2\/"]}]},{"@type":"WebSite","@id":"https:\/\/universnews224.com\/#website","url":"https:\/\/universnews224.com\/","name":"UNIVERSNEWS224","description":"","publisher":{"@id":"https:\/\/universnews224.com\/#organization"},"potentialAction":[{"@type":"SearchAction","target":{"@type":"EntryPoint","urlTemplate":"https:\/\/universnews224.com\/?s={search_term_string}"},"query-input":"required name=search_term_string"}],"inLanguage":"fr-FR"},{"@type":"Organization","@id":"https:\/\/universnews224.com\/#organization","name":"UNIVERSNEWS224","url":"https:\/\/universnews224.com\/","logo":{"@type":"ImageObject","inLanguage":"fr-FR","@id":"https:\/\/universnews224.com\/#\/schema\/logo\/image\/","url":"https:\/\/universnews224.com\/wp-content\/uploads\/2022\/08\/cropped-cropped-logoban.jpg","contentUrl":"https:\/\/universnews224.com\/wp-content\/uploads\/2022\/08\/cropped-cropped-logoban.jpg","width":1080,"height":138,"caption":"UNIVERSNEWS224"},"image":{"@id":"https:\/\/universnews224.com\/#\/schema\/logo\/image\/"}},{"@type":"Person","@id":"https:\/\/universnews224.com\/#\/schema\/person\/a4b7d4f94a4716df60456a491260485e","name":"La R\u00e9daction","image":{"@type":"ImageObject","inLanguage":"fr-FR","@id":"https:\/\/universnews224.com\/#\/schema\/person\/image\/","url":"https:\/\/secure.gravatar.com\/avatar\/edb90acc7752b23e1b3307ad36c14f0d?s=96&d=mm&r=g","contentUrl":"https:\/\/secure.gravatar.com\/avatar\/edb90acc7752b23e1b3307ad36c14f0d?s=96&d=mm&r=g","caption":"La R\u00e9daction"},"sameAs":["https:\/\/universnews224.com"],"url":"https:\/\/universnews224.com\/index.php\/author\/m-camara\/"}]}},"_links":{"self":[{"href":"https:\/\/universnews224.com\/index.php\/wp-json\/wp\/v2\/posts\/8714"}],"collection":[{"href":"https:\/\/universnews224.com\/index.php\/wp-json\/wp\/v2\/posts"}],"about":[{"href":"https:\/\/universnews224.com\/index.php\/wp-json\/wp\/v2\/types\/post"}],"author":[{"embeddable":true,"href":"https:\/\/universnews224.com\/index.php\/wp-json\/wp\/v2\/users\/2"}],"replies":[{"embeddable":true,"href":"https:\/\/universnews224.com\/index.php\/wp-json\/wp\/v2\/comments?post=8714"}],"version-history":[{"count":1,"href":"https:\/\/universnews224.com\/index.php\/wp-json\/wp\/v2\/posts\/8714\/revisions"}],"predecessor-version":[{"id":8716,"href":"https:\/\/universnews224.com\/index.php\/wp-json\/wp\/v2\/posts\/8714\/revisions\/8716"}],"wp:attachment":[{"href":"https:\/\/universnews224.com\/index.php\/wp-json\/wp\/v2\/media?parent=8714"}],"wp:term":[{"taxonomy":"category","embeddable":true,"href":"https:\/\/universnews224.com\/index.php\/wp-json\/wp\/v2\/categories?post=8714"},{"taxonomy":"post_tag","embeddable":true,"href":"https:\/\/universnews224.com\/index.php\/wp-json\/wp\/v2\/tags?post=8714"}],"curies":[{"name":"wp","href":"https:\/\/api.w.org\/{rel}","templated":true}]}}