{"id":8751,"date":"2025-07-29T23:33:55","date_gmt":"2025-07-29T22:33:55","guid":{"rendered":"https:\/\/universnews224.com\/?p=8751"},"modified":"2025-07-29T23:33:55","modified_gmt":"2025-07-29T22:33:55","slug":"presidentielle-en-cote-divoire-le-chef-de-letat-sortant-alassane-ouattara-annonce-sa-candidature","status":"publish","type":"post","link":"https:\/\/universnews224.com\/index.php\/presidentielle-en-cote-divoire-le-chef-de-letat-sortant-alassane-ouattara-annonce-sa-candidature\/","title":{"rendered":"Pr\u00e9sidentielle en C\u00f4te d\u2019Ivoire: le chef de l\u2019\u00c9tat sortant Alassane Ouattara annonce sa candidature"},"content":{"rendered":"<div dir=\"auto\">Alassane Ouattara, pr\u00e9sident de la C\u00f4te d\u2019Ivoire depuis 2011, a annonc\u00e9 ce mardi 29 juillet dans une allocution film\u00e9e qu\u2019il serait candidat \u00e0 sa propre succession dans trois mois.<\/div>\n<div dir=\"auto\"><\/div>\n<div dir=\"auto\"><\/div>\n<div dir=\"auto\">Apr\u00e8s avoir \u00e9t\u00e9 \u00e9lu en 2010, en 2015 et en 2020, Alassane Ouattara est en lice pour un quatri\u00e8me mandat. \u00ab Apr\u00e8s m\u00fbre r\u00e9flexion et en toute conscience, je vous annonce aujourd\u2019hui que j\u2019ai d\u00e9cid\u00e9 d\u2019\u00eatre candidat \u00e0 l\u2019\u00e9lection pr\u00e9sidentielle du 25 octobre 2025 \u00bb, a-t-il annonc\u00e9 ce mardi sur les r\u00e9seaux sociaux.<\/div>\n<div dir=\"auto\"><\/div>\n<div dir=\"auto\">\u00ab Notre pays fait face \u00e0 des d\u00e9fis s\u00e9curitaires, \u00e9conomiques et mon\u00e9taires sans pr\u00e9c\u00e9dent dont la gestion exige de l&rsquo;exp\u00e9rience. En effet, la menace terroriste grandit dans la sous-r\u00e9gion et les incertitudes \u00e9conomiques au niveau international constituent un risque pour notre pays \u00bb, a affirm\u00e9 le chef de l\u2019\u00c9tat. \u00c0 83 ans, il estime avoir la \u00ab sant\u00e9 \u00bb pour un nouveau mandat qui \u00ab sera celui de la transmission g\u00e9n\u00e9rationnelle \u00bb.<\/div>\n<div dir=\"auto\"><\/div>\n<div dir=\"auto\">Alassane Ouattara promet des \u00e9lections apais\u00e9es, d\u00e9mocratiques et transparentes, alors que l&rsquo;opposition d\u00e9nonce le processus \u00e9lectoral, notamment en raison du rejet de plusieurs candidatures, dont celles de Tidjane Thiam et de l\u2019ancien pr\u00e9sident Laurent Gbagbo.<\/div>\n<div dir=\"auto\"><\/div>\n<div dir=\"auto\">Une annonce attendue<\/div>\n<div dir=\"auto\">Cette candidature ne surprend pas les observateurs de la vie politique ivoirienne que RFI a pu joindre. Depuis des mois, les cadres du Rassemblement des houphou\u00ebtistes pour la d\u00e9mocratie et la paix (RHDP), le parti pr\u00e9sidentiel, martelaient le m\u00eame message \u00e0 longueur de meetings ou de point presse : leur seul candidat \u00e9tait Alassane Ouattara. \u00ab Le RHDP ne pouvait prendre le risque d\u2019un plan B \u00e0 moins de trois mois du scrutin \u00bb, estime l\u2019analyste Geoffroy-Julien Kouao aupr\u00e8s de notre correspondant \u00e0 Abidjan, Beno\u00eet Almeras.<\/div>\n<div dir=\"auto\"><\/div>\n<div dir=\"auto\">La formation politique a elle-m\u00eame d\u00e9sign\u00e9 son chef pour porter ses couleurs \u00e0 la pr\u00e9sidentielle. C\u2019\u00e9tait lors du congr\u00e8s du parti le 21 juin dernier au Parc des Expositions d\u2019Abidjan. Le lendemain, lors d\u2019un meeting au stade d\u2019\u00c9bimp\u00e9, le pr\u00e9sident sortant avait dit r\u00e9server sa r\u00e9ponse d\u00e9finitive apr\u00e8s quelques jours de r\u00e9flexion.<\/div>\n<div dir=\"auto\"><\/div>\n<div dir=\"auto\">Finalement, c&rsquo;est surtout la date et la mani\u00e8re qui ont surpris. \u00ab Comme on dit en C\u00f4te d\u2019Ivoire, il est sorti dans dos sur la forme et sur le timing \u00bb, indique ainsi le politologue Eddie Guipi\u00e9, qui s\u2019attendait comme beaucoup \u00e0 une annonce le 6 ao\u00fbt, veille de la f\u00eate de l\u2019Ind\u00e9pendance.<\/div>\n<div dir=\"auto\"><\/div>\n<div dir=\"auto\">Des r\u00e9actions contrast\u00e9es<\/div>\n<div dir=\"auto\">Les r\u00e9actions politiques sont en tout cas d\u00e9j\u00e0 nombreuses \u00e0 Abidjan. Sur sa page Facebook, le ministre Mamadou Tour\u00e9, l&rsquo;un des porte-parole du parti au pouvoir, remercie ainsi Alassane Ouattara pour avoir \u00ab r\u00e9pondu favorablement \u00e0 l\u2019appel des Ivoiriens \u00bb. Le secr\u00e9taire ex\u00e9cutif du RHDP Ibrahima Bacongo a exprim\u00e9 pour sa part \u00ab une immense fiert\u00e9 et une profonde satisfaction \u00bb.<\/div>\n<div dir=\"auto\"><\/div>\n<div dir=\"auto\">Du c\u00f4t\u00e9 de l\u2019opposition, le pr\u00e9sident du PDCI Tidjane Thiam estime que l\u2019annonce d\u2019Alassane Ouattara est une violation de la Constitution ivoirienne. Sur X, Pascal Affi Nguessan, candidat du FPI, juge quant \u00e0 lui qu\u2019\u00ab Alassane Ouattara a choisi la petite porte \u00bb avec \u00ab une quatri\u00e8me candidature aussi ill\u00e9gale que la troisi\u00e8me \u00bb.<\/div>\n<div dir=\"auto\"><\/div>\n<div dir=\"auto\">M\u00eame tonalit\u00e9 du c\u00f4t\u00e9 de Guillaume Soro. Sur Facebook, l\u2019ex-Premier ministre en exil fustige Alassane Ouattara qui foule, selon lui, les principes les plus \u00e9l\u00e9mentaires de la d\u00e9mocratie. Isra\u00ebl Gu\u00e9bo, vice-pr\u00e9sident de l\u2019ADCI, consid\u00e8re pour sa part qu&rsquo;Alassane Ouattara s\u2019inscrit dans la lign\u00e9e de F\u00e9lix Houphou\u00ebt-Boigny en voulant rester pr\u00e9sident le plus longtemps possible.<\/div>\n","protected":false},"excerpt":{"rendered":"<p>Alassane Ouattara, pr\u00e9sident de la C\u00f4te d\u2019Ivoire depuis 2011, a annonc\u00e9 ce mardi 29 juillet<\/p>\n","protected":false},"author":2,"featured_media":8752,"comment_status":"closed","ping_status":"open","sticky":false,"template":"","format":"standard","meta":[],"categories":[1],"tags":[237],"yoast_head":"<!-- This site is optimized with the Yoast SEO plugin v19.13 - https:\/\/yoast.com\/wordpress\/plugins\/seo\/ -->\n<title>Pr\u00e9sidentielle en C\u00f4te d\u2019Ivoire: le chef de l\u2019\u00c9tat sortant Alassane Ouattara annonce sa candidature - UNIVERSNEWS224<\/title>\n<meta name=\"robots\" content=\"index, follow, max-snippet:-1, max-image-preview:large, max-video-preview:-1\" \/>\n<link rel=\"canonical\" href=\"https:\/\/universnews224.com\/index.php\/presidentielle-en-cote-divoire-le-chef-de-letat-sortant-alassane-ouattara-annonce-sa-candidature\/\" \/>\n<meta property=\"og:locale\" content=\"fr_FR\" \/>\n<meta property=\"og:type\" content=\"article\" \/>\n<meta property=\"og:title\" content=\"Pr\u00e9sidentielle en C\u00f4te d\u2019Ivoire: le chef de l\u2019\u00c9tat sortant Alassane Ouattara annonce sa candidature - UNIVERSNEWS224\" \/>\n<meta property=\"og:description\" content=\"Alassane Ouattara, pr\u00e9sident de la C\u00f4te d\u2019Ivoire depuis 2011, a annonc\u00e9 ce mardi 29 juillet\" \/>\n<meta property=\"og:url\" content=\"https:\/\/universnews224.com\/index.php\/presidentielle-en-cote-divoire-le-chef-de-letat-sortant-alassane-ouattara-annonce-sa-candidature\/\" \/>\n<meta property=\"og:site_name\" content=\"UNIVERSNEWS224\" \/>\n<meta property=\"article:published_time\" content=\"2025-07-29T22:33:55+00:00\" \/>\n<meta property=\"og:image\" content=\"https:\/\/universnews224.com\/wp-content\/uploads\/2025\/07\/jad20250417-ass-civ-politique-rhdp-ouattara.jpg\" \/>\n\t<meta property=\"og:image:width\" content=\"1215\" \/>\n\t<meta property=\"og:image:height\" content=\"810\" \/>\n\t<meta property=\"og:image:type\" content=\"image\/jpeg\" \/>\n<meta name=\"author\" content=\"La R\u00e9daction\" \/>\n<meta name=\"twitter:label1\" content=\"\u00c9crit par\" \/>\n\t<meta name=\"twitter:data1\" content=\"La R\u00e9daction\" \/>\n\t<meta name=\"twitter:label2\" content=\"Dur\u00e9e de lecture estim\u00e9e\" \/>\n\t<meta name=\"twitter:data2\" content=\"3 minutes\" \/>\n<script type=\"application\/ld+json\" class=\"yoast-schema-graph\">{\"@context\":\"https:\/\/schema.org\",\"@graph\":[{\"@type\":\"Article\",\"@id\":\"https:\/\/universnews224.com\/index.php\/presidentielle-en-cote-divoire-le-chef-de-letat-sortant-alassane-ouattara-annonce-sa-candidature\/#article\",\"isPartOf\":{\"@id\":\"https:\/\/universnews224.com\/index.php\/presidentielle-en-cote-divoire-le-chef-de-letat-sortant-alassane-ouattara-annonce-sa-candidature\/\"},\"author\":{\"name\":\"La R\u00e9daction\",\"@id\":\"https:\/\/universnews224.com\/#\/schema\/person\/a4b7d4f94a4716df60456a491260485e\"},\"headline\":\"Pr\u00e9sidentielle en C\u00f4te d\u2019Ivoire: le chef de l\u2019\u00c9tat sortant Alassane Ouattara annonce sa candidature\",\"datePublished\":\"2025-07-29T22:33:55+00:00\",\"dateModified\":\"2025-07-29T22:33:55+00:00\",\"mainEntityOfPage\":{\"@id\":\"https:\/\/universnews224.com\/index.php\/presidentielle-en-cote-divoire-le-chef-de-letat-sortant-alassane-ouattara-annonce-sa-candidature\/\"},\"wordCount\":624,\"publisher\":{\"@id\":\"https:\/\/universnews224.com\/#organization\"},\"keywords\":[\"A la une\"],\"inLanguage\":\"fr-FR\"},{\"@type\":\"WebPage\",\"@id\":\"https:\/\/universnews224.com\/index.php\/presidentielle-en-cote-divoire-le-chef-de-letat-sortant-alassane-ouattara-annonce-sa-candidature\/\",\"url\":\"https:\/\/universnews224.com\/index.php\/presidentielle-en-cote-divoire-le-chef-de-letat-sortant-alassane-ouattara-annonce-sa-candidature\/\",\"name\":\"Pr\u00e9sidentielle en C\u00f4te d\u2019Ivoire: le chef de l\u2019\u00c9tat sortant Alassane Ouattara annonce sa candidature - UNIVERSNEWS224\",\"isPartOf\":{\"@id\":\"https:\/\/universnews224.com\/#website\"},\"datePublished\":\"2025-07-29T22:33:55+00:00\",\"dateModified\":\"2025-07-29T22:33:55+00:00\",\"inLanguage\":\"fr-FR\",\"potentialAction\":[{\"@type\":\"ReadAction\",\"target\":[\"https:\/\/universnews224.com\/index.php\/presidentielle-en-cote-divoire-le-chef-de-letat-sortant-alassane-ouattara-annonce-sa-candidature\/\"]}]},{\"@type\":\"WebSite\",\"@id\":\"https:\/\/universnews224.com\/#website\",\"url\":\"https:\/\/universnews224.com\/\",\"name\":\"UNIVERSNEWS224\",\"description\":\"\",\"publisher\":{\"@id\":\"https:\/\/universnews224.com\/#organization\"},\"potentialAction\":[{\"@type\":\"SearchAction\",\"target\":{\"@type\":\"EntryPoint\",\"urlTemplate\":\"https:\/\/universnews224.com\/?s={search_term_string}\"},\"query-input\":\"required name=search_term_string\"}],\"inLanguage\":\"fr-FR\"},{\"@type\":\"Organization\",\"@id\":\"https:\/\/universnews224.com\/#organization\",\"name\":\"UNIVERSNEWS224\",\"url\":\"https:\/\/universnews224.com\/\",\"logo\":{\"@type\":\"ImageObject\",\"inLanguage\":\"fr-FR\",\"@id\":\"https:\/\/universnews224.com\/#\/schema\/logo\/image\/\",\"url\":\"https:\/\/universnews224.com\/wp-content\/uploads\/2022\/08\/cropped-cropped-logoban.jpg\",\"contentUrl\":\"https:\/\/universnews224.com\/wp-content\/uploads\/2022\/08\/cropped-cropped-logoban.jpg\",\"width\":1080,\"height\":138,\"caption\":\"UNIVERSNEWS224\"},\"image\":{\"@id\":\"https:\/\/universnews224.com\/#\/schema\/logo\/image\/\"}},{\"@type\":\"Person\",\"@id\":\"https:\/\/universnews224.com\/#\/schema\/person\/a4b7d4f94a4716df60456a491260485e\",\"name\":\"La R\u00e9daction\",\"image\":{\"@type\":\"ImageObject\",\"inLanguage\":\"fr-FR\",\"@id\":\"https:\/\/universnews224.com\/#\/schema\/person\/image\/\",\"url\":\"https:\/\/secure.gravatar.com\/avatar\/edb90acc7752b23e1b3307ad36c14f0d?s=96&d=mm&r=g\",\"contentUrl\":\"https:\/\/secure.gravatar.com\/avatar\/edb90acc7752b23e1b3307ad36c14f0d?s=96&d=mm&r=g\",\"caption\":\"La R\u00e9daction\"},\"sameAs\":[\"https:\/\/universnews224.com\"],\"url\":\"https:\/\/universnews224.com\/index.php\/author\/m-camara\/\"}]}<\/script>\n<!-- \/ Yoast SEO plugin. -->","yoast_head_json":{"title":"Pr\u00e9sidentielle en C\u00f4te d\u2019Ivoire: le chef de l\u2019\u00c9tat sortant Alassane Ouattara annonce sa candidature - UNIVERSNEWS224","robots":{"index":"index","follow":"follow","max-snippet":"max-snippet:-1","max-image-preview":"max-image-preview:large","max-video-preview":"max-video-preview:-1"},"canonical":"https:\/\/universnews224.com\/index.php\/presidentielle-en-cote-divoire-le-chef-de-letat-sortant-alassane-ouattara-annonce-sa-candidature\/","og_locale":"fr_FR","og_type":"article","og_title":"Pr\u00e9sidentielle en C\u00f4te d\u2019Ivoire: le chef de l\u2019\u00c9tat sortant Alassane Ouattara annonce sa candidature - UNIVERSNEWS224","og_description":"Alassane Ouattara, pr\u00e9sident de la C\u00f4te d\u2019Ivoire depuis 2011, a annonc\u00e9 ce mardi 29 juillet","og_url":"https:\/\/universnews224.com\/index.php\/presidentielle-en-cote-divoire-le-chef-de-letat-sortant-alassane-ouattara-annonce-sa-candidature\/","og_site_name":"UNIVERSNEWS224","article_published_time":"2025-07-29T22:33:55+00:00","og_image":[{"width":1215,"height":810,"url":"https:\/\/universnews224.com\/wp-content\/uploads\/2025\/07\/jad20250417-ass-civ-politique-rhdp-ouattara.jpg","type":"image\/jpeg"}],"author":"La R\u00e9daction","twitter_misc":{"\u00c9crit par":"La R\u00e9daction","Dur\u00e9e de lecture estim\u00e9e":"3 minutes"},"schema":{"@context":"https:\/\/schema.org","@graph":[{"@type":"Article","@id":"https:\/\/universnews224.com\/index.php\/presidentielle-en-cote-divoire-le-chef-de-letat-sortant-alassane-ouattara-annonce-sa-candidature\/#article","isPartOf":{"@id":"https:\/\/universnews224.com\/index.php\/presidentielle-en-cote-divoire-le-chef-de-letat-sortant-alassane-ouattara-annonce-sa-candidature\/"},"author":{"name":"La R\u00e9daction","@id":"https:\/\/universnews224.com\/#\/schema\/person\/a4b7d4f94a4716df60456a491260485e"},"headline":"Pr\u00e9sidentielle en C\u00f4te d\u2019Ivoire: le chef de l\u2019\u00c9tat sortant Alassane Ouattara annonce sa candidature","datePublished":"2025-07-29T22:33:55+00:00","dateModified":"2025-07-29T22:33:55+00:00","mainEntityOfPage":{"@id":"https:\/\/universnews224.com\/index.php\/presidentielle-en-cote-divoire-le-chef-de-letat-sortant-alassane-ouattara-annonce-sa-candidature\/"},"wordCount":624,"publisher":{"@id":"https:\/\/universnews224.com\/#organization"},"keywords":["A la une"],"inLanguage":"fr-FR"},{"@type":"WebPage","@id":"https:\/\/universnews224.com\/index.php\/presidentielle-en-cote-divoire-le-chef-de-letat-sortant-alassane-ouattara-annonce-sa-candidature\/","url":"https:\/\/universnews224.com\/index.php\/presidentielle-en-cote-divoire-le-chef-de-letat-sortant-alassane-ouattara-annonce-sa-candidature\/","name":"Pr\u00e9sidentielle en C\u00f4te d\u2019Ivoire: le chef de l\u2019\u00c9tat sortant Alassane Ouattara annonce sa candidature - UNIVERSNEWS224","isPartOf":{"@id":"https:\/\/universnews224.com\/#website"},"datePublished":"2025-07-29T22:33:55+00:00","dateModified":"2025-07-29T22:33:55+00:00","inLanguage":"fr-FR","potentialAction":[{"@type":"ReadAction","target":["https:\/\/universnews224.com\/index.php\/presidentielle-en-cote-divoire-le-chef-de-letat-sortant-alassane-ouattara-annonce-sa-candidature\/"]}]},{"@type":"WebSite","@id":"https:\/\/universnews224.com\/#website","url":"https:\/\/universnews224.com\/","name":"UNIVERSNEWS224","description":"","publisher":{"@id":"https:\/\/universnews224.com\/#organization"},"potentialAction":[{"@type":"SearchAction","target":{"@type":"EntryPoint","urlTemplate":"https:\/\/universnews224.com\/?s={search_term_string}"},"query-input":"required name=search_term_string"}],"inLanguage":"fr-FR"},{"@type":"Organization","@id":"https:\/\/universnews224.com\/#organization","name":"UNIVERSNEWS224","url":"https:\/\/universnews224.com\/","logo":{"@type":"ImageObject","inLanguage":"fr-FR","@id":"https:\/\/universnews224.com\/#\/schema\/logo\/image\/","url":"https:\/\/universnews224.com\/wp-content\/uploads\/2022\/08\/cropped-cropped-logoban.jpg","contentUrl":"https:\/\/universnews224.com\/wp-content\/uploads\/2022\/08\/cropped-cropped-logoban.jpg","width":1080,"height":138,"caption":"UNIVERSNEWS224"},"image":{"@id":"https:\/\/universnews224.com\/#\/schema\/logo\/image\/"}},{"@type":"Person","@id":"https:\/\/universnews224.com\/#\/schema\/person\/a4b7d4f94a4716df60456a491260485e","name":"La R\u00e9daction","image":{"@type":"ImageObject","inLanguage":"fr-FR","@id":"https:\/\/universnews224.com\/#\/schema\/person\/image\/","url":"https:\/\/secure.gravatar.com\/avatar\/edb90acc7752b23e1b3307ad36c14f0d?s=96&d=mm&r=g","contentUrl":"https:\/\/secure.gravatar.com\/avatar\/edb90acc7752b23e1b3307ad36c14f0d?s=96&d=mm&r=g","caption":"La R\u00e9daction"},"sameAs":["https:\/\/universnews224.com"],"url":"https:\/\/universnews224.com\/index.php\/author\/m-camara\/"}]}},"_links":{"self":[{"href":"https:\/\/universnews224.com\/index.php\/wp-json\/wp\/v2\/posts\/8751"}],"collection":[{"href":"https:\/\/universnews224.com\/index.php\/wp-json\/wp\/v2\/posts"}],"about":[{"href":"https:\/\/universnews224.com\/index.php\/wp-json\/wp\/v2\/types\/post"}],"author":[{"embeddable":true,"href":"https:\/\/universnews224.com\/index.php\/wp-json\/wp\/v2\/users\/2"}],"replies":[{"embeddable":true,"href":"https:\/\/universnews224.com\/index.php\/wp-json\/wp\/v2\/comments?post=8751"}],"version-history":[{"count":1,"href":"https:\/\/universnews224.com\/index.php\/wp-json\/wp\/v2\/posts\/8751\/revisions"}],"predecessor-version":[{"id":8753,"href":"https:\/\/universnews224.com\/index.php\/wp-json\/wp\/v2\/posts\/8751\/revisions\/8753"}],"wp:featuredmedia":[{"embeddable":true,"href":"https:\/\/universnews224.com\/index.php\/wp-json\/wp\/v2\/media\/8752"}],"wp:attachment":[{"href":"https:\/\/universnews224.com\/index.php\/wp-json\/wp\/v2\/media?parent=8751"}],"wp:term":[{"taxonomy":"category","embeddable":true,"href":"https:\/\/universnews224.com\/index.php\/wp-json\/wp\/v2\/categories?post=8751"},{"taxonomy":"post_tag","embeddable":true,"href":"https:\/\/universnews224.com\/index.php\/wp-json\/wp\/v2\/tags?post=8751"}],"curies":[{"name":"wp","href":"https:\/\/api.w.org\/{rel}","templated":true}]}}