{"id":8754,"date":"2025-07-29T23:35:58","date_gmt":"2025-07-29T22:35:58","guid":{"rendered":"https:\/\/universnews224.com\/?p=8754"},"modified":"2025-07-29T23:35:58","modified_gmt":"2025-07-29T22:35:58","slug":"urgent-cellou-balde-nomme-ministre-de-la-jeunesse","status":"publish","type":"post","link":"https:\/\/universnews224.com\/index.php\/urgent-cellou-balde-nomme-ministre-de-la-jeunesse\/","title":{"rendered":"Urgent: Cellou Bald\u00e9 nomm\u00e9 ministre de la Jeunesse."},"content":{"rendered":"<div dir=\"auto\" style=\"text-align: left\">C&rsquo;\u00e9tait les tuyaux, c&rsquo;est d\u00e9sormais officiel. Mamadou Cellou Bald\u00e9 vient de faire son rentr\u00e9e dans le gouvernement. Dans un d\u00e9cret lu \u00e0 la t\u00e9l\u00e9vision nationale dans la soir\u00e9e de mardi, 29 juillet 2025, l\u2019ancien responsable des f\u00e9d\u00e9rations de l\u2019int\u00e9rieur de l\u2019UFDG, a \u00e9t\u00e9 nomm\u00e9. ministre de la Jeunesse par le G\u00e9n\u00e9ral Mamadi Doumbouya.<\/div>\n","protected":false},"excerpt":{"rendered":"<p>C&rsquo;\u00e9tait les tuyaux, c&rsquo;est d\u00e9sormais officiel. Mamadou Cellou Bald\u00e9 vient de faire son rentr\u00e9e dans<\/p>\n","protected":false},"author":2,"featured_media":8755,"comment_status":"closed","ping_status":"open","sticky":false,"template":"","format":"standard","meta":[],"categories":[1],"tags":[],"yoast_head":"<!-- This site is optimized with the Yoast SEO plugin v19.13 - https:\/\/yoast.com\/wordpress\/plugins\/seo\/ -->\n<title>Urgent: Cellou Bald\u00e9 nomm\u00e9 ministre de la Jeunesse. - UNIVERSNEWS224<\/title>\n<meta name=\"robots\" content=\"index, follow, max-snippet:-1, max-image-preview:large, max-video-preview:-1\" \/>\n<link rel=\"canonical\" href=\"https:\/\/universnews224.com\/index.php\/urgent-cellou-balde-nomme-ministre-de-la-jeunesse\/\" \/>\n<meta property=\"og:locale\" content=\"fr_FR\" \/>\n<meta property=\"og:type\" content=\"article\" \/>\n<meta property=\"og:title\" content=\"Urgent: Cellou Bald\u00e9 nomm\u00e9 ministre de la Jeunesse. - UNIVERSNEWS224\" \/>\n<meta property=\"og:description\" content=\"C&rsquo;\u00e9tait les tuyaux, c&rsquo;est d\u00e9sormais officiel. Mamadou Cellou Bald\u00e9 vient de faire son rentr\u00e9e dans\" \/>\n<meta property=\"og:url\" content=\"https:\/\/universnews224.com\/index.php\/urgent-cellou-balde-nomme-ministre-de-la-jeunesse\/\" \/>\n<meta property=\"og:site_name\" content=\"UNIVERSNEWS224\" \/>\n<meta property=\"article:published_time\" content=\"2025-07-29T22:35:58+00:00\" \/>\n<meta property=\"og:image\" content=\"https:\/\/universnews224.com\/wp-content\/uploads\/2025\/07\/cellou-balde-UFDG.jpg\" \/>\n\t<meta property=\"og:image:width\" content=\"935\" \/>\n\t<meta property=\"og:image:height\" content=\"623\" \/>\n\t<meta property=\"og:image:type\" content=\"image\/jpeg\" \/>\n<meta name=\"author\" content=\"La R\u00e9daction\" \/>\n<meta name=\"twitter:label1\" content=\"\u00c9crit par\" \/>\n\t<meta name=\"twitter:data1\" content=\"La R\u00e9daction\" \/>\n\t<meta name=\"twitter:label2\" content=\"Dur\u00e9e de lecture estim\u00e9e\" \/>\n\t<meta name=\"twitter:data2\" content=\"1 minute\" \/>\n<script type=\"application\/ld+json\" class=\"yoast-schema-graph\">{\"@context\":\"https:\/\/schema.org\",\"@graph\":[{\"@type\":\"Article\",\"@id\":\"https:\/\/universnews224.com\/index.php\/urgent-cellou-balde-nomme-ministre-de-la-jeunesse\/#article\",\"isPartOf\":{\"@id\":\"https:\/\/universnews224.com\/index.php\/urgent-cellou-balde-nomme-ministre-de-la-jeunesse\/\"},\"author\":{\"name\":\"La R\u00e9daction\",\"@id\":\"https:\/\/universnews224.com\/#\/schema\/person\/a4b7d4f94a4716df60456a491260485e\"},\"headline\":\"Urgent: Cellou Bald\u00e9 nomm\u00e9 ministre de la Jeunesse.\",\"datePublished\":\"2025-07-29T22:35:58+00:00\",\"dateModified\":\"2025-07-29T22:35:58+00:00\",\"mainEntityOfPage\":{\"@id\":\"https:\/\/universnews224.com\/index.php\/urgent-cellou-balde-nomme-ministre-de-la-jeunesse\/\"},\"wordCount\":73,\"publisher\":{\"@id\":\"https:\/\/universnews224.com\/#organization\"},\"inLanguage\":\"fr-FR\"},{\"@type\":\"WebPage\",\"@id\":\"https:\/\/universnews224.com\/index.php\/urgent-cellou-balde-nomme-ministre-de-la-jeunesse\/\",\"url\":\"https:\/\/universnews224.com\/index.php\/urgent-cellou-balde-nomme-ministre-de-la-jeunesse\/\",\"name\":\"Urgent: Cellou Bald\u00e9 nomm\u00e9 ministre de la Jeunesse. - UNIVERSNEWS224\",\"isPartOf\":{\"@id\":\"https:\/\/universnews224.com\/#website\"},\"datePublished\":\"2025-07-29T22:35:58+00:00\",\"dateModified\":\"2025-07-29T22:35:58+00:00\",\"inLanguage\":\"fr-FR\",\"potentialAction\":[{\"@type\":\"ReadAction\",\"target\":[\"https:\/\/universnews224.com\/index.php\/urgent-cellou-balde-nomme-ministre-de-la-jeunesse\/\"]}]},{\"@type\":\"WebSite\",\"@id\":\"https:\/\/universnews224.com\/#website\",\"url\":\"https:\/\/universnews224.com\/\",\"name\":\"UNIVERSNEWS224\",\"description\":\"\",\"publisher\":{\"@id\":\"https:\/\/universnews224.com\/#organization\"},\"potentialAction\":[{\"@type\":\"SearchAction\",\"target\":{\"@type\":\"EntryPoint\",\"urlTemplate\":\"https:\/\/universnews224.com\/?s={search_term_string}\"},\"query-input\":\"required name=search_term_string\"}],\"inLanguage\":\"fr-FR\"},{\"@type\":\"Organization\",\"@id\":\"https:\/\/universnews224.com\/#organization\",\"name\":\"UNIVERSNEWS224\",\"url\":\"https:\/\/universnews224.com\/\",\"logo\":{\"@type\":\"ImageObject\",\"inLanguage\":\"fr-FR\",\"@id\":\"https:\/\/universnews224.com\/#\/schema\/logo\/image\/\",\"url\":\"https:\/\/universnews224.com\/wp-content\/uploads\/2022\/08\/cropped-cropped-logoban.jpg\",\"contentUrl\":\"https:\/\/universnews224.com\/wp-content\/uploads\/2022\/08\/cropped-cropped-logoban.jpg\",\"width\":1080,\"height\":138,\"caption\":\"UNIVERSNEWS224\"},\"image\":{\"@id\":\"https:\/\/universnews224.com\/#\/schema\/logo\/image\/\"}},{\"@type\":\"Person\",\"@id\":\"https:\/\/universnews224.com\/#\/schema\/person\/a4b7d4f94a4716df60456a491260485e\",\"name\":\"La R\u00e9daction\",\"image\":{\"@type\":\"ImageObject\",\"inLanguage\":\"fr-FR\",\"@id\":\"https:\/\/universnews224.com\/#\/schema\/person\/image\/\",\"url\":\"https:\/\/secure.gravatar.com\/avatar\/edb90acc7752b23e1b3307ad36c14f0d?s=96&d=mm&r=g\",\"contentUrl\":\"https:\/\/secure.gravatar.com\/avatar\/edb90acc7752b23e1b3307ad36c14f0d?s=96&d=mm&r=g\",\"caption\":\"La R\u00e9daction\"},\"sameAs\":[\"https:\/\/universnews224.com\"],\"url\":\"https:\/\/universnews224.com\/index.php\/author\/m-camara\/\"}]}<\/script>\n<!-- \/ Yoast SEO plugin. -->","yoast_head_json":{"title":"Urgent: Cellou Bald\u00e9 nomm\u00e9 ministre de la Jeunesse. - UNIVERSNEWS224","robots":{"index":"index","follow":"follow","max-snippet":"max-snippet:-1","max-image-preview":"max-image-preview:large","max-video-preview":"max-video-preview:-1"},"canonical":"https:\/\/universnews224.com\/index.php\/urgent-cellou-balde-nomme-ministre-de-la-jeunesse\/","og_locale":"fr_FR","og_type":"article","og_title":"Urgent: Cellou Bald\u00e9 nomm\u00e9 ministre de la Jeunesse. - UNIVERSNEWS224","og_description":"C&rsquo;\u00e9tait les tuyaux, c&rsquo;est d\u00e9sormais officiel. Mamadou Cellou Bald\u00e9 vient de faire son rentr\u00e9e dans","og_url":"https:\/\/universnews224.com\/index.php\/urgent-cellou-balde-nomme-ministre-de-la-jeunesse\/","og_site_name":"UNIVERSNEWS224","article_published_time":"2025-07-29T22:35:58+00:00","og_image":[{"width":935,"height":623,"url":"https:\/\/universnews224.com\/wp-content\/uploads\/2025\/07\/cellou-balde-UFDG.jpg","type":"image\/jpeg"}],"author":"La R\u00e9daction","twitter_misc":{"\u00c9crit par":"La R\u00e9daction","Dur\u00e9e de lecture estim\u00e9e":"1 minute"},"schema":{"@context":"https:\/\/schema.org","@graph":[{"@type":"Article","@id":"https:\/\/universnews224.com\/index.php\/urgent-cellou-balde-nomme-ministre-de-la-jeunesse\/#article","isPartOf":{"@id":"https:\/\/universnews224.com\/index.php\/urgent-cellou-balde-nomme-ministre-de-la-jeunesse\/"},"author":{"name":"La R\u00e9daction","@id":"https:\/\/universnews224.com\/#\/schema\/person\/a4b7d4f94a4716df60456a491260485e"},"headline":"Urgent: Cellou Bald\u00e9 nomm\u00e9 ministre de la Jeunesse.","datePublished":"2025-07-29T22:35:58+00:00","dateModified":"2025-07-29T22:35:58+00:00","mainEntityOfPage":{"@id":"https:\/\/universnews224.com\/index.php\/urgent-cellou-balde-nomme-ministre-de-la-jeunesse\/"},"wordCount":73,"publisher":{"@id":"https:\/\/universnews224.com\/#organization"},"inLanguage":"fr-FR"},{"@type":"WebPage","@id":"https:\/\/universnews224.com\/index.php\/urgent-cellou-balde-nomme-ministre-de-la-jeunesse\/","url":"https:\/\/universnews224.com\/index.php\/urgent-cellou-balde-nomme-ministre-de-la-jeunesse\/","name":"Urgent: Cellou Bald\u00e9 nomm\u00e9 ministre de la Jeunesse. - UNIVERSNEWS224","isPartOf":{"@id":"https:\/\/universnews224.com\/#website"},"datePublished":"2025-07-29T22:35:58+00:00","dateModified":"2025-07-29T22:35:58+00:00","inLanguage":"fr-FR","potentialAction":[{"@type":"ReadAction","target":["https:\/\/universnews224.com\/index.php\/urgent-cellou-balde-nomme-ministre-de-la-jeunesse\/"]}]},{"@type":"WebSite","@id":"https:\/\/universnews224.com\/#website","url":"https:\/\/universnews224.com\/","name":"UNIVERSNEWS224","description":"","publisher":{"@id":"https:\/\/universnews224.com\/#organization"},"potentialAction":[{"@type":"SearchAction","target":{"@type":"EntryPoint","urlTemplate":"https:\/\/universnews224.com\/?s={search_term_string}"},"query-input":"required name=search_term_string"}],"inLanguage":"fr-FR"},{"@type":"Organization","@id":"https:\/\/universnews224.com\/#organization","name":"UNIVERSNEWS224","url":"https:\/\/universnews224.com\/","logo":{"@type":"ImageObject","inLanguage":"fr-FR","@id":"https:\/\/universnews224.com\/#\/schema\/logo\/image\/","url":"https:\/\/universnews224.com\/wp-content\/uploads\/2022\/08\/cropped-cropped-logoban.jpg","contentUrl":"https:\/\/universnews224.com\/wp-content\/uploads\/2022\/08\/cropped-cropped-logoban.jpg","width":1080,"height":138,"caption":"UNIVERSNEWS224"},"image":{"@id":"https:\/\/universnews224.com\/#\/schema\/logo\/image\/"}},{"@type":"Person","@id":"https:\/\/universnews224.com\/#\/schema\/person\/a4b7d4f94a4716df60456a491260485e","name":"La R\u00e9daction","image":{"@type":"ImageObject","inLanguage":"fr-FR","@id":"https:\/\/universnews224.com\/#\/schema\/person\/image\/","url":"https:\/\/secure.gravatar.com\/avatar\/edb90acc7752b23e1b3307ad36c14f0d?s=96&d=mm&r=g","contentUrl":"https:\/\/secure.gravatar.com\/avatar\/edb90acc7752b23e1b3307ad36c14f0d?s=96&d=mm&r=g","caption":"La R\u00e9daction"},"sameAs":["https:\/\/universnews224.com"],"url":"https:\/\/universnews224.com\/index.php\/author\/m-camara\/"}]}},"_links":{"self":[{"href":"https:\/\/universnews224.com\/index.php\/wp-json\/wp\/v2\/posts\/8754"}],"collection":[{"href":"https:\/\/universnews224.com\/index.php\/wp-json\/wp\/v2\/posts"}],"about":[{"href":"https:\/\/universnews224.com\/index.php\/wp-json\/wp\/v2\/types\/post"}],"author":[{"embeddable":true,"href":"https:\/\/universnews224.com\/index.php\/wp-json\/wp\/v2\/users\/2"}],"replies":[{"embeddable":true,"href":"https:\/\/universnews224.com\/index.php\/wp-json\/wp\/v2\/comments?post=8754"}],"version-history":[{"count":1,"href":"https:\/\/universnews224.com\/index.php\/wp-json\/wp\/v2\/posts\/8754\/revisions"}],"predecessor-version":[{"id":8756,"href":"https:\/\/universnews224.com\/index.php\/wp-json\/wp\/v2\/posts\/8754\/revisions\/8756"}],"wp:featuredmedia":[{"embeddable":true,"href":"https:\/\/universnews224.com\/index.php\/wp-json\/wp\/v2\/media\/8755"}],"wp:attachment":[{"href":"https:\/\/universnews224.com\/index.php\/wp-json\/wp\/v2\/media?parent=8754"}],"wp:term":[{"taxonomy":"category","embeddable":true,"href":"https:\/\/universnews224.com\/index.php\/wp-json\/wp\/v2\/categories?post=8754"},{"taxonomy":"post_tag","embeddable":true,"href":"https:\/\/universnews224.com\/index.php\/wp-json\/wp\/v2\/tags?post=8754"}],"curies":[{"name":"wp","href":"https:\/\/api.w.org\/{rel}","templated":true}]}}