{"id":8761,"date":"2025-07-30T21:57:17","date_gmt":"2025-07-30T20:57:17","guid":{"rendered":"https:\/\/universnews224.com\/?p=8761"},"modified":"2025-07-30T21:57:17","modified_gmt":"2025-07-30T20:57:17","slug":"acces-equitable-a-lenergie-presentation-du-pacte-national-de-lenergie-de-guinee","status":"publish","type":"post","link":"https:\/\/universnews224.com\/index.php\/acces-equitable-a-lenergie-presentation-du-pacte-national-de-lenergie-de-guinee\/","title":{"rendered":"Acc\u00e8s \u00e9quitable \u00e0 l\u2019\u00e9nergie: pr\u00e9sentation du Pacte national de l\u2019\u00e9nergie de Guin\u00e9e"},"content":{"rendered":"<p>Dans le cadre du plan directionnel de d\u00e9veloppement des infrastructures de production et de transport 2016-2030, et le programme d&rsquo;amelioration de l&rsquo;acc\u00e8s \u00e0 l&rsquo;\u00e9lectricit\u00e9 sur le plan national d&rsquo;\u00e9lectrification rurale 2023-2040, le Groupe de la Banque mondiale en collaboration avec le Minist\u00e8re de l&rsquo;Energie, \u00e9tait ce mercredi 30 juillet 2025 \u00e0 Conakry, pour faire la pr\u00e9sentation du projet d&rsquo;\u00e9lectrification de 300 m\u00e9nage en l&rsquo;\u00e9nergie renouvelable et le gaz pour la cuisson propre en R\u00e9publique de Guin\u00e9e.<\/p>\n<p>Un\u00a0 projet qui vise \u00e0 acc\u00e9l\u00e9rer l\u2019acc\u00e8s \u00e0 l\u2019\u00e9lectricit\u00e9, \u00e0 am\u00e9liorer la performance du secteur et \u00e0 mobiliser des capitaux priv\u00e9s pour transformer durablement le paysage \u00e9nerg\u00e9tique du pays.<\/p>\n<p>Avec un financement total estim\u00e9 \u00e0 271,8 millions de dollars, comprenant 100 millions de dollars en cofinancement parall\u00e8le de la Banque europ\u00e9enne d\u2019investissement (BEI) et 11,7 millions de dollars en capitaux priv\u00e9s mobilis\u00e9s, le PAAEG 2 s\u2019inscrit pleinement dans le cadre de l\u2019initiative Mission 300 (M300) men\u00e9e conjointement avec la Banque africaine de d\u00e9veloppement (BAD) et qui vise \u00e0 raccorder 300 millions de personnes \u00e0 l\u2019\u00e9lectricit\u00e9 en Afrique subsaharienne d\u2019ici 2030.<a href=\"https:\/\/universnews224.com\/wp-content\/uploads\/2025\/07\/Issa-Diaw.jpg\"><img loading=\"lazy\" class=\"alignnone size-medium wp-image-8762\" src=\"https:\/\/universnews224.com\/wp-content\/uploads\/2025\/07\/Issa-Diaw-300x161.jpg\" alt=\"\" width=\"300\" height=\"161\" srcset=\"https:\/\/universnews224.com\/wp-content\/uploads\/2025\/07\/Issa-Diaw-300x161.jpg 300w, https:\/\/universnews224.com\/wp-content\/uploads\/2025\/07\/Issa-Diaw.jpg 700w\" sizes=\"(max-width: 300px) 100vw, 300px\" \/><\/a><\/p>\n<p>\u00ab L\u2019\u00e9largissement de l\u2019acc\u00e8s \u00e0 l\u2019\u00e9lectricit\u00e9 est essentiel pour lib\u00e9rer le potentiel \u00e9conomique et social de la Guin\u00e9e. Nous sommes fiers d\u2019appuyer l\u2019ambition du gouvernement d\u2019atteindre l\u2019acc\u00e8s universel tout en posant les fondations d\u2019un secteur \u00e9nerg\u00e9tique plus efficace, r\u00e9silient au climat et financi\u00e8rement viable. Ce projet permettra aussi de mettre \u00e0 l\u2019\u00e9chelle les exp\u00e9riences pilotes, de participation du secteur priv\u00e9 dans le financement et l\u2019exploitation des mini-r\u00e9seaux qui ont \u00e9t\u00e9 initi\u00e9es dans la phase 1\u00bb, a affirm\u00e9 M. Issa Diaw, repr\u00e9sentant r\u00e9sident du Groupe de la Banque mondiale.<\/p>\n<p>Dans son discours de bienvenue, le secr\u00e9taire g\u00e9n\u00e9ral du Minist\u00e8re de l&rsquo;Energie M. Bachir Camara a, au nom du ministre remerci\u00e9 les partenaires financiers et le d\u00e9partement pour la mise en place de ce projet.<a href=\"https:\/\/universnews224.com\/wp-content\/uploads\/2025\/07\/Pacte-3.jpg\"><img loading=\"lazy\" class=\"alignnone size-medium wp-image-8763\" src=\"https:\/\/universnews224.com\/wp-content\/uploads\/2025\/07\/Pacte-3-300x155.jpg\" alt=\"\" width=\"300\" height=\"155\" srcset=\"https:\/\/universnews224.com\/wp-content\/uploads\/2025\/07\/Pacte-3-300x155.jpg 300w, https:\/\/universnews224.com\/wp-content\/uploads\/2025\/07\/Pacte-3.jpg 700w\" sizes=\"(max-width: 300px) 100vw, 300px\" \/><\/a><\/p>\n<p>\u00abLe secteur de l&rsquo;\u00e9nergie est r\u00e9serv\u00e9 sp\u00e9cialement aux gouvernements et aux bailleurs de fonds. C&rsquo;est aujourd&rsquo;hui une \u00e9tape cruciale pour les entreprises priv\u00e9es \u00e9galement, de venir dans ce secteur, d&rsquo;essayer d&rsquo;investir surtout les soci\u00e9t\u00e9s guin\u00e9ennes ou les soci\u00e9t\u00e9s implant\u00e9es en Guin\u00e9e. Le M300, qui se focalise beaucoup sur l&rsquo;\u00e9nergie renouvelable et le gaz pour la cuisson propre, permet de faire ceci. On est capable de d\u00e9velopper des centrales solaires de basse capacit\u00e9, de 5 MW, 10 MW, qui restent encore \u00e0 la port\u00e9e de nos soci\u00e9t\u00e9s, avec ceux qui ont des capitaux inf\u00e9rieurs \u00e0 des dizaines et des milliers de dollars. C&rsquo;est en ce sens que vous \u00eates l\u00e0, essayez de faire cette discussion autour des opportunit\u00e9s et de ce que chacun peut faire \u00bb, a-t-il indiqu\u00e9 comme conseil.<\/p>\n<p>Pour sa part le premier ministre Amadou Oury Bah \u00e0 son tour, f\u00e9licite le groupe de la Banque mondiale pour ce projet gigantesque que la population va bient\u00f4t b\u00e9n\u00e9ficier dans sa grandeur. Et il invite le gouvernement et au niveau de tous les secteurs, de s&rsquo;engager avec force et d\u00e9termination pour qu&rsquo;ils soient au rendez-vous<\/p>\n<p><a href=\"https:\/\/universnews224.com\/wp-content\/uploads\/2025\/07\/Bah-Oury-2.jpg\"><img loading=\"lazy\" class=\"alignnone size-medium wp-image-8764\" src=\"https:\/\/universnews224.com\/wp-content\/uploads\/2025\/07\/Bah-Oury-2-300x153.jpg\" alt=\"\" width=\"300\" height=\"153\" srcset=\"https:\/\/universnews224.com\/wp-content\/uploads\/2025\/07\/Bah-Oury-2-300x153.jpg 300w, https:\/\/universnews224.com\/wp-content\/uploads\/2025\/07\/Bah-Oury-2.jpg 700w\" sizes=\"(max-width: 300px) 100vw, 300px\" \/><\/a>. \u00ab C&rsquo;est possible, ce n&rsquo;est pas impossible, il faut approcher les hommes et les femmes du secteur pour \u00e9voluer les go\u00fbts, \u00e9valuer la faisabilit\u00e9 et cr\u00e9er un \u00e9cosyst\u00e8me avec disons beaucoup de contribuables, beaucoup d&rsquo;\u00e9pargnants, qui permettraient d&rsquo;aller dans le sens de la transformation \u00e9conomique de mani\u00e8re g\u00e9n\u00e9rale \u00bb, a-t-il pr\u00e9cis\u00e9.<\/p>\n<p>Sana Sylla.<\/p>\n","protected":false},"excerpt":{"rendered":"<p>Dans le cadre du plan directionnel de d\u00e9veloppement des infrastructures de production et de transport<\/p>\n","protected":false},"author":2,"featured_media":8766,"comment_status":"closed","ping_status":"open","sticky":false,"template":"","format":"standard","meta":[],"categories":[1],"tags":[237],"yoast_head":"<!-- This site is optimized with the Yoast SEO plugin v19.13 - https:\/\/yoast.com\/wordpress\/plugins\/seo\/ -->\n<title>Acc\u00e8s \u00e9quitable \u00e0 l\u2019\u00e9nergie: pr\u00e9sentation du Pacte national de l\u2019\u00e9nergie de Guin\u00e9e - UNIVERSNEWS224<\/title>\n<meta name=\"robots\" content=\"index, follow, max-snippet:-1, max-image-preview:large, max-video-preview:-1\" \/>\n<link rel=\"canonical\" href=\"https:\/\/universnews224.com\/index.php\/acces-equitable-a-lenergie-presentation-du-pacte-national-de-lenergie-de-guinee\/\" \/>\n<meta property=\"og:locale\" content=\"fr_FR\" \/>\n<meta property=\"og:type\" content=\"article\" \/>\n<meta property=\"og:title\" content=\"Acc\u00e8s \u00e9quitable \u00e0 l\u2019\u00e9nergie: pr\u00e9sentation du Pacte national de l\u2019\u00e9nergie de Guin\u00e9e - UNIVERSNEWS224\" \/>\n<meta property=\"og:description\" content=\"Dans le cadre du plan directionnel de d\u00e9veloppement des infrastructures de production et de transport\" \/>\n<meta property=\"og:url\" content=\"https:\/\/universnews224.com\/index.php\/acces-equitable-a-lenergie-presentation-du-pacte-national-de-lenergie-de-guinee\/\" \/>\n<meta property=\"og:site_name\" content=\"UNIVERSNEWS224\" \/>\n<meta property=\"article:published_time\" content=\"2025-07-30T20:57:17+00:00\" \/>\n<meta property=\"og:image\" content=\"https:\/\/universnews224.com\/wp-content\/uploads\/2025\/07\/Pacte-2.jpg\" \/>\n\t<meta property=\"og:image:width\" content=\"700\" \/>\n\t<meta property=\"og:image:height\" content=\"355\" \/>\n\t<meta property=\"og:image:type\" content=\"image\/jpeg\" \/>\n<meta name=\"author\" content=\"La R\u00e9daction\" \/>\n<meta name=\"twitter:label1\" content=\"\u00c9crit par\" \/>\n\t<meta name=\"twitter:data1\" content=\"La R\u00e9daction\" \/>\n\t<meta name=\"twitter:label2\" content=\"Dur\u00e9e de lecture estim\u00e9e\" \/>\n\t<meta name=\"twitter:data2\" content=\"4 minutes\" \/>\n<script type=\"application\/ld+json\" class=\"yoast-schema-graph\">{\"@context\":\"https:\/\/schema.org\",\"@graph\":[{\"@type\":\"Article\",\"@id\":\"https:\/\/universnews224.com\/index.php\/acces-equitable-a-lenergie-presentation-du-pacte-national-de-lenergie-de-guinee\/#article\",\"isPartOf\":{\"@id\":\"https:\/\/universnews224.com\/index.php\/acces-equitable-a-lenergie-presentation-du-pacte-national-de-lenergie-de-guinee\/\"},\"author\":{\"name\":\"La R\u00e9daction\",\"@id\":\"https:\/\/universnews224.com\/#\/schema\/person\/a4b7d4f94a4716df60456a491260485e\"},\"headline\":\"Acc\u00e8s \u00e9quitable \u00e0 l\u2019\u00e9nergie: pr\u00e9sentation du Pacte national de l\u2019\u00e9nergie de Guin\u00e9e\",\"datePublished\":\"2025-07-30T20:57:17+00:00\",\"dateModified\":\"2025-07-30T20:57:17+00:00\",\"mainEntityOfPage\":{\"@id\":\"https:\/\/universnews224.com\/index.php\/acces-equitable-a-lenergie-presentation-du-pacte-national-de-lenergie-de-guinee\/\"},\"wordCount\":609,\"publisher\":{\"@id\":\"https:\/\/universnews224.com\/#organization\"},\"keywords\":[\"A la une\"],\"inLanguage\":\"fr-FR\"},{\"@type\":\"WebPage\",\"@id\":\"https:\/\/universnews224.com\/index.php\/acces-equitable-a-lenergie-presentation-du-pacte-national-de-lenergie-de-guinee\/\",\"url\":\"https:\/\/universnews224.com\/index.php\/acces-equitable-a-lenergie-presentation-du-pacte-national-de-lenergie-de-guinee\/\",\"name\":\"Acc\u00e8s \u00e9quitable \u00e0 l\u2019\u00e9nergie: pr\u00e9sentation du Pacte national de l\u2019\u00e9nergie de Guin\u00e9e - UNIVERSNEWS224\",\"isPartOf\":{\"@id\":\"https:\/\/universnews224.com\/#website\"},\"datePublished\":\"2025-07-30T20:57:17+00:00\",\"dateModified\":\"2025-07-30T20:57:17+00:00\",\"inLanguage\":\"fr-FR\",\"potentialAction\":[{\"@type\":\"ReadAction\",\"target\":[\"https:\/\/universnews224.com\/index.php\/acces-equitable-a-lenergie-presentation-du-pacte-national-de-lenergie-de-guinee\/\"]}]},{\"@type\":\"WebSite\",\"@id\":\"https:\/\/universnews224.com\/#website\",\"url\":\"https:\/\/universnews224.com\/\",\"name\":\"UNIVERSNEWS224\",\"description\":\"\",\"publisher\":{\"@id\":\"https:\/\/universnews224.com\/#organization\"},\"potentialAction\":[{\"@type\":\"SearchAction\",\"target\":{\"@type\":\"EntryPoint\",\"urlTemplate\":\"https:\/\/universnews224.com\/?s={search_term_string}\"},\"query-input\":\"required name=search_term_string\"}],\"inLanguage\":\"fr-FR\"},{\"@type\":\"Organization\",\"@id\":\"https:\/\/universnews224.com\/#organization\",\"name\":\"UNIVERSNEWS224\",\"url\":\"https:\/\/universnews224.com\/\",\"logo\":{\"@type\":\"ImageObject\",\"inLanguage\":\"fr-FR\",\"@id\":\"https:\/\/universnews224.com\/#\/schema\/logo\/image\/\",\"url\":\"https:\/\/universnews224.com\/wp-content\/uploads\/2022\/08\/cropped-cropped-logoban.jpg\",\"contentUrl\":\"https:\/\/universnews224.com\/wp-content\/uploads\/2022\/08\/cropped-cropped-logoban.jpg\",\"width\":1080,\"height\":138,\"caption\":\"UNIVERSNEWS224\"},\"image\":{\"@id\":\"https:\/\/universnews224.com\/#\/schema\/logo\/image\/\"}},{\"@type\":\"Person\",\"@id\":\"https:\/\/universnews224.com\/#\/schema\/person\/a4b7d4f94a4716df60456a491260485e\",\"name\":\"La R\u00e9daction\",\"image\":{\"@type\":\"ImageObject\",\"inLanguage\":\"fr-FR\",\"@id\":\"https:\/\/universnews224.com\/#\/schema\/person\/image\/\",\"url\":\"https:\/\/secure.gravatar.com\/avatar\/edb90acc7752b23e1b3307ad36c14f0d?s=96&d=mm&r=g\",\"contentUrl\":\"https:\/\/secure.gravatar.com\/avatar\/edb90acc7752b23e1b3307ad36c14f0d?s=96&d=mm&r=g\",\"caption\":\"La R\u00e9daction\"},\"sameAs\":[\"https:\/\/universnews224.com\"],\"url\":\"https:\/\/universnews224.com\/index.php\/author\/m-camara\/\"}]}<\/script>\n<!-- \/ Yoast SEO plugin. -->","yoast_head_json":{"title":"Acc\u00e8s \u00e9quitable \u00e0 l\u2019\u00e9nergie: pr\u00e9sentation du Pacte national de l\u2019\u00e9nergie de Guin\u00e9e - UNIVERSNEWS224","robots":{"index":"index","follow":"follow","max-snippet":"max-snippet:-1","max-image-preview":"max-image-preview:large","max-video-preview":"max-video-preview:-1"},"canonical":"https:\/\/universnews224.com\/index.php\/acces-equitable-a-lenergie-presentation-du-pacte-national-de-lenergie-de-guinee\/","og_locale":"fr_FR","og_type":"article","og_title":"Acc\u00e8s \u00e9quitable \u00e0 l\u2019\u00e9nergie: pr\u00e9sentation du Pacte national de l\u2019\u00e9nergie de Guin\u00e9e - UNIVERSNEWS224","og_description":"Dans le cadre du plan directionnel de d\u00e9veloppement des infrastructures de production et de transport","og_url":"https:\/\/universnews224.com\/index.php\/acces-equitable-a-lenergie-presentation-du-pacte-national-de-lenergie-de-guinee\/","og_site_name":"UNIVERSNEWS224","article_published_time":"2025-07-30T20:57:17+00:00","og_image":[{"width":700,"height":355,"url":"https:\/\/universnews224.com\/wp-content\/uploads\/2025\/07\/Pacte-2.jpg","type":"image\/jpeg"}],"author":"La R\u00e9daction","twitter_misc":{"\u00c9crit par":"La R\u00e9daction","Dur\u00e9e de lecture estim\u00e9e":"4 minutes"},"schema":{"@context":"https:\/\/schema.org","@graph":[{"@type":"Article","@id":"https:\/\/universnews224.com\/index.php\/acces-equitable-a-lenergie-presentation-du-pacte-national-de-lenergie-de-guinee\/#article","isPartOf":{"@id":"https:\/\/universnews224.com\/index.php\/acces-equitable-a-lenergie-presentation-du-pacte-national-de-lenergie-de-guinee\/"},"author":{"name":"La R\u00e9daction","@id":"https:\/\/universnews224.com\/#\/schema\/person\/a4b7d4f94a4716df60456a491260485e"},"headline":"Acc\u00e8s \u00e9quitable \u00e0 l\u2019\u00e9nergie: pr\u00e9sentation du Pacte national de l\u2019\u00e9nergie de Guin\u00e9e","datePublished":"2025-07-30T20:57:17+00:00","dateModified":"2025-07-30T20:57:17+00:00","mainEntityOfPage":{"@id":"https:\/\/universnews224.com\/index.php\/acces-equitable-a-lenergie-presentation-du-pacte-national-de-lenergie-de-guinee\/"},"wordCount":609,"publisher":{"@id":"https:\/\/universnews224.com\/#organization"},"keywords":["A la une"],"inLanguage":"fr-FR"},{"@type":"WebPage","@id":"https:\/\/universnews224.com\/index.php\/acces-equitable-a-lenergie-presentation-du-pacte-national-de-lenergie-de-guinee\/","url":"https:\/\/universnews224.com\/index.php\/acces-equitable-a-lenergie-presentation-du-pacte-national-de-lenergie-de-guinee\/","name":"Acc\u00e8s \u00e9quitable \u00e0 l\u2019\u00e9nergie: pr\u00e9sentation du Pacte national de l\u2019\u00e9nergie de Guin\u00e9e - UNIVERSNEWS224","isPartOf":{"@id":"https:\/\/universnews224.com\/#website"},"datePublished":"2025-07-30T20:57:17+00:00","dateModified":"2025-07-30T20:57:17+00:00","inLanguage":"fr-FR","potentialAction":[{"@type":"ReadAction","target":["https:\/\/universnews224.com\/index.php\/acces-equitable-a-lenergie-presentation-du-pacte-national-de-lenergie-de-guinee\/"]}]},{"@type":"WebSite","@id":"https:\/\/universnews224.com\/#website","url":"https:\/\/universnews224.com\/","name":"UNIVERSNEWS224","description":"","publisher":{"@id":"https:\/\/universnews224.com\/#organization"},"potentialAction":[{"@type":"SearchAction","target":{"@type":"EntryPoint","urlTemplate":"https:\/\/universnews224.com\/?s={search_term_string}"},"query-input":"required name=search_term_string"}],"inLanguage":"fr-FR"},{"@type":"Organization","@id":"https:\/\/universnews224.com\/#organization","name":"UNIVERSNEWS224","url":"https:\/\/universnews224.com\/","logo":{"@type":"ImageObject","inLanguage":"fr-FR","@id":"https:\/\/universnews224.com\/#\/schema\/logo\/image\/","url":"https:\/\/universnews224.com\/wp-content\/uploads\/2022\/08\/cropped-cropped-logoban.jpg","contentUrl":"https:\/\/universnews224.com\/wp-content\/uploads\/2022\/08\/cropped-cropped-logoban.jpg","width":1080,"height":138,"caption":"UNIVERSNEWS224"},"image":{"@id":"https:\/\/universnews224.com\/#\/schema\/logo\/image\/"}},{"@type":"Person","@id":"https:\/\/universnews224.com\/#\/schema\/person\/a4b7d4f94a4716df60456a491260485e","name":"La R\u00e9daction","image":{"@type":"ImageObject","inLanguage":"fr-FR","@id":"https:\/\/universnews224.com\/#\/schema\/person\/image\/","url":"https:\/\/secure.gravatar.com\/avatar\/edb90acc7752b23e1b3307ad36c14f0d?s=96&d=mm&r=g","contentUrl":"https:\/\/secure.gravatar.com\/avatar\/edb90acc7752b23e1b3307ad36c14f0d?s=96&d=mm&r=g","caption":"La R\u00e9daction"},"sameAs":["https:\/\/universnews224.com"],"url":"https:\/\/universnews224.com\/index.php\/author\/m-camara\/"}]}},"_links":{"self":[{"href":"https:\/\/universnews224.com\/index.php\/wp-json\/wp\/v2\/posts\/8761"}],"collection":[{"href":"https:\/\/universnews224.com\/index.php\/wp-json\/wp\/v2\/posts"}],"about":[{"href":"https:\/\/universnews224.com\/index.php\/wp-json\/wp\/v2\/types\/post"}],"author":[{"embeddable":true,"href":"https:\/\/universnews224.com\/index.php\/wp-json\/wp\/v2\/users\/2"}],"replies":[{"embeddable":true,"href":"https:\/\/universnews224.com\/index.php\/wp-json\/wp\/v2\/comments?post=8761"}],"version-history":[{"count":1,"href":"https:\/\/universnews224.com\/index.php\/wp-json\/wp\/v2\/posts\/8761\/revisions"}],"predecessor-version":[{"id":8767,"href":"https:\/\/universnews224.com\/index.php\/wp-json\/wp\/v2\/posts\/8761\/revisions\/8767"}],"wp:featuredmedia":[{"embeddable":true,"href":"https:\/\/universnews224.com\/index.php\/wp-json\/wp\/v2\/media\/8766"}],"wp:attachment":[{"href":"https:\/\/universnews224.com\/index.php\/wp-json\/wp\/v2\/media?parent=8761"}],"wp:term":[{"taxonomy":"category","embeddable":true,"href":"https:\/\/universnews224.com\/index.php\/wp-json\/wp\/v2\/categories?post=8761"},{"taxonomy":"post_tag","embeddable":true,"href":"https:\/\/universnews224.com\/index.php\/wp-json\/wp\/v2\/tags?post=8761"}],"curies":[{"name":"wp","href":"https:\/\/api.w.org\/{rel}","templated":true}]}}