{"id":8772,"date":"2025-07-31T16:48:08","date_gmt":"2025-07-31T15:48:08","guid":{"rendered":"https:\/\/universnews224.com\/?p=8772"},"modified":"2025-07-31T16:48:08","modified_gmt":"2025-07-31T15:48:08","slug":"derriere-minute-le-corps-ibrahima-kalil-keira-retrouve-a-kaporo","status":"publish","type":"post","link":"https:\/\/universnews224.com\/index.php\/derriere-minute-le-corps-ibrahima-kalil-keira-retrouve-a-kaporo\/","title":{"rendered":"Derri\u00e8re minute: Le corps Ibrahima Kalil Keira, retrouv\u00e9 \u00e0 Kaporo."},"content":{"rendered":"<p>Port\u00e9 disparu depuis la nuit du mercredi au jeudi, 31 juillet 2025, le corps sans vie de Ibrahima Kalil Keira Directeur G\u00e9n\u00e9ral Adjoint de l\u2019ANSSI (Agence Nationale de S\u00e9curit\u00e9 des Syst\u00e8mes Informatiques) a finalement \u00e9t\u00e9 retrouv\u00e9, apr\u00e8s des heures de recherches.<\/p>\n<div dir=\"auto\"><\/div>\n<div dir=\"auto\">Ce haut cadre du Minist\u00e8re des Postes, des T\u00e9l\u00e9communications et de l&rsquo;\u00e9conomie a \u00e9t\u00e9 emport\u00e9 par les pluies diluviennes qui s\u2019abattent sur la capitale guin\u00e9enne.<\/div>\n","protected":false},"excerpt":{"rendered":"<p>Port\u00e9 disparu depuis la nuit du mercredi au jeudi, 31 juillet 2025, le corps sans<\/p>\n","protected":false},"author":2,"featured_media":8773,"comment_status":"closed","ping_status":"open","sticky":false,"template":"","format":"standard","meta":[],"categories":[1],"tags":[237],"yoast_head":"<!-- This site is optimized with the Yoast SEO plugin v19.13 - https:\/\/yoast.com\/wordpress\/plugins\/seo\/ -->\n<title>Derri\u00e8re minute: Le corps Ibrahima Kalil Keira, retrouv\u00e9 \u00e0 Kaporo. - UNIVERSNEWS224<\/title>\n<meta name=\"robots\" content=\"index, follow, max-snippet:-1, max-image-preview:large, max-video-preview:-1\" \/>\n<link rel=\"canonical\" href=\"https:\/\/universnews224.com\/index.php\/derriere-minute-le-corps-ibrahima-kalil-keira-retrouve-a-kaporo\/\" \/>\n<meta property=\"og:locale\" content=\"fr_FR\" \/>\n<meta property=\"og:type\" content=\"article\" \/>\n<meta property=\"og:title\" content=\"Derri\u00e8re minute: Le corps Ibrahima Kalil Keira, retrouv\u00e9 \u00e0 Kaporo. - UNIVERSNEWS224\" \/>\n<meta property=\"og:description\" content=\"Port\u00e9 disparu depuis la nuit du mercredi au jeudi, 31 juillet 2025, le corps sans\" \/>\n<meta property=\"og:url\" content=\"https:\/\/universnews224.com\/index.php\/derriere-minute-le-corps-ibrahima-kalil-keira-retrouve-a-kaporo\/\" \/>\n<meta property=\"og:site_name\" content=\"UNIVERSNEWS224\" \/>\n<meta property=\"article:published_time\" content=\"2025-07-31T15:48:08+00:00\" \/>\n<meta property=\"og:image\" content=\"https:\/\/universnews224.com\/wp-content\/uploads\/2025\/07\/DGA-ANSSI.jpg\" \/>\n\t<meta property=\"og:image:width\" content=\"700\" \/>\n\t<meta property=\"og:image:height\" content=\"375\" \/>\n\t<meta property=\"og:image:type\" content=\"image\/jpeg\" \/>\n<meta name=\"author\" content=\"La R\u00e9daction\" \/>\n<meta name=\"twitter:label1\" content=\"\u00c9crit par\" \/>\n\t<meta name=\"twitter:data1\" content=\"La R\u00e9daction\" \/>\n\t<meta name=\"twitter:label2\" content=\"Dur\u00e9e de lecture estim\u00e9e\" \/>\n\t<meta name=\"twitter:data2\" content=\"1 minute\" \/>\n<script type=\"application\/ld+json\" class=\"yoast-schema-graph\">{\"@context\":\"https:\/\/schema.org\",\"@graph\":[{\"@type\":\"Article\",\"@id\":\"https:\/\/universnews224.com\/index.php\/derriere-minute-le-corps-ibrahima-kalil-keira-retrouve-a-kaporo\/#article\",\"isPartOf\":{\"@id\":\"https:\/\/universnews224.com\/index.php\/derriere-minute-le-corps-ibrahima-kalil-keira-retrouve-a-kaporo\/\"},\"author\":{\"name\":\"La R\u00e9daction\",\"@id\":\"https:\/\/universnews224.com\/#\/schema\/person\/a4b7d4f94a4716df60456a491260485e\"},\"headline\":\"Derri\u00e8re minute: Le corps Ibrahima Kalil Keira, retrouv\u00e9 \u00e0 Kaporo.\",\"datePublished\":\"2025-07-31T15:48:08+00:00\",\"dateModified\":\"2025-07-31T15:48:08+00:00\",\"mainEntityOfPage\":{\"@id\":\"https:\/\/universnews224.com\/index.php\/derriere-minute-le-corps-ibrahima-kalil-keira-retrouve-a-kaporo\/\"},\"wordCount\":86,\"publisher\":{\"@id\":\"https:\/\/universnews224.com\/#organization\"},\"keywords\":[\"A la une\"],\"inLanguage\":\"fr-FR\"},{\"@type\":\"WebPage\",\"@id\":\"https:\/\/universnews224.com\/index.php\/derriere-minute-le-corps-ibrahima-kalil-keira-retrouve-a-kaporo\/\",\"url\":\"https:\/\/universnews224.com\/index.php\/derriere-minute-le-corps-ibrahima-kalil-keira-retrouve-a-kaporo\/\",\"name\":\"Derri\u00e8re minute: Le corps Ibrahima Kalil Keira, retrouv\u00e9 \u00e0 Kaporo. - UNIVERSNEWS224\",\"isPartOf\":{\"@id\":\"https:\/\/universnews224.com\/#website\"},\"datePublished\":\"2025-07-31T15:48:08+00:00\",\"dateModified\":\"2025-07-31T15:48:08+00:00\",\"inLanguage\":\"fr-FR\",\"potentialAction\":[{\"@type\":\"ReadAction\",\"target\":[\"https:\/\/universnews224.com\/index.php\/derriere-minute-le-corps-ibrahima-kalil-keira-retrouve-a-kaporo\/\"]}]},{\"@type\":\"WebSite\",\"@id\":\"https:\/\/universnews224.com\/#website\",\"url\":\"https:\/\/universnews224.com\/\",\"name\":\"UNIVERSNEWS224\",\"description\":\"\",\"publisher\":{\"@id\":\"https:\/\/universnews224.com\/#organization\"},\"potentialAction\":[{\"@type\":\"SearchAction\",\"target\":{\"@type\":\"EntryPoint\",\"urlTemplate\":\"https:\/\/universnews224.com\/?s={search_term_string}\"},\"query-input\":\"required name=search_term_string\"}],\"inLanguage\":\"fr-FR\"},{\"@type\":\"Organization\",\"@id\":\"https:\/\/universnews224.com\/#organization\",\"name\":\"UNIVERSNEWS224\",\"url\":\"https:\/\/universnews224.com\/\",\"logo\":{\"@type\":\"ImageObject\",\"inLanguage\":\"fr-FR\",\"@id\":\"https:\/\/universnews224.com\/#\/schema\/logo\/image\/\",\"url\":\"https:\/\/universnews224.com\/wp-content\/uploads\/2022\/08\/cropped-cropped-logoban.jpg\",\"contentUrl\":\"https:\/\/universnews224.com\/wp-content\/uploads\/2022\/08\/cropped-cropped-logoban.jpg\",\"width\":1080,\"height\":138,\"caption\":\"UNIVERSNEWS224\"},\"image\":{\"@id\":\"https:\/\/universnews224.com\/#\/schema\/logo\/image\/\"}},{\"@type\":\"Person\",\"@id\":\"https:\/\/universnews224.com\/#\/schema\/person\/a4b7d4f94a4716df60456a491260485e\",\"name\":\"La R\u00e9daction\",\"image\":{\"@type\":\"ImageObject\",\"inLanguage\":\"fr-FR\",\"@id\":\"https:\/\/universnews224.com\/#\/schema\/person\/image\/\",\"url\":\"https:\/\/secure.gravatar.com\/avatar\/edb90acc7752b23e1b3307ad36c14f0d?s=96&d=mm&r=g\",\"contentUrl\":\"https:\/\/secure.gravatar.com\/avatar\/edb90acc7752b23e1b3307ad36c14f0d?s=96&d=mm&r=g\",\"caption\":\"La R\u00e9daction\"},\"sameAs\":[\"https:\/\/universnews224.com\"],\"url\":\"https:\/\/universnews224.com\/index.php\/author\/m-camara\/\"}]}<\/script>\n<!-- \/ Yoast SEO plugin. -->","yoast_head_json":{"title":"Derri\u00e8re minute: Le corps Ibrahima Kalil Keira, retrouv\u00e9 \u00e0 Kaporo. - UNIVERSNEWS224","robots":{"index":"index","follow":"follow","max-snippet":"max-snippet:-1","max-image-preview":"max-image-preview:large","max-video-preview":"max-video-preview:-1"},"canonical":"https:\/\/universnews224.com\/index.php\/derriere-minute-le-corps-ibrahima-kalil-keira-retrouve-a-kaporo\/","og_locale":"fr_FR","og_type":"article","og_title":"Derri\u00e8re minute: Le corps Ibrahima Kalil Keira, retrouv\u00e9 \u00e0 Kaporo. - UNIVERSNEWS224","og_description":"Port\u00e9 disparu depuis la nuit du mercredi au jeudi, 31 juillet 2025, le corps sans","og_url":"https:\/\/universnews224.com\/index.php\/derriere-minute-le-corps-ibrahima-kalil-keira-retrouve-a-kaporo\/","og_site_name":"UNIVERSNEWS224","article_published_time":"2025-07-31T15:48:08+00:00","og_image":[{"width":700,"height":375,"url":"https:\/\/universnews224.com\/wp-content\/uploads\/2025\/07\/DGA-ANSSI.jpg","type":"image\/jpeg"}],"author":"La R\u00e9daction","twitter_misc":{"\u00c9crit par":"La R\u00e9daction","Dur\u00e9e de lecture estim\u00e9e":"1 minute"},"schema":{"@context":"https:\/\/schema.org","@graph":[{"@type":"Article","@id":"https:\/\/universnews224.com\/index.php\/derriere-minute-le-corps-ibrahima-kalil-keira-retrouve-a-kaporo\/#article","isPartOf":{"@id":"https:\/\/universnews224.com\/index.php\/derriere-minute-le-corps-ibrahima-kalil-keira-retrouve-a-kaporo\/"},"author":{"name":"La R\u00e9daction","@id":"https:\/\/universnews224.com\/#\/schema\/person\/a4b7d4f94a4716df60456a491260485e"},"headline":"Derri\u00e8re minute: Le corps Ibrahima Kalil Keira, retrouv\u00e9 \u00e0 Kaporo.","datePublished":"2025-07-31T15:48:08+00:00","dateModified":"2025-07-31T15:48:08+00:00","mainEntityOfPage":{"@id":"https:\/\/universnews224.com\/index.php\/derriere-minute-le-corps-ibrahima-kalil-keira-retrouve-a-kaporo\/"},"wordCount":86,"publisher":{"@id":"https:\/\/universnews224.com\/#organization"},"keywords":["A la une"],"inLanguage":"fr-FR"},{"@type":"WebPage","@id":"https:\/\/universnews224.com\/index.php\/derriere-minute-le-corps-ibrahima-kalil-keira-retrouve-a-kaporo\/","url":"https:\/\/universnews224.com\/index.php\/derriere-minute-le-corps-ibrahima-kalil-keira-retrouve-a-kaporo\/","name":"Derri\u00e8re minute: Le corps Ibrahima Kalil Keira, retrouv\u00e9 \u00e0 Kaporo. - UNIVERSNEWS224","isPartOf":{"@id":"https:\/\/universnews224.com\/#website"},"datePublished":"2025-07-31T15:48:08+00:00","dateModified":"2025-07-31T15:48:08+00:00","inLanguage":"fr-FR","potentialAction":[{"@type":"ReadAction","target":["https:\/\/universnews224.com\/index.php\/derriere-minute-le-corps-ibrahima-kalil-keira-retrouve-a-kaporo\/"]}]},{"@type":"WebSite","@id":"https:\/\/universnews224.com\/#website","url":"https:\/\/universnews224.com\/","name":"UNIVERSNEWS224","description":"","publisher":{"@id":"https:\/\/universnews224.com\/#organization"},"potentialAction":[{"@type":"SearchAction","target":{"@type":"EntryPoint","urlTemplate":"https:\/\/universnews224.com\/?s={search_term_string}"},"query-input":"required name=search_term_string"}],"inLanguage":"fr-FR"},{"@type":"Organization","@id":"https:\/\/universnews224.com\/#organization","name":"UNIVERSNEWS224","url":"https:\/\/universnews224.com\/","logo":{"@type":"ImageObject","inLanguage":"fr-FR","@id":"https:\/\/universnews224.com\/#\/schema\/logo\/image\/","url":"https:\/\/universnews224.com\/wp-content\/uploads\/2022\/08\/cropped-cropped-logoban.jpg","contentUrl":"https:\/\/universnews224.com\/wp-content\/uploads\/2022\/08\/cropped-cropped-logoban.jpg","width":1080,"height":138,"caption":"UNIVERSNEWS224"},"image":{"@id":"https:\/\/universnews224.com\/#\/schema\/logo\/image\/"}},{"@type":"Person","@id":"https:\/\/universnews224.com\/#\/schema\/person\/a4b7d4f94a4716df60456a491260485e","name":"La R\u00e9daction","image":{"@type":"ImageObject","inLanguage":"fr-FR","@id":"https:\/\/universnews224.com\/#\/schema\/person\/image\/","url":"https:\/\/secure.gravatar.com\/avatar\/edb90acc7752b23e1b3307ad36c14f0d?s=96&d=mm&r=g","contentUrl":"https:\/\/secure.gravatar.com\/avatar\/edb90acc7752b23e1b3307ad36c14f0d?s=96&d=mm&r=g","caption":"La R\u00e9daction"},"sameAs":["https:\/\/universnews224.com"],"url":"https:\/\/universnews224.com\/index.php\/author\/m-camara\/"}]}},"_links":{"self":[{"href":"https:\/\/universnews224.com\/index.php\/wp-json\/wp\/v2\/posts\/8772"}],"collection":[{"href":"https:\/\/universnews224.com\/index.php\/wp-json\/wp\/v2\/posts"}],"about":[{"href":"https:\/\/universnews224.com\/index.php\/wp-json\/wp\/v2\/types\/post"}],"author":[{"embeddable":true,"href":"https:\/\/universnews224.com\/index.php\/wp-json\/wp\/v2\/users\/2"}],"replies":[{"embeddable":true,"href":"https:\/\/universnews224.com\/index.php\/wp-json\/wp\/v2\/comments?post=8772"}],"version-history":[{"count":1,"href":"https:\/\/universnews224.com\/index.php\/wp-json\/wp\/v2\/posts\/8772\/revisions"}],"predecessor-version":[{"id":8774,"href":"https:\/\/universnews224.com\/index.php\/wp-json\/wp\/v2\/posts\/8772\/revisions\/8774"}],"wp:featuredmedia":[{"embeddable":true,"href":"https:\/\/universnews224.com\/index.php\/wp-json\/wp\/v2\/media\/8773"}],"wp:attachment":[{"href":"https:\/\/universnews224.com\/index.php\/wp-json\/wp\/v2\/media?parent=8772"}],"wp:term":[{"taxonomy":"category","embeddable":true,"href":"https:\/\/universnews224.com\/index.php\/wp-json\/wp\/v2\/categories?post=8772"},{"taxonomy":"post_tag","embeddable":true,"href":"https:\/\/universnews224.com\/index.php\/wp-json\/wp\/v2\/tags?post=8772"}],"curies":[{"name":"wp","href":"https:\/\/api.w.org\/{rel}","templated":true}]}}