{"id":8900,"date":"2025-08-15T17:25:37","date_gmt":"2025-08-15T16:25:37","guid":{"rendered":"https:\/\/universnews224.com\/?p=8900"},"modified":"2025-08-15T17:25:37","modified_gmt":"2025-08-15T16:25:37","slug":"vulgarisation-du-projet-de-la-nouvelle-constitution-et-le-oui-au-referendum-mouvement-esprit-patriote-organisera-des-marches-les-30-aout-et-06-septembre-en-allemagne-et-aux-etats-unis","status":"publish","type":"post","link":"https:\/\/universnews224.com\/index.php\/vulgarisation-du-projet-de-la-nouvelle-constitution-et-le-oui-au-referendum-mouvement-esprit-patriote-organisera-des-marches-les-30-aout-et-06-septembre-en-allemagne-et-aux-etats-unis\/","title":{"rendered":"Vulgarisation du projet de la nouvelle Constitution et le Oui au r\u00e9f\u00e9rendum: Mouvement Esprit Patriote organisera des marches\u00a0 les 30 ao\u00fbt et 06 septembre en Allemagne et aux \u00c9tats-Unis."},"content":{"rendered":"<p>Le Mouvement Esprit Patriote qui regroupe des guin\u00e9ens \u00e9tablis en Allemagne et en Am\u00e9rique a annonc\u00e9, l\u2019organisation d\u2019une marche de soutien au pr\u00e9sident de la Transition Mamadi Doumbouya, le 30 ao\u00fbt et le 06 septembre prochain en Allemagne et aux \u00c9tats-Unis. L&rsquo;annonce a \u00e9t\u00e9 faite en marge d\u2019une conf\u00e9rence de presse tenue ce vendredi 15 ao\u00fbt \u00e0 Conakry.<a href=\"https:\/\/universnews224.com\/wp-content\/uploads\/2025\/08\/IMG-20250815-WA0004.jpg\"><img loading=\"lazy\" class=\"alignnone size-medium wp-image-8903\" src=\"https:\/\/universnews224.com\/wp-content\/uploads\/2025\/08\/IMG-20250815-WA0004-300x194.jpg\" alt=\"\" width=\"300\" height=\"194\" srcset=\"https:\/\/universnews224.com\/wp-content\/uploads\/2025\/08\/IMG-20250815-WA0004-300x194.jpg 300w, https:\/\/universnews224.com\/wp-content\/uploads\/2025\/08\/IMG-20250815-WA0004-1024x661.jpg 1024w, https:\/\/universnews224.com\/wp-content\/uploads\/2025\/08\/IMG-20250815-WA0004-768x496.jpg 768w, https:\/\/universnews224.com\/wp-content\/uploads\/2025\/08\/IMG-20250815-WA0004.jpg 1280w\" sizes=\"(max-width: 300px) 100vw, 300px\" \/><\/a>Selon brahima Camara, superviseur et membre fondateur du Mouvement, l&rsquo;objectif de cette initiative vise non seulement \u00e0 vulgariser le contenu de projet de nouvelle constitution, mais aussi inviter les guin\u00e9ens de la diaspora \u00e0 voter OUI au r\u00e9f\u00e9rendum constitutionnel pr\u00e9vu le 21 septembre prochain.<a href=\"https:\/\/universnews224.com\/wp-content\/uploads\/2025\/08\/20250815_113724-scaled.jpg\"><img loading=\"lazy\" class=\"alignnone size-medium wp-image-8904\" src=\"https:\/\/universnews224.com\/wp-content\/uploads\/2025\/08\/20250815_113724-300x169.jpg\" alt=\"\" width=\"300\" height=\"169\" srcset=\"https:\/\/universnews224.com\/wp-content\/uploads\/2025\/08\/20250815_113724-300x169.jpg 300w, https:\/\/universnews224.com\/wp-content\/uploads\/2025\/08\/20250815_113724-1024x576.jpg 1024w, https:\/\/universnews224.com\/wp-content\/uploads\/2025\/08\/20250815_113724-768x432.jpg 768w, https:\/\/universnews224.com\/wp-content\/uploads\/2025\/08\/20250815_113724-1536x864.jpg 1536w, https:\/\/universnews224.com\/wp-content\/uploads\/2025\/08\/20250815_113724-2048x1153.jpg 2048w, https:\/\/universnews224.com\/wp-content\/uploads\/2025\/08\/20250815_113724-800x450.jpg 800w\" sizes=\"(max-width: 300px) 100vw, 300px\" \/><\/a><\/p>\n<p>\u00ab\u00a0La Guin\u00e9e traverse une \u00e9tape d\u00e9cisive de son histoire depuis le coup d\u2019\u00c9tat du 5 septembre 2021, qui a ouvert la voie \u00e0 une transition politique et \u00e0 un processus de refondation des institutions. Le r\u00e9f\u00e9rendum constitutionnel \u00e0 venir repr\u00e9sente une\u00a0 opportunit\u00e9 historique. Le 21 septembre 2025, les Guin\u00e9ens seront appel\u00e9s \u00e0 se prononcer sur le projet de la nouvelle Constitution. Ce r\u00e9f\u00e9rendum est un moment historique. Il est une opportunit\u00e9 pour tous les Guin\u00e9ens, de choisir l&rsquo;avenir institutionnel. C&rsquo;est dans ce contexte que le mouvement lance une grande mobilisation internationale sous les th\u00e8mes vulgarisation, marche pour la paix et pour la nouvelle Constitution. Deux grandes marches pacifiques symboliques sont pr\u00e9vues. Le 30 ao\u00fbt \u00e0 Berlin, la marche d\u00e9butera devant la gare centrale de Berlin jusqu&rsquo;au Bundestag et le 6 septembre \u00e0 Washington au Parlement des Nations Unies. Ces marches visent \u00e0 rassembler la diaspora guin\u00e9enne, mais aussi \u00e0 informer la communaut\u00e9 internationale sur l&rsquo;importance d&rsquo;un r\u00e9f\u00e9rendum\u00bb, a t-il soulign\u00e9, avant d&rsquo;inviter les guin\u00e9ens de s&rsquo;engager dans la vulgarisation du projet de la nouvelle.<a href=\"https:\/\/universnews224.com\/wp-content\/uploads\/2025\/08\/20250815_114635-scaled.jpg\"><img loading=\"lazy\" class=\"alignnone size-medium wp-image-8905\" src=\"https:\/\/universnews224.com\/wp-content\/uploads\/2025\/08\/20250815_114635-300x169.jpg\" alt=\"\" width=\"300\" height=\"169\" srcset=\"https:\/\/universnews224.com\/wp-content\/uploads\/2025\/08\/20250815_114635-300x169.jpg 300w, https:\/\/universnews224.com\/wp-content\/uploads\/2025\/08\/20250815_114635-1024x576.jpg 1024w, https:\/\/universnews224.com\/wp-content\/uploads\/2025\/08\/20250815_114635-768x432.jpg 768w, https:\/\/universnews224.com\/wp-content\/uploads\/2025\/08\/20250815_114635-1536x864.jpg 1536w, https:\/\/universnews224.com\/wp-content\/uploads\/2025\/08\/20250815_114635-2048x1153.jpg 2048w, https:\/\/universnews224.com\/wp-content\/uploads\/2025\/08\/20250815_114635-800x450.jpg 800w\" sizes=\"(max-width: 300px) 100vw, 300px\" \/><\/a><\/p>\n<div dir=\"auto\">\n<div dir=\"auto\">\n<div dir=\"auto\">\u00ab\u00a0Cette nouvelle Constitution peut poser des fondations d&rsquo;un Etat moderne, juste et d\u00e9mocratique, respect\u00e9 des droits et devoirs de chacun. Elle est l&rsquo;occasion de tourner la page des divisions, des crises r\u00e9p\u00e9titives, et de construire ensemble la Guin\u00e9e. Notre mot d&rsquo;ordre est simple, la paix, l&rsquo;unit\u00e9 et la participation. Donc, nous lan\u00e7ons un appel \u00e0 tous les Guin\u00e9ens et Guin\u00e9ennes, aux acteurs politiques et sociaux engagez-vous pour votre patrie. Vulgarisez le projet de la nouvelle Constitution. mettez \u00e0 c\u00f4t\u00e9 des querelles inutiles et privil\u00e9giez l&rsquo;int\u00e9r\u00eat sup\u00e9rieur de la nation\u00bb, a-t-il affirm\u00e9.<a href=\"https:\/\/universnews224.com\/wp-content\/uploads\/2025\/08\/IMG-20250815-WA0002.jpg\"><img loading=\"lazy\" class=\"alignnone size-medium wp-image-8906\" src=\"https:\/\/universnews224.com\/wp-content\/uploads\/2025\/08\/IMG-20250815-WA0002-300x193.jpg\" alt=\"\" width=\"300\" height=\"193\" srcset=\"https:\/\/universnews224.com\/wp-content\/uploads\/2025\/08\/IMG-20250815-WA0002-300x193.jpg 300w, https:\/\/universnews224.com\/wp-content\/uploads\/2025\/08\/IMG-20250815-WA0002-1024x659.jpg 1024w, https:\/\/universnews224.com\/wp-content\/uploads\/2025\/08\/IMG-20250815-WA0002-768x494.jpg 768w, https:\/\/universnews224.com\/wp-content\/uploads\/2025\/08\/IMG-20250815-WA0002.jpg 1280w\" sizes=\"(max-width: 300px) 100vw, 300px\" \/><\/a><\/div>\n<div dir=\"auto\">De son c\u00f4t\u00e9, M. Junior Galice Diallo, coordinateur du mouvement aux \u00c9tats-Unis a expliqu\u00e9 la n\u00e9cessit\u00e9 pour tout guin\u00e9en de vulgariser le contenu du projet de la nouvelle Constitution.<a href=\"https:\/\/universnews224.com\/wp-content\/uploads\/2025\/08\/IMG-20250815-WA0003.jpg\"><img loading=\"lazy\" class=\"alignnone size-medium wp-image-8907\" src=\"https:\/\/universnews224.com\/wp-content\/uploads\/2025\/08\/IMG-20250815-WA0003-300x248.jpg\" alt=\"\" width=\"300\" height=\"248\" srcset=\"https:\/\/universnews224.com\/wp-content\/uploads\/2025\/08\/IMG-20250815-WA0003-300x248.jpg 300w, https:\/\/universnews224.com\/wp-content\/uploads\/2025\/08\/IMG-20250815-WA0003-1024x847.jpg 1024w, https:\/\/universnews224.com\/wp-content\/uploads\/2025\/08\/IMG-20250815-WA0003-768x635.jpg 768w, https:\/\/universnews224.com\/wp-content\/uploads\/2025\/08\/IMG-20250815-WA0003.jpg 1068w\" sizes=\"(max-width: 300px) 100vw, 300px\" \/><\/a><\/div>\n<div dir=\"auto\"><\/div>\n<div dir=\"auto\">\u00a0La\u00a0 constitution n&rsquo;est pas un simple texte, il est l\u00e0 pour un objectif, il tient en compte toute l&rsquo;historique de la Guin\u00e9e. La Guin\u00e9e, on vient de tr\u00e8s loin, plus de 60 ans d&rsquo;ind\u00e9pendance. Et c&rsquo;est pour cela, nous, mouvement Esprit Patriote, nous avons d\u00e9cid\u00e9 de poser des actes concrets \u00e0 travers cette marche, pour vraiment concr\u00e9tiser cette Guin\u00e9e dont tout un chacun r\u00eavant une Guin\u00e9e prosp\u00e8re, o\u00f9 les droits des hommes sont respect\u00e9s, une Guin\u00e9e d\u00e9velopp\u00e9e. Et ce sont ces bases, ces fondements que nous sommes en train de poser maintenant \u00e0 travers cette marche. Donc donnons nous les mains pour d\u00e9velopper cette Guin\u00e9e\u00a0\u00bb, a t-il martel\u00e9 a d\u00e9clar\u00e9 M. Diallo.<a href=\"https:\/\/universnews224.com\/wp-content\/uploads\/2025\/08\/IMG-20250815-WA0002.jpg\"><img loading=\"lazy\" class=\"alignnone size-medium wp-image-8906\" src=\"https:\/\/universnews224.com\/wp-content\/uploads\/2025\/08\/IMG-20250815-WA0002-300x193.jpg\" alt=\"\" width=\"300\" height=\"193\" srcset=\"https:\/\/universnews224.com\/wp-content\/uploads\/2025\/08\/IMG-20250815-WA0002-300x193.jpg 300w, https:\/\/universnews224.com\/wp-content\/uploads\/2025\/08\/IMG-20250815-WA0002-1024x659.jpg 1024w, https:\/\/universnews224.com\/wp-content\/uploads\/2025\/08\/IMG-20250815-WA0002-768x494.jpg 768w, https:\/\/universnews224.com\/wp-content\/uploads\/2025\/08\/IMG-20250815-WA0002.jpg 1280w\" sizes=\"(max-width: 300px) 100vw, 300px\" \/><\/a><\/div>\n<div dir=\"auto\"><\/div>\n<div dir=\"auto\">Alass Sylla.<\/div>\n<\/div>\n<\/div>\n","protected":false},"excerpt":{"rendered":"<p>Le Mouvement Esprit Patriote qui regroupe des guin\u00e9ens \u00e9tablis en Allemagne et en Am\u00e9rique a<\/p>\n","protected":false},"author":2,"featured_media":8906,"comment_status":"closed","ping_status":"open","sticky":false,"template":"","format":"standard","meta":[],"categories":[3,4],"tags":[229],"yoast_head":"<!-- This site is optimized with the Yoast SEO plugin v19.13 - https:\/\/yoast.com\/wordpress\/plugins\/seo\/ -->\n<title>Vulgarisation du projet de la nouvelle Constitution et le Oui au r\u00e9f\u00e9rendum: Mouvement Esprit Patriote organisera des marches\u00a0 les 30 ao\u00fbt et 06 septembre en Allemagne et aux \u00c9tats-Unis. - UNIVERSNEWS224<\/title>\n<meta name=\"robots\" content=\"index, follow, max-snippet:-1, max-image-preview:large, max-video-preview:-1\" \/>\n<link rel=\"canonical\" href=\"https:\/\/universnews224.com\/index.php\/vulgarisation-du-projet-de-la-nouvelle-constitution-et-le-oui-au-referendum-mouvement-esprit-patriote-organisera-des-marches-les-30-aout-et-06-septembre-en-allemagne-et-aux-etats-unis\/\" \/>\n<meta property=\"og:locale\" content=\"fr_FR\" \/>\n<meta property=\"og:type\" content=\"article\" \/>\n<meta property=\"og:title\" content=\"Vulgarisation du projet de la nouvelle Constitution et le Oui au r\u00e9f\u00e9rendum: Mouvement Esprit Patriote organisera des marches\u00a0 les 30 ao\u00fbt et 06 septembre en Allemagne et aux \u00c9tats-Unis. - UNIVERSNEWS224\" \/>\n<meta property=\"og:description\" content=\"Le Mouvement Esprit Patriote qui regroupe des guin\u00e9ens \u00e9tablis en Allemagne et en Am\u00e9rique a\" \/>\n<meta property=\"og:url\" content=\"https:\/\/universnews224.com\/index.php\/vulgarisation-du-projet-de-la-nouvelle-constitution-et-le-oui-au-referendum-mouvement-esprit-patriote-organisera-des-marches-les-30-aout-et-06-septembre-en-allemagne-et-aux-etats-unis\/\" \/>\n<meta property=\"og:site_name\" content=\"UNIVERSNEWS224\" \/>\n<meta property=\"article:published_time\" content=\"2025-08-15T16:25:37+00:00\" \/>\n<meta property=\"og:image\" content=\"https:\/\/universnews224.com\/wp-content\/uploads\/2025\/08\/IMG-20250815-WA0002.jpg\" \/>\n\t<meta property=\"og:image:width\" content=\"1280\" \/>\n\t<meta property=\"og:image:height\" content=\"824\" \/>\n\t<meta property=\"og:image:type\" content=\"image\/jpeg\" \/>\n<meta name=\"author\" content=\"La R\u00e9daction\" \/>\n<meta name=\"twitter:label1\" content=\"\u00c9crit par\" \/>\n\t<meta name=\"twitter:data1\" content=\"La R\u00e9daction\" \/>\n\t<meta name=\"twitter:label2\" content=\"Dur\u00e9e de lecture estim\u00e9e\" \/>\n\t<meta name=\"twitter:data2\" content=\"4 minutes\" \/>\n<script type=\"application\/ld+json\" class=\"yoast-schema-graph\">{\"@context\":\"https:\/\/schema.org\",\"@graph\":[{\"@type\":\"Article\",\"@id\":\"https:\/\/universnews224.com\/index.php\/vulgarisation-du-projet-de-la-nouvelle-constitution-et-le-oui-au-referendum-mouvement-esprit-patriote-organisera-des-marches-les-30-aout-et-06-septembre-en-allemagne-et-aux-etats-unis\/#article\",\"isPartOf\":{\"@id\":\"https:\/\/universnews224.com\/index.php\/vulgarisation-du-projet-de-la-nouvelle-constitution-et-le-oui-au-referendum-mouvement-esprit-patriote-organisera-des-marches-les-30-aout-et-06-septembre-en-allemagne-et-aux-etats-unis\/\"},\"author\":{\"name\":\"La R\u00e9daction\",\"@id\":\"https:\/\/universnews224.com\/#\/schema\/person\/a4b7d4f94a4716df60456a491260485e\"},\"headline\":\"Vulgarisation du projet de la nouvelle Constitution et le Oui au r\u00e9f\u00e9rendum: Mouvement Esprit Patriote organisera des marches\u00a0 les 30 ao\u00fbt et 06 septembre en Allemagne et aux \u00c9tats-Unis.\",\"datePublished\":\"2025-08-15T16:25:37+00:00\",\"dateModified\":\"2025-08-15T16:25:37+00:00\",\"mainEntityOfPage\":{\"@id\":\"https:\/\/universnews224.com\/index.php\/vulgarisation-du-projet-de-la-nouvelle-constitution-et-le-oui-au-referendum-mouvement-esprit-patriote-organisera-des-marches-les-30-aout-et-06-septembre-en-allemagne-et-aux-etats-unis\/\"},\"wordCount\":578,\"publisher\":{\"@id\":\"https:\/\/universnews224.com\/#organization\"},\"keywords\":[\"La une\"],\"articleSection\":[\"ACTU\",\"POLITIQUE\"],\"inLanguage\":\"fr-FR\"},{\"@type\":\"WebPage\",\"@id\":\"https:\/\/universnews224.com\/index.php\/vulgarisation-du-projet-de-la-nouvelle-constitution-et-le-oui-au-referendum-mouvement-esprit-patriote-organisera-des-marches-les-30-aout-et-06-septembre-en-allemagne-et-aux-etats-unis\/\",\"url\":\"https:\/\/universnews224.com\/index.php\/vulgarisation-du-projet-de-la-nouvelle-constitution-et-le-oui-au-referendum-mouvement-esprit-patriote-organisera-des-marches-les-30-aout-et-06-septembre-en-allemagne-et-aux-etats-unis\/\",\"name\":\"Vulgarisation du projet de la nouvelle Constitution et le Oui au r\u00e9f\u00e9rendum: Mouvement Esprit Patriote organisera des marches\u00a0 les 30 ao\u00fbt et 06 septembre en Allemagne et aux \u00c9tats-Unis. - UNIVERSNEWS224\",\"isPartOf\":{\"@id\":\"https:\/\/universnews224.com\/#website\"},\"datePublished\":\"2025-08-15T16:25:37+00:00\",\"dateModified\":\"2025-08-15T16:25:37+00:00\",\"inLanguage\":\"fr-FR\",\"potentialAction\":[{\"@type\":\"ReadAction\",\"target\":[\"https:\/\/universnews224.com\/index.php\/vulgarisation-du-projet-de-la-nouvelle-constitution-et-le-oui-au-referendum-mouvement-esprit-patriote-organisera-des-marches-les-30-aout-et-06-septembre-en-allemagne-et-aux-etats-unis\/\"]}]},{\"@type\":\"WebSite\",\"@id\":\"https:\/\/universnews224.com\/#website\",\"url\":\"https:\/\/universnews224.com\/\",\"name\":\"UNIVERSNEWS224\",\"description\":\"\",\"publisher\":{\"@id\":\"https:\/\/universnews224.com\/#organization\"},\"potentialAction\":[{\"@type\":\"SearchAction\",\"target\":{\"@type\":\"EntryPoint\",\"urlTemplate\":\"https:\/\/universnews224.com\/?s={search_term_string}\"},\"query-input\":\"required name=search_term_string\"}],\"inLanguage\":\"fr-FR\"},{\"@type\":\"Organization\",\"@id\":\"https:\/\/universnews224.com\/#organization\",\"name\":\"UNIVERSNEWS224\",\"url\":\"https:\/\/universnews224.com\/\",\"logo\":{\"@type\":\"ImageObject\",\"inLanguage\":\"fr-FR\",\"@id\":\"https:\/\/universnews224.com\/#\/schema\/logo\/image\/\",\"url\":\"https:\/\/universnews224.com\/wp-content\/uploads\/2022\/08\/cropped-cropped-logoban.jpg\",\"contentUrl\":\"https:\/\/universnews224.com\/wp-content\/uploads\/2022\/08\/cropped-cropped-logoban.jpg\",\"width\":1080,\"height\":138,\"caption\":\"UNIVERSNEWS224\"},\"image\":{\"@id\":\"https:\/\/universnews224.com\/#\/schema\/logo\/image\/\"}},{\"@type\":\"Person\",\"@id\":\"https:\/\/universnews224.com\/#\/schema\/person\/a4b7d4f94a4716df60456a491260485e\",\"name\":\"La R\u00e9daction\",\"image\":{\"@type\":\"ImageObject\",\"inLanguage\":\"fr-FR\",\"@id\":\"https:\/\/universnews224.com\/#\/schema\/person\/image\/\",\"url\":\"https:\/\/secure.gravatar.com\/avatar\/edb90acc7752b23e1b3307ad36c14f0d?s=96&d=mm&r=g\",\"contentUrl\":\"https:\/\/secure.gravatar.com\/avatar\/edb90acc7752b23e1b3307ad36c14f0d?s=96&d=mm&r=g\",\"caption\":\"La R\u00e9daction\"},\"sameAs\":[\"https:\/\/universnews224.com\"],\"url\":\"https:\/\/universnews224.com\/index.php\/author\/m-camara\/\"}]}<\/script>\n<!-- \/ Yoast SEO plugin. -->","yoast_head_json":{"title":"Vulgarisation du projet de la nouvelle Constitution et le Oui au r\u00e9f\u00e9rendum: Mouvement Esprit Patriote organisera des marches\u00a0 les 30 ao\u00fbt et 06 septembre en Allemagne et aux \u00c9tats-Unis. - UNIVERSNEWS224","robots":{"index":"index","follow":"follow","max-snippet":"max-snippet:-1","max-image-preview":"max-image-preview:large","max-video-preview":"max-video-preview:-1"},"canonical":"https:\/\/universnews224.com\/index.php\/vulgarisation-du-projet-de-la-nouvelle-constitution-et-le-oui-au-referendum-mouvement-esprit-patriote-organisera-des-marches-les-30-aout-et-06-septembre-en-allemagne-et-aux-etats-unis\/","og_locale":"fr_FR","og_type":"article","og_title":"Vulgarisation du projet de la nouvelle Constitution et le Oui au r\u00e9f\u00e9rendum: Mouvement Esprit Patriote organisera des marches\u00a0 les 30 ao\u00fbt et 06 septembre en Allemagne et aux \u00c9tats-Unis. - UNIVERSNEWS224","og_description":"Le Mouvement Esprit Patriote qui regroupe des guin\u00e9ens \u00e9tablis en Allemagne et en Am\u00e9rique a","og_url":"https:\/\/universnews224.com\/index.php\/vulgarisation-du-projet-de-la-nouvelle-constitution-et-le-oui-au-referendum-mouvement-esprit-patriote-organisera-des-marches-les-30-aout-et-06-septembre-en-allemagne-et-aux-etats-unis\/","og_site_name":"UNIVERSNEWS224","article_published_time":"2025-08-15T16:25:37+00:00","og_image":[{"width":1280,"height":824,"url":"https:\/\/universnews224.com\/wp-content\/uploads\/2025\/08\/IMG-20250815-WA0002.jpg","type":"image\/jpeg"}],"author":"La R\u00e9daction","twitter_misc":{"\u00c9crit par":"La R\u00e9daction","Dur\u00e9e de lecture estim\u00e9e":"4 minutes"},"schema":{"@context":"https:\/\/schema.org","@graph":[{"@type":"Article","@id":"https:\/\/universnews224.com\/index.php\/vulgarisation-du-projet-de-la-nouvelle-constitution-et-le-oui-au-referendum-mouvement-esprit-patriote-organisera-des-marches-les-30-aout-et-06-septembre-en-allemagne-et-aux-etats-unis\/#article","isPartOf":{"@id":"https:\/\/universnews224.com\/index.php\/vulgarisation-du-projet-de-la-nouvelle-constitution-et-le-oui-au-referendum-mouvement-esprit-patriote-organisera-des-marches-les-30-aout-et-06-septembre-en-allemagne-et-aux-etats-unis\/"},"author":{"name":"La R\u00e9daction","@id":"https:\/\/universnews224.com\/#\/schema\/person\/a4b7d4f94a4716df60456a491260485e"},"headline":"Vulgarisation du projet de la nouvelle Constitution et le Oui au r\u00e9f\u00e9rendum: Mouvement Esprit Patriote organisera des marches\u00a0 les 30 ao\u00fbt et 06 septembre en Allemagne et aux \u00c9tats-Unis.","datePublished":"2025-08-15T16:25:37+00:00","dateModified":"2025-08-15T16:25:37+00:00","mainEntityOfPage":{"@id":"https:\/\/universnews224.com\/index.php\/vulgarisation-du-projet-de-la-nouvelle-constitution-et-le-oui-au-referendum-mouvement-esprit-patriote-organisera-des-marches-les-30-aout-et-06-septembre-en-allemagne-et-aux-etats-unis\/"},"wordCount":578,"publisher":{"@id":"https:\/\/universnews224.com\/#organization"},"keywords":["La une"],"articleSection":["ACTU","POLITIQUE"],"inLanguage":"fr-FR"},{"@type":"WebPage","@id":"https:\/\/universnews224.com\/index.php\/vulgarisation-du-projet-de-la-nouvelle-constitution-et-le-oui-au-referendum-mouvement-esprit-patriote-organisera-des-marches-les-30-aout-et-06-septembre-en-allemagne-et-aux-etats-unis\/","url":"https:\/\/universnews224.com\/index.php\/vulgarisation-du-projet-de-la-nouvelle-constitution-et-le-oui-au-referendum-mouvement-esprit-patriote-organisera-des-marches-les-30-aout-et-06-septembre-en-allemagne-et-aux-etats-unis\/","name":"Vulgarisation du projet de la nouvelle Constitution et le Oui au r\u00e9f\u00e9rendum: Mouvement Esprit Patriote organisera des marches\u00a0 les 30 ao\u00fbt et 06 septembre en Allemagne et aux \u00c9tats-Unis. - UNIVERSNEWS224","isPartOf":{"@id":"https:\/\/universnews224.com\/#website"},"datePublished":"2025-08-15T16:25:37+00:00","dateModified":"2025-08-15T16:25:37+00:00","inLanguage":"fr-FR","potentialAction":[{"@type":"ReadAction","target":["https:\/\/universnews224.com\/index.php\/vulgarisation-du-projet-de-la-nouvelle-constitution-et-le-oui-au-referendum-mouvement-esprit-patriote-organisera-des-marches-les-30-aout-et-06-septembre-en-allemagne-et-aux-etats-unis\/"]}]},{"@type":"WebSite","@id":"https:\/\/universnews224.com\/#website","url":"https:\/\/universnews224.com\/","name":"UNIVERSNEWS224","description":"","publisher":{"@id":"https:\/\/universnews224.com\/#organization"},"potentialAction":[{"@type":"SearchAction","target":{"@type":"EntryPoint","urlTemplate":"https:\/\/universnews224.com\/?s={search_term_string}"},"query-input":"required name=search_term_string"}],"inLanguage":"fr-FR"},{"@type":"Organization","@id":"https:\/\/universnews224.com\/#organization","name":"UNIVERSNEWS224","url":"https:\/\/universnews224.com\/","logo":{"@type":"ImageObject","inLanguage":"fr-FR","@id":"https:\/\/universnews224.com\/#\/schema\/logo\/image\/","url":"https:\/\/universnews224.com\/wp-content\/uploads\/2022\/08\/cropped-cropped-logoban.jpg","contentUrl":"https:\/\/universnews224.com\/wp-content\/uploads\/2022\/08\/cropped-cropped-logoban.jpg","width":1080,"height":138,"caption":"UNIVERSNEWS224"},"image":{"@id":"https:\/\/universnews224.com\/#\/schema\/logo\/image\/"}},{"@type":"Person","@id":"https:\/\/universnews224.com\/#\/schema\/person\/a4b7d4f94a4716df60456a491260485e","name":"La R\u00e9daction","image":{"@type":"ImageObject","inLanguage":"fr-FR","@id":"https:\/\/universnews224.com\/#\/schema\/person\/image\/","url":"https:\/\/secure.gravatar.com\/avatar\/edb90acc7752b23e1b3307ad36c14f0d?s=96&d=mm&r=g","contentUrl":"https:\/\/secure.gravatar.com\/avatar\/edb90acc7752b23e1b3307ad36c14f0d?s=96&d=mm&r=g","caption":"La R\u00e9daction"},"sameAs":["https:\/\/universnews224.com"],"url":"https:\/\/universnews224.com\/index.php\/author\/m-camara\/"}]}},"_links":{"self":[{"href":"https:\/\/universnews224.com\/index.php\/wp-json\/wp\/v2\/posts\/8900"}],"collection":[{"href":"https:\/\/universnews224.com\/index.php\/wp-json\/wp\/v2\/posts"}],"about":[{"href":"https:\/\/universnews224.com\/index.php\/wp-json\/wp\/v2\/types\/post"}],"author":[{"embeddable":true,"href":"https:\/\/universnews224.com\/index.php\/wp-json\/wp\/v2\/users\/2"}],"replies":[{"embeddable":true,"href":"https:\/\/universnews224.com\/index.php\/wp-json\/wp\/v2\/comments?post=8900"}],"version-history":[{"count":1,"href":"https:\/\/universnews224.com\/index.php\/wp-json\/wp\/v2\/posts\/8900\/revisions"}],"predecessor-version":[{"id":8908,"href":"https:\/\/universnews224.com\/index.php\/wp-json\/wp\/v2\/posts\/8900\/revisions\/8908"}],"wp:featuredmedia":[{"embeddable":true,"href":"https:\/\/universnews224.com\/index.php\/wp-json\/wp\/v2\/media\/8906"}],"wp:attachment":[{"href":"https:\/\/universnews224.com\/index.php\/wp-json\/wp\/v2\/media?parent=8900"}],"wp:term":[{"taxonomy":"category","embeddable":true,"href":"https:\/\/universnews224.com\/index.php\/wp-json\/wp\/v2\/categories?post=8900"},{"taxonomy":"post_tag","embeddable":true,"href":"https:\/\/universnews224.com\/index.php\/wp-json\/wp\/v2\/tags?post=8900"}],"curies":[{"name":"wp","href":"https:\/\/api.w.org\/{rel}","templated":true}]}}