{"id":8919,"date":"2025-08-18T14:49:11","date_gmt":"2025-08-18T13:49:11","guid":{"rendered":"https:\/\/universnews224.com\/?p=8919"},"modified":"2025-08-18T14:50:29","modified_gmt":"2025-08-18T13:50:29","slug":"sede-dandiya-n4-les-partenaires-recoivent-des-satisfecits-de-reconnaissance-pour-leur-contribution-a-la-reussite-a-la-mamaya-2025","status":"publish","type":"post","link":"https:\/\/universnews224.com\/index.php\/sede-dandiya-n4-les-partenaires-recoivent-des-satisfecits-de-reconnaissance-pour-leur-contribution-a-la-reussite-a-la-mamaya-2025\/","title":{"rendered":"S\u00e8d\u00e8 Dandiya N\u00b04: les partenaires re\u00e7oivent\u00a0 des satisf\u00e9cits de reconnaissance pour leur contribution \u00e0 la r\u00e9ussite \u00e0 la Mamaya 2025."},"content":{"rendered":"<p dir=\"ltr\" style=\"line-height: 1.38;margin-top: 0.0pt;margin-bottom: 0.0pt\"><span style=\"font-size: 11pt;font-family: Arial, sans-serif;color: #000000;background-color: transparent;vertical-align: baseline\">Apr\u00e8s la 85\u00e8me \u00e9dition de la grande Mamaya de Kankan qui a connu un succ\u00e8s \u00e9clatant, le S\u00e8d\u00e8 Dandiya N\u00b04 a organis\u00e9 le vendredi 15 ao\u00fbt 2025, \u00e0 Conakry, un d\u00eener de reconnaissance \u00e0 l&rsquo;honneur des partenaires qui ont fortement contribu\u00e9 au succ\u00e8s de cette 85\u1d49 \u00e9dition.<a href=\"https:\/\/universnews224.com\/wp-content\/uploads\/2025\/08\/IMG-20250818-WA0000.jpg\"><img loading=\"lazy\" class=\"alignnone size-medium wp-image-8921\" src=\"https:\/\/universnews224.com\/wp-content\/uploads\/2025\/08\/IMG-20250818-WA0000-300x196.jpg\" alt=\"\" width=\"300\" height=\"196\" srcset=\"https:\/\/universnews224.com\/wp-content\/uploads\/2025\/08\/IMG-20250818-WA0000-300x196.jpg 300w, https:\/\/universnews224.com\/wp-content\/uploads\/2025\/08\/IMG-20250818-WA0000-768x503.jpg 768w, https:\/\/universnews224.com\/wp-content\/uploads\/2025\/08\/IMG-20250818-WA0000.jpg 987w\" sizes=\"(max-width: 300px) 100vw, 300px\" \/><\/a><\/span><\/p>\n<p dir=\"ltr\" style=\"line-height: 1.38;margin-top: 0.0pt;margin-bottom: 0.0pt\"><span style=\"font-size: 11pt;font-family: Arial, sans-serif;color: #000000;background-color: transparent;vertical-align: baseline\">Dans sa prise de parole, Mamadouba Diana Kaba, pr\u00e9sident du S\u00e8d\u00e8 Dandiya N4 a exprim\u00e9 sa gratitude envers tous ceux qui ont contribu\u00e9 \u00e0 la r\u00e9ussite de la troisi\u00e8me \u00e9dition de Dandiya N\u00ba4.<a href=\"https:\/\/universnews224.com\/wp-content\/uploads\/2025\/08\/IMG-20250818-WA0001.jpg\"><img loading=\"lazy\" class=\"alignnone size-medium wp-image-8920\" src=\"https:\/\/universnews224.com\/wp-content\/uploads\/2025\/08\/IMG-20250818-WA0001-300x221.jpg\" alt=\"\" width=\"300\" height=\"221\" srcset=\"https:\/\/universnews224.com\/wp-content\/uploads\/2025\/08\/IMG-20250818-WA0001-300x221.jpg 300w, https:\/\/universnews224.com\/wp-content\/uploads\/2025\/08\/IMG-20250818-WA0001-768x565.jpg 768w, https:\/\/universnews224.com\/wp-content\/uploads\/2025\/08\/IMG-20250818-WA0001.jpg 993w\" sizes=\"(max-width: 300px) 100vw, 300px\" \/><\/a><\/span><\/p>\n<p dir=\"ltr\" style=\"line-height: 1.38;margin-top: 0.0pt;margin-bottom: 0.0pt\"><span style=\"font-size: 11pt;font-family: Arial, sans-serif;color: #000000;background-color: transparent;vertical-align: baseline\">\u00abAu nom du S\u00e8d\u00e8 Dandiya N\u00ba4 et de la notabilit\u00e9 de Kankan, permettez-moi tout d\u2019abord d\u2019exprimer mes sinc\u00e8res gratitudes au pr\u00e9sident de la R\u00e9publique, le g\u00e9n\u00e9ral Mamadi Doumbouya, pour sa vision de baptiseur exemplaire et de la visibilit\u00e9 qu\u2019il donne \u00e0 la Mamaya pour son rayonnement, et sa gratitude. Je l\u2019\u00e9tends au premier ministre, chef du gouvernement, M. Amadou Oury Bah et son gouvernement, particuli\u00e8rement \u00e0 M. le ministre de la culture et de l\u2019artisanat, M. Moussa Mo\u00efse Sylla. Votre engagement en faveur du d\u00e9veloppement de la culture et de l\u2019artisanat ne passe pas inaper\u00e7u. Gr\u00e2ce \u00e0 votre ind\u00e9fectible soutien et l\u2019appui des diff\u00e9rentes directions du d\u00e9partement de la culture, la Mamaya a connu une avanc\u00e9e significative dans la promotion et la valorisation de la culture guin\u00e9enne. Nos remerciements \u00e0 M. Issa Diallo, pr\u00e9sident directeur g\u00e9n\u00e9ral de la logistique et de l\u2019environnement By Issa, pour son assistance et sa contribution pour la r\u00e9alisation des diff\u00e9rentes organisations de la Mamaya. Nos remerciements au groupe Guiter SA, notre sponsor officiel, qui n\u2019a m\u00e9nag\u00e9 aucun effort, pour la r\u00e9ussite de la 85e \u00e9dition de la Grande Mamaya de Kankan. Je salue \u00e9galement la pr\u00e9sence de tout un chacun ayant r\u00e9pondu \u00e0 ce d\u00eener qui nous r\u00e9unit ce soir et \u00e9galement, je remercie tous nos partenaires et collaborateurs, pour leurs efforts d\u00e9ploy\u00e9s et leurs contributions \u00e0 la r\u00e9ussite de la Grande Mamaya de Kankan\u00bb, a indiqu\u00e9 le pr\u00e9sident. <a href=\"https:\/\/universnews224.com\/wp-content\/uploads\/2025\/08\/IMG-20250818-WA0003.jpg\"><img loading=\"lazy\" class=\"alignnone size-medium wp-image-8922\" src=\"https:\/\/universnews224.com\/wp-content\/uploads\/2025\/08\/IMG-20250818-WA0003-300x200.jpg\" alt=\"\" width=\"300\" height=\"200\" srcset=\"https:\/\/universnews224.com\/wp-content\/uploads\/2025\/08\/IMG-20250818-WA0003-300x200.jpg 300w, https:\/\/universnews224.com\/wp-content\/uploads\/2025\/08\/IMG-20250818-WA0003-1024x682.jpg 1024w, https:\/\/universnews224.com\/wp-content\/uploads\/2025\/08\/IMG-20250818-WA0003-768x511.jpg 768w, https:\/\/universnews224.com\/wp-content\/uploads\/2025\/08\/IMG-20250818-WA0003.jpg 1280w\" sizes=\"(max-width: 300px) 100vw, 300px\" \/><\/a><\/span><\/p>\n<p dir=\"ltr\" style=\"line-height: 1.38;margin-top: 0.0pt;margin-bottom: 0.0pt\"><span style=\"font-size: 11pt;font-family: Arial, sans-serif;color: #000000;background-color: transparent;vertical-align: baseline\">Et d&rsquo;ajouter, \u00ab Je tiens \u00e0 vous rappeler que sur les 13 projets dont nous nous sommes fix\u00e9s comme objectifs pendant notre mandat de cinq ans, nous avons r\u00e9alis\u00e9 \u00e0 ces jours, la cr\u00e9ation du logo et la vulgarisation de la marque Mamaya pour la rendre plus populaire tant aupr\u00e8s des Guin\u00e9ens que du grand public international. L\u2019organisation de la foire en marge de la Mamaya pour valoriser le savoir-faire de nos artistes et de nos artisans.<\/span><\/p>\n<p dir=\"ltr\" style=\"line-height: 1.38;margin-top: 0.0pt;margin-bottom: 0.0pt\"><span style=\"font-size: 11pt;font-family: Arial, sans-serif;color: #000000;background-color: transparent;vertical-align: baseline\">L\u2019octroi des deux couveuses pour les b\u00e9b\u00e9s en 2023 \u00e0 l\u2019h\u00f4pital r\u00e9gional de Kankan, en collaboration avec Makonko Charity afin de prendre soin des pr\u00e9matur\u00e9s et des b\u00e9b\u00e9s malades pour r\u00e9pondre \u00e0 une pr\u00e9occupation majeure dans cette r\u00e9gion. Le reboisement de 2000 plantes sur le long de la berge du fleuve Milo. La r\u00e9novation de la mosqu\u00e9e de Farakoloninka en 2024, historiquement deuxi\u00e8me mosqu\u00e9e de Kankan. <\/span><span style=\"font-size: 11pt;font-family: Arial, sans-serif;color: #000000;background-color: transparent;vertical-align: baseline\">L\u2019av\u00e8nement des feux tricolores \u00e0 Kankan en 2024, en partenariat avec l\u2019Institut sup\u00e9rieur technologique de Mamou, est une r\u00e9alit\u00e9 aujourd\u2019hui. Cela a permis non seulement de fluidifier la circulation, mais aussi d\u2019\u00e9viter les accidents au niveau de ces carrefours. La cl\u00f4ture du cimeti\u00e8re de Madina en 2025 avec une superficie d\u2019un kilom\u00e8tre carr\u00e9 pour maintenir la dignit\u00e9 et la tranquillit\u00e9 du lieu. L<\/span><span style=\"font-size: 11pt;font-family: Arial, sans-serif;color: #000000;background-color: transparent;vertical-align: baseline\">e don de 30 forages en 2025 \u00e0 Kankan et environs, dont deux \u00e0 Siguiri et un \u00e0 Dogomet, dans la pr\u00e9fecture de Dabola pour l\u2019acc\u00e8s durable de la communaut\u00e9, \u00e0 l\u2019eau potable. La r\u00e9compense cette ann\u00e9e des meilleurs \u00e9l\u00e8ves de Kankan en collaboration avec Simandou Acad\u00e9mie \u00e0 travers le concours d\u2019excellence acad\u00e9mique g\u00e9n\u00e9ral Mamadi Doumbouya qui s\u2019\u00e9largira l\u2019an prochain aux autres pr\u00e9fectures de la Guin\u00e9e \u00bb, a-t-il soulign\u00e9. <a href=\"https:\/\/universnews224.com\/wp-content\/uploads\/2025\/08\/IMG-20250818-WA0004.jpg\"><img loading=\"lazy\" class=\"alignnone size-medium wp-image-8923\" src=\"https:\/\/universnews224.com\/wp-content\/uploads\/2025\/08\/IMG-20250818-WA0004-300x207.jpg\" alt=\"\" width=\"300\" height=\"207\" srcset=\"https:\/\/universnews224.com\/wp-content\/uploads\/2025\/08\/IMG-20250818-WA0004-300x207.jpg 300w, https:\/\/universnews224.com\/wp-content\/uploads\/2025\/08\/IMG-20250818-WA0004-1024x707.jpg 1024w, https:\/\/universnews224.com\/wp-content\/uploads\/2025\/08\/IMG-20250818-WA0004-768x530.jpg 768w, https:\/\/universnews224.com\/wp-content\/uploads\/2025\/08\/IMG-20250818-WA0004.jpg 1180w\" sizes=\"(max-width: 300px) 100vw, 300px\" \/><\/a><\/span><\/p>\n<p dir=\"ltr\" style=\"line-height: 1.38;margin-top: 0.0pt;margin-bottom: 0.0pt\"><span style=\"font-size: 11pt;font-family: Arial, sans-serif;color: #000000;background-color: transparent;vertical-align: baseline\">\u00ab Avant la fin de notre mandat en 2027, le S\u00e8d\u00e8 Dandiya n\u00b04 ambitionne de b\u00e2tir un centre multifonction pour l\u2019autonomisation des jeunes et des femmes de la r\u00e9gion, \u00e0 construire une \u00e9cole primaire de six classes au quartier Brekina, \u00e0 l\u2019installation d\u2019un four moderne, \u00e0 la mise en place d\u2019une usine d\u2019eau potable, \u00e0 la construction d\u2019une r\u00e9sidence Mamaya. Je ne saurai terminer mon propos sans adresser mes remerciements \u00e0 ceux qui nous ont accompagn\u00e9s. J\u2019ai \u00e9t\u00e9 satisfait de votre engagement de cette ann\u00e9e et j\u2019esp\u00e8re compter sur votre soutien pour les projets de l\u2019ann\u00e9e prochaine. Mes remerciements vont \u00e9galement \u00e0 l\u2019endroit des m\u00e9dias qui ont accept\u00e9 de nous accompagner dans nos diff\u00e9rentes activit\u00e9s\u00bb, a-t-il affirm\u00e9.\u00a0<\/span><\/p>\n<p>&nbsp;<\/p>\n<p dir=\"ltr\" style=\"line-height: 1.38;margin-top: 0.0pt;margin-bottom: 0.0pt\"><span style=\"font-size: 11pt;font-family: Arial, sans-serif;color: #000000;background-color: transparent;vertical-align: baseline\">Venu repr\u00e9senter le ministre de la Culture, le chef de cabinet du Minist\u00e8re, Hamidou Bah\u00a0 f\u00e9licit\u00e9 le r\u00f4le que joue la Mamaya.<a href=\"https:\/\/universnews224.com\/wp-content\/uploads\/2025\/08\/IMG-20250818-WA0002.jpg\"><img loading=\"lazy\" class=\"alignnone size-medium wp-image-8924\" src=\"https:\/\/universnews224.com\/wp-content\/uploads\/2025\/08\/IMG-20250818-WA0002-300x179.jpg\" alt=\"\" width=\"300\" height=\"179\" srcset=\"https:\/\/universnews224.com\/wp-content\/uploads\/2025\/08\/IMG-20250818-WA0002-300x179.jpg 300w, https:\/\/universnews224.com\/wp-content\/uploads\/2025\/08\/IMG-20250818-WA0002-1024x610.jpg 1024w, https:\/\/universnews224.com\/wp-content\/uploads\/2025\/08\/IMG-20250818-WA0002-768x458.jpg 768w, https:\/\/universnews224.com\/wp-content\/uploads\/2025\/08\/IMG-20250818-WA0002.jpg 1280w\" sizes=\"(max-width: 300px) 100vw, 300px\" \/><\/a><\/span><\/p>\n<p dir=\"ltr\" style=\"line-height: 1.38;margin-top: 0.0pt;margin-bottom: 0.0pt\"><span style=\"font-size: 11pt;font-family: Arial, sans-serif;color: #000000;background-color: transparent;vertical-align: baseline\">\u00abJ\u2019avoue que je n\u2019\u00e9tais pas tr\u00e8s pr\u00e9par\u00e9 \u00e0 repr\u00e9senter son excellence, monsieur le ministre, aujourd\u2019hui, parce que c\u2019est une activit\u00e9 pour laquelle, bien entendu, il n\u2019aurait pour rien au monde voulu rater ou se faire compter. Malheureusement, il a \u00e9t\u00e9 pris et m\u2019a demand\u00e9 de le repr\u00e9senter \u00e0 cette activit\u00e9 qui lui tient beaucoup \u00e0 c\u0153ur en tant que ministre en charge de la culture et de l\u2019artisanat\u2026 85 ann\u00e9es de Mamaya \u00e0 Kankan, ce n\u2019est pas 85 jours ni 85 mois, c\u2019est le fruit d\u2019un travail acharn\u00e9, c\u2019est le fruit de plusieurs collaborations et aujourd\u2019hui, le pr\u00e9sident l\u2019a rappel\u00e9 ici, il y a des acteurs parmi nous qui n\u2019ont de cesse \u0153uvrer \u00e0 faire en sorte que d\u2019ann\u00e9e en ann\u00e9e, nous soyons encore plus fiers de ce que nous avons de plus solide dans notre pays\u00bb, a-t-il d\u00e9clar\u00e9.<a href=\"https:\/\/universnews224.com\/wp-content\/uploads\/2025\/08\/IMG-20250818-WA0002.jpg\"><img loading=\"lazy\" class=\"alignnone size-medium wp-image-8924\" src=\"https:\/\/universnews224.com\/wp-content\/uploads\/2025\/08\/IMG-20250818-WA0002-300x179.jpg\" alt=\"\" width=\"300\" height=\"179\" srcset=\"https:\/\/universnews224.com\/wp-content\/uploads\/2025\/08\/IMG-20250818-WA0002-300x179.jpg 300w, https:\/\/universnews224.com\/wp-content\/uploads\/2025\/08\/IMG-20250818-WA0002-1024x610.jpg 1024w, https:\/\/universnews224.com\/wp-content\/uploads\/2025\/08\/IMG-20250818-WA0002-768x458.jpg 768w, https:\/\/universnews224.com\/wp-content\/uploads\/2025\/08\/IMG-20250818-WA0002.jpg 1280w\" sizes=\"(max-width: 300px) 100vw, 300px\" \/><\/a><\/span><\/p>\n<p>&nbsp;<\/p>\n<p dir=\"ltr\" style=\"line-height: 1.38;margin-top: 0.0pt;margin-bottom: 0.0pt\"><span style=\"font-size: 11pt;font-family: Arial, sans-serif;color: #000000;background-color: transparent;vertical-align: baseline\">Sana Sylla.<\/span><\/p>\n","protected":false},"excerpt":{"rendered":"<p>Apr\u00e8s la 85\u00e8me \u00e9dition de la grande Mamaya de Kankan qui a connu un succ\u00e8s<\/p>\n","protected":false},"author":2,"featured_media":8922,"comment_status":"closed","ping_status":"open","sticky":false,"template":"","format":"standard","meta":[],"categories":[3,5],"tags":[229],"yoast_head":"<!-- This site is optimized with the Yoast SEO plugin v19.13 - https:\/\/yoast.com\/wordpress\/plugins\/seo\/ -->\n<title>S\u00e8d\u00e8 Dandiya N\u00b04: les partenaires re\u00e7oivent\u00a0 des satisf\u00e9cits de reconnaissance pour leur contribution \u00e0 la r\u00e9ussite \u00e0 la Mamaya 2025. - UNIVERSNEWS224<\/title>\n<meta name=\"robots\" content=\"index, follow, max-snippet:-1, max-image-preview:large, max-video-preview:-1\" \/>\n<link rel=\"canonical\" href=\"https:\/\/universnews224.com\/index.php\/sede-dandiya-n4-les-partenaires-recoivent-des-satisfecits-de-reconnaissance-pour-leur-contribution-a-la-reussite-a-la-mamaya-2025\/\" \/>\n<meta property=\"og:locale\" content=\"fr_FR\" \/>\n<meta property=\"og:type\" content=\"article\" \/>\n<meta property=\"og:title\" content=\"S\u00e8d\u00e8 Dandiya N\u00b04: les partenaires re\u00e7oivent\u00a0 des satisf\u00e9cits de reconnaissance pour leur contribution \u00e0 la r\u00e9ussite \u00e0 la Mamaya 2025. - UNIVERSNEWS224\" \/>\n<meta property=\"og:description\" content=\"Apr\u00e8s la 85\u00e8me \u00e9dition de la grande Mamaya de Kankan qui a connu un succ\u00e8s\" \/>\n<meta property=\"og:url\" content=\"https:\/\/universnews224.com\/index.php\/sede-dandiya-n4-les-partenaires-recoivent-des-satisfecits-de-reconnaissance-pour-leur-contribution-a-la-reussite-a-la-mamaya-2025\/\" \/>\n<meta property=\"og:site_name\" content=\"UNIVERSNEWS224\" \/>\n<meta property=\"article:published_time\" content=\"2025-08-18T13:49:11+00:00\" \/>\n<meta property=\"article:modified_time\" content=\"2025-08-18T13:50:29+00:00\" \/>\n<meta property=\"og:image\" content=\"https:\/\/universnews224.com\/wp-content\/uploads\/2025\/08\/IMG-20250818-WA0003.jpg\" \/>\n\t<meta property=\"og:image:width\" content=\"1280\" \/>\n\t<meta property=\"og:image:height\" content=\"852\" \/>\n\t<meta property=\"og:image:type\" content=\"image\/jpeg\" \/>\n<meta name=\"author\" content=\"La R\u00e9daction\" \/>\n<meta name=\"twitter:label1\" content=\"\u00c9crit par\" \/>\n\t<meta name=\"twitter:data1\" content=\"La R\u00e9daction\" \/>\n\t<meta name=\"twitter:label2\" content=\"Dur\u00e9e de lecture estim\u00e9e\" \/>\n\t<meta name=\"twitter:data2\" content=\"6 minutes\" \/>\n<script type=\"application\/ld+json\" class=\"yoast-schema-graph\">{\"@context\":\"https:\/\/schema.org\",\"@graph\":[{\"@type\":\"Article\",\"@id\":\"https:\/\/universnews224.com\/index.php\/sede-dandiya-n4-les-partenaires-recoivent-des-satisfecits-de-reconnaissance-pour-leur-contribution-a-la-reussite-a-la-mamaya-2025\/#article\",\"isPartOf\":{\"@id\":\"https:\/\/universnews224.com\/index.php\/sede-dandiya-n4-les-partenaires-recoivent-des-satisfecits-de-reconnaissance-pour-leur-contribution-a-la-reussite-a-la-mamaya-2025\/\"},\"author\":{\"name\":\"La R\u00e9daction\",\"@id\":\"https:\/\/universnews224.com\/#\/schema\/person\/a4b7d4f94a4716df60456a491260485e\"},\"headline\":\"S\u00e8d\u00e8 Dandiya N\u00b04: les partenaires re\u00e7oivent\u00a0 des satisf\u00e9cits de reconnaissance pour leur contribution \u00e0 la r\u00e9ussite \u00e0 la Mamaya 2025.\",\"datePublished\":\"2025-08-18T13:49:11+00:00\",\"dateModified\":\"2025-08-18T13:50:29+00:00\",\"mainEntityOfPage\":{\"@id\":\"https:\/\/universnews224.com\/index.php\/sede-dandiya-n4-les-partenaires-recoivent-des-satisfecits-de-reconnaissance-pour-leur-contribution-a-la-reussite-a-la-mamaya-2025\/\"},\"wordCount\":994,\"publisher\":{\"@id\":\"https:\/\/universnews224.com\/#organization\"},\"keywords\":[\"La une\"],\"articleSection\":[\"ACTU\",\"SOCI\u00c9T\u00c9\"],\"inLanguage\":\"fr-FR\"},{\"@type\":\"WebPage\",\"@id\":\"https:\/\/universnews224.com\/index.php\/sede-dandiya-n4-les-partenaires-recoivent-des-satisfecits-de-reconnaissance-pour-leur-contribution-a-la-reussite-a-la-mamaya-2025\/\",\"url\":\"https:\/\/universnews224.com\/index.php\/sede-dandiya-n4-les-partenaires-recoivent-des-satisfecits-de-reconnaissance-pour-leur-contribution-a-la-reussite-a-la-mamaya-2025\/\",\"name\":\"S\u00e8d\u00e8 Dandiya N\u00b04: les partenaires re\u00e7oivent\u00a0 des satisf\u00e9cits de reconnaissance pour leur contribution \u00e0 la r\u00e9ussite \u00e0 la Mamaya 2025. - UNIVERSNEWS224\",\"isPartOf\":{\"@id\":\"https:\/\/universnews224.com\/#website\"},\"datePublished\":\"2025-08-18T13:49:11+00:00\",\"dateModified\":\"2025-08-18T13:50:29+00:00\",\"inLanguage\":\"fr-FR\",\"potentialAction\":[{\"@type\":\"ReadAction\",\"target\":[\"https:\/\/universnews224.com\/index.php\/sede-dandiya-n4-les-partenaires-recoivent-des-satisfecits-de-reconnaissance-pour-leur-contribution-a-la-reussite-a-la-mamaya-2025\/\"]}]},{\"@type\":\"WebSite\",\"@id\":\"https:\/\/universnews224.com\/#website\",\"url\":\"https:\/\/universnews224.com\/\",\"name\":\"UNIVERSNEWS224\",\"description\":\"\",\"publisher\":{\"@id\":\"https:\/\/universnews224.com\/#organization\"},\"potentialAction\":[{\"@type\":\"SearchAction\",\"target\":{\"@type\":\"EntryPoint\",\"urlTemplate\":\"https:\/\/universnews224.com\/?s={search_term_string}\"},\"query-input\":\"required name=search_term_string\"}],\"inLanguage\":\"fr-FR\"},{\"@type\":\"Organization\",\"@id\":\"https:\/\/universnews224.com\/#organization\",\"name\":\"UNIVERSNEWS224\",\"url\":\"https:\/\/universnews224.com\/\",\"logo\":{\"@type\":\"ImageObject\",\"inLanguage\":\"fr-FR\",\"@id\":\"https:\/\/universnews224.com\/#\/schema\/logo\/image\/\",\"url\":\"https:\/\/universnews224.com\/wp-content\/uploads\/2022\/08\/cropped-cropped-logoban.jpg\",\"contentUrl\":\"https:\/\/universnews224.com\/wp-content\/uploads\/2022\/08\/cropped-cropped-logoban.jpg\",\"width\":1080,\"height\":138,\"caption\":\"UNIVERSNEWS224\"},\"image\":{\"@id\":\"https:\/\/universnews224.com\/#\/schema\/logo\/image\/\"}},{\"@type\":\"Person\",\"@id\":\"https:\/\/universnews224.com\/#\/schema\/person\/a4b7d4f94a4716df60456a491260485e\",\"name\":\"La R\u00e9daction\",\"image\":{\"@type\":\"ImageObject\",\"inLanguage\":\"fr-FR\",\"@id\":\"https:\/\/universnews224.com\/#\/schema\/person\/image\/\",\"url\":\"https:\/\/secure.gravatar.com\/avatar\/edb90acc7752b23e1b3307ad36c14f0d?s=96&d=mm&r=g\",\"contentUrl\":\"https:\/\/secure.gravatar.com\/avatar\/edb90acc7752b23e1b3307ad36c14f0d?s=96&d=mm&r=g\",\"caption\":\"La R\u00e9daction\"},\"sameAs\":[\"https:\/\/universnews224.com\"],\"url\":\"https:\/\/universnews224.com\/index.php\/author\/m-camara\/\"}]}<\/script>\n<!-- \/ Yoast SEO plugin. -->","yoast_head_json":{"title":"S\u00e8d\u00e8 Dandiya N\u00b04: les partenaires re\u00e7oivent\u00a0 des satisf\u00e9cits de reconnaissance pour leur contribution \u00e0 la r\u00e9ussite \u00e0 la Mamaya 2025. - UNIVERSNEWS224","robots":{"index":"index","follow":"follow","max-snippet":"max-snippet:-1","max-image-preview":"max-image-preview:large","max-video-preview":"max-video-preview:-1"},"canonical":"https:\/\/universnews224.com\/index.php\/sede-dandiya-n4-les-partenaires-recoivent-des-satisfecits-de-reconnaissance-pour-leur-contribution-a-la-reussite-a-la-mamaya-2025\/","og_locale":"fr_FR","og_type":"article","og_title":"S\u00e8d\u00e8 Dandiya N\u00b04: les partenaires re\u00e7oivent\u00a0 des satisf\u00e9cits de reconnaissance pour leur contribution \u00e0 la r\u00e9ussite \u00e0 la Mamaya 2025. - UNIVERSNEWS224","og_description":"Apr\u00e8s la 85\u00e8me \u00e9dition de la grande Mamaya de Kankan qui a connu un succ\u00e8s","og_url":"https:\/\/universnews224.com\/index.php\/sede-dandiya-n4-les-partenaires-recoivent-des-satisfecits-de-reconnaissance-pour-leur-contribution-a-la-reussite-a-la-mamaya-2025\/","og_site_name":"UNIVERSNEWS224","article_published_time":"2025-08-18T13:49:11+00:00","article_modified_time":"2025-08-18T13:50:29+00:00","og_image":[{"width":1280,"height":852,"url":"https:\/\/universnews224.com\/wp-content\/uploads\/2025\/08\/IMG-20250818-WA0003.jpg","type":"image\/jpeg"}],"author":"La R\u00e9daction","twitter_misc":{"\u00c9crit par":"La R\u00e9daction","Dur\u00e9e de lecture estim\u00e9e":"6 minutes"},"schema":{"@context":"https:\/\/schema.org","@graph":[{"@type":"Article","@id":"https:\/\/universnews224.com\/index.php\/sede-dandiya-n4-les-partenaires-recoivent-des-satisfecits-de-reconnaissance-pour-leur-contribution-a-la-reussite-a-la-mamaya-2025\/#article","isPartOf":{"@id":"https:\/\/universnews224.com\/index.php\/sede-dandiya-n4-les-partenaires-recoivent-des-satisfecits-de-reconnaissance-pour-leur-contribution-a-la-reussite-a-la-mamaya-2025\/"},"author":{"name":"La R\u00e9daction","@id":"https:\/\/universnews224.com\/#\/schema\/person\/a4b7d4f94a4716df60456a491260485e"},"headline":"S\u00e8d\u00e8 Dandiya N\u00b04: les partenaires re\u00e7oivent\u00a0 des satisf\u00e9cits de reconnaissance pour leur contribution \u00e0 la r\u00e9ussite \u00e0 la Mamaya 2025.","datePublished":"2025-08-18T13:49:11+00:00","dateModified":"2025-08-18T13:50:29+00:00","mainEntityOfPage":{"@id":"https:\/\/universnews224.com\/index.php\/sede-dandiya-n4-les-partenaires-recoivent-des-satisfecits-de-reconnaissance-pour-leur-contribution-a-la-reussite-a-la-mamaya-2025\/"},"wordCount":994,"publisher":{"@id":"https:\/\/universnews224.com\/#organization"},"keywords":["La une"],"articleSection":["ACTU","SOCI\u00c9T\u00c9"],"inLanguage":"fr-FR"},{"@type":"WebPage","@id":"https:\/\/universnews224.com\/index.php\/sede-dandiya-n4-les-partenaires-recoivent-des-satisfecits-de-reconnaissance-pour-leur-contribution-a-la-reussite-a-la-mamaya-2025\/","url":"https:\/\/universnews224.com\/index.php\/sede-dandiya-n4-les-partenaires-recoivent-des-satisfecits-de-reconnaissance-pour-leur-contribution-a-la-reussite-a-la-mamaya-2025\/","name":"S\u00e8d\u00e8 Dandiya N\u00b04: les partenaires re\u00e7oivent\u00a0 des satisf\u00e9cits de reconnaissance pour leur contribution \u00e0 la r\u00e9ussite \u00e0 la Mamaya 2025. - UNIVERSNEWS224","isPartOf":{"@id":"https:\/\/universnews224.com\/#website"},"datePublished":"2025-08-18T13:49:11+00:00","dateModified":"2025-08-18T13:50:29+00:00","inLanguage":"fr-FR","potentialAction":[{"@type":"ReadAction","target":["https:\/\/universnews224.com\/index.php\/sede-dandiya-n4-les-partenaires-recoivent-des-satisfecits-de-reconnaissance-pour-leur-contribution-a-la-reussite-a-la-mamaya-2025\/"]}]},{"@type":"WebSite","@id":"https:\/\/universnews224.com\/#website","url":"https:\/\/universnews224.com\/","name":"UNIVERSNEWS224","description":"","publisher":{"@id":"https:\/\/universnews224.com\/#organization"},"potentialAction":[{"@type":"SearchAction","target":{"@type":"EntryPoint","urlTemplate":"https:\/\/universnews224.com\/?s={search_term_string}"},"query-input":"required name=search_term_string"}],"inLanguage":"fr-FR"},{"@type":"Organization","@id":"https:\/\/universnews224.com\/#organization","name":"UNIVERSNEWS224","url":"https:\/\/universnews224.com\/","logo":{"@type":"ImageObject","inLanguage":"fr-FR","@id":"https:\/\/universnews224.com\/#\/schema\/logo\/image\/","url":"https:\/\/universnews224.com\/wp-content\/uploads\/2022\/08\/cropped-cropped-logoban.jpg","contentUrl":"https:\/\/universnews224.com\/wp-content\/uploads\/2022\/08\/cropped-cropped-logoban.jpg","width":1080,"height":138,"caption":"UNIVERSNEWS224"},"image":{"@id":"https:\/\/universnews224.com\/#\/schema\/logo\/image\/"}},{"@type":"Person","@id":"https:\/\/universnews224.com\/#\/schema\/person\/a4b7d4f94a4716df60456a491260485e","name":"La R\u00e9daction","image":{"@type":"ImageObject","inLanguage":"fr-FR","@id":"https:\/\/universnews224.com\/#\/schema\/person\/image\/","url":"https:\/\/secure.gravatar.com\/avatar\/edb90acc7752b23e1b3307ad36c14f0d?s=96&d=mm&r=g","contentUrl":"https:\/\/secure.gravatar.com\/avatar\/edb90acc7752b23e1b3307ad36c14f0d?s=96&d=mm&r=g","caption":"La R\u00e9daction"},"sameAs":["https:\/\/universnews224.com"],"url":"https:\/\/universnews224.com\/index.php\/author\/m-camara\/"}]}},"_links":{"self":[{"href":"https:\/\/universnews224.com\/index.php\/wp-json\/wp\/v2\/posts\/8919"}],"collection":[{"href":"https:\/\/universnews224.com\/index.php\/wp-json\/wp\/v2\/posts"}],"about":[{"href":"https:\/\/universnews224.com\/index.php\/wp-json\/wp\/v2\/types\/post"}],"author":[{"embeddable":true,"href":"https:\/\/universnews224.com\/index.php\/wp-json\/wp\/v2\/users\/2"}],"replies":[{"embeddable":true,"href":"https:\/\/universnews224.com\/index.php\/wp-json\/wp\/v2\/comments?post=8919"}],"version-history":[{"count":3,"href":"https:\/\/universnews224.com\/index.php\/wp-json\/wp\/v2\/posts\/8919\/revisions"}],"predecessor-version":[{"id":8927,"href":"https:\/\/universnews224.com\/index.php\/wp-json\/wp\/v2\/posts\/8919\/revisions\/8927"}],"wp:featuredmedia":[{"embeddable":true,"href":"https:\/\/universnews224.com\/index.php\/wp-json\/wp\/v2\/media\/8922"}],"wp:attachment":[{"href":"https:\/\/universnews224.com\/index.php\/wp-json\/wp\/v2\/media?parent=8919"}],"wp:term":[{"taxonomy":"category","embeddable":true,"href":"https:\/\/universnews224.com\/index.php\/wp-json\/wp\/v2\/categories?post=8919"},{"taxonomy":"post_tag","embeddable":true,"href":"https:\/\/universnews224.com\/index.php\/wp-json\/wp\/v2\/tags?post=8919"}],"curies":[{"name":"wp","href":"https:\/\/api.w.org\/{rel}","templated":true}]}}