{"id":8931,"date":"2025-08-19T21:27:55","date_gmt":"2025-08-19T20:27:55","guid":{"rendered":"https:\/\/universnews224.com\/?p=8931"},"modified":"2025-08-19T21:27:55","modified_gmt":"2025-08-19T20:27:55","slug":"conakry-le-forum-ensemble-pour-la-guinee-lance-ses-activites","status":"publish","type":"post","link":"https:\/\/universnews224.com\/index.php\/conakry-le-forum-ensemble-pour-la-guinee-lance-ses-activites\/","title":{"rendered":"Conakry: Le forum \u00ab\u00a0ENSEMBLE POUR LA GUINEE\u00a0\u00bb lance ses activit\u00e9s."},"content":{"rendered":"<div dir=\"auto\">C&rsquo;est dans une ambiance bon enfant que les Responsables du Forum \u00a0\u00bb ENSEMBLE POUR LA GUINEE (EPG) ont proc\u00e9d\u00e9, ce mardi, 19 ao\u00fbt 2025, \u00e0 Conakry, au lancement officiel de leurs activit\u00e9s. Compos\u00e9 de 54 partis politiques et 126 organisations de la soci\u00e9t\u00e9 guin\u00e9enne, l&rsquo;objectif de ce forum vise \u00e0 soutenir la candidature du G\u00e9n\u00e9ral Mamadi Doumbouya aux \u00e9lections pr\u00e9sidentielles prochaines. <a href=\"https:\/\/universnews224.com\/wp-content\/uploads\/2025\/08\/IMG-20250819-WA0021.jpg\"><img loading=\"lazy\" class=\"alignnone size-medium wp-image-8932\" src=\"https:\/\/universnews224.com\/wp-content\/uploads\/2025\/08\/IMG-20250819-WA0021-300x178.jpg\" alt=\"\" width=\"300\" height=\"178\" srcset=\"https:\/\/universnews224.com\/wp-content\/uploads\/2025\/08\/IMG-20250819-WA0021-300x178.jpg 300w, https:\/\/universnews224.com\/wp-content\/uploads\/2025\/08\/IMG-20250819-WA0021-1024x608.jpg 1024w, https:\/\/universnews224.com\/wp-content\/uploads\/2025\/08\/IMG-20250819-WA0021-768x456.jpg 768w, https:\/\/universnews224.com\/wp-content\/uploads\/2025\/08\/IMG-20250819-WA0021.jpg 1080w\" sizes=\"(max-width: 300px) 100vw, 300px\" \/><\/a><\/div>\n<div dir=\"auto\">Dans son discours de circonstance, Ousmane Dady Camara, Coordinateur national EPG, est revenu sur les raisons qui ont motiv\u00e9 la cr\u00e9ation de ce forum.<a href=\"https:\/\/universnews224.com\/wp-content\/uploads\/2025\/08\/IMG-20250819-WA0024.jpg\"><img loading=\"lazy\" class=\"alignnone size-medium wp-image-8933\" src=\"https:\/\/universnews224.com\/wp-content\/uploads\/2025\/08\/IMG-20250819-WA0024-300x164.jpg\" alt=\"\" width=\"300\" height=\"164\" srcset=\"https:\/\/universnews224.com\/wp-content\/uploads\/2025\/08\/IMG-20250819-WA0024-300x164.jpg 300w, https:\/\/universnews224.com\/wp-content\/uploads\/2025\/08\/IMG-20250819-WA0024-1024x559.jpg 1024w, https:\/\/universnews224.com\/wp-content\/uploads\/2025\/08\/IMG-20250819-WA0024-768x420.jpg 768w, https:\/\/universnews224.com\/wp-content\/uploads\/2025\/08\/IMG-20250819-WA0024.jpg 1080w\" sizes=\"(max-width: 300px) 100vw, 300px\" \/><\/a><\/div>\n<div dir=\"auto\"><\/div>\n<div dir=\"auto\">\u00ab\u00a0Ce Forum, n\u00e9 d\u2019un large consensus, rassembles en son sein les acteurs cl\u00e9s de la r\u00e9elle politique nationale, qui sont anim\u00e9s par une conviction : c\u2019est le d\u00e9veloppement, c\u2019est le progr\u00e8s et le G\u00e9n\u00e9ral Mamadi Doumbouya est ce d\u00e9veloppement, est ce progr\u00e8s. En moins de quatre ann\u00e9es, la Guin\u00e9e a connu une transformation r\u00e9elle sous la conduite du Comit\u00e9 National de Rassemblement pour le D\u00e9veloppement, le CNRD. Cette \u00e9quipe, sous la vision claire et rigoureuse du G\u00e9n\u00e9ral Mamadi Doumbouya, a su redresser le pays dans un contexte international difficile, marqu\u00e9 par des d\u00e9fis multiples, tant au plan s\u00e9curitaire, \u00e9conomique que social. \u00c0 ce jour, dire que le bilan du CNRD est \u00e0 la hauteur des attentes du peuple guin\u00e9en est une redondance. Ces attentes se r\u00e9sument \u00e0 l\u2019amorce de la refondation de l\u2019\u00c9tat, pr\u00e9alable indispensable pour une d\u00e9mocratie inclusive et un d\u00e9veloppement g\u00e9n\u00e9rateur de prosp\u00e9rit\u00e9 partag\u00e9e\u00a0\u00bb, a t-il indiqu\u00e9.<a href=\"https:\/\/universnews224.com\/wp-content\/uploads\/2025\/08\/IMG-20250819-WA0022.jpg\"><img loading=\"lazy\" class=\"alignnone size-medium wp-image-8934\" src=\"https:\/\/universnews224.com\/wp-content\/uploads\/2025\/08\/IMG-20250819-WA0022-300x162.jpg\" alt=\"\" width=\"300\" height=\"162\" srcset=\"https:\/\/universnews224.com\/wp-content\/uploads\/2025\/08\/IMG-20250819-WA0022-300x162.jpg 300w, https:\/\/universnews224.com\/wp-content\/uploads\/2025\/08\/IMG-20250819-WA0022-1024x552.jpg 1024w, https:\/\/universnews224.com\/wp-content\/uploads\/2025\/08\/IMG-20250819-WA0022-768x414.jpg 768w, https:\/\/universnews224.com\/wp-content\/uploads\/2025\/08\/IMG-20250819-WA0022.jpg 1080w\" sizes=\"(max-width: 300px) 100vw, 300px\" \/><\/a><\/div>\n<div dir=\"auto\">Poursuivant, le coordinateur national du forum \u00ab\u00a0ENSEMBLE POUR LA GUINEE\u00a0\u00bb a vant\u00e9 les r\u00e9formes \u00e9conomiques majeures mises en place par le CNRD, notamment le programme Simandou 2040. <a href=\"https:\/\/universnews224.com\/wp-content\/uploads\/2025\/08\/IMG-20250819-WA0014.jpg\"><img loading=\"lazy\" class=\"alignnone size-medium wp-image-8935\" src=\"https:\/\/universnews224.com\/wp-content\/uploads\/2025\/08\/IMG-20250819-WA0014-300x135.jpg\" alt=\"\" width=\"300\" height=\"135\" srcset=\"https:\/\/universnews224.com\/wp-content\/uploads\/2025\/08\/IMG-20250819-WA0014-300x135.jpg 300w, https:\/\/universnews224.com\/wp-content\/uploads\/2025\/08\/IMG-20250819-WA0014-1024x461.jpg 1024w, https:\/\/universnews224.com\/wp-content\/uploads\/2025\/08\/IMG-20250819-WA0014-768x346.jpg 768w, https:\/\/universnews224.com\/wp-content\/uploads\/2025\/08\/IMG-20250819-WA0014.jpg 1280w\" sizes=\"(max-width: 300px) 100vw, 300px\" \/><\/a><\/div>\n<div dir=\"auto\">\n<div dir=\"auto\"><\/div>\n<div dir=\"auto\">\u00ab\u00a0Depuis le 5 septembre 2021, le secteur \u00e9conomique de notre pays a connu une croissance qui redonne confiance aux investisseurs et aux partenaires \u00e9conomiques et financiers. Au plan social, des mesures concr\u00e8tes en faveur des populations vuln\u00e9rables ont \u00e9t\u00e9 mises en \u0153uvre : acc\u00e8s \u00e9largi \u00e0 l\u2019\u00e9ducation, am\u00e9lioration des services de sant\u00e9, programme d\u2019insertion des jeunes dans l\u2019emploi et l\u2019entrepreneuriat. Ces acquis sont le fruit d\u2019un engagement personnel du G\u00e9n\u00e9ral Mamadi Doumbouya et d\u2019une vision partag\u00e9e avec le peuple guin\u00e9en, qui est le seul b\u00e9n\u00e9ficiaire de ce bien-\u00eatre\u00a0\u00bb, a t-il indiqu\u00e9.<a href=\"https:\/\/universnews224.com\/wp-content\/uploads\/2025\/08\/IMG-20250819-WA0019.jpg\"><img loading=\"lazy\" class=\"alignnone size-medium wp-image-8936\" src=\"https:\/\/universnews224.com\/wp-content\/uploads\/2025\/08\/IMG-20250819-WA0019-300x135.jpg\" alt=\"\" width=\"300\" height=\"135\" srcset=\"https:\/\/universnews224.com\/wp-content\/uploads\/2025\/08\/IMG-20250819-WA0019-300x135.jpg 300w, https:\/\/universnews224.com\/wp-content\/uploads\/2025\/08\/IMG-20250819-WA0019-1024x461.jpg 1024w, https:\/\/universnews224.com\/wp-content\/uploads\/2025\/08\/IMG-20250819-WA0019-768x346.jpg 768w, https:\/\/universnews224.com\/wp-content\/uploads\/2025\/08\/IMG-20250819-WA0019.jpg 1280w\" sizes=\"(max-width: 300px) 100vw, 300px\" \/><\/a><\/div>\n<div dir=\"auto\"><\/div>\n<div dir=\"auto\">Plus loin, Ousmane Dady Camara a invit\u00e9 les guin\u00e9ens \u00e0 voter OUI au r\u00e9f\u00e9rendum constitutionnel pr\u00e9vu le 21 septembre prochain. Selon lui,\u00a0 ce r\u00e9f\u00e9rendum est pour notre pays, une \u00e9tape d\u00e9cisive de contribution \u00e0 l\u2019unification de notre nation.<a href=\"https:\/\/universnews224.com\/wp-content\/uploads\/2025\/08\/IMG-20250819-WA0024-1.jpg\"><img loading=\"lazy\" class=\"alignnone size-medium wp-image-8937\" src=\"https:\/\/universnews224.com\/wp-content\/uploads\/2025\/08\/IMG-20250819-WA0024-1-300x164.jpg\" alt=\"\" width=\"300\" height=\"164\" srcset=\"https:\/\/universnews224.com\/wp-content\/uploads\/2025\/08\/IMG-20250819-WA0024-1-300x164.jpg 300w, https:\/\/universnews224.com\/wp-content\/uploads\/2025\/08\/IMG-20250819-WA0024-1-1024x559.jpg 1024w, https:\/\/universnews224.com\/wp-content\/uploads\/2025\/08\/IMG-20250819-WA0024-1-768x420.jpg 768w, https:\/\/universnews224.com\/wp-content\/uploads\/2025\/08\/IMG-20250819-WA0024-1.jpg 1080w\" sizes=\"(max-width: 300px) 100vw, 300px\" \/><\/a><\/div>\n<div dir=\"auto\">\u00ab\u00a0Il ne s\u2019agit pas d\u2019un simple vote, ni d\u2019un texte, ni d\u2019une r\u00e9forme constitutionnelle. C\u2019est un tournant d\u00e9cisif de notre histoire commune. Cette Constitution, dans son proc\u00e9d\u00e9 d\u2019\u00e9laboration, a \u00e9t\u00e9 globalement inclusive, prenant en compte toutes nos r\u00e9alit\u00e9s. C\u2019est pourquoi chacun, o\u00f9 qu\u2019il soit, doit comprendre que le socle de la construction d\u2019institutions solides, ind\u00e9pendantes, fortes, capables de garantir la stabilit\u00e9 politique, la justice sociale, la protection des droits et libert\u00e9s, et surtout de g\u00e9n\u00e9rer un d\u00e9veloppement durable, inclusif et partag\u00e9, est entre nos mains. Dans les prochains jours, ce Forum va d\u00e9ployer l\u2019ensemble de ses membres sur toute l\u2019\u00e9tendue du territoire national et \u00e0 l\u2019\u00e9tranger pour inviter \u00e0 voter \u00ab oui \u00bb.Chers compatriotes, notre Forum est convaincu que le 21 septembre 2025, la Guin\u00e9e votera \u00ab Oui \u00bb. Nous \u00e9crirons une page glorieuse de notre histoire en offrant \u00e0 la Guin\u00e9e une Constitution claire, qui fera de notre pays un mod\u00e8le de rassemblement, de stabilit\u00e9 et de progr\u00e8s. Vive la Guin\u00e9e unie et forte !\u00a0\u00bb, a t-il martel\u00e9.<a href=\"https:\/\/universnews224.com\/wp-content\/uploads\/2025\/08\/IMG-20250819-WA0005.jpg\"><img loading=\"lazy\" class=\"alignnone size-medium wp-image-8938\" src=\"https:\/\/universnews224.com\/wp-content\/uploads\/2025\/08\/IMG-20250819-WA0005-300x225.jpg\" alt=\"\" width=\"300\" height=\"225\" srcset=\"https:\/\/universnews224.com\/wp-content\/uploads\/2025\/08\/IMG-20250819-WA0005-300x225.jpg 300w, https:\/\/universnews224.com\/wp-content\/uploads\/2025\/08\/IMG-20250819-WA0005-768x576.jpg 768w, https:\/\/universnews224.com\/wp-content\/uploads\/2025\/08\/IMG-20250819-WA0005-720x540.jpg 720w, https:\/\/universnews224.com\/wp-content\/uploads\/2025\/08\/IMG-20250819-WA0005.jpg 1016w\" sizes=\"(max-width: 300px) 100vw, 300px\" \/><\/a><\/div>\n<div dir=\"auto\"><\/div>\n<div dir=\"auto\">Sana Sylla<\/div>\n<\/div>\n","protected":false},"excerpt":{"rendered":"<p>C&rsquo;est dans une ambiance bon enfant que les Responsables du Forum \u00a0\u00bb ENSEMBLE POUR LA<\/p>\n","protected":false},"author":2,"featured_media":8933,"comment_status":"closed","ping_status":"open","sticky":false,"template":"","format":"standard","meta":[],"categories":[3,4],"tags":[237],"yoast_head":"<!-- This site is optimized with the Yoast SEO plugin v19.13 - https:\/\/yoast.com\/wordpress\/plugins\/seo\/ -->\n<title>Conakry: Le forum &quot;ENSEMBLE POUR LA GUINEE&quot; lance ses activit\u00e9s. - UNIVERSNEWS224<\/title>\n<meta name=\"robots\" content=\"index, follow, max-snippet:-1, max-image-preview:large, max-video-preview:-1\" \/>\n<link rel=\"canonical\" href=\"https:\/\/universnews224.com\/index.php\/conakry-le-forum-ensemble-pour-la-guinee-lance-ses-activites\/\" \/>\n<meta property=\"og:locale\" content=\"fr_FR\" \/>\n<meta property=\"og:type\" content=\"article\" \/>\n<meta property=\"og:title\" content=\"Conakry: Le forum &quot;ENSEMBLE POUR LA GUINEE&quot; lance ses activit\u00e9s. - UNIVERSNEWS224\" \/>\n<meta property=\"og:description\" content=\"C&rsquo;est dans une ambiance bon enfant que les Responsables du Forum \u00a0\u00bb ENSEMBLE POUR LA\" \/>\n<meta property=\"og:url\" content=\"https:\/\/universnews224.com\/index.php\/conakry-le-forum-ensemble-pour-la-guinee-lance-ses-activites\/\" \/>\n<meta property=\"og:site_name\" content=\"UNIVERSNEWS224\" \/>\n<meta property=\"article:published_time\" content=\"2025-08-19T20:27:55+00:00\" \/>\n<meta property=\"og:image\" content=\"https:\/\/universnews224.com\/wp-content\/uploads\/2025\/08\/IMG-20250819-WA0024.jpg\" \/>\n\t<meta property=\"og:image:width\" content=\"1080\" \/>\n\t<meta property=\"og:image:height\" content=\"590\" \/>\n\t<meta property=\"og:image:type\" content=\"image\/jpeg\" \/>\n<meta name=\"author\" content=\"La R\u00e9daction\" \/>\n<meta name=\"twitter:label1\" content=\"\u00c9crit par\" \/>\n\t<meta name=\"twitter:data1\" content=\"La R\u00e9daction\" \/>\n\t<meta name=\"twitter:label2\" content=\"Dur\u00e9e de lecture estim\u00e9e\" \/>\n\t<meta name=\"twitter:data2\" content=\"5 minutes\" \/>\n<script type=\"application\/ld+json\" class=\"yoast-schema-graph\">{\"@context\":\"https:\/\/schema.org\",\"@graph\":[{\"@type\":\"Article\",\"@id\":\"https:\/\/universnews224.com\/index.php\/conakry-le-forum-ensemble-pour-la-guinee-lance-ses-activites\/#article\",\"isPartOf\":{\"@id\":\"https:\/\/universnews224.com\/index.php\/conakry-le-forum-ensemble-pour-la-guinee-lance-ses-activites\/\"},\"author\":{\"name\":\"La R\u00e9daction\",\"@id\":\"https:\/\/universnews224.com\/#\/schema\/person\/a4b7d4f94a4716df60456a491260485e\"},\"headline\":\"Conakry: Le forum \u00ab\u00a0ENSEMBLE POUR LA GUINEE\u00a0\u00bb lance ses activit\u00e9s.\",\"datePublished\":\"2025-08-19T20:27:55+00:00\",\"dateModified\":\"2025-08-19T20:27:55+00:00\",\"mainEntityOfPage\":{\"@id\":\"https:\/\/universnews224.com\/index.php\/conakry-le-forum-ensemble-pour-la-guinee-lance-ses-activites\/\"},\"wordCount\":638,\"publisher\":{\"@id\":\"https:\/\/universnews224.com\/#organization\"},\"keywords\":[\"A la une\"],\"articleSection\":[\"ACTU\",\"POLITIQUE\"],\"inLanguage\":\"fr-FR\"},{\"@type\":\"WebPage\",\"@id\":\"https:\/\/universnews224.com\/index.php\/conakry-le-forum-ensemble-pour-la-guinee-lance-ses-activites\/\",\"url\":\"https:\/\/universnews224.com\/index.php\/conakry-le-forum-ensemble-pour-la-guinee-lance-ses-activites\/\",\"name\":\"Conakry: Le forum \\\"ENSEMBLE POUR LA GUINEE\\\" lance ses activit\u00e9s. - UNIVERSNEWS224\",\"isPartOf\":{\"@id\":\"https:\/\/universnews224.com\/#website\"},\"datePublished\":\"2025-08-19T20:27:55+00:00\",\"dateModified\":\"2025-08-19T20:27:55+00:00\",\"inLanguage\":\"fr-FR\",\"potentialAction\":[{\"@type\":\"ReadAction\",\"target\":[\"https:\/\/universnews224.com\/index.php\/conakry-le-forum-ensemble-pour-la-guinee-lance-ses-activites\/\"]}]},{\"@type\":\"WebSite\",\"@id\":\"https:\/\/universnews224.com\/#website\",\"url\":\"https:\/\/universnews224.com\/\",\"name\":\"UNIVERSNEWS224\",\"description\":\"\",\"publisher\":{\"@id\":\"https:\/\/universnews224.com\/#organization\"},\"potentialAction\":[{\"@type\":\"SearchAction\",\"target\":{\"@type\":\"EntryPoint\",\"urlTemplate\":\"https:\/\/universnews224.com\/?s={search_term_string}\"},\"query-input\":\"required name=search_term_string\"}],\"inLanguage\":\"fr-FR\"},{\"@type\":\"Organization\",\"@id\":\"https:\/\/universnews224.com\/#organization\",\"name\":\"UNIVERSNEWS224\",\"url\":\"https:\/\/universnews224.com\/\",\"logo\":{\"@type\":\"ImageObject\",\"inLanguage\":\"fr-FR\",\"@id\":\"https:\/\/universnews224.com\/#\/schema\/logo\/image\/\",\"url\":\"https:\/\/universnews224.com\/wp-content\/uploads\/2022\/08\/cropped-cropped-logoban.jpg\",\"contentUrl\":\"https:\/\/universnews224.com\/wp-content\/uploads\/2022\/08\/cropped-cropped-logoban.jpg\",\"width\":1080,\"height\":138,\"caption\":\"UNIVERSNEWS224\"},\"image\":{\"@id\":\"https:\/\/universnews224.com\/#\/schema\/logo\/image\/\"}},{\"@type\":\"Person\",\"@id\":\"https:\/\/universnews224.com\/#\/schema\/person\/a4b7d4f94a4716df60456a491260485e\",\"name\":\"La R\u00e9daction\",\"image\":{\"@type\":\"ImageObject\",\"inLanguage\":\"fr-FR\",\"@id\":\"https:\/\/universnews224.com\/#\/schema\/person\/image\/\",\"url\":\"https:\/\/secure.gravatar.com\/avatar\/edb90acc7752b23e1b3307ad36c14f0d?s=96&d=mm&r=g\",\"contentUrl\":\"https:\/\/secure.gravatar.com\/avatar\/edb90acc7752b23e1b3307ad36c14f0d?s=96&d=mm&r=g\",\"caption\":\"La R\u00e9daction\"},\"sameAs\":[\"https:\/\/universnews224.com\"],\"url\":\"https:\/\/universnews224.com\/index.php\/author\/m-camara\/\"}]}<\/script>\n<!-- \/ Yoast SEO plugin. -->","yoast_head_json":{"title":"Conakry: Le forum \"ENSEMBLE POUR LA GUINEE\" lance ses activit\u00e9s. - UNIVERSNEWS224","robots":{"index":"index","follow":"follow","max-snippet":"max-snippet:-1","max-image-preview":"max-image-preview:large","max-video-preview":"max-video-preview:-1"},"canonical":"https:\/\/universnews224.com\/index.php\/conakry-le-forum-ensemble-pour-la-guinee-lance-ses-activites\/","og_locale":"fr_FR","og_type":"article","og_title":"Conakry: Le forum \"ENSEMBLE POUR LA GUINEE\" lance ses activit\u00e9s. - UNIVERSNEWS224","og_description":"C&rsquo;est dans une ambiance bon enfant que les Responsables du Forum \u00a0\u00bb ENSEMBLE POUR LA","og_url":"https:\/\/universnews224.com\/index.php\/conakry-le-forum-ensemble-pour-la-guinee-lance-ses-activites\/","og_site_name":"UNIVERSNEWS224","article_published_time":"2025-08-19T20:27:55+00:00","og_image":[{"width":1080,"height":590,"url":"https:\/\/universnews224.com\/wp-content\/uploads\/2025\/08\/IMG-20250819-WA0024.jpg","type":"image\/jpeg"}],"author":"La R\u00e9daction","twitter_misc":{"\u00c9crit par":"La R\u00e9daction","Dur\u00e9e de lecture estim\u00e9e":"5 minutes"},"schema":{"@context":"https:\/\/schema.org","@graph":[{"@type":"Article","@id":"https:\/\/universnews224.com\/index.php\/conakry-le-forum-ensemble-pour-la-guinee-lance-ses-activites\/#article","isPartOf":{"@id":"https:\/\/universnews224.com\/index.php\/conakry-le-forum-ensemble-pour-la-guinee-lance-ses-activites\/"},"author":{"name":"La R\u00e9daction","@id":"https:\/\/universnews224.com\/#\/schema\/person\/a4b7d4f94a4716df60456a491260485e"},"headline":"Conakry: Le forum \u00ab\u00a0ENSEMBLE POUR LA GUINEE\u00a0\u00bb lance ses activit\u00e9s.","datePublished":"2025-08-19T20:27:55+00:00","dateModified":"2025-08-19T20:27:55+00:00","mainEntityOfPage":{"@id":"https:\/\/universnews224.com\/index.php\/conakry-le-forum-ensemble-pour-la-guinee-lance-ses-activites\/"},"wordCount":638,"publisher":{"@id":"https:\/\/universnews224.com\/#organization"},"keywords":["A la une"],"articleSection":["ACTU","POLITIQUE"],"inLanguage":"fr-FR"},{"@type":"WebPage","@id":"https:\/\/universnews224.com\/index.php\/conakry-le-forum-ensemble-pour-la-guinee-lance-ses-activites\/","url":"https:\/\/universnews224.com\/index.php\/conakry-le-forum-ensemble-pour-la-guinee-lance-ses-activites\/","name":"Conakry: Le forum \"ENSEMBLE POUR LA GUINEE\" lance ses activit\u00e9s. - UNIVERSNEWS224","isPartOf":{"@id":"https:\/\/universnews224.com\/#website"},"datePublished":"2025-08-19T20:27:55+00:00","dateModified":"2025-08-19T20:27:55+00:00","inLanguage":"fr-FR","potentialAction":[{"@type":"ReadAction","target":["https:\/\/universnews224.com\/index.php\/conakry-le-forum-ensemble-pour-la-guinee-lance-ses-activites\/"]}]},{"@type":"WebSite","@id":"https:\/\/universnews224.com\/#website","url":"https:\/\/universnews224.com\/","name":"UNIVERSNEWS224","description":"","publisher":{"@id":"https:\/\/universnews224.com\/#organization"},"potentialAction":[{"@type":"SearchAction","target":{"@type":"EntryPoint","urlTemplate":"https:\/\/universnews224.com\/?s={search_term_string}"},"query-input":"required name=search_term_string"}],"inLanguage":"fr-FR"},{"@type":"Organization","@id":"https:\/\/universnews224.com\/#organization","name":"UNIVERSNEWS224","url":"https:\/\/universnews224.com\/","logo":{"@type":"ImageObject","inLanguage":"fr-FR","@id":"https:\/\/universnews224.com\/#\/schema\/logo\/image\/","url":"https:\/\/universnews224.com\/wp-content\/uploads\/2022\/08\/cropped-cropped-logoban.jpg","contentUrl":"https:\/\/universnews224.com\/wp-content\/uploads\/2022\/08\/cropped-cropped-logoban.jpg","width":1080,"height":138,"caption":"UNIVERSNEWS224"},"image":{"@id":"https:\/\/universnews224.com\/#\/schema\/logo\/image\/"}},{"@type":"Person","@id":"https:\/\/universnews224.com\/#\/schema\/person\/a4b7d4f94a4716df60456a491260485e","name":"La R\u00e9daction","image":{"@type":"ImageObject","inLanguage":"fr-FR","@id":"https:\/\/universnews224.com\/#\/schema\/person\/image\/","url":"https:\/\/secure.gravatar.com\/avatar\/edb90acc7752b23e1b3307ad36c14f0d?s=96&d=mm&r=g","contentUrl":"https:\/\/secure.gravatar.com\/avatar\/edb90acc7752b23e1b3307ad36c14f0d?s=96&d=mm&r=g","caption":"La R\u00e9daction"},"sameAs":["https:\/\/universnews224.com"],"url":"https:\/\/universnews224.com\/index.php\/author\/m-camara\/"}]}},"_links":{"self":[{"href":"https:\/\/universnews224.com\/index.php\/wp-json\/wp\/v2\/posts\/8931"}],"collection":[{"href":"https:\/\/universnews224.com\/index.php\/wp-json\/wp\/v2\/posts"}],"about":[{"href":"https:\/\/universnews224.com\/index.php\/wp-json\/wp\/v2\/types\/post"}],"author":[{"embeddable":true,"href":"https:\/\/universnews224.com\/index.php\/wp-json\/wp\/v2\/users\/2"}],"replies":[{"embeddable":true,"href":"https:\/\/universnews224.com\/index.php\/wp-json\/wp\/v2\/comments?post=8931"}],"version-history":[{"count":1,"href":"https:\/\/universnews224.com\/index.php\/wp-json\/wp\/v2\/posts\/8931\/revisions"}],"predecessor-version":[{"id":8939,"href":"https:\/\/universnews224.com\/index.php\/wp-json\/wp\/v2\/posts\/8931\/revisions\/8939"}],"wp:featuredmedia":[{"embeddable":true,"href":"https:\/\/universnews224.com\/index.php\/wp-json\/wp\/v2\/media\/8933"}],"wp:attachment":[{"href":"https:\/\/universnews224.com\/index.php\/wp-json\/wp\/v2\/media?parent=8931"}],"wp:term":[{"taxonomy":"category","embeddable":true,"href":"https:\/\/universnews224.com\/index.php\/wp-json\/wp\/v2\/categories?post=8931"},{"taxonomy":"post_tag","embeddable":true,"href":"https:\/\/universnews224.com\/index.php\/wp-json\/wp\/v2\/tags?post=8931"}],"curies":[{"name":"wp","href":"https:\/\/api.w.org\/{rel}","templated":true}]}}