{"id":8943,"date":"2025-08-20T23:15:06","date_gmt":"2025-08-20T22:15:06","guid":{"rendered":"https:\/\/universnews224.com\/?p=8943"},"modified":"2025-08-20T23:15:06","modified_gmt":"2025-08-20T22:15:06","slug":"campagne-pour-le-referendum-constitutionnel-general-mamadi-doumbouya-fixe-la-date-de-louverture","status":"publish","type":"post","link":"https:\/\/universnews224.com\/index.php\/campagne-pour-le-referendum-constitutionnel-general-mamadi-doumbouya-fixe-la-date-de-louverture\/","title":{"rendered":"Campagne pour le r\u00e9f\u00e9rendum constitutionnel:\u00a0G\u00e9n\u00e9ral Mamadi Doumbouya fixe la date de l&rsquo;ouverture."},"content":{"rendered":"<p>\u00c0 travers un d\u00e9cret lu \u00e0 la t\u00e9l\u00e9vision nationale dans la soir\u00e9e ce mercredi, 20 ao\u00fbt 2025, le pr\u00e9sident de la transition, G\u00e9n\u00e9ral Mamadi Doumbouya a fix\u00e9 les dates d&rsquo;ouverture et de fermeture de la campagne r\u00e9f\u00e9rendaire du 21 septembre 2025.<\/p>\n<p>&nbsp;<\/p>\n<p>Article: a campagne pour le r\u00e9f\u00e9rendum constitutionnel du 21 septembre 2025 est ouverte le dimanche 21 ao\u00fbt 2025 \u00e0 00h et close, le 18 septembre 2025 \u00e0 00h.<\/p>\n<p>&nbsp;<\/p>\n<p>Article 2: pendant la campagne pour le r\u00e9f\u00e9rendum constitutionnel, les r\u00e9unions et les manifestations publiques se tiennent dans le respect de la loi et de l&rsquo;ordre public et des bonnes m\u0153urs.<\/p>\n<p>&nbsp;<\/p>\n<p>Article 3: la haute autorit\u00e9 de la communication HAC veille \u00e0 ce que le principe d&rsquo;\u00e9galit\u00e9 entre les opinions soit respect\u00e9 dans les programmes d&rsquo;informations des organes de presse publics et priv\u00e9s. Les conditions d&rsquo;\u00e9laboration, d&rsquo;\u00e9dition, de production, de programmation et diffusion relatives \u00e0 la campagne r\u00e9f\u00e9rendaire&#8230;.<\/p>\n<p>&nbsp;<\/p>\n<p>Article 4: le ministre de l&rsquo;administration du territoire et de la d\u00e9centralisation, le ministre des Affaires \u00e9trang\u00e8res, de l&rsquo;int\u00e9gration africaine et des Guin\u00e9es \u00e9tablies \u00e0 l&rsquo;\u00e9tranger, le garde des sceaux, ministre de la Justice et des Droits de l&rsquo;Homme, le ministre de l&rsquo;information et de la communication, le ministre de l&rsquo;\u00e9conomie et des finances, le ministre du budget et le ministre de la s\u00e9curit\u00e9 et de la protection civile, et ministre de la D\u00e9fense nationale, sont charg\u00e9s en ce qui concerne de l&rsquo;application du pr\u00e9sent d\u00e9cret.<\/p>\n<p>&nbsp;<\/p>\n<p>&nbsp;<\/p>\n","protected":false},"excerpt":{"rendered":"<p>\u00c0 travers un d\u00e9cret lu \u00e0 la t\u00e9l\u00e9vision nationale dans la soir\u00e9e ce mercredi, 20<\/p>\n","protected":false},"author":2,"featured_media":8647,"comment_status":"closed","ping_status":"open","sticky":false,"template":"","format":"standard","meta":[],"categories":[3,4],"tags":[237],"yoast_head":"<!-- This site is optimized with the Yoast SEO plugin v19.13 - https:\/\/yoast.com\/wordpress\/plugins\/seo\/ -->\n<title>Campagne pour le r\u00e9f\u00e9rendum constitutionnel:\u00a0G\u00e9n\u00e9ral Mamadi Doumbouya fixe la date de l&#039;ouverture. - UNIVERSNEWS224<\/title>\n<meta name=\"robots\" content=\"index, follow, max-snippet:-1, max-image-preview:large, max-video-preview:-1\" \/>\n<link rel=\"canonical\" href=\"https:\/\/universnews224.com\/index.php\/campagne-pour-le-referendum-constitutionnel-general-mamadi-doumbouya-fixe-la-date-de-louverture\/\" \/>\n<meta property=\"og:locale\" content=\"fr_FR\" \/>\n<meta property=\"og:type\" content=\"article\" \/>\n<meta property=\"og:title\" content=\"Campagne pour le r\u00e9f\u00e9rendum constitutionnel:\u00a0G\u00e9n\u00e9ral Mamadi Doumbouya fixe la date de l&#039;ouverture. - UNIVERSNEWS224\" \/>\n<meta property=\"og:description\" content=\"\u00c0 travers un d\u00e9cret lu \u00e0 la t\u00e9l\u00e9vision nationale dans la soir\u00e9e ce mercredi, 20\" \/>\n<meta property=\"og:url\" content=\"https:\/\/universnews224.com\/index.php\/campagne-pour-le-referendum-constitutionnel-general-mamadi-doumbouya-fixe-la-date-de-louverture\/\" \/>\n<meta property=\"og:site_name\" content=\"UNIVERSNEWS224\" \/>\n<meta property=\"article:published_time\" content=\"2025-08-20T22:15:06+00:00\" \/>\n<meta property=\"og:image\" content=\"https:\/\/universnews224.com\/wp-content\/uploads\/2025\/07\/IMG_7986.jpeg\" \/>\n\t<meta property=\"og:image:width\" content=\"1920\" \/>\n\t<meta property=\"og:image:height\" content=\"1280\" \/>\n\t<meta property=\"og:image:type\" content=\"image\/jpeg\" \/>\n<meta name=\"author\" content=\"La R\u00e9daction\" \/>\n<meta name=\"twitter:label1\" content=\"\u00c9crit par\" \/>\n\t<meta name=\"twitter:data1\" content=\"La R\u00e9daction\" \/>\n\t<meta name=\"twitter:label2\" content=\"Dur\u00e9e de lecture estim\u00e9e\" \/>\n\t<meta name=\"twitter:data2\" content=\"2 minutes\" \/>\n<script type=\"application\/ld+json\" class=\"yoast-schema-graph\">{\"@context\":\"https:\/\/schema.org\",\"@graph\":[{\"@type\":\"Article\",\"@id\":\"https:\/\/universnews224.com\/index.php\/campagne-pour-le-referendum-constitutionnel-general-mamadi-doumbouya-fixe-la-date-de-louverture\/#article\",\"isPartOf\":{\"@id\":\"https:\/\/universnews224.com\/index.php\/campagne-pour-le-referendum-constitutionnel-general-mamadi-doumbouya-fixe-la-date-de-louverture\/\"},\"author\":{\"name\":\"La R\u00e9daction\",\"@id\":\"https:\/\/universnews224.com\/#\/schema\/person\/a4b7d4f94a4716df60456a491260485e\"},\"headline\":\"Campagne pour le r\u00e9f\u00e9rendum constitutionnel:\u00a0G\u00e9n\u00e9ral Mamadi Doumbouya fixe la date de l&rsquo;ouverture.\",\"datePublished\":\"2025-08-20T22:15:06+00:00\",\"dateModified\":\"2025-08-20T22:15:06+00:00\",\"mainEntityOfPage\":{\"@id\":\"https:\/\/universnews224.com\/index.php\/campagne-pour-le-referendum-constitutionnel-general-mamadi-doumbouya-fixe-la-date-de-louverture\/\"},\"wordCount\":270,\"publisher\":{\"@id\":\"https:\/\/universnews224.com\/#organization\"},\"keywords\":[\"A la une\"],\"articleSection\":[\"ACTU\",\"POLITIQUE\"],\"inLanguage\":\"fr-FR\"},{\"@type\":\"WebPage\",\"@id\":\"https:\/\/universnews224.com\/index.php\/campagne-pour-le-referendum-constitutionnel-general-mamadi-doumbouya-fixe-la-date-de-louverture\/\",\"url\":\"https:\/\/universnews224.com\/index.php\/campagne-pour-le-referendum-constitutionnel-general-mamadi-doumbouya-fixe-la-date-de-louverture\/\",\"name\":\"Campagne pour le r\u00e9f\u00e9rendum constitutionnel:\u00a0G\u00e9n\u00e9ral Mamadi Doumbouya fixe la date de l'ouverture. - UNIVERSNEWS224\",\"isPartOf\":{\"@id\":\"https:\/\/universnews224.com\/#website\"},\"datePublished\":\"2025-08-20T22:15:06+00:00\",\"dateModified\":\"2025-08-20T22:15:06+00:00\",\"inLanguage\":\"fr-FR\",\"potentialAction\":[{\"@type\":\"ReadAction\",\"target\":[\"https:\/\/universnews224.com\/index.php\/campagne-pour-le-referendum-constitutionnel-general-mamadi-doumbouya-fixe-la-date-de-louverture\/\"]}]},{\"@type\":\"WebSite\",\"@id\":\"https:\/\/universnews224.com\/#website\",\"url\":\"https:\/\/universnews224.com\/\",\"name\":\"UNIVERSNEWS224\",\"description\":\"\",\"publisher\":{\"@id\":\"https:\/\/universnews224.com\/#organization\"},\"potentialAction\":[{\"@type\":\"SearchAction\",\"target\":{\"@type\":\"EntryPoint\",\"urlTemplate\":\"https:\/\/universnews224.com\/?s={search_term_string}\"},\"query-input\":\"required name=search_term_string\"}],\"inLanguage\":\"fr-FR\"},{\"@type\":\"Organization\",\"@id\":\"https:\/\/universnews224.com\/#organization\",\"name\":\"UNIVERSNEWS224\",\"url\":\"https:\/\/universnews224.com\/\",\"logo\":{\"@type\":\"ImageObject\",\"inLanguage\":\"fr-FR\",\"@id\":\"https:\/\/universnews224.com\/#\/schema\/logo\/image\/\",\"url\":\"https:\/\/universnews224.com\/wp-content\/uploads\/2022\/08\/cropped-cropped-logoban.jpg\",\"contentUrl\":\"https:\/\/universnews224.com\/wp-content\/uploads\/2022\/08\/cropped-cropped-logoban.jpg\",\"width\":1080,\"height\":138,\"caption\":\"UNIVERSNEWS224\"},\"image\":{\"@id\":\"https:\/\/universnews224.com\/#\/schema\/logo\/image\/\"}},{\"@type\":\"Person\",\"@id\":\"https:\/\/universnews224.com\/#\/schema\/person\/a4b7d4f94a4716df60456a491260485e\",\"name\":\"La R\u00e9daction\",\"image\":{\"@type\":\"ImageObject\",\"inLanguage\":\"fr-FR\",\"@id\":\"https:\/\/universnews224.com\/#\/schema\/person\/image\/\",\"url\":\"https:\/\/secure.gravatar.com\/avatar\/edb90acc7752b23e1b3307ad36c14f0d?s=96&d=mm&r=g\",\"contentUrl\":\"https:\/\/secure.gravatar.com\/avatar\/edb90acc7752b23e1b3307ad36c14f0d?s=96&d=mm&r=g\",\"caption\":\"La R\u00e9daction\"},\"sameAs\":[\"https:\/\/universnews224.com\"],\"url\":\"https:\/\/universnews224.com\/index.php\/author\/m-camara\/\"}]}<\/script>\n<!-- \/ Yoast SEO plugin. -->","yoast_head_json":{"title":"Campagne pour le r\u00e9f\u00e9rendum constitutionnel:\u00a0G\u00e9n\u00e9ral Mamadi Doumbouya fixe la date de l'ouverture. - UNIVERSNEWS224","robots":{"index":"index","follow":"follow","max-snippet":"max-snippet:-1","max-image-preview":"max-image-preview:large","max-video-preview":"max-video-preview:-1"},"canonical":"https:\/\/universnews224.com\/index.php\/campagne-pour-le-referendum-constitutionnel-general-mamadi-doumbouya-fixe-la-date-de-louverture\/","og_locale":"fr_FR","og_type":"article","og_title":"Campagne pour le r\u00e9f\u00e9rendum constitutionnel:\u00a0G\u00e9n\u00e9ral Mamadi Doumbouya fixe la date de l'ouverture. - UNIVERSNEWS224","og_description":"\u00c0 travers un d\u00e9cret lu \u00e0 la t\u00e9l\u00e9vision nationale dans la soir\u00e9e ce mercredi, 20","og_url":"https:\/\/universnews224.com\/index.php\/campagne-pour-le-referendum-constitutionnel-general-mamadi-doumbouya-fixe-la-date-de-louverture\/","og_site_name":"UNIVERSNEWS224","article_published_time":"2025-08-20T22:15:06+00:00","og_image":[{"width":1920,"height":1280,"url":"https:\/\/universnews224.com\/wp-content\/uploads\/2025\/07\/IMG_7986.jpeg","type":"image\/jpeg"}],"author":"La R\u00e9daction","twitter_misc":{"\u00c9crit par":"La R\u00e9daction","Dur\u00e9e de lecture estim\u00e9e":"2 minutes"},"schema":{"@context":"https:\/\/schema.org","@graph":[{"@type":"Article","@id":"https:\/\/universnews224.com\/index.php\/campagne-pour-le-referendum-constitutionnel-general-mamadi-doumbouya-fixe-la-date-de-louverture\/#article","isPartOf":{"@id":"https:\/\/universnews224.com\/index.php\/campagne-pour-le-referendum-constitutionnel-general-mamadi-doumbouya-fixe-la-date-de-louverture\/"},"author":{"name":"La R\u00e9daction","@id":"https:\/\/universnews224.com\/#\/schema\/person\/a4b7d4f94a4716df60456a491260485e"},"headline":"Campagne pour le r\u00e9f\u00e9rendum constitutionnel:\u00a0G\u00e9n\u00e9ral Mamadi Doumbouya fixe la date de l&rsquo;ouverture.","datePublished":"2025-08-20T22:15:06+00:00","dateModified":"2025-08-20T22:15:06+00:00","mainEntityOfPage":{"@id":"https:\/\/universnews224.com\/index.php\/campagne-pour-le-referendum-constitutionnel-general-mamadi-doumbouya-fixe-la-date-de-louverture\/"},"wordCount":270,"publisher":{"@id":"https:\/\/universnews224.com\/#organization"},"keywords":["A la une"],"articleSection":["ACTU","POLITIQUE"],"inLanguage":"fr-FR"},{"@type":"WebPage","@id":"https:\/\/universnews224.com\/index.php\/campagne-pour-le-referendum-constitutionnel-general-mamadi-doumbouya-fixe-la-date-de-louverture\/","url":"https:\/\/universnews224.com\/index.php\/campagne-pour-le-referendum-constitutionnel-general-mamadi-doumbouya-fixe-la-date-de-louverture\/","name":"Campagne pour le r\u00e9f\u00e9rendum constitutionnel:\u00a0G\u00e9n\u00e9ral Mamadi Doumbouya fixe la date de l'ouverture. - UNIVERSNEWS224","isPartOf":{"@id":"https:\/\/universnews224.com\/#website"},"datePublished":"2025-08-20T22:15:06+00:00","dateModified":"2025-08-20T22:15:06+00:00","inLanguage":"fr-FR","potentialAction":[{"@type":"ReadAction","target":["https:\/\/universnews224.com\/index.php\/campagne-pour-le-referendum-constitutionnel-general-mamadi-doumbouya-fixe-la-date-de-louverture\/"]}]},{"@type":"WebSite","@id":"https:\/\/universnews224.com\/#website","url":"https:\/\/universnews224.com\/","name":"UNIVERSNEWS224","description":"","publisher":{"@id":"https:\/\/universnews224.com\/#organization"},"potentialAction":[{"@type":"SearchAction","target":{"@type":"EntryPoint","urlTemplate":"https:\/\/universnews224.com\/?s={search_term_string}"},"query-input":"required name=search_term_string"}],"inLanguage":"fr-FR"},{"@type":"Organization","@id":"https:\/\/universnews224.com\/#organization","name":"UNIVERSNEWS224","url":"https:\/\/universnews224.com\/","logo":{"@type":"ImageObject","inLanguage":"fr-FR","@id":"https:\/\/universnews224.com\/#\/schema\/logo\/image\/","url":"https:\/\/universnews224.com\/wp-content\/uploads\/2022\/08\/cropped-cropped-logoban.jpg","contentUrl":"https:\/\/universnews224.com\/wp-content\/uploads\/2022\/08\/cropped-cropped-logoban.jpg","width":1080,"height":138,"caption":"UNIVERSNEWS224"},"image":{"@id":"https:\/\/universnews224.com\/#\/schema\/logo\/image\/"}},{"@type":"Person","@id":"https:\/\/universnews224.com\/#\/schema\/person\/a4b7d4f94a4716df60456a491260485e","name":"La R\u00e9daction","image":{"@type":"ImageObject","inLanguage":"fr-FR","@id":"https:\/\/universnews224.com\/#\/schema\/person\/image\/","url":"https:\/\/secure.gravatar.com\/avatar\/edb90acc7752b23e1b3307ad36c14f0d?s=96&d=mm&r=g","contentUrl":"https:\/\/secure.gravatar.com\/avatar\/edb90acc7752b23e1b3307ad36c14f0d?s=96&d=mm&r=g","caption":"La R\u00e9daction"},"sameAs":["https:\/\/universnews224.com"],"url":"https:\/\/universnews224.com\/index.php\/author\/m-camara\/"}]}},"_links":{"self":[{"href":"https:\/\/universnews224.com\/index.php\/wp-json\/wp\/v2\/posts\/8943"}],"collection":[{"href":"https:\/\/universnews224.com\/index.php\/wp-json\/wp\/v2\/posts"}],"about":[{"href":"https:\/\/universnews224.com\/index.php\/wp-json\/wp\/v2\/types\/post"}],"author":[{"embeddable":true,"href":"https:\/\/universnews224.com\/index.php\/wp-json\/wp\/v2\/users\/2"}],"replies":[{"embeddable":true,"href":"https:\/\/universnews224.com\/index.php\/wp-json\/wp\/v2\/comments?post=8943"}],"version-history":[{"count":1,"href":"https:\/\/universnews224.com\/index.php\/wp-json\/wp\/v2\/posts\/8943\/revisions"}],"predecessor-version":[{"id":8944,"href":"https:\/\/universnews224.com\/index.php\/wp-json\/wp\/v2\/posts\/8943\/revisions\/8944"}],"wp:featuredmedia":[{"embeddable":true,"href":"https:\/\/universnews224.com\/index.php\/wp-json\/wp\/v2\/media\/8647"}],"wp:attachment":[{"href":"https:\/\/universnews224.com\/index.php\/wp-json\/wp\/v2\/media?parent=8943"}],"wp:term":[{"taxonomy":"category","embeddable":true,"href":"https:\/\/universnews224.com\/index.php\/wp-json\/wp\/v2\/categories?post=8943"},{"taxonomy":"post_tag","embeddable":true,"href":"https:\/\/universnews224.com\/index.php\/wp-json\/wp\/v2\/tags?post=8943"}],"curies":[{"name":"wp","href":"https:\/\/api.w.org\/{rel}","templated":true}]}}