{"id":8954,"date":"2025-08-22T01:20:22","date_gmt":"2025-08-22T00:20:22","guid":{"rendered":"https:\/\/universnews224.com\/?p=8954"},"modified":"2025-08-22T01:20:22","modified_gmt":"2025-08-22T00:20:22","slug":"carnaval-de-la-nouvelle-constitution-la-coordinatrice-du-mouvement-doumbouya-nan-noma-se-dit-satisfaite-de-la-mobilisation","status":"publish","type":"post","link":"https:\/\/universnews224.com\/index.php\/carnaval-de-la-nouvelle-constitution-la-coordinatrice-du-mouvement-doumbouya-nan-noma-se-dit-satisfaite-de-la-mobilisation\/","title":{"rendered":"Carnaval de la Nouvelle Constitution: La coordinatrice du mouvement Doumbouya Nan Noma se dit satisfaite de la mobilisation\u00a0"},"content":{"rendered":"<p>Ce jeudi 21 ao\u00fbt 2025 restera grav\u00e9 dans l\u2019histoire de la commune de Kaloum o\u00f9 une impressionnante marche s\u2019est d\u00e9roul\u00e9e. Elle a mobilis\u00e9 plusieurs milliers de Guin\u00e9ennes, unis par une m\u00eame volont\u00e9 : celle d\u2019affirmer leur engagement en faveur de l\u2019unit\u00e9 et de la Nouvelle Constitution de notre pays sous le leadership \u00e9clair\u00e9 du Pr\u00e9sident Mamadi Doumbouya.<a href=\"https:\/\/universnews224.com\/wp-content\/uploads\/2025\/08\/IMG-20250822-WA0001.jpg\"><img loading=\"lazy\" class=\"alignnone size-medium wp-image-8958\" src=\"https:\/\/universnews224.com\/wp-content\/uploads\/2025\/08\/IMG-20250822-WA0001-300x138.jpg\" alt=\"\" width=\"300\" height=\"138\" srcset=\"https:\/\/universnews224.com\/wp-content\/uploads\/2025\/08\/IMG-20250822-WA0001-300x138.jpg 300w, https:\/\/universnews224.com\/wp-content\/uploads\/2025\/08\/IMG-20250822-WA0001-1024x472.jpg 1024w, https:\/\/universnews224.com\/wp-content\/uploads\/2025\/08\/IMG-20250822-WA0001-768x354.jpg 768w, https:\/\/universnews224.com\/wp-content\/uploads\/2025\/08\/IMG-20250822-WA0001.jpg 1280w\" sizes=\"(max-width: 300px) 100vw, 300px\" \/><\/a><\/p>\n<p>S\u2019\u00e9tendant sur plusieurs kilom\u00e8tres, du pont 28 novembre jusqu\u2019\u00e0 la place des martyrs de Kaloum, cette mobilisation d\u2019envergure qui a rassembl\u00e9 quelques citoyens venus des quatre coins de la capitale , Madame la coordinatrice g\u00e9n\u00e9rale Aminata Diallo se prononce apr\u00e8s la grande marche de d\u00e9monstration de soutien du G\u00e9n\u00e9ral pr\u00e9sident Mamadi Doumbouya et de la Nouvelle Constitution. <a href=\"https:\/\/universnews224.com\/wp-content\/uploads\/2025\/08\/IMG-20250822-WA0004.jpg\"><img loading=\"lazy\" class=\"alignnone size-medium wp-image-8955\" src=\"https:\/\/universnews224.com\/wp-content\/uploads\/2025\/08\/IMG-20250822-WA0004-300x162.jpg\" alt=\"\" width=\"300\" height=\"162\" srcset=\"https:\/\/universnews224.com\/wp-content\/uploads\/2025\/08\/IMG-20250822-WA0004-300x162.jpg 300w, https:\/\/universnews224.com\/wp-content\/uploads\/2025\/08\/IMG-20250822-WA0004-1024x554.jpg 1024w, https:\/\/universnews224.com\/wp-content\/uploads\/2025\/08\/IMG-20250822-WA0004-768x415.jpg 768w, https:\/\/universnews224.com\/wp-content\/uploads\/2025\/08\/IMG-20250822-WA0004.jpg 1280w\" sizes=\"(max-width: 300px) 100vw, 300px\" \/><\/a><\/p>\n<p>\u00ab Aujourd&rsquo;hui, je suis ccombl\u00e9e de joie car je sais bien que la conf\u00e9rence de presse qu&rsquo;on a tenu \u00e0 belle et bien port\u00e9e haut par les hommes et femmes \u00e0 une adh\u00e9sion de la population, car l&rsquo;affaire de Doumbouya devient une cause commune. une chance pour toute la Guin\u00e9e, c&rsquo;est une satisfaction totale et m\u00e9ritant pour les jeunes Guin\u00e9ens Dans le soucis de cr\u00e9er plus d\u2019emplois pour les jeunes et les femmes autour des id\u00e9aux de paix et de vivre ensemble. Donc celui ou celle qui aime le G\u00e9n\u00e9ral disons le de se pr\u00e9senter au \u00e9lections pr\u00e9sidentielles et je demande \u00e0 tout le monde d&rsquo;aller voter le 21 septembre le jours du r\u00e9f\u00e9rendum le OUI et le OUI pour rassurer notre b\u00e2tisseur social \u00bb, a-t-elle pr\u00e9cis\u00e9 Mme Aminata. <a href=\"https:\/\/universnews224.com\/wp-content\/uploads\/2025\/08\/IMG-20250822-WA0000.jpg\"><img loading=\"lazy\" class=\"alignnone size-medium wp-image-8959\" src=\"https:\/\/universnews224.com\/wp-content\/uploads\/2025\/08\/IMG-20250822-WA0000-300x157.jpg\" alt=\"\" width=\"300\" height=\"157\" srcset=\"https:\/\/universnews224.com\/wp-content\/uploads\/2025\/08\/IMG-20250822-WA0000-300x157.jpg 300w, https:\/\/universnews224.com\/wp-content\/uploads\/2025\/08\/IMG-20250822-WA0000-1024x535.jpg 1024w, https:\/\/universnews224.com\/wp-content\/uploads\/2025\/08\/IMG-20250822-WA0000-768x401.jpg 768w, https:\/\/universnews224.com\/wp-content\/uploads\/2025\/08\/IMG-20250822-WA0000.jpg 1280w\" sizes=\"(max-width: 300px) 100vw, 300px\" \/><\/a><\/p>\n<p>De son c\u00f4t\u00e9, le charg\u00e9 de communication de ce mouvement M. Camara Alhassane \u00e0 au nom de la pr\u00e9sidente saluer remercier avec respect et reconnaissance de fraternit\u00e9 aupr\u00e8s des vaillantes populations de Conakry pour leurs d\u00e9placements de soutien.<a href=\"https:\/\/universnews224.com\/wp-content\/uploads\/2025\/08\/IMG-20250822-WA0003.jpg\"><img loading=\"lazy\" class=\"alignnone size-medium wp-image-8957\" src=\"https:\/\/universnews224.com\/wp-content\/uploads\/2025\/08\/IMG-20250822-WA0003-300x178.jpg\" alt=\"\" width=\"300\" height=\"178\" srcset=\"https:\/\/universnews224.com\/wp-content\/uploads\/2025\/08\/IMG-20250822-WA0003-300x178.jpg 300w, https:\/\/universnews224.com\/wp-content\/uploads\/2025\/08\/IMG-20250822-WA0003-1024x608.jpg 1024w, https:\/\/universnews224.com\/wp-content\/uploads\/2025\/08\/IMG-20250822-WA0003-768x456.jpg 768w, https:\/\/universnews224.com\/wp-content\/uploads\/2025\/08\/IMG-20250822-WA0003.jpg 1280w\" sizes=\"(max-width: 300px) 100vw, 300px\" \/><\/a><\/p>\n<p>\u00ab Aujourd\u2019hui, nous ne sommes pas seulement r\u00e9unis pour danser, chanter et c\u00e9l\u00e9brer nos cultures, mais aussi pour porter haut la voix de l\u2019avenir de notre Nation. La nouvelle constitution est le socle qui doit garantir la stabilit\u00e9, la paix, la d\u00e9mocratie et le d\u00e9veloppement durable. C\u2019est elle qui donne \u00e0 chaque Guin\u00e9en, du village \u00e0 la ville, la place qu\u2019il m\u00e9rite dans la construction de notre avenir commun. \u00c0 travers ce carnaval, nous voulons montrer que la Guin\u00e9e dit OUI \u00e0 une constitution moderne, adapt\u00e9e \u00e0 notre temps, b\u00e2tie pour la justice sociale, la transparence et la souverainet\u00e9 nationale. Et parce qu\u2019un projet de cette envergure a besoin d\u2019un capitaine visionnaire, nous lan\u00e7ons un appel fort au G\u00e9n\u00e9ral, le peuple veut que vous soyez candidat aux prochaines \u00e9lections !<\/p>\n<p>Car vous \u00eates le symbole de la rupture, du courage et de la dignit\u00e9 retrouv\u00e9e. Donc nous affirmons haut et fort, Oui \u00e0 la nouvelle constitution ! Oui \u00e0 la continuit\u00e9 ! Oui au G\u00e9n\u00e9ral Mamady Doumbouya\u00bb, a d\u00e9clar\u00e9 M. Camara.<a href=\"https:\/\/universnews224.com\/wp-content\/uploads\/2025\/08\/IMG-20250822-WA0002.jpg\"><img loading=\"lazy\" class=\"alignnone size-medium wp-image-8960\" src=\"https:\/\/universnews224.com\/wp-content\/uploads\/2025\/08\/IMG-20250822-WA0002-300x138.jpg\" alt=\"\" width=\"300\" height=\"138\" srcset=\"https:\/\/universnews224.com\/wp-content\/uploads\/2025\/08\/IMG-20250822-WA0002-300x138.jpg 300w, https:\/\/universnews224.com\/wp-content\/uploads\/2025\/08\/IMG-20250822-WA0002-1024x472.jpg 1024w, https:\/\/universnews224.com\/wp-content\/uploads\/2025\/08\/IMG-20250822-WA0002-768x354.jpg 768w, https:\/\/universnews224.com\/wp-content\/uploads\/2025\/08\/IMG-20250822-WA0002.jpg 1280w\" sizes=\"(max-width: 300px) 100vw, 300px\" \/><\/a><\/p>\n<p>&nbsp;<\/p>\n<p>Alass Sylla.<\/p>\n","protected":false},"excerpt":{"rendered":"<p>Ce jeudi 21 ao\u00fbt 2025 restera grav\u00e9 dans l\u2019histoire de la commune de Kaloum o\u00f9<\/p>\n","protected":false},"author":2,"featured_media":8959,"comment_status":"closed","ping_status":"open","sticky":false,"template":"","format":"standard","meta":[],"categories":[3,4],"tags":[237],"yoast_head":"<!-- This site is optimized with the Yoast SEO plugin v19.13 - https:\/\/yoast.com\/wordpress\/plugins\/seo\/ -->\n<title>Carnaval de la Nouvelle Constitution: La coordinatrice du mouvement Doumbouya Nan Noma se dit satisfaite de la mobilisation\u00a0 - UNIVERSNEWS224<\/title>\n<meta name=\"robots\" content=\"index, follow, max-snippet:-1, max-image-preview:large, max-video-preview:-1\" \/>\n<link rel=\"canonical\" href=\"https:\/\/universnews224.com\/index.php\/carnaval-de-la-nouvelle-constitution-la-coordinatrice-du-mouvement-doumbouya-nan-noma-se-dit-satisfaite-de-la-mobilisation\/\" \/>\n<meta property=\"og:locale\" content=\"fr_FR\" \/>\n<meta property=\"og:type\" content=\"article\" \/>\n<meta property=\"og:title\" content=\"Carnaval de la Nouvelle Constitution: La coordinatrice du mouvement Doumbouya Nan Noma se dit satisfaite de la mobilisation\u00a0 - UNIVERSNEWS224\" \/>\n<meta property=\"og:description\" content=\"Ce jeudi 21 ao\u00fbt 2025 restera grav\u00e9 dans l\u2019histoire de la commune de Kaloum o\u00f9\" \/>\n<meta property=\"og:url\" content=\"https:\/\/universnews224.com\/index.php\/carnaval-de-la-nouvelle-constitution-la-coordinatrice-du-mouvement-doumbouya-nan-noma-se-dit-satisfaite-de-la-mobilisation\/\" \/>\n<meta property=\"og:site_name\" content=\"UNIVERSNEWS224\" \/>\n<meta property=\"article:published_time\" content=\"2025-08-22T00:20:22+00:00\" \/>\n<meta property=\"og:image\" content=\"https:\/\/universnews224.com\/wp-content\/uploads\/2025\/08\/IMG-20250822-WA0000.jpg\" \/>\n\t<meta property=\"og:image:width\" content=\"1280\" \/>\n\t<meta property=\"og:image:height\" content=\"669\" \/>\n\t<meta property=\"og:image:type\" content=\"image\/jpeg\" \/>\n<meta name=\"author\" content=\"La R\u00e9daction\" \/>\n<meta name=\"twitter:label1\" content=\"\u00c9crit par\" \/>\n\t<meta name=\"twitter:data1\" content=\"La R\u00e9daction\" \/>\n\t<meta name=\"twitter:label2\" content=\"Dur\u00e9e de lecture estim\u00e9e\" \/>\n\t<meta name=\"twitter:data2\" content=\"4 minutes\" \/>\n<script type=\"application\/ld+json\" class=\"yoast-schema-graph\">{\"@context\":\"https:\/\/schema.org\",\"@graph\":[{\"@type\":\"Article\",\"@id\":\"https:\/\/universnews224.com\/index.php\/carnaval-de-la-nouvelle-constitution-la-coordinatrice-du-mouvement-doumbouya-nan-noma-se-dit-satisfaite-de-la-mobilisation\/#article\",\"isPartOf\":{\"@id\":\"https:\/\/universnews224.com\/index.php\/carnaval-de-la-nouvelle-constitution-la-coordinatrice-du-mouvement-doumbouya-nan-noma-se-dit-satisfaite-de-la-mobilisation\/\"},\"author\":{\"name\":\"La R\u00e9daction\",\"@id\":\"https:\/\/universnews224.com\/#\/schema\/person\/a4b7d4f94a4716df60456a491260485e\"},\"headline\":\"Carnaval de la Nouvelle Constitution: La coordinatrice du mouvement Doumbouya Nan Noma se dit satisfaite de la mobilisation\u00a0\",\"datePublished\":\"2025-08-22T00:20:22+00:00\",\"dateModified\":\"2025-08-22T00:20:22+00:00\",\"mainEntityOfPage\":{\"@id\":\"https:\/\/universnews224.com\/index.php\/carnaval-de-la-nouvelle-constitution-la-coordinatrice-du-mouvement-doumbouya-nan-noma-se-dit-satisfaite-de-la-mobilisation\/\"},\"wordCount\":515,\"publisher\":{\"@id\":\"https:\/\/universnews224.com\/#organization\"},\"keywords\":[\"A la une\"],\"articleSection\":[\"ACTU\",\"POLITIQUE\"],\"inLanguage\":\"fr-FR\"},{\"@type\":\"WebPage\",\"@id\":\"https:\/\/universnews224.com\/index.php\/carnaval-de-la-nouvelle-constitution-la-coordinatrice-du-mouvement-doumbouya-nan-noma-se-dit-satisfaite-de-la-mobilisation\/\",\"url\":\"https:\/\/universnews224.com\/index.php\/carnaval-de-la-nouvelle-constitution-la-coordinatrice-du-mouvement-doumbouya-nan-noma-se-dit-satisfaite-de-la-mobilisation\/\",\"name\":\"Carnaval de la Nouvelle Constitution: La coordinatrice du mouvement Doumbouya Nan Noma se dit satisfaite de la mobilisation\u00a0 - UNIVERSNEWS224\",\"isPartOf\":{\"@id\":\"https:\/\/universnews224.com\/#website\"},\"datePublished\":\"2025-08-22T00:20:22+00:00\",\"dateModified\":\"2025-08-22T00:20:22+00:00\",\"inLanguage\":\"fr-FR\",\"potentialAction\":[{\"@type\":\"ReadAction\",\"target\":[\"https:\/\/universnews224.com\/index.php\/carnaval-de-la-nouvelle-constitution-la-coordinatrice-du-mouvement-doumbouya-nan-noma-se-dit-satisfaite-de-la-mobilisation\/\"]}]},{\"@type\":\"WebSite\",\"@id\":\"https:\/\/universnews224.com\/#website\",\"url\":\"https:\/\/universnews224.com\/\",\"name\":\"UNIVERSNEWS224\",\"description\":\"\",\"publisher\":{\"@id\":\"https:\/\/universnews224.com\/#organization\"},\"potentialAction\":[{\"@type\":\"SearchAction\",\"target\":{\"@type\":\"EntryPoint\",\"urlTemplate\":\"https:\/\/universnews224.com\/?s={search_term_string}\"},\"query-input\":\"required name=search_term_string\"}],\"inLanguage\":\"fr-FR\"},{\"@type\":\"Organization\",\"@id\":\"https:\/\/universnews224.com\/#organization\",\"name\":\"UNIVERSNEWS224\",\"url\":\"https:\/\/universnews224.com\/\",\"logo\":{\"@type\":\"ImageObject\",\"inLanguage\":\"fr-FR\",\"@id\":\"https:\/\/universnews224.com\/#\/schema\/logo\/image\/\",\"url\":\"https:\/\/universnews224.com\/wp-content\/uploads\/2022\/08\/cropped-cropped-logoban.jpg\",\"contentUrl\":\"https:\/\/universnews224.com\/wp-content\/uploads\/2022\/08\/cropped-cropped-logoban.jpg\",\"width\":1080,\"height\":138,\"caption\":\"UNIVERSNEWS224\"},\"image\":{\"@id\":\"https:\/\/universnews224.com\/#\/schema\/logo\/image\/\"}},{\"@type\":\"Person\",\"@id\":\"https:\/\/universnews224.com\/#\/schema\/person\/a4b7d4f94a4716df60456a491260485e\",\"name\":\"La R\u00e9daction\",\"image\":{\"@type\":\"ImageObject\",\"inLanguage\":\"fr-FR\",\"@id\":\"https:\/\/universnews224.com\/#\/schema\/person\/image\/\",\"url\":\"https:\/\/secure.gravatar.com\/avatar\/edb90acc7752b23e1b3307ad36c14f0d?s=96&d=mm&r=g\",\"contentUrl\":\"https:\/\/secure.gravatar.com\/avatar\/edb90acc7752b23e1b3307ad36c14f0d?s=96&d=mm&r=g\",\"caption\":\"La R\u00e9daction\"},\"sameAs\":[\"https:\/\/universnews224.com\"],\"url\":\"https:\/\/universnews224.com\/index.php\/author\/m-camara\/\"}]}<\/script>\n<!-- \/ Yoast SEO plugin. -->","yoast_head_json":{"title":"Carnaval de la Nouvelle Constitution: La coordinatrice du mouvement Doumbouya Nan Noma se dit satisfaite de la mobilisation\u00a0 - UNIVERSNEWS224","robots":{"index":"index","follow":"follow","max-snippet":"max-snippet:-1","max-image-preview":"max-image-preview:large","max-video-preview":"max-video-preview:-1"},"canonical":"https:\/\/universnews224.com\/index.php\/carnaval-de-la-nouvelle-constitution-la-coordinatrice-du-mouvement-doumbouya-nan-noma-se-dit-satisfaite-de-la-mobilisation\/","og_locale":"fr_FR","og_type":"article","og_title":"Carnaval de la Nouvelle Constitution: La coordinatrice du mouvement Doumbouya Nan Noma se dit satisfaite de la mobilisation\u00a0 - UNIVERSNEWS224","og_description":"Ce jeudi 21 ao\u00fbt 2025 restera grav\u00e9 dans l\u2019histoire de la commune de Kaloum o\u00f9","og_url":"https:\/\/universnews224.com\/index.php\/carnaval-de-la-nouvelle-constitution-la-coordinatrice-du-mouvement-doumbouya-nan-noma-se-dit-satisfaite-de-la-mobilisation\/","og_site_name":"UNIVERSNEWS224","article_published_time":"2025-08-22T00:20:22+00:00","og_image":[{"width":1280,"height":669,"url":"https:\/\/universnews224.com\/wp-content\/uploads\/2025\/08\/IMG-20250822-WA0000.jpg","type":"image\/jpeg"}],"author":"La R\u00e9daction","twitter_misc":{"\u00c9crit par":"La R\u00e9daction","Dur\u00e9e de lecture estim\u00e9e":"4 minutes"},"schema":{"@context":"https:\/\/schema.org","@graph":[{"@type":"Article","@id":"https:\/\/universnews224.com\/index.php\/carnaval-de-la-nouvelle-constitution-la-coordinatrice-du-mouvement-doumbouya-nan-noma-se-dit-satisfaite-de-la-mobilisation\/#article","isPartOf":{"@id":"https:\/\/universnews224.com\/index.php\/carnaval-de-la-nouvelle-constitution-la-coordinatrice-du-mouvement-doumbouya-nan-noma-se-dit-satisfaite-de-la-mobilisation\/"},"author":{"name":"La R\u00e9daction","@id":"https:\/\/universnews224.com\/#\/schema\/person\/a4b7d4f94a4716df60456a491260485e"},"headline":"Carnaval de la Nouvelle Constitution: La coordinatrice du mouvement Doumbouya Nan Noma se dit satisfaite de la mobilisation\u00a0","datePublished":"2025-08-22T00:20:22+00:00","dateModified":"2025-08-22T00:20:22+00:00","mainEntityOfPage":{"@id":"https:\/\/universnews224.com\/index.php\/carnaval-de-la-nouvelle-constitution-la-coordinatrice-du-mouvement-doumbouya-nan-noma-se-dit-satisfaite-de-la-mobilisation\/"},"wordCount":515,"publisher":{"@id":"https:\/\/universnews224.com\/#organization"},"keywords":["A la une"],"articleSection":["ACTU","POLITIQUE"],"inLanguage":"fr-FR"},{"@type":"WebPage","@id":"https:\/\/universnews224.com\/index.php\/carnaval-de-la-nouvelle-constitution-la-coordinatrice-du-mouvement-doumbouya-nan-noma-se-dit-satisfaite-de-la-mobilisation\/","url":"https:\/\/universnews224.com\/index.php\/carnaval-de-la-nouvelle-constitution-la-coordinatrice-du-mouvement-doumbouya-nan-noma-se-dit-satisfaite-de-la-mobilisation\/","name":"Carnaval de la Nouvelle Constitution: La coordinatrice du mouvement Doumbouya Nan Noma se dit satisfaite de la mobilisation\u00a0 - UNIVERSNEWS224","isPartOf":{"@id":"https:\/\/universnews224.com\/#website"},"datePublished":"2025-08-22T00:20:22+00:00","dateModified":"2025-08-22T00:20:22+00:00","inLanguage":"fr-FR","potentialAction":[{"@type":"ReadAction","target":["https:\/\/universnews224.com\/index.php\/carnaval-de-la-nouvelle-constitution-la-coordinatrice-du-mouvement-doumbouya-nan-noma-se-dit-satisfaite-de-la-mobilisation\/"]}]},{"@type":"WebSite","@id":"https:\/\/universnews224.com\/#website","url":"https:\/\/universnews224.com\/","name":"UNIVERSNEWS224","description":"","publisher":{"@id":"https:\/\/universnews224.com\/#organization"},"potentialAction":[{"@type":"SearchAction","target":{"@type":"EntryPoint","urlTemplate":"https:\/\/universnews224.com\/?s={search_term_string}"},"query-input":"required name=search_term_string"}],"inLanguage":"fr-FR"},{"@type":"Organization","@id":"https:\/\/universnews224.com\/#organization","name":"UNIVERSNEWS224","url":"https:\/\/universnews224.com\/","logo":{"@type":"ImageObject","inLanguage":"fr-FR","@id":"https:\/\/universnews224.com\/#\/schema\/logo\/image\/","url":"https:\/\/universnews224.com\/wp-content\/uploads\/2022\/08\/cropped-cropped-logoban.jpg","contentUrl":"https:\/\/universnews224.com\/wp-content\/uploads\/2022\/08\/cropped-cropped-logoban.jpg","width":1080,"height":138,"caption":"UNIVERSNEWS224"},"image":{"@id":"https:\/\/universnews224.com\/#\/schema\/logo\/image\/"}},{"@type":"Person","@id":"https:\/\/universnews224.com\/#\/schema\/person\/a4b7d4f94a4716df60456a491260485e","name":"La R\u00e9daction","image":{"@type":"ImageObject","inLanguage":"fr-FR","@id":"https:\/\/universnews224.com\/#\/schema\/person\/image\/","url":"https:\/\/secure.gravatar.com\/avatar\/edb90acc7752b23e1b3307ad36c14f0d?s=96&d=mm&r=g","contentUrl":"https:\/\/secure.gravatar.com\/avatar\/edb90acc7752b23e1b3307ad36c14f0d?s=96&d=mm&r=g","caption":"La R\u00e9daction"},"sameAs":["https:\/\/universnews224.com"],"url":"https:\/\/universnews224.com\/index.php\/author\/m-camara\/"}]}},"_links":{"self":[{"href":"https:\/\/universnews224.com\/index.php\/wp-json\/wp\/v2\/posts\/8954"}],"collection":[{"href":"https:\/\/universnews224.com\/index.php\/wp-json\/wp\/v2\/posts"}],"about":[{"href":"https:\/\/universnews224.com\/index.php\/wp-json\/wp\/v2\/types\/post"}],"author":[{"embeddable":true,"href":"https:\/\/universnews224.com\/index.php\/wp-json\/wp\/v2\/users\/2"}],"replies":[{"embeddable":true,"href":"https:\/\/universnews224.com\/index.php\/wp-json\/wp\/v2\/comments?post=8954"}],"version-history":[{"count":1,"href":"https:\/\/universnews224.com\/index.php\/wp-json\/wp\/v2\/posts\/8954\/revisions"}],"predecessor-version":[{"id":8961,"href":"https:\/\/universnews224.com\/index.php\/wp-json\/wp\/v2\/posts\/8954\/revisions\/8961"}],"wp:featuredmedia":[{"embeddable":true,"href":"https:\/\/universnews224.com\/index.php\/wp-json\/wp\/v2\/media\/8959"}],"wp:attachment":[{"href":"https:\/\/universnews224.com\/index.php\/wp-json\/wp\/v2\/media?parent=8954"}],"wp:term":[{"taxonomy":"category","embeddable":true,"href":"https:\/\/universnews224.com\/index.php\/wp-json\/wp\/v2\/categories?post=8954"},{"taxonomy":"post_tag","embeddable":true,"href":"https:\/\/universnews224.com\/index.php\/wp-json\/wp\/v2\/tags?post=8954"}],"curies":[{"name":"wp","href":"https:\/\/api.w.org\/{rel}","templated":true}]}}