{"id":8999,"date":"2025-08-25T20:51:59","date_gmt":"2025-08-25T19:51:59","guid":{"rendered":"https:\/\/universnews224.com\/?p=8999"},"modified":"2025-08-26T16:30:55","modified_gmt":"2025-08-26T15:30:55","slug":"lufdg-sur-sa-suspension-jamais-nous-ne-plierons-devant-la-dictature","status":"publish","type":"post","link":"https:\/\/universnews224.com\/index.php\/lufdg-sur-sa-suspension-jamais-nous-ne-plierons-devant-la-dictature\/","title":{"rendered":"L\u2019UFDG sur sa suspension:\u00a0\u00bbjamais nous ne plierons devant la dictature\u00a0\u00bb"},"content":{"rendered":"<p>L\u2019Union des Forces D\u00e9mocratiques de Guin\u00e9e (UFDG), a r\u00e9agi ce lundi 25 ao\u00fbt 2025, suite \u00e0 sa suspension par le minist\u00e8re de l\u2019administration du territoire et de la d\u00e9centralisation.<\/p>\n<div dir=\"auto\"><\/div>\n<div dir=\"auto\">\n<p>Dans une d\u00e9claration parcourue par notre r\u00e9daction, le parti dirig\u00e9 par Cellou Dalein Diallo affirme avec fermet\u00e9 que \u202f\u00a0\u00bbjamais nous ne plierons devant la dictature. Jamais nous ne laisserons notre pays sombrer dans la dictature\u00a0\u00bb.<\/p>\n<div dir=\"auto\"><\/div>\n<div dir=\"auto\">\u00a0 \u00a0 \u00a0 \u00a0 \u00a0 \u00a0 \u00a0 D\u00e9claration.<a href=\"https:\/\/universnews224.com\/wp-content\/uploads\/2025\/08\/IMG_3067.jpeg\"><img loading=\"lazy\" class=\"alignnone size-medium wp-image-9000\" src=\"https:\/\/universnews224.com\/wp-content\/uploads\/2025\/08\/IMG_3067-220x300.jpeg\" alt=\"\" width=\"220\" height=\"300\" srcset=\"https:\/\/universnews224.com\/wp-content\/uploads\/2025\/08\/IMG_3067-220x300.jpeg 220w, https:\/\/universnews224.com\/wp-content\/uploads\/2025\/08\/IMG_3067.jpeg 705w\" sizes=\"(max-width: 220px) 100vw, 220px\" \/><\/a><a href=\"https:\/\/universnews224.com\/wp-content\/uploads\/2025\/08\/IMG_3068.jpeg\"><img loading=\"lazy\" class=\"alignnone size-medium wp-image-9001\" src=\"https:\/\/universnews224.com\/wp-content\/uploads\/2025\/08\/IMG_3068-239x300.jpeg\" alt=\"\" width=\"239\" height=\"300\" srcset=\"https:\/\/universnews224.com\/wp-content\/uploads\/2025\/08\/IMG_3068-239x300.jpeg 239w, https:\/\/universnews224.com\/wp-content\/uploads\/2025\/08\/IMG_3068.jpeg 766w\" sizes=\"(max-width: 239px) 100vw, 239px\" \/><\/a><\/div>\n<\/div>\n","protected":false},"excerpt":{"rendered":"<p>L\u2019Union des Forces D\u00e9mocratiques de Guin\u00e9e (UFDG), a r\u00e9agi ce lundi 25 ao\u00fbt 2025, suite<\/p>\n","protected":false},"author":2,"featured_media":8616,"comment_status":"closed","ping_status":"open","sticky":false,"template":"","format":"standard","meta":[],"categories":[3,4],"tags":[237],"yoast_head":"<!-- This site is optimized with the Yoast SEO plugin v19.13 - https:\/\/yoast.com\/wordpress\/plugins\/seo\/ -->\n<title>L\u2019UFDG sur sa suspension:\u00a0\u00bbjamais nous ne plierons devant la dictature\u00a0\u00bb - UNIVERSNEWS224<\/title>\n<meta name=\"robots\" content=\"index, follow, max-snippet:-1, max-image-preview:large, max-video-preview:-1\" \/>\n<link rel=\"canonical\" href=\"https:\/\/universnews224.com\/index.php\/lufdg-sur-sa-suspension-jamais-nous-ne-plierons-devant-la-dictature\/\" \/>\n<meta property=\"og:locale\" content=\"fr_FR\" \/>\n<meta property=\"og:type\" content=\"article\" \/>\n<meta property=\"og:title\" content=\"L\u2019UFDG sur sa suspension:\u00a0\u00bbjamais nous ne plierons devant la dictature\u00a0\u00bb - UNIVERSNEWS224\" \/>\n<meta property=\"og:description\" content=\"L\u2019Union des Forces D\u00e9mocratiques de Guin\u00e9e (UFDG), a r\u00e9agi ce lundi 25 ao\u00fbt 2025, suite\" \/>\n<meta property=\"og:url\" content=\"https:\/\/universnews224.com\/index.php\/lufdg-sur-sa-suspension-jamais-nous-ne-plierons-devant-la-dictature\/\" \/>\n<meta property=\"og:site_name\" content=\"UNIVERSNEWS224\" \/>\n<meta property=\"article:published_time\" content=\"2025-08-25T19:51:59+00:00\" \/>\n<meta property=\"article:modified_time\" content=\"2025-08-26T15:30:55+00:00\" \/>\n<meta property=\"og:image\" content=\"https:\/\/universnews224.com\/wp-content\/uploads\/2025\/07\/Cellou-Dalein.jpg\" \/>\n\t<meta property=\"og:image:width\" content=\"900\" \/>\n\t<meta property=\"og:image:height\" content=\"600\" \/>\n\t<meta property=\"og:image:type\" content=\"image\/jpeg\" \/>\n<meta name=\"author\" content=\"La R\u00e9daction\" \/>\n<meta name=\"twitter:label1\" content=\"\u00c9crit par\" \/>\n\t<meta name=\"twitter:data1\" content=\"La R\u00e9daction\" \/>\n\t<meta name=\"twitter:label2\" content=\"Dur\u00e9e de lecture estim\u00e9e\" \/>\n\t<meta name=\"twitter:data2\" content=\"1 minute\" \/>\n<script type=\"application\/ld+json\" class=\"yoast-schema-graph\">{\"@context\":\"https:\/\/schema.org\",\"@graph\":[{\"@type\":\"Article\",\"@id\":\"https:\/\/universnews224.com\/index.php\/lufdg-sur-sa-suspension-jamais-nous-ne-plierons-devant-la-dictature\/#article\",\"isPartOf\":{\"@id\":\"https:\/\/universnews224.com\/index.php\/lufdg-sur-sa-suspension-jamais-nous-ne-plierons-devant-la-dictature\/\"},\"author\":{\"name\":\"La R\u00e9daction\",\"@id\":\"https:\/\/universnews224.com\/#\/schema\/person\/a4b7d4f94a4716df60456a491260485e\"},\"headline\":\"L\u2019UFDG sur sa suspension:\u00a0\u00bbjamais nous ne plierons devant la dictature\u00a0\u00bb\",\"datePublished\":\"2025-08-25T19:51:59+00:00\",\"dateModified\":\"2025-08-26T15:30:55+00:00\",\"mainEntityOfPage\":{\"@id\":\"https:\/\/universnews224.com\/index.php\/lufdg-sur-sa-suspension-jamais-nous-ne-plierons-devant-la-dictature\/\"},\"wordCount\":85,\"publisher\":{\"@id\":\"https:\/\/universnews224.com\/#organization\"},\"keywords\":[\"A la une\"],\"articleSection\":[\"ACTU\",\"POLITIQUE\"],\"inLanguage\":\"fr-FR\"},{\"@type\":\"WebPage\",\"@id\":\"https:\/\/universnews224.com\/index.php\/lufdg-sur-sa-suspension-jamais-nous-ne-plierons-devant-la-dictature\/\",\"url\":\"https:\/\/universnews224.com\/index.php\/lufdg-sur-sa-suspension-jamais-nous-ne-plierons-devant-la-dictature\/\",\"name\":\"L\u2019UFDG sur sa suspension:\u00a0\u00bbjamais nous ne plierons devant la dictature\u00a0\u00bb - UNIVERSNEWS224\",\"isPartOf\":{\"@id\":\"https:\/\/universnews224.com\/#website\"},\"datePublished\":\"2025-08-25T19:51:59+00:00\",\"dateModified\":\"2025-08-26T15:30:55+00:00\",\"inLanguage\":\"fr-FR\",\"potentialAction\":[{\"@type\":\"ReadAction\",\"target\":[\"https:\/\/universnews224.com\/index.php\/lufdg-sur-sa-suspension-jamais-nous-ne-plierons-devant-la-dictature\/\"]}]},{\"@type\":\"WebSite\",\"@id\":\"https:\/\/universnews224.com\/#website\",\"url\":\"https:\/\/universnews224.com\/\",\"name\":\"UNIVERSNEWS224\",\"description\":\"\",\"publisher\":{\"@id\":\"https:\/\/universnews224.com\/#organization\"},\"potentialAction\":[{\"@type\":\"SearchAction\",\"target\":{\"@type\":\"EntryPoint\",\"urlTemplate\":\"https:\/\/universnews224.com\/?s={search_term_string}\"},\"query-input\":\"required name=search_term_string\"}],\"inLanguage\":\"fr-FR\"},{\"@type\":\"Organization\",\"@id\":\"https:\/\/universnews224.com\/#organization\",\"name\":\"UNIVERSNEWS224\",\"url\":\"https:\/\/universnews224.com\/\",\"logo\":{\"@type\":\"ImageObject\",\"inLanguage\":\"fr-FR\",\"@id\":\"https:\/\/universnews224.com\/#\/schema\/logo\/image\/\",\"url\":\"https:\/\/universnews224.com\/wp-content\/uploads\/2022\/08\/cropped-cropped-logoban.jpg\",\"contentUrl\":\"https:\/\/universnews224.com\/wp-content\/uploads\/2022\/08\/cropped-cropped-logoban.jpg\",\"width\":1080,\"height\":138,\"caption\":\"UNIVERSNEWS224\"},\"image\":{\"@id\":\"https:\/\/universnews224.com\/#\/schema\/logo\/image\/\"}},{\"@type\":\"Person\",\"@id\":\"https:\/\/universnews224.com\/#\/schema\/person\/a4b7d4f94a4716df60456a491260485e\",\"name\":\"La R\u00e9daction\",\"image\":{\"@type\":\"ImageObject\",\"inLanguage\":\"fr-FR\",\"@id\":\"https:\/\/universnews224.com\/#\/schema\/person\/image\/\",\"url\":\"https:\/\/secure.gravatar.com\/avatar\/edb90acc7752b23e1b3307ad36c14f0d?s=96&d=mm&r=g\",\"contentUrl\":\"https:\/\/secure.gravatar.com\/avatar\/edb90acc7752b23e1b3307ad36c14f0d?s=96&d=mm&r=g\",\"caption\":\"La R\u00e9daction\"},\"sameAs\":[\"https:\/\/universnews224.com\"],\"url\":\"https:\/\/universnews224.com\/index.php\/author\/m-camara\/\"}]}<\/script>\n<!-- \/ Yoast SEO plugin. -->","yoast_head_json":{"title":"L\u2019UFDG sur sa suspension:\u00a0\u00bbjamais nous ne plierons devant la dictature\u00a0\u00bb - UNIVERSNEWS224","robots":{"index":"index","follow":"follow","max-snippet":"max-snippet:-1","max-image-preview":"max-image-preview:large","max-video-preview":"max-video-preview:-1"},"canonical":"https:\/\/universnews224.com\/index.php\/lufdg-sur-sa-suspension-jamais-nous-ne-plierons-devant-la-dictature\/","og_locale":"fr_FR","og_type":"article","og_title":"L\u2019UFDG sur sa suspension:\u00a0\u00bbjamais nous ne plierons devant la dictature\u00a0\u00bb - UNIVERSNEWS224","og_description":"L\u2019Union des Forces D\u00e9mocratiques de Guin\u00e9e (UFDG), a r\u00e9agi ce lundi 25 ao\u00fbt 2025, suite","og_url":"https:\/\/universnews224.com\/index.php\/lufdg-sur-sa-suspension-jamais-nous-ne-plierons-devant-la-dictature\/","og_site_name":"UNIVERSNEWS224","article_published_time":"2025-08-25T19:51:59+00:00","article_modified_time":"2025-08-26T15:30:55+00:00","og_image":[{"width":900,"height":600,"url":"https:\/\/universnews224.com\/wp-content\/uploads\/2025\/07\/Cellou-Dalein.jpg","type":"image\/jpeg"}],"author":"La R\u00e9daction","twitter_misc":{"\u00c9crit par":"La R\u00e9daction","Dur\u00e9e de lecture estim\u00e9e":"1 minute"},"schema":{"@context":"https:\/\/schema.org","@graph":[{"@type":"Article","@id":"https:\/\/universnews224.com\/index.php\/lufdg-sur-sa-suspension-jamais-nous-ne-plierons-devant-la-dictature\/#article","isPartOf":{"@id":"https:\/\/universnews224.com\/index.php\/lufdg-sur-sa-suspension-jamais-nous-ne-plierons-devant-la-dictature\/"},"author":{"name":"La R\u00e9daction","@id":"https:\/\/universnews224.com\/#\/schema\/person\/a4b7d4f94a4716df60456a491260485e"},"headline":"L\u2019UFDG sur sa suspension:\u00a0\u00bbjamais nous ne plierons devant la dictature\u00a0\u00bb","datePublished":"2025-08-25T19:51:59+00:00","dateModified":"2025-08-26T15:30:55+00:00","mainEntityOfPage":{"@id":"https:\/\/universnews224.com\/index.php\/lufdg-sur-sa-suspension-jamais-nous-ne-plierons-devant-la-dictature\/"},"wordCount":85,"publisher":{"@id":"https:\/\/universnews224.com\/#organization"},"keywords":["A la une"],"articleSection":["ACTU","POLITIQUE"],"inLanguage":"fr-FR"},{"@type":"WebPage","@id":"https:\/\/universnews224.com\/index.php\/lufdg-sur-sa-suspension-jamais-nous-ne-plierons-devant-la-dictature\/","url":"https:\/\/universnews224.com\/index.php\/lufdg-sur-sa-suspension-jamais-nous-ne-plierons-devant-la-dictature\/","name":"L\u2019UFDG sur sa suspension:\u00a0\u00bbjamais nous ne plierons devant la dictature\u00a0\u00bb - UNIVERSNEWS224","isPartOf":{"@id":"https:\/\/universnews224.com\/#website"},"datePublished":"2025-08-25T19:51:59+00:00","dateModified":"2025-08-26T15:30:55+00:00","inLanguage":"fr-FR","potentialAction":[{"@type":"ReadAction","target":["https:\/\/universnews224.com\/index.php\/lufdg-sur-sa-suspension-jamais-nous-ne-plierons-devant-la-dictature\/"]}]},{"@type":"WebSite","@id":"https:\/\/universnews224.com\/#website","url":"https:\/\/universnews224.com\/","name":"UNIVERSNEWS224","description":"","publisher":{"@id":"https:\/\/universnews224.com\/#organization"},"potentialAction":[{"@type":"SearchAction","target":{"@type":"EntryPoint","urlTemplate":"https:\/\/universnews224.com\/?s={search_term_string}"},"query-input":"required name=search_term_string"}],"inLanguage":"fr-FR"},{"@type":"Organization","@id":"https:\/\/universnews224.com\/#organization","name":"UNIVERSNEWS224","url":"https:\/\/universnews224.com\/","logo":{"@type":"ImageObject","inLanguage":"fr-FR","@id":"https:\/\/universnews224.com\/#\/schema\/logo\/image\/","url":"https:\/\/universnews224.com\/wp-content\/uploads\/2022\/08\/cropped-cropped-logoban.jpg","contentUrl":"https:\/\/universnews224.com\/wp-content\/uploads\/2022\/08\/cropped-cropped-logoban.jpg","width":1080,"height":138,"caption":"UNIVERSNEWS224"},"image":{"@id":"https:\/\/universnews224.com\/#\/schema\/logo\/image\/"}},{"@type":"Person","@id":"https:\/\/universnews224.com\/#\/schema\/person\/a4b7d4f94a4716df60456a491260485e","name":"La R\u00e9daction","image":{"@type":"ImageObject","inLanguage":"fr-FR","@id":"https:\/\/universnews224.com\/#\/schema\/person\/image\/","url":"https:\/\/secure.gravatar.com\/avatar\/edb90acc7752b23e1b3307ad36c14f0d?s=96&d=mm&r=g","contentUrl":"https:\/\/secure.gravatar.com\/avatar\/edb90acc7752b23e1b3307ad36c14f0d?s=96&d=mm&r=g","caption":"La R\u00e9daction"},"sameAs":["https:\/\/universnews224.com"],"url":"https:\/\/universnews224.com\/index.php\/author\/m-camara\/"}]}},"_links":{"self":[{"href":"https:\/\/universnews224.com\/index.php\/wp-json\/wp\/v2\/posts\/8999"}],"collection":[{"href":"https:\/\/universnews224.com\/index.php\/wp-json\/wp\/v2\/posts"}],"about":[{"href":"https:\/\/universnews224.com\/index.php\/wp-json\/wp\/v2\/types\/post"}],"author":[{"embeddable":true,"href":"https:\/\/universnews224.com\/index.php\/wp-json\/wp\/v2\/users\/2"}],"replies":[{"embeddable":true,"href":"https:\/\/universnews224.com\/index.php\/wp-json\/wp\/v2\/comments?post=8999"}],"version-history":[{"count":2,"href":"https:\/\/universnews224.com\/index.php\/wp-json\/wp\/v2\/posts\/8999\/revisions"}],"predecessor-version":[{"id":9005,"href":"https:\/\/universnews224.com\/index.php\/wp-json\/wp\/v2\/posts\/8999\/revisions\/9005"}],"wp:featuredmedia":[{"embeddable":true,"href":"https:\/\/universnews224.com\/index.php\/wp-json\/wp\/v2\/media\/8616"}],"wp:attachment":[{"href":"https:\/\/universnews224.com\/index.php\/wp-json\/wp\/v2\/media?parent=8999"}],"wp:term":[{"taxonomy":"category","embeddable":true,"href":"https:\/\/universnews224.com\/index.php\/wp-json\/wp\/v2\/categories?post=8999"},{"taxonomy":"post_tag","embeddable":true,"href":"https:\/\/universnews224.com\/index.php\/wp-json\/wp\/v2\/tags?post=8999"}],"curies":[{"name":"wp","href":"https:\/\/api.w.org\/{rel}","templated":true}]}}