{"id":9017,"date":"2025-08-30T00:40:00","date_gmt":"2025-08-29T23:40:00","guid":{"rendered":"https:\/\/universnews224.com\/?p=9017"},"modified":"2025-08-30T00:40:00","modified_gmt":"2025-08-29T23:40:00","slug":"diene-keita-ex-ministre-guineenne-prend-les-renes-de-lunfpa","status":"publish","type":"post","link":"https:\/\/universnews224.com\/index.php\/diene-keita-ex-ministre-guineenne-prend-les-renes-de-lunfpa\/","title":{"rendered":"Di\u00e9n\u00e9 Keita, ex-ministre guin\u00e9enne, prend les r\u00eanes de l\u2019UNFPA"},"content":{"rendered":"<p>Figure chevronn\u00e9e de la diplomatie et du d\u00e9veloppement international, Mme Di\u00e9n\u00e9 Keita acc\u00e8de au poste de Directrice ex\u00e9cutive du Fonds des Nations Unies pour la population (UNFPA), consacrant une carri\u00e8re de plus de trois d\u00e9cennies au service de l\u2019humain et des Nations Unies. L\u2019annonce a \u00e9t\u00e9 faite par le Secr\u00e9taire g\u00e9n\u00e9ral de l\u2019ONU, Ant\u00f3nio Guterres, via les canaux officiels de l\u2019agence onusienne.<\/p>\n<div dir=\"auto\"><\/div>\n<div dir=\"auto\"><\/div>\n<div dir=\"auto\">\u00ab Nous avons le plaisir de confirmer la nomination de Di\u00e9n\u00e9 Keita, originaire de Guin\u00e9e, par le Secr\u00e9taire g\u00e9n\u00e9ral de l\u2019ONU au poste de Directrice ex\u00e9cutive de l\u2019UNFPA. Nous sommes impatients de collaborer avec elle pour faire progresser les Objectifs de d\u00e9veloppement durable et promouvoir les droits et les choix pour tous \u00bb, a publi\u00e9 l\u2019UNFPA sur son compte X.<\/div>\n<div dir=\"auto\"><\/div>\n<div dir=\"auto\">L\u2019ancienne ministre guin\u00e9enne succ\u00e8de d\u00e9sormais \u00e0 la Panam\u00e9enne Natalia Kanem, \u00e0 laquelle le Secr\u00e9taire g\u00e9n\u00e9ral a adress\u00e9 ses plus vifs remerciements pour sa contribution exceptionnelle \u00e0 la mission de l\u2019organisation.<\/div>\n<div dir=\"auto\"><\/div>\n<div dir=\"auto\"><\/div>\n<div dir=\"auto\">Avant cette nomination, Di\u00e9n\u00e9 Keita assumait d\u00e9j\u00e0 les fonctions de Directrice ex\u00e9cutive par int\u00e9rim de l\u2019UNFPA, apr\u00e8s avoir \u00e9t\u00e9, depuis 2020, Directrice ex\u00e9cutive adjointe du Fonds.<\/div>\n<div dir=\"auto\"><\/div>\n<div dir=\"auto\"><\/div>\n<div dir=\"auto\">Avec plus de 30 ann\u00e9es d\u2019exp\u00e9rience dans le d\u00e9veloppement international, la diplomatie multilat\u00e9rale et la fonction publique, Mme Keita a \u00e9galement dirig\u00e9 le minist\u00e8re guin\u00e9en de la Coop\u00e9ration et de l\u2019Int\u00e9gration africaine.<\/div>\n<div dir=\"auto\"><\/div>\n<div dir=\"auto\">Dans le cadre de ses responsabilit\u00e9s au sein des Nations Unies, elle a occup\u00e9 plusieurs postes de haut niveau, notamment comme repr\u00e9sentante de l\u2019UNFPA au Nigeria et en R\u00e9publique d\u00e9mocratique du Congo, ainsi que comme Coordonnatrice r\u00e9sidente de l\u2019ONU en Mauritanie, au B\u00e9nin et en RDC. Sa carri\u00e8re dans le syst\u00e8me onusien a d\u00e9but\u00e9 en 1990 au sein du Programme des Nations Unies pour le d\u00e9veloppement (PNUD).<\/div>\n<div dir=\"auto\"><\/div>\n<div dir=\"auto\"><\/div>\n<div dir=\"auto\">M\u00e9diaguin\u00e9e<\/div>\n<div dir=\"auto\"><\/div>\n","protected":false},"excerpt":{"rendered":"<p>Figure chevronn\u00e9e de la diplomatie et du d\u00e9veloppement international, Mme Di\u00e9n\u00e9 Keita acc\u00e8de au poste<\/p>\n","protected":false},"author":2,"featured_media":9018,"comment_status":"closed","ping_status":"open","sticky":false,"template":"","format":"standard","meta":[],"categories":[3,4],"tags":[237],"yoast_head":"<!-- This site is optimized with the Yoast SEO plugin v19.13 - https:\/\/yoast.com\/wordpress\/plugins\/seo\/ -->\n<title>Di\u00e9n\u00e9 Keita, ex-ministre guin\u00e9enne, prend les r\u00eanes de l\u2019UNFPA - UNIVERSNEWS224<\/title>\n<meta name=\"robots\" content=\"index, follow, max-snippet:-1, max-image-preview:large, max-video-preview:-1\" \/>\n<link rel=\"canonical\" href=\"https:\/\/universnews224.com\/index.php\/diene-keita-ex-ministre-guineenne-prend-les-renes-de-lunfpa\/\" \/>\n<meta property=\"og:locale\" content=\"fr_FR\" \/>\n<meta property=\"og:type\" content=\"article\" \/>\n<meta property=\"og:title\" content=\"Di\u00e9n\u00e9 Keita, ex-ministre guin\u00e9enne, prend les r\u00eanes de l\u2019UNFPA - UNIVERSNEWS224\" \/>\n<meta property=\"og:description\" content=\"Figure chevronn\u00e9e de la diplomatie et du d\u00e9veloppement international, Mme Di\u00e9n\u00e9 Keita acc\u00e8de au poste\" \/>\n<meta property=\"og:url\" content=\"https:\/\/universnews224.com\/index.php\/diene-keita-ex-ministre-guineenne-prend-les-renes-de-lunfpa\/\" \/>\n<meta property=\"og:site_name\" content=\"UNIVERSNEWS224\" \/>\n<meta property=\"article:published_time\" content=\"2025-08-29T23:40:00+00:00\" \/>\n<meta property=\"og:image\" content=\"https:\/\/universnews224.com\/wp-content\/uploads\/2025\/08\/IMG_3224.jpeg\" \/>\n\t<meta property=\"og:image:width\" content=\"1080\" \/>\n\t<meta property=\"og:image:height\" content=\"707\" \/>\n\t<meta property=\"og:image:type\" content=\"image\/jpeg\" \/>\n<meta name=\"author\" content=\"La R\u00e9daction\" \/>\n<meta name=\"twitter:label1\" content=\"\u00c9crit par\" \/>\n\t<meta name=\"twitter:data1\" content=\"La R\u00e9daction\" \/>\n\t<meta name=\"twitter:label2\" content=\"Dur\u00e9e de lecture estim\u00e9e\" \/>\n\t<meta name=\"twitter:data2\" content=\"2 minutes\" \/>\n<script type=\"application\/ld+json\" class=\"yoast-schema-graph\">{\"@context\":\"https:\/\/schema.org\",\"@graph\":[{\"@type\":\"Article\",\"@id\":\"https:\/\/universnews224.com\/index.php\/diene-keita-ex-ministre-guineenne-prend-les-renes-de-lunfpa\/#article\",\"isPartOf\":{\"@id\":\"https:\/\/universnews224.com\/index.php\/diene-keita-ex-ministre-guineenne-prend-les-renes-de-lunfpa\/\"},\"author\":{\"name\":\"La R\u00e9daction\",\"@id\":\"https:\/\/universnews224.com\/#\/schema\/person\/a4b7d4f94a4716df60456a491260485e\"},\"headline\":\"Di\u00e9n\u00e9 Keita, ex-ministre guin\u00e9enne, prend les r\u00eanes de l\u2019UNFPA\",\"datePublished\":\"2025-08-29T23:40:00+00:00\",\"dateModified\":\"2025-08-29T23:40:00+00:00\",\"mainEntityOfPage\":{\"@id\":\"https:\/\/universnews224.com\/index.php\/diene-keita-ex-ministre-guineenne-prend-les-renes-de-lunfpa\/\"},\"wordCount\":348,\"publisher\":{\"@id\":\"https:\/\/universnews224.com\/#organization\"},\"keywords\":[\"A la une\"],\"articleSection\":[\"ACTU\",\"POLITIQUE\"],\"inLanguage\":\"fr-FR\"},{\"@type\":\"WebPage\",\"@id\":\"https:\/\/universnews224.com\/index.php\/diene-keita-ex-ministre-guineenne-prend-les-renes-de-lunfpa\/\",\"url\":\"https:\/\/universnews224.com\/index.php\/diene-keita-ex-ministre-guineenne-prend-les-renes-de-lunfpa\/\",\"name\":\"Di\u00e9n\u00e9 Keita, ex-ministre guin\u00e9enne, prend les r\u00eanes de l\u2019UNFPA - UNIVERSNEWS224\",\"isPartOf\":{\"@id\":\"https:\/\/universnews224.com\/#website\"},\"datePublished\":\"2025-08-29T23:40:00+00:00\",\"dateModified\":\"2025-08-29T23:40:00+00:00\",\"inLanguage\":\"fr-FR\",\"potentialAction\":[{\"@type\":\"ReadAction\",\"target\":[\"https:\/\/universnews224.com\/index.php\/diene-keita-ex-ministre-guineenne-prend-les-renes-de-lunfpa\/\"]}]},{\"@type\":\"WebSite\",\"@id\":\"https:\/\/universnews224.com\/#website\",\"url\":\"https:\/\/universnews224.com\/\",\"name\":\"UNIVERSNEWS224\",\"description\":\"\",\"publisher\":{\"@id\":\"https:\/\/universnews224.com\/#organization\"},\"potentialAction\":[{\"@type\":\"SearchAction\",\"target\":{\"@type\":\"EntryPoint\",\"urlTemplate\":\"https:\/\/universnews224.com\/?s={search_term_string}\"},\"query-input\":\"required name=search_term_string\"}],\"inLanguage\":\"fr-FR\"},{\"@type\":\"Organization\",\"@id\":\"https:\/\/universnews224.com\/#organization\",\"name\":\"UNIVERSNEWS224\",\"url\":\"https:\/\/universnews224.com\/\",\"logo\":{\"@type\":\"ImageObject\",\"inLanguage\":\"fr-FR\",\"@id\":\"https:\/\/universnews224.com\/#\/schema\/logo\/image\/\",\"url\":\"https:\/\/universnews224.com\/wp-content\/uploads\/2022\/08\/cropped-cropped-logoban.jpg\",\"contentUrl\":\"https:\/\/universnews224.com\/wp-content\/uploads\/2022\/08\/cropped-cropped-logoban.jpg\",\"width\":1080,\"height\":138,\"caption\":\"UNIVERSNEWS224\"},\"image\":{\"@id\":\"https:\/\/universnews224.com\/#\/schema\/logo\/image\/\"}},{\"@type\":\"Person\",\"@id\":\"https:\/\/universnews224.com\/#\/schema\/person\/a4b7d4f94a4716df60456a491260485e\",\"name\":\"La R\u00e9daction\",\"image\":{\"@type\":\"ImageObject\",\"inLanguage\":\"fr-FR\",\"@id\":\"https:\/\/universnews224.com\/#\/schema\/person\/image\/\",\"url\":\"https:\/\/secure.gravatar.com\/avatar\/edb90acc7752b23e1b3307ad36c14f0d?s=96&d=mm&r=g\",\"contentUrl\":\"https:\/\/secure.gravatar.com\/avatar\/edb90acc7752b23e1b3307ad36c14f0d?s=96&d=mm&r=g\",\"caption\":\"La R\u00e9daction\"},\"sameAs\":[\"https:\/\/universnews224.com\"],\"url\":\"https:\/\/universnews224.com\/index.php\/author\/m-camara\/\"}]}<\/script>\n<!-- \/ Yoast SEO plugin. -->","yoast_head_json":{"title":"Di\u00e9n\u00e9 Keita, ex-ministre guin\u00e9enne, prend les r\u00eanes de l\u2019UNFPA - UNIVERSNEWS224","robots":{"index":"index","follow":"follow","max-snippet":"max-snippet:-1","max-image-preview":"max-image-preview:large","max-video-preview":"max-video-preview:-1"},"canonical":"https:\/\/universnews224.com\/index.php\/diene-keita-ex-ministre-guineenne-prend-les-renes-de-lunfpa\/","og_locale":"fr_FR","og_type":"article","og_title":"Di\u00e9n\u00e9 Keita, ex-ministre guin\u00e9enne, prend les r\u00eanes de l\u2019UNFPA - UNIVERSNEWS224","og_description":"Figure chevronn\u00e9e de la diplomatie et du d\u00e9veloppement international, Mme Di\u00e9n\u00e9 Keita acc\u00e8de au poste","og_url":"https:\/\/universnews224.com\/index.php\/diene-keita-ex-ministre-guineenne-prend-les-renes-de-lunfpa\/","og_site_name":"UNIVERSNEWS224","article_published_time":"2025-08-29T23:40:00+00:00","og_image":[{"width":1080,"height":707,"url":"https:\/\/universnews224.com\/wp-content\/uploads\/2025\/08\/IMG_3224.jpeg","type":"image\/jpeg"}],"author":"La R\u00e9daction","twitter_misc":{"\u00c9crit par":"La R\u00e9daction","Dur\u00e9e de lecture estim\u00e9e":"2 minutes"},"schema":{"@context":"https:\/\/schema.org","@graph":[{"@type":"Article","@id":"https:\/\/universnews224.com\/index.php\/diene-keita-ex-ministre-guineenne-prend-les-renes-de-lunfpa\/#article","isPartOf":{"@id":"https:\/\/universnews224.com\/index.php\/diene-keita-ex-ministre-guineenne-prend-les-renes-de-lunfpa\/"},"author":{"name":"La R\u00e9daction","@id":"https:\/\/universnews224.com\/#\/schema\/person\/a4b7d4f94a4716df60456a491260485e"},"headline":"Di\u00e9n\u00e9 Keita, ex-ministre guin\u00e9enne, prend les r\u00eanes de l\u2019UNFPA","datePublished":"2025-08-29T23:40:00+00:00","dateModified":"2025-08-29T23:40:00+00:00","mainEntityOfPage":{"@id":"https:\/\/universnews224.com\/index.php\/diene-keita-ex-ministre-guineenne-prend-les-renes-de-lunfpa\/"},"wordCount":348,"publisher":{"@id":"https:\/\/universnews224.com\/#organization"},"keywords":["A la une"],"articleSection":["ACTU","POLITIQUE"],"inLanguage":"fr-FR"},{"@type":"WebPage","@id":"https:\/\/universnews224.com\/index.php\/diene-keita-ex-ministre-guineenne-prend-les-renes-de-lunfpa\/","url":"https:\/\/universnews224.com\/index.php\/diene-keita-ex-ministre-guineenne-prend-les-renes-de-lunfpa\/","name":"Di\u00e9n\u00e9 Keita, ex-ministre guin\u00e9enne, prend les r\u00eanes de l\u2019UNFPA - UNIVERSNEWS224","isPartOf":{"@id":"https:\/\/universnews224.com\/#website"},"datePublished":"2025-08-29T23:40:00+00:00","dateModified":"2025-08-29T23:40:00+00:00","inLanguage":"fr-FR","potentialAction":[{"@type":"ReadAction","target":["https:\/\/universnews224.com\/index.php\/diene-keita-ex-ministre-guineenne-prend-les-renes-de-lunfpa\/"]}]},{"@type":"WebSite","@id":"https:\/\/universnews224.com\/#website","url":"https:\/\/universnews224.com\/","name":"UNIVERSNEWS224","description":"","publisher":{"@id":"https:\/\/universnews224.com\/#organization"},"potentialAction":[{"@type":"SearchAction","target":{"@type":"EntryPoint","urlTemplate":"https:\/\/universnews224.com\/?s={search_term_string}"},"query-input":"required name=search_term_string"}],"inLanguage":"fr-FR"},{"@type":"Organization","@id":"https:\/\/universnews224.com\/#organization","name":"UNIVERSNEWS224","url":"https:\/\/universnews224.com\/","logo":{"@type":"ImageObject","inLanguage":"fr-FR","@id":"https:\/\/universnews224.com\/#\/schema\/logo\/image\/","url":"https:\/\/universnews224.com\/wp-content\/uploads\/2022\/08\/cropped-cropped-logoban.jpg","contentUrl":"https:\/\/universnews224.com\/wp-content\/uploads\/2022\/08\/cropped-cropped-logoban.jpg","width":1080,"height":138,"caption":"UNIVERSNEWS224"},"image":{"@id":"https:\/\/universnews224.com\/#\/schema\/logo\/image\/"}},{"@type":"Person","@id":"https:\/\/universnews224.com\/#\/schema\/person\/a4b7d4f94a4716df60456a491260485e","name":"La R\u00e9daction","image":{"@type":"ImageObject","inLanguage":"fr-FR","@id":"https:\/\/universnews224.com\/#\/schema\/person\/image\/","url":"https:\/\/secure.gravatar.com\/avatar\/edb90acc7752b23e1b3307ad36c14f0d?s=96&d=mm&r=g","contentUrl":"https:\/\/secure.gravatar.com\/avatar\/edb90acc7752b23e1b3307ad36c14f0d?s=96&d=mm&r=g","caption":"La R\u00e9daction"},"sameAs":["https:\/\/universnews224.com"],"url":"https:\/\/universnews224.com\/index.php\/author\/m-camara\/"}]}},"_links":{"self":[{"href":"https:\/\/universnews224.com\/index.php\/wp-json\/wp\/v2\/posts\/9017"}],"collection":[{"href":"https:\/\/universnews224.com\/index.php\/wp-json\/wp\/v2\/posts"}],"about":[{"href":"https:\/\/universnews224.com\/index.php\/wp-json\/wp\/v2\/types\/post"}],"author":[{"embeddable":true,"href":"https:\/\/universnews224.com\/index.php\/wp-json\/wp\/v2\/users\/2"}],"replies":[{"embeddable":true,"href":"https:\/\/universnews224.com\/index.php\/wp-json\/wp\/v2\/comments?post=9017"}],"version-history":[{"count":1,"href":"https:\/\/universnews224.com\/index.php\/wp-json\/wp\/v2\/posts\/9017\/revisions"}],"predecessor-version":[{"id":9019,"href":"https:\/\/universnews224.com\/index.php\/wp-json\/wp\/v2\/posts\/9017\/revisions\/9019"}],"wp:featuredmedia":[{"embeddable":true,"href":"https:\/\/universnews224.com\/index.php\/wp-json\/wp\/v2\/media\/9018"}],"wp:attachment":[{"href":"https:\/\/universnews224.com\/index.php\/wp-json\/wp\/v2\/media?parent=9017"}],"wp:term":[{"taxonomy":"category","embeddable":true,"href":"https:\/\/universnews224.com\/index.php\/wp-json\/wp\/v2\/categories?post=9017"},{"taxonomy":"post_tag","embeddable":true,"href":"https:\/\/universnews224.com\/index.php\/wp-json\/wp\/v2\/tags?post=9017"}],"curies":[{"name":"wp","href":"https:\/\/api.w.org\/{rel}","templated":true}]}}