{"id":9020,"date":"2025-08-30T21:21:57","date_gmt":"2025-08-30T20:21:57","guid":{"rendered":"https:\/\/universnews224.com\/?p=9020"},"modified":"2025-08-30T21:21:57","modified_gmt":"2025-08-30T20:21:57","slug":"president-kerfalla-camara-kpc-parcours-dun-entrepreneur-visionnaire-et-batisseur-guineen","status":"publish","type":"post","link":"https:\/\/universnews224.com\/index.php\/president-kerfalla-camara-kpc-parcours-dun-entrepreneur-visionnaire-et-batisseur-guineen\/","title":{"rendered":"Pr\u00e9sident Kerfalla Camara Kpc : Parcours d\u2019un entrepreneur visionnaire et b\u00e2tisseur guin\u00e9en"},"content":{"rendered":"<p>\ud835\ude48\ud835\ude64\ud835\ude63\ud835\ude68\ud835\ude5e\ud835\ude5a\ud835\ude6a\ud835\ude67 \ud835\ude46\ud835\ude5a\ud835\ude67\ud835\ude5b\ud835\ude56\ud835\ude61\ud835\ude61\ud835\ude56 \ud835\ude3e\ud835\ude56\ud835\ude62\ud835\ude56\ud835\ude67\ud835\ude56 \u201d\ud835\ude46\ud835\ude4b\ud835\ude3e\u201d, est un entrepreneur et homme d\u2019affaires guin\u00e9en, \ud835\ude63\ud835\ude5a\u0301 \ud835\ude61\ud835\ude5a 8 \ud835\ude62\ud835\ude56\ud835\ude67\ud835\ude68 1970 \ud835\ude56\u0300 \ud835\ude3e\ud835\ude64\ud835\ude63\ud835\ude56\ud835\ude60\ud835\ude67\ud835\ude6e. Il a effectu\u00e9 l\u2019ensemble de son parcours scolaire et universitaire en Guin\u00e9e.<br \/>\nEn \ud835\udfcf\ud835\udfd7\ud835\udfd7\ud835\udfd4, il obtient une \ud835\ude61\ud835\ude5e\ud835\ude58\ud835\ude5a\ud835\ude63\ud835\ude58\ud835\ude5a \ud835\ude5a\ud835\ude63 \ud835\ude40\u0301\ud835\ude58\ud835\ude64\ud835\ude63\ud835\ude64\ud835\ude62\ud835\ude5e\ud835\ude5a \ud835\ude5a\ud835\ude69 \ud835\ude41\ud835\ude5e\ud835\ude63\ud835\ude56\ud835\ude63\ud835\ude58\ud835\ude5a \u00e0 l\u2019Universit\u00e9 Gamal Abdel Nasser de Conakry. Dans le m\u00eame temps, il d\u00e9croche une \ud835\ude62\ud835\ude56\ud835\ude5e\u0302\ud835\ude69\ud835\ude67\ud835\ude5e\ud835\ude68\ud835\ude5a \ud835\ude5a\ud835\ude63 \ud835\ude3c\ud835\ude59\ud835\ude62\ud835\ude5e\ud835\ude63\ud835\ude5e\ud835\ude68\ud835\ude69\ud835\ude67\ud835\ude56\ud835\ude69\ud835\ude5e\ud835\ude64\ud835\ude63 \ud835\ude59\ud835\ude5a\ud835\ude68 \ud835\ude3c\ud835\ude5b\ud835\ude5b\ud835\ude56\ud835\ude5e\ud835\ude67\ud835\ude5a\ud835\ude68, gr\u00e2ce \u00e0 un programme initi\u00e9 par la coop\u00e9ration canadienne.<\/p>\n<p>\ud835\ude3f\ud835\ude5a \ud835\ude61\u2019\ud835\ude56\ud835\ude6a\ud835\ude59\ud835\ude56\ud835\ude58\ud835\ude5a \ud835\ude56\u0300 \ud835\ude61\ud835\ude56 \ud835\ude67\ud835\ude5a\u0301\ud835\ude6a\ud835\ude68\ud835\ude68\ud835\ude5e\ud835\ude69\ud835\ude5a : L\u2019ann\u00e9e \ud835\udfcf\ud835\udfd7\ud835\udfd7\ud835\udfd6 marque un tournant d\u00e9cisif, le Pr\u00e9sident KPC fonde la \ud835\ude42\ud835\ude6a\ud835\ude5e\ud835\ude63\ud835\ude5a\u0301\ud835\ude5a\ud835\ude63\ud835\ude63\ud835\ude5a \ud835\ude59\ud835\ude5a \ud835\ude3e\ud835\ude64\ud835\ude63\ud835\ude68\ud835\ude69\ud835\ude67\ud835\ude6a\ud835\ude58\ud835\ude69\ud835\ude5e\ud835\ude64\ud835\ude63 \ud835\ude5a\ud835\ude69 \ud835\ude59\ud835\ude5a \ud835\ude4b\ud835\ude67\ud835\ude5a\ud835\ude68\ud835\ude69\ud835\ude56\ud835\ude69\ud835\ude5e\ud835\ude64\ud835\ude63\ud835\ude68 \ud835\ude59\ud835\ude5a \ud835\ude4e\ud835\ude5a\ud835\ude67\ud835\ude6b\ud835\ude5e\ud835\ude58\ud835\ude5a\ud835\ude68 (\ud835\ude42\ud835\ude6a\ud835\ude5e\ud835\ude58\ud835\ude64\ud835\ude65\ud835\ude67\ud835\ude5a\ud835\ude68). Ce qui n\u2019\u00e9tait qu\u2019un pari audacieux devient, au fil des ann\u00e9es, un \ud835\ude5c\ud835\ude67\ud835\ude64\ud835\ude6a\ud835\ude65\ud835\ude5a \ud835\ude68\ud835\ude64\ud835\ude61\ud835\ude5e\ud835\ude59\ud835\ude5a \ud835\ude5a\ud835\ude69 \ud835\ude5e\ud835\ude63\ud835\ude58\ud835\ude64\ud835\ude63\ud835\ude69\ud835\ude64\ud835\ude6a\ud835\ude67\ud835\ude63\ud835\ude56\ud835\ude57\ud835\ude61\ud835\ude5a, avec plusieurs filiales (Guicopres BTP, Guico Multiservices International, Kakand\u00e9 Immobilier, Nalou Transit\u2026).<\/p>\n<p>Aujourd\u2019hui, le Groupe Guicopres rayonne bien au-del\u00e0 de la Guin\u00e9e, symbole du travail acharn\u00e9 et de la vision de son fondateur. Son PDG, Monsieur Kerfalla Camara KPC, occupe \u00e9galement le poste de \ud835\ude51\ud835\ude5e\ud835\ude58\ud835\ude5a-\ud835\ude4b\ud835\ude67\ud835\ude5a\u0301\ud835\ude68\ud835\ude5e\ud835\ude59\ud835\ude5a\ud835\ude63\ud835\ude69 \ud835\ude3e\ud835\ude5d\ud835\ude56\ud835\ude67\ud835\ude5c\ud835\ude5a\u0301 \ud835\ude59\ud835\ude5a\ud835\ude68 \ud835\ude4d\ud835\ude5a\ud835\ude61\ud835\ude56\ud835\ude69\ud835\ude5e\ud835\ude64\ud835\ude63\ud835\ude68 \ud835\ude44\ud835\ude63\ud835\ude69\ud835\ude5a\ud835\ude67\ud835\ude63\ud835\ude56\ud835\ude69\ud835\ude5e\ud835\ude64\ud835\ude63\ud835\ude56\ud835\ude61\ud835\ude5a\ud835\ude68 \ud835\ude59\ud835\ude6a \ud835\ude4b\ud835\ude56\ud835\ude69\ud835\ude67\ud835\ude64\ud835\ude63\ud835\ude56\ud835\ude69 \ud835\ude42\ud835\ude6a\ud835\ude5e\ud835\ude63\ud835\ude5a\u0301\ud835\ude5a\ud835\ude63 et pr\u00e9side la \ud835\ude41\ud835\ude64\ud835\ude63\ud835\ude59\ud835\ude56\ud835\ude69\ud835\ude5e\ud835\ude64\ud835\ude63 \ud835\ude46\ud835\ude4b\ud835\ude3e \ud835\ude65\ud835\ude64\ud835\ude6a\ud835\ude67 \ud835\ude61\u2019\ud835\ude43\ud835\ude6a\ud835\ude62\ud835\ude56\ud835\ude63\ud835\ude5e\ud835\ude69\ud835\ude56\ud835\ude5e\ud835\ude67\ud835\ude5a, active dans les domaines sociaux, \u00e9ducatifs et sportifs.<\/p>\n<p>\ud835\ude50\ud835\ude63 \ud835\ude56\ud835\ude58\ud835\ude69\ud835\ude5a\ud835\ude6a\ud835\ude67 \ud835\ude62\ud835\ude56\ud835\ude5f\ud835\ude5a\ud835\ude6a\ud835\ude67 \ud835\ude59\ud835\ude6a \ud835\ude5b\ud835\ude64\ud835\ude64\ud835\ude69\ud835\ude57\ud835\ude56\ud835\ude61\ud835\ude61 \ud835\ude5c\ud835\ude6a\ud835\ude5e\ud835\ude63\ud835\ude5a\u0301\ud835\ude5a\ud835\ude63 : En \ud835\udfd0\ud835\udfce\ud835\udfcf\ud835\udfd1, Le Pr\u00e9sident KPC surprend une fois de plus. Passionn\u00e9 de sport, il reprend le HAFIA FC, alors en pleine tourmente. Beaucoup doutent, mais lui y croit fermement. Sous sa direction, le club retrouve progressivement son \u00e9clat sur la sc\u00e8ne guin\u00e9enne et africaine.<\/p>\n<p>\ud835\ude4d\ud835\ude5a\u0301\ud835\ude56\ud835\ude61\ud835\ude5e\ud835\ude68\ud835\ude56\ud835\ude69\ud835\ude5e\ud835\ude64\ud835\ude63\ud835\ude68 \ud835\ude59\ud835\ude56\ud835\ude63\ud835\ude68 \ud835\ude61\ud835\ude5a\ud835\ude68 \ud835\ude5e\ud835\ude63\ud835\ude5b\ud835\ude67\ud835\ude56\ud835\ude68\ud835\ude69\ud835\ude67\ud835\ude6a\ud835\ude58\ud835\ude69\ud835\ude6a\ud835\ude67\ud835\ude5a\ud835\ude68 \ud835\ude68\ud835\ude65\ud835\ude64\ud835\ude67\ud835\ude69\ud835\ude5e\ud835\ude6b\ud835\ude5a\ud835\ude68 : Au-del\u00e0 du Hafia FC, le Pr\u00e9sident KPC investit dans les infrastructures sportives.<br \/>\nIl b\u00e2tit une vision : une \ud835\ude3c\ud835\ude58\ud835\ude56\ud835\ude59\ud835\ude5a\u0301\ud835\ude62\ud835\ude5e\ud835\ude5a \ud835\ude59\ud835\ude5a \ud835\ude41\ud835\ude64\ud835\ude64\ud835\ude69\ud835\ude57\ud835\ude56\ud835\ude61\ud835\ude61 \ud835\ude56\u0300 \ud835\ude3f\ud835\ude6a\ud835\ude57\ud835\ude67\ud835\ude5a\u0301\ud835\ude60\ud835\ude56, pour former les talents de demain, et des \ud835\ude5e\ud835\ude63\ud835\ude5b\ud835\ude67\ud835\ude56\ud835\ude68\ud835\ude69\ud835\ude67\ud835\ude6a\ud835\ude58\ud835\ude69\ud835\ude6a\ud835\ude67\ud835\ude5a\ud835\ude68 \ud835\ude68\ud835\ude65\ud835\ude64\ud835\ude67\ud835\ude69\ud835\ude5e\ud835\ude6b\ud835\ude5a\ud835\ude68 \ud835\ude62\ud835\ude64\ud835\ude59\ud835\ude5a\ud835\ude67\ud835\ude63\ud835\ude5a\ud835\ude68 comme le Stade Petit Sory. Gr\u00e2ce \u00e0 lui, de nombreux stades de la Guin\u00e9e b\u00e9n\u00e9ficient de gazons synth\u00e9tiques et d\u2019\u00e9quipements offerts via sa Fondation KPC pour l&rsquo;Humanitaire.<\/p>\n<p>\ud835\ude4d\ud835\ude5a\ud835\ude68\ud835\ude65\ud835\ude64\ud835\ude63\ud835\ude68\ud835\ude56\ud835\ude57\ud835\ude5e\ud835\ude61\ud835\ude5e\ud835\ude69\ud835\ude5a\u0301\ud835\ude68 \ud835\ude5e\ud835\ude63\ud835\ude68\ud835\ude69\ud835\ude5e\ud835\ude69\ud835\ude6a\ud835\ude69\ud835\ude5e\ud835\ude64\ud835\ude63\ud835\ude63\ud835\ude5a\ud835\ude61\ud835\ude61\ud835\ude5a\ud835\ude68 : Le Pr\u00e9sident Kerfalla Camara KPC a \u00e9galement pr\u00e9sid\u00e9 la Ligue Guin\u00e9enne de Football Professionnel-LGFP. En reconnaissance de son engagement, l\u2019\u00c9tat Guin\u00e9en lui confie le poste de 1\ud835\ude5a\ud835\ude67 \ud835\ude51\ud835\ude5e\ud835\ude58\ud835\ude5a-\ud835\ude4b\ud835\ude67\ud835\ude5a\u0301\ud835\ude68\ud835\ude5e\ud835\ude59\ud835\ude5a\ud835\ude63\ud835\ude69 \ud835\ude59\ud835\ude6a \ud835\ude3e\ud835\ude4a\ud835\ude3e\ud835\ude3c\ud835\ude49 2025. En 2021, il se porte candidat \u00e0 la pr\u00e9sidence de la F\u00e9d\u00e9ration Guin\u00e9enne de Football-FGF, avant de se retirer au profit de son compatriote, son grand fr\u00e8re, le Pr\u00e9sident Mamadou Antonio Souar\u00e9, un geste de grandeur et d\u2019\u00e9l\u00e9gance salu\u00e9 par tous.<\/p>\n<p>Un patriote avant tout : Entrepreneur respect\u00e9, le Pr\u00e9sident KPC est un homme aux multiples casquettes. Mais derri\u00e8re ces titres, il reste un Guin\u00e9en profond\u00e9ment attach\u00e9 \u00e0 son pays et anim\u00e9 par une conviction : \ud835\ude61\ud835\ude5a \ud835\ude59\ud835\ude5a\u0301\ud835\ude6b\ud835\ude5a\ud835\ude61\ud835\ude64\ud835\ude65\ud835\ude65\ud835\ude5a\ud835\ude62\ud835\ude5a\ud835\ude63\ud835\ude69 \ud835\ude59\ud835\ude5a \ud835\ude61\ud835\ude56 \ud835\ude42\ud835\ude6a\ud835\ude5e\ud835\ude63\ud835\ude5a\u0301\ud835\ude5a \ud835\ude65\ud835\ude56\ud835\ude68\ud835\ude68\ud835\ude5a \ud835\ude65\ud835\ude56\ud835\ude67 \ud835\ude61\u2019\ud835\ude5e\ud835\ude63\ud835\ude6b\ud835\ude5a\ud835\ude68\ud835\ude69\ud835\ude5e\ud835\ude68\ud835\ude68\ud835\ude5a\ud835\ude62\ud835\ude5a\ud835\ude63\ud835\ude69 \ud835\ude59\ud835\ude56\ud835\ude63\ud835\ude68 \ud835\ude68\ud835\ude56 \ud835\ude5f\ud835\ude5a\ud835\ude6a\ud835\ude63\ud835\ude5a\ud835\ude68\ud835\ude68\ud835\ude5a \ud835\ude5a\ud835\ude69 \ud835\ude68\ud835\ude5a\ud835\ude68 \ud835\ude5e\ud835\ude63\ud835\ude5b\ud835\ude67\ud835\ude56\ud835\ude68\ud835\ude69\ud835\ude67\ud835\ude6a\ud835\ude58\ud835\ude69\ud835\ude6a\ud835\ude67\ud835\ude5a\ud835\ude68.<\/p>\n<p>Mohamed Tawel Camara<\/p>\n","protected":false},"excerpt":{"rendered":"<p>\ud835\ude48\ud835\ude64\ud835\ude63\ud835\ude68\ud835\ude5e\ud835\ude5a\ud835\ude6a\ud835\ude67 \ud835\ude46\ud835\ude5a\ud835\ude67\ud835\ude5b\ud835\ude56\ud835\ude61\ud835\ude61\ud835\ude56 \ud835\ude3e\ud835\ude56\ud835\ude62\ud835\ude56\ud835\ude67\ud835\ude56 \u201d\ud835\ude46\ud835\ude4b\ud835\ude3e\u201d, est un entrepreneur et homme d\u2019affaires guin\u00e9en, \ud835\ude63\ud835\ude5a\u0301 \ud835\ude61\ud835\ude5a 8 \ud835\ude62\ud835\ude56\ud835\ude67\ud835\ude68<\/p>\n","protected":false},"author":2,"featured_media":9021,"comment_status":"closed","ping_status":"open","sticky":false,"template":"","format":"standard","meta":[],"categories":[3,5],"tags":[237],"yoast_head":"<!-- This site is optimized with the Yoast SEO plugin v19.13 - https:\/\/yoast.com\/wordpress\/plugins\/seo\/ -->\n<title>Pr\u00e9sident Kerfalla Camara Kpc : Parcours d\u2019un entrepreneur visionnaire et b\u00e2tisseur guin\u00e9en - UNIVERSNEWS224<\/title>\n<meta name=\"robots\" content=\"index, follow, max-snippet:-1, max-image-preview:large, max-video-preview:-1\" \/>\n<link rel=\"canonical\" href=\"https:\/\/universnews224.com\/index.php\/president-kerfalla-camara-kpc-parcours-dun-entrepreneur-visionnaire-et-batisseur-guineen\/\" \/>\n<meta property=\"og:locale\" content=\"fr_FR\" \/>\n<meta property=\"og:type\" content=\"article\" \/>\n<meta property=\"og:title\" content=\"Pr\u00e9sident Kerfalla Camara Kpc : Parcours d\u2019un entrepreneur visionnaire et b\u00e2tisseur guin\u00e9en - UNIVERSNEWS224\" \/>\n<meta property=\"og:description\" content=\"\ud835\ude48\ud835\ude64\ud835\ude63\ud835\ude68\ud835\ude5e\ud835\ude5a\ud835\ude6a\ud835\ude67 \ud835\ude46\ud835\ude5a\ud835\ude67\ud835\ude5b\ud835\ude56\ud835\ude61\ud835\ude61\ud835\ude56 \ud835\ude3e\ud835\ude56\ud835\ude62\ud835\ude56\ud835\ude67\ud835\ude56 \u201d\ud835\ude46\ud835\ude4b\ud835\ude3e\u201d, est un entrepreneur et homme d\u2019affaires guin\u00e9en, \ud835\ude63\ud835\ude5a\u0301 \ud835\ude61\ud835\ude5a 8 \ud835\ude62\ud835\ude56\ud835\ude67\ud835\ude68\" \/>\n<meta property=\"og:url\" content=\"https:\/\/universnews224.com\/index.php\/president-kerfalla-camara-kpc-parcours-dun-entrepreneur-visionnaire-et-batisseur-guineen\/\" \/>\n<meta property=\"og:site_name\" content=\"UNIVERSNEWS224\" \/>\n<meta property=\"article:published_time\" content=\"2025-08-30T20:21:57+00:00\" \/>\n<meta property=\"og:image\" content=\"https:\/\/universnews224.com\/wp-content\/uploads\/2025\/08\/IMG-20250830-WA0026.jpg\" \/>\n\t<meta property=\"og:image:width\" content=\"1280\" \/>\n\t<meta property=\"og:image:height\" content=\"1248\" \/>\n\t<meta property=\"og:image:type\" content=\"image\/jpeg\" \/>\n<meta name=\"author\" content=\"La R\u00e9daction\" \/>\n<meta name=\"twitter:label1\" content=\"\u00c9crit par\" \/>\n\t<meta name=\"twitter:data1\" content=\"La R\u00e9daction\" \/>\n\t<meta name=\"twitter:label2\" content=\"Dur\u00e9e de lecture estim\u00e9e\" \/>\n\t<meta name=\"twitter:data2\" content=\"3 minutes\" \/>\n<script type=\"application\/ld+json\" class=\"yoast-schema-graph\">{\"@context\":\"https:\/\/schema.org\",\"@graph\":[{\"@type\":\"Article\",\"@id\":\"https:\/\/universnews224.com\/index.php\/president-kerfalla-camara-kpc-parcours-dun-entrepreneur-visionnaire-et-batisseur-guineen\/#article\",\"isPartOf\":{\"@id\":\"https:\/\/universnews224.com\/index.php\/president-kerfalla-camara-kpc-parcours-dun-entrepreneur-visionnaire-et-batisseur-guineen\/\"},\"author\":{\"name\":\"La R\u00e9daction\",\"@id\":\"https:\/\/universnews224.com\/#\/schema\/person\/a4b7d4f94a4716df60456a491260485e\"},\"headline\":\"Pr\u00e9sident Kerfalla Camara Kpc : Parcours d\u2019un entrepreneur visionnaire et b\u00e2tisseur guin\u00e9en\",\"datePublished\":\"2025-08-30T20:21:57+00:00\",\"dateModified\":\"2025-08-30T20:21:57+00:00\",\"mainEntityOfPage\":{\"@id\":\"https:\/\/universnews224.com\/index.php\/president-kerfalla-camara-kpc-parcours-dun-entrepreneur-visionnaire-et-batisseur-guineen\/\"},\"wordCount\":379,\"publisher\":{\"@id\":\"https:\/\/universnews224.com\/#organization\"},\"keywords\":[\"A la une\"],\"articleSection\":[\"ACTU\",\"SOCI\u00c9T\u00c9\"],\"inLanguage\":\"fr-FR\"},{\"@type\":\"WebPage\",\"@id\":\"https:\/\/universnews224.com\/index.php\/president-kerfalla-camara-kpc-parcours-dun-entrepreneur-visionnaire-et-batisseur-guineen\/\",\"url\":\"https:\/\/universnews224.com\/index.php\/president-kerfalla-camara-kpc-parcours-dun-entrepreneur-visionnaire-et-batisseur-guineen\/\",\"name\":\"Pr\u00e9sident Kerfalla Camara Kpc : Parcours d\u2019un entrepreneur visionnaire et b\u00e2tisseur guin\u00e9en - UNIVERSNEWS224\",\"isPartOf\":{\"@id\":\"https:\/\/universnews224.com\/#website\"},\"datePublished\":\"2025-08-30T20:21:57+00:00\",\"dateModified\":\"2025-08-30T20:21:57+00:00\",\"inLanguage\":\"fr-FR\",\"potentialAction\":[{\"@type\":\"ReadAction\",\"target\":[\"https:\/\/universnews224.com\/index.php\/president-kerfalla-camara-kpc-parcours-dun-entrepreneur-visionnaire-et-batisseur-guineen\/\"]}]},{\"@type\":\"WebSite\",\"@id\":\"https:\/\/universnews224.com\/#website\",\"url\":\"https:\/\/universnews224.com\/\",\"name\":\"UNIVERSNEWS224\",\"description\":\"\",\"publisher\":{\"@id\":\"https:\/\/universnews224.com\/#organization\"},\"potentialAction\":[{\"@type\":\"SearchAction\",\"target\":{\"@type\":\"EntryPoint\",\"urlTemplate\":\"https:\/\/universnews224.com\/?s={search_term_string}\"},\"query-input\":\"required name=search_term_string\"}],\"inLanguage\":\"fr-FR\"},{\"@type\":\"Organization\",\"@id\":\"https:\/\/universnews224.com\/#organization\",\"name\":\"UNIVERSNEWS224\",\"url\":\"https:\/\/universnews224.com\/\",\"logo\":{\"@type\":\"ImageObject\",\"inLanguage\":\"fr-FR\",\"@id\":\"https:\/\/universnews224.com\/#\/schema\/logo\/image\/\",\"url\":\"https:\/\/universnews224.com\/wp-content\/uploads\/2022\/08\/cropped-cropped-logoban.jpg\",\"contentUrl\":\"https:\/\/universnews224.com\/wp-content\/uploads\/2022\/08\/cropped-cropped-logoban.jpg\",\"width\":1080,\"height\":138,\"caption\":\"UNIVERSNEWS224\"},\"image\":{\"@id\":\"https:\/\/universnews224.com\/#\/schema\/logo\/image\/\"}},{\"@type\":\"Person\",\"@id\":\"https:\/\/universnews224.com\/#\/schema\/person\/a4b7d4f94a4716df60456a491260485e\",\"name\":\"La R\u00e9daction\",\"image\":{\"@type\":\"ImageObject\",\"inLanguage\":\"fr-FR\",\"@id\":\"https:\/\/universnews224.com\/#\/schema\/person\/image\/\",\"url\":\"https:\/\/secure.gravatar.com\/avatar\/edb90acc7752b23e1b3307ad36c14f0d?s=96&d=mm&r=g\",\"contentUrl\":\"https:\/\/secure.gravatar.com\/avatar\/edb90acc7752b23e1b3307ad36c14f0d?s=96&d=mm&r=g\",\"caption\":\"La R\u00e9daction\"},\"sameAs\":[\"https:\/\/universnews224.com\"],\"url\":\"https:\/\/universnews224.com\/index.php\/author\/m-camara\/\"}]}<\/script>\n<!-- \/ Yoast SEO plugin. -->","yoast_head_json":{"title":"Pr\u00e9sident Kerfalla Camara Kpc : Parcours d\u2019un entrepreneur visionnaire et b\u00e2tisseur guin\u00e9en - UNIVERSNEWS224","robots":{"index":"index","follow":"follow","max-snippet":"max-snippet:-1","max-image-preview":"max-image-preview:large","max-video-preview":"max-video-preview:-1"},"canonical":"https:\/\/universnews224.com\/index.php\/president-kerfalla-camara-kpc-parcours-dun-entrepreneur-visionnaire-et-batisseur-guineen\/","og_locale":"fr_FR","og_type":"article","og_title":"Pr\u00e9sident Kerfalla Camara Kpc : Parcours d\u2019un entrepreneur visionnaire et b\u00e2tisseur guin\u00e9en - UNIVERSNEWS224","og_description":"\ud835\ude48\ud835\ude64\ud835\ude63\ud835\ude68\ud835\ude5e\ud835\ude5a\ud835\ude6a\ud835\ude67 \ud835\ude46\ud835\ude5a\ud835\ude67\ud835\ude5b\ud835\ude56\ud835\ude61\ud835\ude61\ud835\ude56 \ud835\ude3e\ud835\ude56\ud835\ude62\ud835\ude56\ud835\ude67\ud835\ude56 \u201d\ud835\ude46\ud835\ude4b\ud835\ude3e\u201d, est un entrepreneur et homme d\u2019affaires guin\u00e9en, \ud835\ude63\ud835\ude5a\u0301 \ud835\ude61\ud835\ude5a 8 \ud835\ude62\ud835\ude56\ud835\ude67\ud835\ude68","og_url":"https:\/\/universnews224.com\/index.php\/president-kerfalla-camara-kpc-parcours-dun-entrepreneur-visionnaire-et-batisseur-guineen\/","og_site_name":"UNIVERSNEWS224","article_published_time":"2025-08-30T20:21:57+00:00","og_image":[{"width":1280,"height":1248,"url":"https:\/\/universnews224.com\/wp-content\/uploads\/2025\/08\/IMG-20250830-WA0026.jpg","type":"image\/jpeg"}],"author":"La R\u00e9daction","twitter_misc":{"\u00c9crit par":"La R\u00e9daction","Dur\u00e9e de lecture estim\u00e9e":"3 minutes"},"schema":{"@context":"https:\/\/schema.org","@graph":[{"@type":"Article","@id":"https:\/\/universnews224.com\/index.php\/president-kerfalla-camara-kpc-parcours-dun-entrepreneur-visionnaire-et-batisseur-guineen\/#article","isPartOf":{"@id":"https:\/\/universnews224.com\/index.php\/president-kerfalla-camara-kpc-parcours-dun-entrepreneur-visionnaire-et-batisseur-guineen\/"},"author":{"name":"La R\u00e9daction","@id":"https:\/\/universnews224.com\/#\/schema\/person\/a4b7d4f94a4716df60456a491260485e"},"headline":"Pr\u00e9sident Kerfalla Camara Kpc : Parcours d\u2019un entrepreneur visionnaire et b\u00e2tisseur guin\u00e9en","datePublished":"2025-08-30T20:21:57+00:00","dateModified":"2025-08-30T20:21:57+00:00","mainEntityOfPage":{"@id":"https:\/\/universnews224.com\/index.php\/president-kerfalla-camara-kpc-parcours-dun-entrepreneur-visionnaire-et-batisseur-guineen\/"},"wordCount":379,"publisher":{"@id":"https:\/\/universnews224.com\/#organization"},"keywords":["A la une"],"articleSection":["ACTU","SOCI\u00c9T\u00c9"],"inLanguage":"fr-FR"},{"@type":"WebPage","@id":"https:\/\/universnews224.com\/index.php\/president-kerfalla-camara-kpc-parcours-dun-entrepreneur-visionnaire-et-batisseur-guineen\/","url":"https:\/\/universnews224.com\/index.php\/president-kerfalla-camara-kpc-parcours-dun-entrepreneur-visionnaire-et-batisseur-guineen\/","name":"Pr\u00e9sident Kerfalla Camara Kpc : Parcours d\u2019un entrepreneur visionnaire et b\u00e2tisseur guin\u00e9en - UNIVERSNEWS224","isPartOf":{"@id":"https:\/\/universnews224.com\/#website"},"datePublished":"2025-08-30T20:21:57+00:00","dateModified":"2025-08-30T20:21:57+00:00","inLanguage":"fr-FR","potentialAction":[{"@type":"ReadAction","target":["https:\/\/universnews224.com\/index.php\/president-kerfalla-camara-kpc-parcours-dun-entrepreneur-visionnaire-et-batisseur-guineen\/"]}]},{"@type":"WebSite","@id":"https:\/\/universnews224.com\/#website","url":"https:\/\/universnews224.com\/","name":"UNIVERSNEWS224","description":"","publisher":{"@id":"https:\/\/universnews224.com\/#organization"},"potentialAction":[{"@type":"SearchAction","target":{"@type":"EntryPoint","urlTemplate":"https:\/\/universnews224.com\/?s={search_term_string}"},"query-input":"required name=search_term_string"}],"inLanguage":"fr-FR"},{"@type":"Organization","@id":"https:\/\/universnews224.com\/#organization","name":"UNIVERSNEWS224","url":"https:\/\/universnews224.com\/","logo":{"@type":"ImageObject","inLanguage":"fr-FR","@id":"https:\/\/universnews224.com\/#\/schema\/logo\/image\/","url":"https:\/\/universnews224.com\/wp-content\/uploads\/2022\/08\/cropped-cropped-logoban.jpg","contentUrl":"https:\/\/universnews224.com\/wp-content\/uploads\/2022\/08\/cropped-cropped-logoban.jpg","width":1080,"height":138,"caption":"UNIVERSNEWS224"},"image":{"@id":"https:\/\/universnews224.com\/#\/schema\/logo\/image\/"}},{"@type":"Person","@id":"https:\/\/universnews224.com\/#\/schema\/person\/a4b7d4f94a4716df60456a491260485e","name":"La R\u00e9daction","image":{"@type":"ImageObject","inLanguage":"fr-FR","@id":"https:\/\/universnews224.com\/#\/schema\/person\/image\/","url":"https:\/\/secure.gravatar.com\/avatar\/edb90acc7752b23e1b3307ad36c14f0d?s=96&d=mm&r=g","contentUrl":"https:\/\/secure.gravatar.com\/avatar\/edb90acc7752b23e1b3307ad36c14f0d?s=96&d=mm&r=g","caption":"La R\u00e9daction"},"sameAs":["https:\/\/universnews224.com"],"url":"https:\/\/universnews224.com\/index.php\/author\/m-camara\/"}]}},"_links":{"self":[{"href":"https:\/\/universnews224.com\/index.php\/wp-json\/wp\/v2\/posts\/9020"}],"collection":[{"href":"https:\/\/universnews224.com\/index.php\/wp-json\/wp\/v2\/posts"}],"about":[{"href":"https:\/\/universnews224.com\/index.php\/wp-json\/wp\/v2\/types\/post"}],"author":[{"embeddable":true,"href":"https:\/\/universnews224.com\/index.php\/wp-json\/wp\/v2\/users\/2"}],"replies":[{"embeddable":true,"href":"https:\/\/universnews224.com\/index.php\/wp-json\/wp\/v2\/comments?post=9020"}],"version-history":[{"count":1,"href":"https:\/\/universnews224.com\/index.php\/wp-json\/wp\/v2\/posts\/9020\/revisions"}],"predecessor-version":[{"id":9022,"href":"https:\/\/universnews224.com\/index.php\/wp-json\/wp\/v2\/posts\/9020\/revisions\/9022"}],"wp:featuredmedia":[{"embeddable":true,"href":"https:\/\/universnews224.com\/index.php\/wp-json\/wp\/v2\/media\/9021"}],"wp:attachment":[{"href":"https:\/\/universnews224.com\/index.php\/wp-json\/wp\/v2\/media?parent=9020"}],"wp:term":[{"taxonomy":"category","embeddable":true,"href":"https:\/\/universnews224.com\/index.php\/wp-json\/wp\/v2\/categories?post=9020"},{"taxonomy":"post_tag","embeddable":true,"href":"https:\/\/universnews224.com\/index.php\/wp-json\/wp\/v2\/tags?post=9020"}],"curies":[{"name":"wp","href":"https:\/\/api.w.org\/{rel}","templated":true}]}}