{"id":9028,"date":"2025-08-31T18:46:33","date_gmt":"2025-08-31T17:46:33","guid":{"rendered":"https:\/\/universnews224.com\/?p=9028"},"modified":"2025-08-31T18:46:33","modified_gmt":"2025-08-31T17:46:33","slug":"18-mois-apres-son-depart-de-la-primauture-bernard-goumou-donne-des-raisons-de-son-silence","status":"publish","type":"post","link":"https:\/\/universnews224.com\/index.php\/18-mois-apres-son-depart-de-la-primauture-bernard-goumou-donne-des-raisons-de-son-silence\/","title":{"rendered":"18 mois apr\u00e8s son d\u00e9part de la primauture: Bernard Goumou donne des raisons de son silence."},"content":{"rendered":"<p>Dix huit (18) mois apr\u00e8s son d\u00e9part de la primauture, l&rsquo;ancien premier ministre, Dr. Bernard Goumou a bris\u00e9 le silence ce dimanche 2025 \u00e0 travers un point de presse tenu \u00e0 la maison de la presse. Interpell\u00e9 sur les raisons de ce long silence, l&rsquo;ex- locataire du palais de la colombe a tenu \u00e0 pr\u00e9ciser:<\/p>\n<p>\u00ab\u00a0Comme je venais de souligner dans ma prise de parole, d&rsquo;abord, j&rsquo;attache du prix au principe de r\u00e9serve. En plus, il faut faire la place aux nouvelles autorit\u00e9s pour prendre leur empreinte dans la s\u00e9r\u00e9nit\u00e9. Et c&rsquo;est pour toutes ces raisons que j&rsquo;ai d\u00e9cid\u00e9 de ne pas m&rsquo;exprimer\u00a0\u00bb, a t-il expliqu\u00e9.<\/p>\n<p>Et de poursuvre:<\/p>\n<p>\u00ab\u00a0Mais j&rsquo;\u00e9tais occup\u00e9 \u00e0 faire d&rsquo;autres choses. Si vous avez vu, j&rsquo;ai publi\u00e9 deux ouvrages. Pour ceux qui veulent les consulter, c&rsquo;est \u00e0 l&rsquo;\u00e9dition EMS Paris. Je me suis occup\u00e9 aussi de ma famille, parce que vous savez, la charge de l&rsquo;Etat est une charge tr\u00e8s lourde. Quand vous \u00eates \u00e0 la charge de l&rsquo;Etat, vous n&rsquo;avez pas de r\u00e9pit. J&rsquo;ai profit\u00e9 de ces instants pour m&rsquo;occuper de ma famille, mais \u00e9galement de m&rsquo;inscrire pour un second doctorat dans une autre discipline. Et je suis dans la r\u00e9daction de mon troisi\u00e8me ouvrage. Et pour terminer, je suis actuellement associ\u00e9 d&rsquo;un cabinet d&rsquo;avocats d&rsquo;affaires du CERN\u00a0\u00bb, a l&rsquo;ancien PM.<\/p>\n<p>&nbsp;<\/p>\n","protected":false},"excerpt":{"rendered":"<p>Dix huit (18) mois apr\u00e8s son d\u00e9part de la primauture, l&rsquo;ancien premier ministre, Dr. Bernard<\/p>\n","protected":false},"author":2,"featured_media":9029,"comment_status":"closed","ping_status":"open","sticky":false,"template":"","format":"standard","meta":[],"categories":[3,5],"tags":[237],"yoast_head":"<!-- This site is optimized with the Yoast SEO plugin v19.13 - https:\/\/yoast.com\/wordpress\/plugins\/seo\/ -->\n<title>18 mois apr\u00e8s son d\u00e9part de la primauture: Bernard Goumou donne des raisons de son silence. - UNIVERSNEWS224<\/title>\n<meta name=\"robots\" content=\"index, follow, max-snippet:-1, max-image-preview:large, max-video-preview:-1\" \/>\n<link rel=\"canonical\" href=\"https:\/\/universnews224.com\/index.php\/18-mois-apres-son-depart-de-la-primauture-bernard-goumou-donne-des-raisons-de-son-silence\/\" \/>\n<meta property=\"og:locale\" content=\"fr_FR\" \/>\n<meta property=\"og:type\" content=\"article\" \/>\n<meta property=\"og:title\" content=\"18 mois apr\u00e8s son d\u00e9part de la primauture: Bernard Goumou donne des raisons de son silence. - UNIVERSNEWS224\" \/>\n<meta property=\"og:description\" content=\"Dix huit (18) mois apr\u00e8s son d\u00e9part de la primauture, l&rsquo;ancien premier ministre, Dr. Bernard\" \/>\n<meta property=\"og:url\" content=\"https:\/\/universnews224.com\/index.php\/18-mois-apres-son-depart-de-la-primauture-bernard-goumou-donne-des-raisons-de-son-silence\/\" \/>\n<meta property=\"og:site_name\" content=\"UNIVERSNEWS224\" \/>\n<meta property=\"article:published_time\" content=\"2025-08-31T17:46:33+00:00\" \/>\n<meta property=\"og:image\" content=\"https:\/\/universnews224.com\/wp-content\/uploads\/2025\/08\/20250831_162243-scaled.jpg\" \/>\n\t<meta property=\"og:image:width\" content=\"2560\" \/>\n\t<meta property=\"og:image:height\" content=\"1441\" \/>\n\t<meta property=\"og:image:type\" content=\"image\/jpeg\" \/>\n<meta name=\"author\" content=\"La R\u00e9daction\" \/>\n<meta name=\"twitter:label1\" content=\"\u00c9crit par\" \/>\n\t<meta name=\"twitter:data1\" content=\"La R\u00e9daction\" \/>\n\t<meta name=\"twitter:label2\" content=\"Dur\u00e9e de lecture estim\u00e9e\" \/>\n\t<meta name=\"twitter:data2\" content=\"2 minutes\" \/>\n<script type=\"application\/ld+json\" class=\"yoast-schema-graph\">{\"@context\":\"https:\/\/schema.org\",\"@graph\":[{\"@type\":\"Article\",\"@id\":\"https:\/\/universnews224.com\/index.php\/18-mois-apres-son-depart-de-la-primauture-bernard-goumou-donne-des-raisons-de-son-silence\/#article\",\"isPartOf\":{\"@id\":\"https:\/\/universnews224.com\/index.php\/18-mois-apres-son-depart-de-la-primauture-bernard-goumou-donne-des-raisons-de-son-silence\/\"},\"author\":{\"name\":\"La R\u00e9daction\",\"@id\":\"https:\/\/universnews224.com\/#\/schema\/person\/a4b7d4f94a4716df60456a491260485e\"},\"headline\":\"18 mois apr\u00e8s son d\u00e9part de la primauture: Bernard Goumou donne des raisons de son silence.\",\"datePublished\":\"2025-08-31T17:46:33+00:00\",\"dateModified\":\"2025-08-31T17:46:33+00:00\",\"mainEntityOfPage\":{\"@id\":\"https:\/\/universnews224.com\/index.php\/18-mois-apres-son-depart-de-la-primauture-bernard-goumou-donne-des-raisons-de-son-silence\/\"},\"wordCount\":241,\"publisher\":{\"@id\":\"https:\/\/universnews224.com\/#organization\"},\"keywords\":[\"A la une\"],\"articleSection\":[\"ACTU\",\"SOCI\u00c9T\u00c9\"],\"inLanguage\":\"fr-FR\"},{\"@type\":\"WebPage\",\"@id\":\"https:\/\/universnews224.com\/index.php\/18-mois-apres-son-depart-de-la-primauture-bernard-goumou-donne-des-raisons-de-son-silence\/\",\"url\":\"https:\/\/universnews224.com\/index.php\/18-mois-apres-son-depart-de-la-primauture-bernard-goumou-donne-des-raisons-de-son-silence\/\",\"name\":\"18 mois apr\u00e8s son d\u00e9part de la primauture: Bernard Goumou donne des raisons de son silence. - UNIVERSNEWS224\",\"isPartOf\":{\"@id\":\"https:\/\/universnews224.com\/#website\"},\"datePublished\":\"2025-08-31T17:46:33+00:00\",\"dateModified\":\"2025-08-31T17:46:33+00:00\",\"inLanguage\":\"fr-FR\",\"potentialAction\":[{\"@type\":\"ReadAction\",\"target\":[\"https:\/\/universnews224.com\/index.php\/18-mois-apres-son-depart-de-la-primauture-bernard-goumou-donne-des-raisons-de-son-silence\/\"]}]},{\"@type\":\"WebSite\",\"@id\":\"https:\/\/universnews224.com\/#website\",\"url\":\"https:\/\/universnews224.com\/\",\"name\":\"UNIVERSNEWS224\",\"description\":\"\",\"publisher\":{\"@id\":\"https:\/\/universnews224.com\/#organization\"},\"potentialAction\":[{\"@type\":\"SearchAction\",\"target\":{\"@type\":\"EntryPoint\",\"urlTemplate\":\"https:\/\/universnews224.com\/?s={search_term_string}\"},\"query-input\":\"required name=search_term_string\"}],\"inLanguage\":\"fr-FR\"},{\"@type\":\"Organization\",\"@id\":\"https:\/\/universnews224.com\/#organization\",\"name\":\"UNIVERSNEWS224\",\"url\":\"https:\/\/universnews224.com\/\",\"logo\":{\"@type\":\"ImageObject\",\"inLanguage\":\"fr-FR\",\"@id\":\"https:\/\/universnews224.com\/#\/schema\/logo\/image\/\",\"url\":\"https:\/\/universnews224.com\/wp-content\/uploads\/2022\/08\/cropped-cropped-logoban.jpg\",\"contentUrl\":\"https:\/\/universnews224.com\/wp-content\/uploads\/2022\/08\/cropped-cropped-logoban.jpg\",\"width\":1080,\"height\":138,\"caption\":\"UNIVERSNEWS224\"},\"image\":{\"@id\":\"https:\/\/universnews224.com\/#\/schema\/logo\/image\/\"}},{\"@type\":\"Person\",\"@id\":\"https:\/\/universnews224.com\/#\/schema\/person\/a4b7d4f94a4716df60456a491260485e\",\"name\":\"La R\u00e9daction\",\"image\":{\"@type\":\"ImageObject\",\"inLanguage\":\"fr-FR\",\"@id\":\"https:\/\/universnews224.com\/#\/schema\/person\/image\/\",\"url\":\"https:\/\/secure.gravatar.com\/avatar\/edb90acc7752b23e1b3307ad36c14f0d?s=96&d=mm&r=g\",\"contentUrl\":\"https:\/\/secure.gravatar.com\/avatar\/edb90acc7752b23e1b3307ad36c14f0d?s=96&d=mm&r=g\",\"caption\":\"La R\u00e9daction\"},\"sameAs\":[\"https:\/\/universnews224.com\"],\"url\":\"https:\/\/universnews224.com\/index.php\/author\/m-camara\/\"}]}<\/script>\n<!-- \/ Yoast SEO plugin. -->","yoast_head_json":{"title":"18 mois apr\u00e8s son d\u00e9part de la primauture: Bernard Goumou donne des raisons de son silence. - UNIVERSNEWS224","robots":{"index":"index","follow":"follow","max-snippet":"max-snippet:-1","max-image-preview":"max-image-preview:large","max-video-preview":"max-video-preview:-1"},"canonical":"https:\/\/universnews224.com\/index.php\/18-mois-apres-son-depart-de-la-primauture-bernard-goumou-donne-des-raisons-de-son-silence\/","og_locale":"fr_FR","og_type":"article","og_title":"18 mois apr\u00e8s son d\u00e9part de la primauture: Bernard Goumou donne des raisons de son silence. - UNIVERSNEWS224","og_description":"Dix huit (18) mois apr\u00e8s son d\u00e9part de la primauture, l&rsquo;ancien premier ministre, Dr. Bernard","og_url":"https:\/\/universnews224.com\/index.php\/18-mois-apres-son-depart-de-la-primauture-bernard-goumou-donne-des-raisons-de-son-silence\/","og_site_name":"UNIVERSNEWS224","article_published_time":"2025-08-31T17:46:33+00:00","og_image":[{"width":2560,"height":1441,"url":"https:\/\/universnews224.com\/wp-content\/uploads\/2025\/08\/20250831_162243-scaled.jpg","type":"image\/jpeg"}],"author":"La R\u00e9daction","twitter_misc":{"\u00c9crit par":"La R\u00e9daction","Dur\u00e9e de lecture estim\u00e9e":"2 minutes"},"schema":{"@context":"https:\/\/schema.org","@graph":[{"@type":"Article","@id":"https:\/\/universnews224.com\/index.php\/18-mois-apres-son-depart-de-la-primauture-bernard-goumou-donne-des-raisons-de-son-silence\/#article","isPartOf":{"@id":"https:\/\/universnews224.com\/index.php\/18-mois-apres-son-depart-de-la-primauture-bernard-goumou-donne-des-raisons-de-son-silence\/"},"author":{"name":"La R\u00e9daction","@id":"https:\/\/universnews224.com\/#\/schema\/person\/a4b7d4f94a4716df60456a491260485e"},"headline":"18 mois apr\u00e8s son d\u00e9part de la primauture: Bernard Goumou donne des raisons de son silence.","datePublished":"2025-08-31T17:46:33+00:00","dateModified":"2025-08-31T17:46:33+00:00","mainEntityOfPage":{"@id":"https:\/\/universnews224.com\/index.php\/18-mois-apres-son-depart-de-la-primauture-bernard-goumou-donne-des-raisons-de-son-silence\/"},"wordCount":241,"publisher":{"@id":"https:\/\/universnews224.com\/#organization"},"keywords":["A la une"],"articleSection":["ACTU","SOCI\u00c9T\u00c9"],"inLanguage":"fr-FR"},{"@type":"WebPage","@id":"https:\/\/universnews224.com\/index.php\/18-mois-apres-son-depart-de-la-primauture-bernard-goumou-donne-des-raisons-de-son-silence\/","url":"https:\/\/universnews224.com\/index.php\/18-mois-apres-son-depart-de-la-primauture-bernard-goumou-donne-des-raisons-de-son-silence\/","name":"18 mois apr\u00e8s son d\u00e9part de la primauture: Bernard Goumou donne des raisons de son silence. - UNIVERSNEWS224","isPartOf":{"@id":"https:\/\/universnews224.com\/#website"},"datePublished":"2025-08-31T17:46:33+00:00","dateModified":"2025-08-31T17:46:33+00:00","inLanguage":"fr-FR","potentialAction":[{"@type":"ReadAction","target":["https:\/\/universnews224.com\/index.php\/18-mois-apres-son-depart-de-la-primauture-bernard-goumou-donne-des-raisons-de-son-silence\/"]}]},{"@type":"WebSite","@id":"https:\/\/universnews224.com\/#website","url":"https:\/\/universnews224.com\/","name":"UNIVERSNEWS224","description":"","publisher":{"@id":"https:\/\/universnews224.com\/#organization"},"potentialAction":[{"@type":"SearchAction","target":{"@type":"EntryPoint","urlTemplate":"https:\/\/universnews224.com\/?s={search_term_string}"},"query-input":"required name=search_term_string"}],"inLanguage":"fr-FR"},{"@type":"Organization","@id":"https:\/\/universnews224.com\/#organization","name":"UNIVERSNEWS224","url":"https:\/\/universnews224.com\/","logo":{"@type":"ImageObject","inLanguage":"fr-FR","@id":"https:\/\/universnews224.com\/#\/schema\/logo\/image\/","url":"https:\/\/universnews224.com\/wp-content\/uploads\/2022\/08\/cropped-cropped-logoban.jpg","contentUrl":"https:\/\/universnews224.com\/wp-content\/uploads\/2022\/08\/cropped-cropped-logoban.jpg","width":1080,"height":138,"caption":"UNIVERSNEWS224"},"image":{"@id":"https:\/\/universnews224.com\/#\/schema\/logo\/image\/"}},{"@type":"Person","@id":"https:\/\/universnews224.com\/#\/schema\/person\/a4b7d4f94a4716df60456a491260485e","name":"La R\u00e9daction","image":{"@type":"ImageObject","inLanguage":"fr-FR","@id":"https:\/\/universnews224.com\/#\/schema\/person\/image\/","url":"https:\/\/secure.gravatar.com\/avatar\/edb90acc7752b23e1b3307ad36c14f0d?s=96&d=mm&r=g","contentUrl":"https:\/\/secure.gravatar.com\/avatar\/edb90acc7752b23e1b3307ad36c14f0d?s=96&d=mm&r=g","caption":"La R\u00e9daction"},"sameAs":["https:\/\/universnews224.com"],"url":"https:\/\/universnews224.com\/index.php\/author\/m-camara\/"}]}},"_links":{"self":[{"href":"https:\/\/universnews224.com\/index.php\/wp-json\/wp\/v2\/posts\/9028"}],"collection":[{"href":"https:\/\/universnews224.com\/index.php\/wp-json\/wp\/v2\/posts"}],"about":[{"href":"https:\/\/universnews224.com\/index.php\/wp-json\/wp\/v2\/types\/post"}],"author":[{"embeddable":true,"href":"https:\/\/universnews224.com\/index.php\/wp-json\/wp\/v2\/users\/2"}],"replies":[{"embeddable":true,"href":"https:\/\/universnews224.com\/index.php\/wp-json\/wp\/v2\/comments?post=9028"}],"version-history":[{"count":1,"href":"https:\/\/universnews224.com\/index.php\/wp-json\/wp\/v2\/posts\/9028\/revisions"}],"predecessor-version":[{"id":9030,"href":"https:\/\/universnews224.com\/index.php\/wp-json\/wp\/v2\/posts\/9028\/revisions\/9030"}],"wp:featuredmedia":[{"embeddable":true,"href":"https:\/\/universnews224.com\/index.php\/wp-json\/wp\/v2\/media\/9029"}],"wp:attachment":[{"href":"https:\/\/universnews224.com\/index.php\/wp-json\/wp\/v2\/media?parent=9028"}],"wp:term":[{"taxonomy":"category","embeddable":true,"href":"https:\/\/universnews224.com\/index.php\/wp-json\/wp\/v2\/categories?post=9028"},{"taxonomy":"post_tag","embeddable":true,"href":"https:\/\/universnews224.com\/index.php\/wp-json\/wp\/v2\/tags?post=9028"}],"curies":[{"name":"wp","href":"https:\/\/api.w.org\/{rel}","templated":true}]}}