{"id":9055,"date":"2025-09-04T15:46:09","date_gmt":"2025-09-04T14:46:09","guid":{"rendered":"https:\/\/universnews224.com\/?p=9055"},"modified":"2025-09-04T15:46:09","modified_gmt":"2025-09-04T14:46:09","slug":"lancement-dune-enquete-nationale-gouvernance-de-la-transition-en-guinee-perceptions-citoyennes-et-attentes-sociales","status":"publish","type":"post","link":"https:\/\/universnews224.com\/index.php\/lancement-dune-enquete-nationale-gouvernance-de-la-transition-en-guinee-perceptions-citoyennes-et-attentes-sociales\/","title":{"rendered":"LANCEMENT D\u2019UNE ENQU\u00caTE NATIONALE : GOUVERNANCE DE LA TRANSITION EN GUIN\u00c9E \u2013 PERCEPTIONS CITOYENNES ET ATTENTES SOCIALES"},"content":{"rendered":"<div dir=\"auto\">Conakry, le 03 septembre 2025<\/div>\n<div dir=\"auto\"><\/div>\n<div dir=\"auto\">Quatre ans apr\u00e8s le d\u00e9but de la transition politique en R\u00e9publique de Guin\u00e9e, initi\u00e9e par le colonel Mamadi Doumbouya \u00e0 la suite du coup d\u2019\u00c9tat du 5 septembre 2021, il est devenu essentiel d\u2019\u00e9couter la voix des citoyens sur la gouvernance actuelle et les priorit\u00e9s sociales du pays.<\/div>\n<div dir=\"auto\"><\/div>\n<div dir=\"auto\">Dans ce contexte, l\u2019Institut RSE-GUIN\u00c9E, structure sp\u00e9cialis\u00e9e dans l\u2019analyse des politiques publiques, la gouvernance et la responsabilit\u00e9 soci\u00e9tale, lance une \u00e9tude nationale ind\u00e9pendante sur le th\u00e8me :<\/div>\n<div dir=\"auto\"><\/div>\n<div dir=\"auto\">\u00ab Gouvernance de la transition en Guin\u00e9e : perceptions citoyennes et attentes sociales \u00bb.<\/div>\n<div dir=\"auto\"><\/div>\n<div dir=\"auto\">L\u2019objectif principal de cette enqu\u00eate est d\u2019\u00e9valuer la perception de la population guin\u00e9enne sur les actions men\u00e9es par les autorit\u00e9s de la transition, dirig\u00e9e par le Comit\u00e9 National du Rassemblement pour le D\u00e9veloppement (CNRD), et de recueillir les attentes sociales pour une refondation durable de l\u2019\u00c9tat.<\/div>\n<div dir=\"auto\"><\/div>\n<div dir=\"auto\">Participez \u00e0 l\u2019enqu\u00eate d\u00e8s maintenant !<\/div>\n<div dir=\"auto\"><\/div>\n<div dir=\"auto\">Chaque citoyen est invit\u00e9 \u00e0 remplir un formulaire en ligne, accessible via le lien suivant :<\/div>\n<div dir=\"auto\">\ud83d\udc49 https:\/\/ee.kobotoolbox.org\/single\/dfWvwdxI<\/div>\n<div dir=\"auto\"><\/div>\n<div dir=\"auto\">Pourquoi votre avis compte ?<\/div>\n<div dir=\"auto\">Cette \u00e9tude vise \u00e0 :<\/div>\n<div dir=\"auto\"><\/div>\n<div dir=\"auto\">Mesurer le niveau de connaissance des citoyens sur les engagements de la transition ;<\/div>\n<div dir=\"auto\">Recueillir leurs appr\u00e9ciations et critiques sur la gouvernance actuelle ;<\/div>\n<div dir=\"auto\">Identifier les priorit\u00e9s sociales telles que l\u2019emploi, la sant\u00e9, l\u2019\u00e9ducation, la justice ou encore la s\u00e9curit\u00e9 ;<\/div>\n<div dir=\"auto\">\u00c9valuer la confiance dans le processus de transition ;<\/div>\n<div dir=\"auto\">Formuler des recommandations citoyennes pour une sortie de transition r\u00e9ussie.<\/div>\n<div dir=\"auto\">\u00ab La parole est \u00e0 vous. Ensemble, contribuons \u00e0 b\u00e2tir une Guin\u00e9e plus juste, plus inclusive et plus responsable \u00bb.<\/div>\n","protected":false},"excerpt":{"rendered":"<p>Conakry, le 03 septembre 2025 Quatre ans apr\u00e8s le d\u00e9but de la transition politique en<\/p>\n","protected":false},"author":2,"featured_media":9056,"comment_status":"closed","ping_status":"open","sticky":false,"template":"","format":"standard","meta":[],"categories":[3,5],"tags":[237],"yoast_head":"<!-- This site is optimized with the Yoast SEO plugin v19.13 - https:\/\/yoast.com\/wordpress\/plugins\/seo\/ -->\n<title>LANCEMENT D\u2019UNE ENQU\u00caTE NATIONALE : GOUVERNANCE DE LA TRANSITION EN GUIN\u00c9E \u2013 PERCEPTIONS CITOYENNES ET ATTENTES SOCIALES - UNIVERSNEWS224<\/title>\n<meta name=\"robots\" content=\"index, follow, max-snippet:-1, max-image-preview:large, max-video-preview:-1\" \/>\n<link rel=\"canonical\" href=\"https:\/\/universnews224.com\/index.php\/lancement-dune-enquete-nationale-gouvernance-de-la-transition-en-guinee-perceptions-citoyennes-et-attentes-sociales\/\" \/>\n<meta property=\"og:locale\" content=\"fr_FR\" \/>\n<meta property=\"og:type\" content=\"article\" \/>\n<meta property=\"og:title\" content=\"LANCEMENT D\u2019UNE ENQU\u00caTE NATIONALE : GOUVERNANCE DE LA TRANSITION EN GUIN\u00c9E \u2013 PERCEPTIONS CITOYENNES ET ATTENTES SOCIALES - UNIVERSNEWS224\" \/>\n<meta property=\"og:description\" content=\"Conakry, le 03 septembre 2025 Quatre ans apr\u00e8s le d\u00e9but de la transition politique en\" \/>\n<meta property=\"og:url\" content=\"https:\/\/universnews224.com\/index.php\/lancement-dune-enquete-nationale-gouvernance-de-la-transition-en-guinee-perceptions-citoyennes-et-attentes-sociales\/\" \/>\n<meta property=\"og:site_name\" content=\"UNIVERSNEWS224\" \/>\n<meta property=\"article:published_time\" content=\"2025-09-04T14:46:09+00:00\" \/>\n<meta property=\"og:image\" content=\"https:\/\/universnews224.com\/wp-content\/uploads\/2025\/09\/IMG-20250903-WA0103.jpg\" \/>\n\t<meta property=\"og:image:width\" content=\"1080\" \/>\n\t<meta property=\"og:image:height\" content=\"1080\" \/>\n\t<meta property=\"og:image:type\" content=\"image\/jpeg\" \/>\n<meta name=\"author\" content=\"La R\u00e9daction\" \/>\n<meta name=\"twitter:label1\" content=\"\u00c9crit par\" \/>\n\t<meta name=\"twitter:data1\" content=\"La R\u00e9daction\" \/>\n\t<meta name=\"twitter:label2\" content=\"Dur\u00e9e de lecture estim\u00e9e\" \/>\n\t<meta name=\"twitter:data2\" content=\"2 minutes\" \/>\n<script type=\"application\/ld+json\" class=\"yoast-schema-graph\">{\"@context\":\"https:\/\/schema.org\",\"@graph\":[{\"@type\":\"Article\",\"@id\":\"https:\/\/universnews224.com\/index.php\/lancement-dune-enquete-nationale-gouvernance-de-la-transition-en-guinee-perceptions-citoyennes-et-attentes-sociales\/#article\",\"isPartOf\":{\"@id\":\"https:\/\/universnews224.com\/index.php\/lancement-dune-enquete-nationale-gouvernance-de-la-transition-en-guinee-perceptions-citoyennes-et-attentes-sociales\/\"},\"author\":{\"name\":\"La R\u00e9daction\",\"@id\":\"https:\/\/universnews224.com\/#\/schema\/person\/a4b7d4f94a4716df60456a491260485e\"},\"headline\":\"LANCEMENT D\u2019UNE ENQU\u00caTE NATIONALE : GOUVERNANCE DE LA TRANSITION EN GUIN\u00c9E \u2013 PERCEPTIONS CITOYENNES ET ATTENTES SOCIALES\",\"datePublished\":\"2025-09-04T14:46:09+00:00\",\"dateModified\":\"2025-09-04T14:46:09+00:00\",\"mainEntityOfPage\":{\"@id\":\"https:\/\/universnews224.com\/index.php\/lancement-dune-enquete-nationale-gouvernance-de-la-transition-en-guinee-perceptions-citoyennes-et-attentes-sociales\/\"},\"wordCount\":289,\"publisher\":{\"@id\":\"https:\/\/universnews224.com\/#organization\"},\"keywords\":[\"A la une\"],\"articleSection\":[\"ACTU\",\"SOCI\u00c9T\u00c9\"],\"inLanguage\":\"fr-FR\"},{\"@type\":\"WebPage\",\"@id\":\"https:\/\/universnews224.com\/index.php\/lancement-dune-enquete-nationale-gouvernance-de-la-transition-en-guinee-perceptions-citoyennes-et-attentes-sociales\/\",\"url\":\"https:\/\/universnews224.com\/index.php\/lancement-dune-enquete-nationale-gouvernance-de-la-transition-en-guinee-perceptions-citoyennes-et-attentes-sociales\/\",\"name\":\"LANCEMENT D\u2019UNE ENQU\u00caTE NATIONALE : GOUVERNANCE DE LA TRANSITION EN GUIN\u00c9E \u2013 PERCEPTIONS CITOYENNES ET ATTENTES SOCIALES - UNIVERSNEWS224\",\"isPartOf\":{\"@id\":\"https:\/\/universnews224.com\/#website\"},\"datePublished\":\"2025-09-04T14:46:09+00:00\",\"dateModified\":\"2025-09-04T14:46:09+00:00\",\"inLanguage\":\"fr-FR\",\"potentialAction\":[{\"@type\":\"ReadAction\",\"target\":[\"https:\/\/universnews224.com\/index.php\/lancement-dune-enquete-nationale-gouvernance-de-la-transition-en-guinee-perceptions-citoyennes-et-attentes-sociales\/\"]}]},{\"@type\":\"WebSite\",\"@id\":\"https:\/\/universnews224.com\/#website\",\"url\":\"https:\/\/universnews224.com\/\",\"name\":\"UNIVERSNEWS224\",\"description\":\"\",\"publisher\":{\"@id\":\"https:\/\/universnews224.com\/#organization\"},\"potentialAction\":[{\"@type\":\"SearchAction\",\"target\":{\"@type\":\"EntryPoint\",\"urlTemplate\":\"https:\/\/universnews224.com\/?s={search_term_string}\"},\"query-input\":\"required name=search_term_string\"}],\"inLanguage\":\"fr-FR\"},{\"@type\":\"Organization\",\"@id\":\"https:\/\/universnews224.com\/#organization\",\"name\":\"UNIVERSNEWS224\",\"url\":\"https:\/\/universnews224.com\/\",\"logo\":{\"@type\":\"ImageObject\",\"inLanguage\":\"fr-FR\",\"@id\":\"https:\/\/universnews224.com\/#\/schema\/logo\/image\/\",\"url\":\"https:\/\/universnews224.com\/wp-content\/uploads\/2022\/08\/cropped-cropped-logoban.jpg\",\"contentUrl\":\"https:\/\/universnews224.com\/wp-content\/uploads\/2022\/08\/cropped-cropped-logoban.jpg\",\"width\":1080,\"height\":138,\"caption\":\"UNIVERSNEWS224\"},\"image\":{\"@id\":\"https:\/\/universnews224.com\/#\/schema\/logo\/image\/\"}},{\"@type\":\"Person\",\"@id\":\"https:\/\/universnews224.com\/#\/schema\/person\/a4b7d4f94a4716df60456a491260485e\",\"name\":\"La R\u00e9daction\",\"image\":{\"@type\":\"ImageObject\",\"inLanguage\":\"fr-FR\",\"@id\":\"https:\/\/universnews224.com\/#\/schema\/person\/image\/\",\"url\":\"https:\/\/secure.gravatar.com\/avatar\/edb90acc7752b23e1b3307ad36c14f0d?s=96&d=mm&r=g\",\"contentUrl\":\"https:\/\/secure.gravatar.com\/avatar\/edb90acc7752b23e1b3307ad36c14f0d?s=96&d=mm&r=g\",\"caption\":\"La R\u00e9daction\"},\"sameAs\":[\"https:\/\/universnews224.com\"],\"url\":\"https:\/\/universnews224.com\/index.php\/author\/m-camara\/\"}]}<\/script>\n<!-- \/ Yoast SEO plugin. -->","yoast_head_json":{"title":"LANCEMENT D\u2019UNE ENQU\u00caTE NATIONALE : GOUVERNANCE DE LA TRANSITION EN GUIN\u00c9E \u2013 PERCEPTIONS CITOYENNES ET ATTENTES SOCIALES - UNIVERSNEWS224","robots":{"index":"index","follow":"follow","max-snippet":"max-snippet:-1","max-image-preview":"max-image-preview:large","max-video-preview":"max-video-preview:-1"},"canonical":"https:\/\/universnews224.com\/index.php\/lancement-dune-enquete-nationale-gouvernance-de-la-transition-en-guinee-perceptions-citoyennes-et-attentes-sociales\/","og_locale":"fr_FR","og_type":"article","og_title":"LANCEMENT D\u2019UNE ENQU\u00caTE NATIONALE : GOUVERNANCE DE LA TRANSITION EN GUIN\u00c9E \u2013 PERCEPTIONS CITOYENNES ET ATTENTES SOCIALES - UNIVERSNEWS224","og_description":"Conakry, le 03 septembre 2025 Quatre ans apr\u00e8s le d\u00e9but de la transition politique en","og_url":"https:\/\/universnews224.com\/index.php\/lancement-dune-enquete-nationale-gouvernance-de-la-transition-en-guinee-perceptions-citoyennes-et-attentes-sociales\/","og_site_name":"UNIVERSNEWS224","article_published_time":"2025-09-04T14:46:09+00:00","og_image":[{"width":1080,"height":1080,"url":"https:\/\/universnews224.com\/wp-content\/uploads\/2025\/09\/IMG-20250903-WA0103.jpg","type":"image\/jpeg"}],"author":"La R\u00e9daction","twitter_misc":{"\u00c9crit par":"La R\u00e9daction","Dur\u00e9e de lecture estim\u00e9e":"2 minutes"},"schema":{"@context":"https:\/\/schema.org","@graph":[{"@type":"Article","@id":"https:\/\/universnews224.com\/index.php\/lancement-dune-enquete-nationale-gouvernance-de-la-transition-en-guinee-perceptions-citoyennes-et-attentes-sociales\/#article","isPartOf":{"@id":"https:\/\/universnews224.com\/index.php\/lancement-dune-enquete-nationale-gouvernance-de-la-transition-en-guinee-perceptions-citoyennes-et-attentes-sociales\/"},"author":{"name":"La R\u00e9daction","@id":"https:\/\/universnews224.com\/#\/schema\/person\/a4b7d4f94a4716df60456a491260485e"},"headline":"LANCEMENT D\u2019UNE ENQU\u00caTE NATIONALE : GOUVERNANCE DE LA TRANSITION EN GUIN\u00c9E \u2013 PERCEPTIONS CITOYENNES ET ATTENTES SOCIALES","datePublished":"2025-09-04T14:46:09+00:00","dateModified":"2025-09-04T14:46:09+00:00","mainEntityOfPage":{"@id":"https:\/\/universnews224.com\/index.php\/lancement-dune-enquete-nationale-gouvernance-de-la-transition-en-guinee-perceptions-citoyennes-et-attentes-sociales\/"},"wordCount":289,"publisher":{"@id":"https:\/\/universnews224.com\/#organization"},"keywords":["A la une"],"articleSection":["ACTU","SOCI\u00c9T\u00c9"],"inLanguage":"fr-FR"},{"@type":"WebPage","@id":"https:\/\/universnews224.com\/index.php\/lancement-dune-enquete-nationale-gouvernance-de-la-transition-en-guinee-perceptions-citoyennes-et-attentes-sociales\/","url":"https:\/\/universnews224.com\/index.php\/lancement-dune-enquete-nationale-gouvernance-de-la-transition-en-guinee-perceptions-citoyennes-et-attentes-sociales\/","name":"LANCEMENT D\u2019UNE ENQU\u00caTE NATIONALE : GOUVERNANCE DE LA TRANSITION EN GUIN\u00c9E \u2013 PERCEPTIONS CITOYENNES ET ATTENTES SOCIALES - UNIVERSNEWS224","isPartOf":{"@id":"https:\/\/universnews224.com\/#website"},"datePublished":"2025-09-04T14:46:09+00:00","dateModified":"2025-09-04T14:46:09+00:00","inLanguage":"fr-FR","potentialAction":[{"@type":"ReadAction","target":["https:\/\/universnews224.com\/index.php\/lancement-dune-enquete-nationale-gouvernance-de-la-transition-en-guinee-perceptions-citoyennes-et-attentes-sociales\/"]}]},{"@type":"WebSite","@id":"https:\/\/universnews224.com\/#website","url":"https:\/\/universnews224.com\/","name":"UNIVERSNEWS224","description":"","publisher":{"@id":"https:\/\/universnews224.com\/#organization"},"potentialAction":[{"@type":"SearchAction","target":{"@type":"EntryPoint","urlTemplate":"https:\/\/universnews224.com\/?s={search_term_string}"},"query-input":"required name=search_term_string"}],"inLanguage":"fr-FR"},{"@type":"Organization","@id":"https:\/\/universnews224.com\/#organization","name":"UNIVERSNEWS224","url":"https:\/\/universnews224.com\/","logo":{"@type":"ImageObject","inLanguage":"fr-FR","@id":"https:\/\/universnews224.com\/#\/schema\/logo\/image\/","url":"https:\/\/universnews224.com\/wp-content\/uploads\/2022\/08\/cropped-cropped-logoban.jpg","contentUrl":"https:\/\/universnews224.com\/wp-content\/uploads\/2022\/08\/cropped-cropped-logoban.jpg","width":1080,"height":138,"caption":"UNIVERSNEWS224"},"image":{"@id":"https:\/\/universnews224.com\/#\/schema\/logo\/image\/"}},{"@type":"Person","@id":"https:\/\/universnews224.com\/#\/schema\/person\/a4b7d4f94a4716df60456a491260485e","name":"La R\u00e9daction","image":{"@type":"ImageObject","inLanguage":"fr-FR","@id":"https:\/\/universnews224.com\/#\/schema\/person\/image\/","url":"https:\/\/secure.gravatar.com\/avatar\/edb90acc7752b23e1b3307ad36c14f0d?s=96&d=mm&r=g","contentUrl":"https:\/\/secure.gravatar.com\/avatar\/edb90acc7752b23e1b3307ad36c14f0d?s=96&d=mm&r=g","caption":"La R\u00e9daction"},"sameAs":["https:\/\/universnews224.com"],"url":"https:\/\/universnews224.com\/index.php\/author\/m-camara\/"}]}},"_links":{"self":[{"href":"https:\/\/universnews224.com\/index.php\/wp-json\/wp\/v2\/posts\/9055"}],"collection":[{"href":"https:\/\/universnews224.com\/index.php\/wp-json\/wp\/v2\/posts"}],"about":[{"href":"https:\/\/universnews224.com\/index.php\/wp-json\/wp\/v2\/types\/post"}],"author":[{"embeddable":true,"href":"https:\/\/universnews224.com\/index.php\/wp-json\/wp\/v2\/users\/2"}],"replies":[{"embeddable":true,"href":"https:\/\/universnews224.com\/index.php\/wp-json\/wp\/v2\/comments?post=9055"}],"version-history":[{"count":1,"href":"https:\/\/universnews224.com\/index.php\/wp-json\/wp\/v2\/posts\/9055\/revisions"}],"predecessor-version":[{"id":9057,"href":"https:\/\/universnews224.com\/index.php\/wp-json\/wp\/v2\/posts\/9055\/revisions\/9057"}],"wp:featuredmedia":[{"embeddable":true,"href":"https:\/\/universnews224.com\/index.php\/wp-json\/wp\/v2\/media\/9056"}],"wp:attachment":[{"href":"https:\/\/universnews224.com\/index.php\/wp-json\/wp\/v2\/media?parent=9055"}],"wp:term":[{"taxonomy":"category","embeddable":true,"href":"https:\/\/universnews224.com\/index.php\/wp-json\/wp\/v2\/categories?post=9055"},{"taxonomy":"post_tag","embeddable":true,"href":"https:\/\/universnews224.com\/index.php\/wp-json\/wp\/v2\/tags?post=9055"}],"curies":[{"name":"wp","href":"https:\/\/api.w.org\/{rel}","templated":true}]}}