{"id":9075,"date":"2025-09-06T23:10:17","date_gmt":"2025-09-06T22:10:17","guid":{"rendered":"https:\/\/universnews224.com\/?p=9075"},"modified":"2025-09-06T23:10:17","modified_gmt":"2025-09-06T22:10:17","slug":"armees-plusieurs-militaires-groupement-des-forces-radies-pour-inconduite","status":"publish","type":"post","link":"https:\/\/universnews224.com\/index.php\/armees-plusieurs-militaires-groupement-des-forces-radies-pour-inconduite\/","title":{"rendered":"Arm\u00e9es: plusieurs militaires groupement des forces radi\u00e9s pour \u00ab\u00a0inconduite\u00a0\u00bb"},"content":{"rendered":"<p>\u00c0 travers un arr\u00eat\u00e9 lu \u00e0 la t\u00e9l\u00e9vision nationale dans la soir\u00e9e de ce samedi, 06 septembre 2025, le ministre de la D\u00e9fense nationale a proc\u00e9d\u00e9 \u00e0 la radiation de plusieurs militaires groupement des forces sp\u00e9ciales pour inconduite dans les effectifs des forces arm\u00e9es guin\u00e9ennes.<\/p>\n<p>Il s&rsquo;agit:<\/p>\n<p>1- Matricule 41 376G, Amara Joe Sylla, grade ACH<\/p>\n<p>2- Matricule 44 285G Luc Joe Balla B\u00e9avogui, grade SGT<\/p>\n<p>3- Matricule 47 521G Ibrahima Biny\u00e9 Cond\u00e9, grade SGT<\/p>\n<p>4- Matricule 47 958G Ibrahima K\u00e9b\u00e9, garde CCH<\/p>\n<p>5- Matricule 48 403G, Ibrahima Kalil Camara, garde CCH<\/p>\n<p>6- Marticule 48 408G, Sekou Bald\u00e9, CCH<\/p>\n<p>7- Matricule 48 602G, Ahmed S\u00e9kou Mara, grade CCH<\/p>\n<p>8- Matricule 48 495G, Mamadou Saliou Bah, grade CCH<\/p>\n<p>9- Matricule 57 787G, Ansoumanie Kaba, grade CAL<\/p>\n<p>10- Matricule 62 955G, Moussa Mariam Camara, grade 2\u00e8me CL<\/p>\n<p>11- Matricule 63 028G, Naby Camara, grade 2\u00e8me CL<\/p>\n<p>12- Marticule 63 039G, Aboubacar Konat\u00e9, grade 2\u00e8me CL<\/p>\n<p>13- Matricule, 63 047G, Mohamed Soumah, grade 2\u00e8me CL<\/p>\n<p>14- Matricule 63 048G, Abdourahamane Oular\u00e9, grade 2\u00e8me CL<\/p>\n<p>15- Marticule 63 061G, Fod\u00e9 Bangaly Samoura, grade 2\u00e8me CL<\/p>\n<p>16- Matricule 63 169 G, Daouda Bangoura, grade 2\u00e8me CL<\/p>\n<p>17 Marticule 66 377G, Ibrahima Kalil Tour\u00e9, grade 2\u00e8me CL<\/p>\n<p>18- Matricule 66 695 G, Ousmane 1 Camara, grade 2\u00e8me CL<\/p>\n<p>Article 2.<\/p>\n<p>Le Chef d\u2019Etat-major g\u00e9n\u00e9ral des arm\u00e9es, le haut commandant de la gendarmerie nationale et directeur de la justice militaire, l\u2019inspecteur g\u00e9n\u00e9ral des forces arm\u00e9es, le directeur g\u00e9n\u00e9ral des ressources humaines, le directeur g\u00e9n\u00e9ral de l\u2019intendance militaire et le directeur g\u00e9n\u00e9ral du service de sant\u00e9 des arm\u00e9es sont charg\u00e9s chacun en ce qui le concerne de l\u2019application du pr\u00e9sent arr\u00eat\u00e9 qui prend effet \u00e0 compter de sa date de signature.<\/p>\n","protected":false},"excerpt":{"rendered":"<p>\u00c0 travers un arr\u00eat\u00e9 lu \u00e0 la t\u00e9l\u00e9vision nationale dans la soir\u00e9e de ce samedi,<\/p>\n","protected":false},"author":2,"featured_media":9076,"comment_status":"closed","ping_status":"open","sticky":false,"template":"","format":"standard","meta":[],"categories":[3,4],"tags":[],"yoast_head":"<!-- This site is optimized with the Yoast SEO plugin v19.13 - https:\/\/yoast.com\/wordpress\/plugins\/seo\/ -->\n<title>Arm\u00e9es: plusieurs militaires groupement des forces radi\u00e9s pour &quot;inconduite&quot; - UNIVERSNEWS224<\/title>\n<meta name=\"robots\" content=\"index, follow, max-snippet:-1, max-image-preview:large, max-video-preview:-1\" \/>\n<link rel=\"canonical\" href=\"https:\/\/universnews224.com\/index.php\/armees-plusieurs-militaires-groupement-des-forces-radies-pour-inconduite\/\" \/>\n<meta property=\"og:locale\" content=\"fr_FR\" \/>\n<meta property=\"og:type\" content=\"article\" \/>\n<meta property=\"og:title\" content=\"Arm\u00e9es: plusieurs militaires groupement des forces radi\u00e9s pour &quot;inconduite&quot; - UNIVERSNEWS224\" \/>\n<meta property=\"og:description\" content=\"\u00c0 travers un arr\u00eat\u00e9 lu \u00e0 la t\u00e9l\u00e9vision nationale dans la soir\u00e9e de ce samedi,\" \/>\n<meta property=\"og:url\" content=\"https:\/\/universnews224.com\/index.php\/armees-plusieurs-militaires-groupement-des-forces-radies-pour-inconduite\/\" \/>\n<meta property=\"og:site_name\" content=\"UNIVERSNEWS224\" \/>\n<meta property=\"article:published_time\" content=\"2025-09-06T22:10:17+00:00\" \/>\n<meta property=\"og:image\" content=\"https:\/\/universnews224.com\/wp-content\/uploads\/2025\/09\/IMG-20250906-WA0010-750x375-1.jpg\" \/>\n\t<meta property=\"og:image:width\" content=\"750\" \/>\n\t<meta property=\"og:image:height\" content=\"375\" \/>\n\t<meta property=\"og:image:type\" content=\"image\/jpeg\" \/>\n<meta name=\"author\" content=\"La R\u00e9daction\" \/>\n<meta name=\"twitter:label1\" content=\"\u00c9crit par\" \/>\n\t<meta name=\"twitter:data1\" content=\"La R\u00e9daction\" \/>\n\t<meta name=\"twitter:label2\" content=\"Dur\u00e9e de lecture estim\u00e9e\" \/>\n\t<meta name=\"twitter:data2\" content=\"2 minutes\" \/>\n<script type=\"application\/ld+json\" class=\"yoast-schema-graph\">{\"@context\":\"https:\/\/schema.org\",\"@graph\":[{\"@type\":\"Article\",\"@id\":\"https:\/\/universnews224.com\/index.php\/armees-plusieurs-militaires-groupement-des-forces-radies-pour-inconduite\/#article\",\"isPartOf\":{\"@id\":\"https:\/\/universnews224.com\/index.php\/armees-plusieurs-militaires-groupement-des-forces-radies-pour-inconduite\/\"},\"author\":{\"name\":\"La R\u00e9daction\",\"@id\":\"https:\/\/universnews224.com\/#\/schema\/person\/a4b7d4f94a4716df60456a491260485e\"},\"headline\":\"Arm\u00e9es: plusieurs militaires groupement des forces radi\u00e9s pour \u00ab\u00a0inconduite\u00a0\u00bb\",\"datePublished\":\"2025-09-06T22:10:17+00:00\",\"dateModified\":\"2025-09-06T22:10:17+00:00\",\"mainEntityOfPage\":{\"@id\":\"https:\/\/universnews224.com\/index.php\/armees-plusieurs-militaires-groupement-des-forces-radies-pour-inconduite\/\"},\"wordCount\":297,\"publisher\":{\"@id\":\"https:\/\/universnews224.com\/#organization\"},\"articleSection\":[\"ACTU\",\"POLITIQUE\"],\"inLanguage\":\"fr-FR\"},{\"@type\":\"WebPage\",\"@id\":\"https:\/\/universnews224.com\/index.php\/armees-plusieurs-militaires-groupement-des-forces-radies-pour-inconduite\/\",\"url\":\"https:\/\/universnews224.com\/index.php\/armees-plusieurs-militaires-groupement-des-forces-radies-pour-inconduite\/\",\"name\":\"Arm\u00e9es: plusieurs militaires groupement des forces radi\u00e9s pour \\\"inconduite\\\" - UNIVERSNEWS224\",\"isPartOf\":{\"@id\":\"https:\/\/universnews224.com\/#website\"},\"datePublished\":\"2025-09-06T22:10:17+00:00\",\"dateModified\":\"2025-09-06T22:10:17+00:00\",\"inLanguage\":\"fr-FR\",\"potentialAction\":[{\"@type\":\"ReadAction\",\"target\":[\"https:\/\/universnews224.com\/index.php\/armees-plusieurs-militaires-groupement-des-forces-radies-pour-inconduite\/\"]}]},{\"@type\":\"WebSite\",\"@id\":\"https:\/\/universnews224.com\/#website\",\"url\":\"https:\/\/universnews224.com\/\",\"name\":\"UNIVERSNEWS224\",\"description\":\"\",\"publisher\":{\"@id\":\"https:\/\/universnews224.com\/#organization\"},\"potentialAction\":[{\"@type\":\"SearchAction\",\"target\":{\"@type\":\"EntryPoint\",\"urlTemplate\":\"https:\/\/universnews224.com\/?s={search_term_string}\"},\"query-input\":\"required name=search_term_string\"}],\"inLanguage\":\"fr-FR\"},{\"@type\":\"Organization\",\"@id\":\"https:\/\/universnews224.com\/#organization\",\"name\":\"UNIVERSNEWS224\",\"url\":\"https:\/\/universnews224.com\/\",\"logo\":{\"@type\":\"ImageObject\",\"inLanguage\":\"fr-FR\",\"@id\":\"https:\/\/universnews224.com\/#\/schema\/logo\/image\/\",\"url\":\"https:\/\/universnews224.com\/wp-content\/uploads\/2022\/08\/cropped-cropped-logoban.jpg\",\"contentUrl\":\"https:\/\/universnews224.com\/wp-content\/uploads\/2022\/08\/cropped-cropped-logoban.jpg\",\"width\":1080,\"height\":138,\"caption\":\"UNIVERSNEWS224\"},\"image\":{\"@id\":\"https:\/\/universnews224.com\/#\/schema\/logo\/image\/\"}},{\"@type\":\"Person\",\"@id\":\"https:\/\/universnews224.com\/#\/schema\/person\/a4b7d4f94a4716df60456a491260485e\",\"name\":\"La R\u00e9daction\",\"image\":{\"@type\":\"ImageObject\",\"inLanguage\":\"fr-FR\",\"@id\":\"https:\/\/universnews224.com\/#\/schema\/person\/image\/\",\"url\":\"https:\/\/secure.gravatar.com\/avatar\/edb90acc7752b23e1b3307ad36c14f0d?s=96&d=mm&r=g\",\"contentUrl\":\"https:\/\/secure.gravatar.com\/avatar\/edb90acc7752b23e1b3307ad36c14f0d?s=96&d=mm&r=g\",\"caption\":\"La R\u00e9daction\"},\"sameAs\":[\"https:\/\/universnews224.com\"],\"url\":\"https:\/\/universnews224.com\/index.php\/author\/m-camara\/\"}]}<\/script>\n<!-- \/ Yoast SEO plugin. -->","yoast_head_json":{"title":"Arm\u00e9es: plusieurs militaires groupement des forces radi\u00e9s pour \"inconduite\" - UNIVERSNEWS224","robots":{"index":"index","follow":"follow","max-snippet":"max-snippet:-1","max-image-preview":"max-image-preview:large","max-video-preview":"max-video-preview:-1"},"canonical":"https:\/\/universnews224.com\/index.php\/armees-plusieurs-militaires-groupement-des-forces-radies-pour-inconduite\/","og_locale":"fr_FR","og_type":"article","og_title":"Arm\u00e9es: plusieurs militaires groupement des forces radi\u00e9s pour \"inconduite\" - UNIVERSNEWS224","og_description":"\u00c0 travers un arr\u00eat\u00e9 lu \u00e0 la t\u00e9l\u00e9vision nationale dans la soir\u00e9e de ce samedi,","og_url":"https:\/\/universnews224.com\/index.php\/armees-plusieurs-militaires-groupement-des-forces-radies-pour-inconduite\/","og_site_name":"UNIVERSNEWS224","article_published_time":"2025-09-06T22:10:17+00:00","og_image":[{"width":750,"height":375,"url":"https:\/\/universnews224.com\/wp-content\/uploads\/2025\/09\/IMG-20250906-WA0010-750x375-1.jpg","type":"image\/jpeg"}],"author":"La R\u00e9daction","twitter_misc":{"\u00c9crit par":"La R\u00e9daction","Dur\u00e9e de lecture estim\u00e9e":"2 minutes"},"schema":{"@context":"https:\/\/schema.org","@graph":[{"@type":"Article","@id":"https:\/\/universnews224.com\/index.php\/armees-plusieurs-militaires-groupement-des-forces-radies-pour-inconduite\/#article","isPartOf":{"@id":"https:\/\/universnews224.com\/index.php\/armees-plusieurs-militaires-groupement-des-forces-radies-pour-inconduite\/"},"author":{"name":"La R\u00e9daction","@id":"https:\/\/universnews224.com\/#\/schema\/person\/a4b7d4f94a4716df60456a491260485e"},"headline":"Arm\u00e9es: plusieurs militaires groupement des forces radi\u00e9s pour \u00ab\u00a0inconduite\u00a0\u00bb","datePublished":"2025-09-06T22:10:17+00:00","dateModified":"2025-09-06T22:10:17+00:00","mainEntityOfPage":{"@id":"https:\/\/universnews224.com\/index.php\/armees-plusieurs-militaires-groupement-des-forces-radies-pour-inconduite\/"},"wordCount":297,"publisher":{"@id":"https:\/\/universnews224.com\/#organization"},"articleSection":["ACTU","POLITIQUE"],"inLanguage":"fr-FR"},{"@type":"WebPage","@id":"https:\/\/universnews224.com\/index.php\/armees-plusieurs-militaires-groupement-des-forces-radies-pour-inconduite\/","url":"https:\/\/universnews224.com\/index.php\/armees-plusieurs-militaires-groupement-des-forces-radies-pour-inconduite\/","name":"Arm\u00e9es: plusieurs militaires groupement des forces radi\u00e9s pour \"inconduite\" - UNIVERSNEWS224","isPartOf":{"@id":"https:\/\/universnews224.com\/#website"},"datePublished":"2025-09-06T22:10:17+00:00","dateModified":"2025-09-06T22:10:17+00:00","inLanguage":"fr-FR","potentialAction":[{"@type":"ReadAction","target":["https:\/\/universnews224.com\/index.php\/armees-plusieurs-militaires-groupement-des-forces-radies-pour-inconduite\/"]}]},{"@type":"WebSite","@id":"https:\/\/universnews224.com\/#website","url":"https:\/\/universnews224.com\/","name":"UNIVERSNEWS224","description":"","publisher":{"@id":"https:\/\/universnews224.com\/#organization"},"potentialAction":[{"@type":"SearchAction","target":{"@type":"EntryPoint","urlTemplate":"https:\/\/universnews224.com\/?s={search_term_string}"},"query-input":"required name=search_term_string"}],"inLanguage":"fr-FR"},{"@type":"Organization","@id":"https:\/\/universnews224.com\/#organization","name":"UNIVERSNEWS224","url":"https:\/\/universnews224.com\/","logo":{"@type":"ImageObject","inLanguage":"fr-FR","@id":"https:\/\/universnews224.com\/#\/schema\/logo\/image\/","url":"https:\/\/universnews224.com\/wp-content\/uploads\/2022\/08\/cropped-cropped-logoban.jpg","contentUrl":"https:\/\/universnews224.com\/wp-content\/uploads\/2022\/08\/cropped-cropped-logoban.jpg","width":1080,"height":138,"caption":"UNIVERSNEWS224"},"image":{"@id":"https:\/\/universnews224.com\/#\/schema\/logo\/image\/"}},{"@type":"Person","@id":"https:\/\/universnews224.com\/#\/schema\/person\/a4b7d4f94a4716df60456a491260485e","name":"La R\u00e9daction","image":{"@type":"ImageObject","inLanguage":"fr-FR","@id":"https:\/\/universnews224.com\/#\/schema\/person\/image\/","url":"https:\/\/secure.gravatar.com\/avatar\/edb90acc7752b23e1b3307ad36c14f0d?s=96&d=mm&r=g","contentUrl":"https:\/\/secure.gravatar.com\/avatar\/edb90acc7752b23e1b3307ad36c14f0d?s=96&d=mm&r=g","caption":"La R\u00e9daction"},"sameAs":["https:\/\/universnews224.com"],"url":"https:\/\/universnews224.com\/index.php\/author\/m-camara\/"}]}},"_links":{"self":[{"href":"https:\/\/universnews224.com\/index.php\/wp-json\/wp\/v2\/posts\/9075"}],"collection":[{"href":"https:\/\/universnews224.com\/index.php\/wp-json\/wp\/v2\/posts"}],"about":[{"href":"https:\/\/universnews224.com\/index.php\/wp-json\/wp\/v2\/types\/post"}],"author":[{"embeddable":true,"href":"https:\/\/universnews224.com\/index.php\/wp-json\/wp\/v2\/users\/2"}],"replies":[{"embeddable":true,"href":"https:\/\/universnews224.com\/index.php\/wp-json\/wp\/v2\/comments?post=9075"}],"version-history":[{"count":1,"href":"https:\/\/universnews224.com\/index.php\/wp-json\/wp\/v2\/posts\/9075\/revisions"}],"predecessor-version":[{"id":9077,"href":"https:\/\/universnews224.com\/index.php\/wp-json\/wp\/v2\/posts\/9075\/revisions\/9077"}],"wp:featuredmedia":[{"embeddable":true,"href":"https:\/\/universnews224.com\/index.php\/wp-json\/wp\/v2\/media\/9076"}],"wp:attachment":[{"href":"https:\/\/universnews224.com\/index.php\/wp-json\/wp\/v2\/media?parent=9075"}],"wp:term":[{"taxonomy":"category","embeddable":true,"href":"https:\/\/universnews224.com\/index.php\/wp-json\/wp\/v2\/categories?post=9075"},{"taxonomy":"post_tag","embeddable":true,"href":"https:\/\/universnews224.com\/index.php\/wp-json\/wp\/v2\/tags?post=9075"}],"curies":[{"name":"wp","href":"https:\/\/api.w.org\/{rel}","templated":true}]}}