{"id":9091,"date":"2025-09-12T17:53:19","date_gmt":"2025-09-12T16:53:19","guid":{"rendered":"https:\/\/universnews224.com\/?p=9091"},"modified":"2025-09-12T17:53:19","modified_gmt":"2025-09-12T16:53:19","slug":"campagne-referendaire-21-septembre-la-ministre-fatima-camara-a-la-rencontre-des-citoyens-de-dubreka","status":"publish","type":"post","link":"https:\/\/universnews224.com\/index.php\/campagne-referendaire-21-septembre-la-ministre-fatima-camara-a-la-rencontre-des-citoyens-de-dubreka\/","title":{"rendered":"Campagne r\u00e9f\u00e9rendaire\u00a0 21 septembre: La Ministre Fatima Camara \u00e0 la rencontre des citoyens de Dubr\u00e9ka"},"content":{"rendered":"<p>\u00c0 quelques jours du r\u00e9f\u00e9rendum pr\u00e9vu le 21 septembre 2025, la ville de Dubr\u00e9ka a accueilli le mercredi 10 septembre, la visite de la ministre du Commerce, Mme. Fatima Camara. Accompagn\u00e9e de plusieurs cadres de son d\u00e9partement, elle a investi les march\u00e9s de la cit\u00e9 afin de sensibiliser directement les populations sur les enjeux du scrutin. C&rsquo;est le stade pr\u00e9fectoral de Dubreka qui a servi de cadre pour cette grande c\u00e9r\u00e9monie de lancement.<a href=\"https:\/\/universnews224.com\/wp-content\/uploads\/2025\/09\/IMG-20250912-WA0014.jpg\"><img loading=\"lazy\" class=\"alignnone size-medium wp-image-9092\" src=\"https:\/\/universnews224.com\/wp-content\/uploads\/2025\/09\/IMG-20250912-WA0014-300x172.jpg\" alt=\"\" width=\"300\" height=\"172\" srcset=\"https:\/\/universnews224.com\/wp-content\/uploads\/2025\/09\/IMG-20250912-WA0014-300x172.jpg 300w, https:\/\/universnews224.com\/wp-content\/uploads\/2025\/09\/IMG-20250912-WA0014.jpg 750w\" sizes=\"(max-width: 300px) 100vw, 300px\" \/><\/a><\/p>\n<p>Dans cette ligne directoire de la campagne r\u00e9f\u00e9rendaire, compos\u00e9 des ministres Mourana Soumah, coordinateur r\u00e9gional de Kindia, Fatima Camara, marraine de la pr\u00e9fecture de Dubreka, Moussa Moise Sylla, et les hauts cadres du gouvernement a \u00e9t\u00e9 vivement accueilli par le public venu de toutes les coins de Dubreka.<br \/>\nLes membres de la d\u00e9l\u00e9gation ont rassur\u00e9 le public en expliquant les avantages que les Guin\u00e9ens auront en votant \u00ab Oui \u00bb au r\u00e9f\u00e9rendum qui va bient\u00f4t nousressemble et nous rassemble dans notre pays.<a href=\"https:\/\/universnews224.com\/wp-content\/uploads\/2025\/09\/IMG-20250912-WA0013.jpg\"><img loading=\"lazy\" class=\"alignnone size-medium wp-image-9093\" src=\"https:\/\/universnews224.com\/wp-content\/uploads\/2025\/09\/IMG-20250912-WA0013-300x221.jpg\" alt=\"\" width=\"300\" height=\"221\" srcset=\"https:\/\/universnews224.com\/wp-content\/uploads\/2025\/09\/IMG-20250912-WA0013-300x221.jpg 300w, https:\/\/universnews224.com\/wp-content\/uploads\/2025\/09\/IMG-20250912-WA0013-1024x753.jpg 1024w, https:\/\/universnews224.com\/wp-content\/uploads\/2025\/09\/IMG-20250912-WA0013-768x565.jpg 768w, https:\/\/universnews224.com\/wp-content\/uploads\/2025\/09\/IMG-20250912-WA0013.jpg 1192w\" sizes=\"(max-width: 300px) 100vw, 300px\" \/><\/a><\/p>\n<p>Apr\u00e8s les diff\u00e9rents messages expliquant comment voter, la grande marraine de Dubreka, Mme Fatima Camara Ministre du Commerce, a pass\u00e9 le message du gouvernement.<a href=\"https:\/\/universnews224.com\/wp-content\/uploads\/2025\/09\/IMG-20250912-WA0012.jpg\"><img loading=\"lazy\" class=\"alignnone size-medium wp-image-9094\" src=\"https:\/\/universnews224.com\/wp-content\/uploads\/2025\/09\/IMG-20250912-WA0012-300x187.jpg\" alt=\"\" width=\"300\" height=\"187\" srcset=\"https:\/\/universnews224.com\/wp-content\/uploads\/2025\/09\/IMG-20250912-WA0012-300x187.jpg 300w, https:\/\/universnews224.com\/wp-content\/uploads\/2025\/09\/IMG-20250912-WA0012-1024x638.jpg 1024w, https:\/\/universnews224.com\/wp-content\/uploads\/2025\/09\/IMG-20250912-WA0012-768x478.jpg 768w, https:\/\/universnews224.com\/wp-content\/uploads\/2025\/09\/IMG-20250912-WA0012.jpg 1280w\" sizes=\"(max-width: 300px) 100vw, 300px\" \/><\/a><\/p>\n<p>\u00ab La constitution est une partie fondamentale d\u2019un pays. Sans une constitution, un pays est comme une maison sans fondation. Avec ce r\u00e9f\u00e9rendum, nous allons tourn\u00e9 la page de la transition et construire un avenir meilleur\u2026 \u00bb, a d\u00e9clar\u00e9 Fatima Camara.<a href=\"https:\/\/universnews224.com\/wp-content\/uploads\/2025\/09\/IMG-20250912-WA0011.jpg\"><img loading=\"lazy\" class=\"alignnone size-medium wp-image-9095\" src=\"https:\/\/universnews224.com\/wp-content\/uploads\/2025\/09\/IMG-20250912-WA0011-300x242.jpg\" alt=\"\" width=\"300\" height=\"242\" srcset=\"https:\/\/universnews224.com\/wp-content\/uploads\/2025\/09\/IMG-20250912-WA0011-300x242.jpg 300w, https:\/\/universnews224.com\/wp-content\/uploads\/2025\/09\/IMG-20250912-WA0011-1024x825.jpg 1024w, https:\/\/universnews224.com\/wp-content\/uploads\/2025\/09\/IMG-20250912-WA0011-768x619.jpg 768w, https:\/\/universnews224.com\/wp-content\/uploads\/2025\/09\/IMG-20250912-WA0011.jpg 1280w\" sizes=\"(max-width: 300px) 100vw, 300px\" \/><\/a><\/p>\n<p>Cette rencontre grandiose a \u00e9t\u00e9 \u00e9galement marqu\u00e9e par la prestation des d\u2019artistes qui d\u00e9fendent les id\u00e9aux et acquis du CNRD.<\/p>\n<p>Sana Sylla.<\/p>\n","protected":false},"excerpt":{"rendered":"<p>\u00c0 quelques jours du r\u00e9f\u00e9rendum pr\u00e9vu le 21 septembre 2025, la ville de Dubr\u00e9ka a<\/p>\n","protected":false},"author":2,"featured_media":9092,"comment_status":"closed","ping_status":"open","sticky":false,"template":"","format":"standard","meta":[],"categories":[3,4],"tags":[237],"yoast_head":"<!-- This site is optimized with the Yoast SEO plugin v19.13 - https:\/\/yoast.com\/wordpress\/plugins\/seo\/ -->\n<title>Campagne r\u00e9f\u00e9rendaire\u00a0 21 septembre: La Ministre Fatima Camara \u00e0 la rencontre des citoyens de Dubr\u00e9ka - UNIVERSNEWS224<\/title>\n<meta name=\"robots\" content=\"index, follow, max-snippet:-1, max-image-preview:large, max-video-preview:-1\" \/>\n<link rel=\"canonical\" href=\"https:\/\/universnews224.com\/index.php\/campagne-referendaire-21-septembre-la-ministre-fatima-camara-a-la-rencontre-des-citoyens-de-dubreka\/\" \/>\n<meta property=\"og:locale\" content=\"fr_FR\" \/>\n<meta property=\"og:type\" content=\"article\" \/>\n<meta property=\"og:title\" content=\"Campagne r\u00e9f\u00e9rendaire\u00a0 21 septembre: La Ministre Fatima Camara \u00e0 la rencontre des citoyens de Dubr\u00e9ka - UNIVERSNEWS224\" \/>\n<meta property=\"og:description\" content=\"\u00c0 quelques jours du r\u00e9f\u00e9rendum pr\u00e9vu le 21 septembre 2025, la ville de Dubr\u00e9ka a\" \/>\n<meta property=\"og:url\" content=\"https:\/\/universnews224.com\/index.php\/campagne-referendaire-21-septembre-la-ministre-fatima-camara-a-la-rencontre-des-citoyens-de-dubreka\/\" \/>\n<meta property=\"og:site_name\" content=\"UNIVERSNEWS224\" \/>\n<meta property=\"article:published_time\" content=\"2025-09-12T16:53:19+00:00\" \/>\n<meta property=\"og:image\" content=\"https:\/\/universnews224.com\/wp-content\/uploads\/2025\/09\/IMG-20250912-WA0014.jpg\" \/>\n\t<meta property=\"og:image:width\" content=\"750\" \/>\n\t<meta property=\"og:image:height\" content=\"430\" \/>\n\t<meta property=\"og:image:type\" content=\"image\/jpeg\" \/>\n<meta name=\"author\" content=\"La R\u00e9daction\" \/>\n<meta name=\"twitter:label1\" content=\"\u00c9crit par\" \/>\n\t<meta name=\"twitter:data1\" content=\"La R\u00e9daction\" \/>\n\t<meta name=\"twitter:label2\" content=\"Dur\u00e9e de lecture estim\u00e9e\" \/>\n\t<meta name=\"twitter:data2\" content=\"3 minutes\" \/>\n<script type=\"application\/ld+json\" class=\"yoast-schema-graph\">{\"@context\":\"https:\/\/schema.org\",\"@graph\":[{\"@type\":\"Article\",\"@id\":\"https:\/\/universnews224.com\/index.php\/campagne-referendaire-21-septembre-la-ministre-fatima-camara-a-la-rencontre-des-citoyens-de-dubreka\/#article\",\"isPartOf\":{\"@id\":\"https:\/\/universnews224.com\/index.php\/campagne-referendaire-21-septembre-la-ministre-fatima-camara-a-la-rencontre-des-citoyens-de-dubreka\/\"},\"author\":{\"name\":\"La R\u00e9daction\",\"@id\":\"https:\/\/universnews224.com\/#\/schema\/person\/a4b7d4f94a4716df60456a491260485e\"},\"headline\":\"Campagne r\u00e9f\u00e9rendaire\u00a0 21 septembre: La Ministre Fatima Camara \u00e0 la rencontre des citoyens de Dubr\u00e9ka\",\"datePublished\":\"2025-09-12T16:53:19+00:00\",\"dateModified\":\"2025-09-12T16:53:19+00:00\",\"mainEntityOfPage\":{\"@id\":\"https:\/\/universnews224.com\/index.php\/campagne-referendaire-21-septembre-la-ministre-fatima-camara-a-la-rencontre-des-citoyens-de-dubreka\/\"},\"wordCount\":280,\"publisher\":{\"@id\":\"https:\/\/universnews224.com\/#organization\"},\"keywords\":[\"A la une\"],\"articleSection\":[\"ACTU\",\"POLITIQUE\"],\"inLanguage\":\"fr-FR\"},{\"@type\":\"WebPage\",\"@id\":\"https:\/\/universnews224.com\/index.php\/campagne-referendaire-21-septembre-la-ministre-fatima-camara-a-la-rencontre-des-citoyens-de-dubreka\/\",\"url\":\"https:\/\/universnews224.com\/index.php\/campagne-referendaire-21-septembre-la-ministre-fatima-camara-a-la-rencontre-des-citoyens-de-dubreka\/\",\"name\":\"Campagne r\u00e9f\u00e9rendaire\u00a0 21 septembre: La Ministre Fatima Camara \u00e0 la rencontre des citoyens de Dubr\u00e9ka - UNIVERSNEWS224\",\"isPartOf\":{\"@id\":\"https:\/\/universnews224.com\/#website\"},\"datePublished\":\"2025-09-12T16:53:19+00:00\",\"dateModified\":\"2025-09-12T16:53:19+00:00\",\"inLanguage\":\"fr-FR\",\"potentialAction\":[{\"@type\":\"ReadAction\",\"target\":[\"https:\/\/universnews224.com\/index.php\/campagne-referendaire-21-septembre-la-ministre-fatima-camara-a-la-rencontre-des-citoyens-de-dubreka\/\"]}]},{\"@type\":\"WebSite\",\"@id\":\"https:\/\/universnews224.com\/#website\",\"url\":\"https:\/\/universnews224.com\/\",\"name\":\"UNIVERSNEWS224\",\"description\":\"\",\"publisher\":{\"@id\":\"https:\/\/universnews224.com\/#organization\"},\"potentialAction\":[{\"@type\":\"SearchAction\",\"target\":{\"@type\":\"EntryPoint\",\"urlTemplate\":\"https:\/\/universnews224.com\/?s={search_term_string}\"},\"query-input\":\"required name=search_term_string\"}],\"inLanguage\":\"fr-FR\"},{\"@type\":\"Organization\",\"@id\":\"https:\/\/universnews224.com\/#organization\",\"name\":\"UNIVERSNEWS224\",\"url\":\"https:\/\/universnews224.com\/\",\"logo\":{\"@type\":\"ImageObject\",\"inLanguage\":\"fr-FR\",\"@id\":\"https:\/\/universnews224.com\/#\/schema\/logo\/image\/\",\"url\":\"https:\/\/universnews224.com\/wp-content\/uploads\/2022\/08\/cropped-cropped-logoban.jpg\",\"contentUrl\":\"https:\/\/universnews224.com\/wp-content\/uploads\/2022\/08\/cropped-cropped-logoban.jpg\",\"width\":1080,\"height\":138,\"caption\":\"UNIVERSNEWS224\"},\"image\":{\"@id\":\"https:\/\/universnews224.com\/#\/schema\/logo\/image\/\"}},{\"@type\":\"Person\",\"@id\":\"https:\/\/universnews224.com\/#\/schema\/person\/a4b7d4f94a4716df60456a491260485e\",\"name\":\"La R\u00e9daction\",\"image\":{\"@type\":\"ImageObject\",\"inLanguage\":\"fr-FR\",\"@id\":\"https:\/\/universnews224.com\/#\/schema\/person\/image\/\",\"url\":\"https:\/\/secure.gravatar.com\/avatar\/edb90acc7752b23e1b3307ad36c14f0d?s=96&d=mm&r=g\",\"contentUrl\":\"https:\/\/secure.gravatar.com\/avatar\/edb90acc7752b23e1b3307ad36c14f0d?s=96&d=mm&r=g\",\"caption\":\"La R\u00e9daction\"},\"sameAs\":[\"https:\/\/universnews224.com\"],\"url\":\"https:\/\/universnews224.com\/index.php\/author\/m-camara\/\"}]}<\/script>\n<!-- \/ Yoast SEO plugin. -->","yoast_head_json":{"title":"Campagne r\u00e9f\u00e9rendaire\u00a0 21 septembre: La Ministre Fatima Camara \u00e0 la rencontre des citoyens de Dubr\u00e9ka - UNIVERSNEWS224","robots":{"index":"index","follow":"follow","max-snippet":"max-snippet:-1","max-image-preview":"max-image-preview:large","max-video-preview":"max-video-preview:-1"},"canonical":"https:\/\/universnews224.com\/index.php\/campagne-referendaire-21-septembre-la-ministre-fatima-camara-a-la-rencontre-des-citoyens-de-dubreka\/","og_locale":"fr_FR","og_type":"article","og_title":"Campagne r\u00e9f\u00e9rendaire\u00a0 21 septembre: La Ministre Fatima Camara \u00e0 la rencontre des citoyens de Dubr\u00e9ka - UNIVERSNEWS224","og_description":"\u00c0 quelques jours du r\u00e9f\u00e9rendum pr\u00e9vu le 21 septembre 2025, la ville de Dubr\u00e9ka a","og_url":"https:\/\/universnews224.com\/index.php\/campagne-referendaire-21-septembre-la-ministre-fatima-camara-a-la-rencontre-des-citoyens-de-dubreka\/","og_site_name":"UNIVERSNEWS224","article_published_time":"2025-09-12T16:53:19+00:00","og_image":[{"width":750,"height":430,"url":"https:\/\/universnews224.com\/wp-content\/uploads\/2025\/09\/IMG-20250912-WA0014.jpg","type":"image\/jpeg"}],"author":"La R\u00e9daction","twitter_misc":{"\u00c9crit par":"La R\u00e9daction","Dur\u00e9e de lecture estim\u00e9e":"3 minutes"},"schema":{"@context":"https:\/\/schema.org","@graph":[{"@type":"Article","@id":"https:\/\/universnews224.com\/index.php\/campagne-referendaire-21-septembre-la-ministre-fatima-camara-a-la-rencontre-des-citoyens-de-dubreka\/#article","isPartOf":{"@id":"https:\/\/universnews224.com\/index.php\/campagne-referendaire-21-septembre-la-ministre-fatima-camara-a-la-rencontre-des-citoyens-de-dubreka\/"},"author":{"name":"La R\u00e9daction","@id":"https:\/\/universnews224.com\/#\/schema\/person\/a4b7d4f94a4716df60456a491260485e"},"headline":"Campagne r\u00e9f\u00e9rendaire\u00a0 21 septembre: La Ministre Fatima Camara \u00e0 la rencontre des citoyens de Dubr\u00e9ka","datePublished":"2025-09-12T16:53:19+00:00","dateModified":"2025-09-12T16:53:19+00:00","mainEntityOfPage":{"@id":"https:\/\/universnews224.com\/index.php\/campagne-referendaire-21-septembre-la-ministre-fatima-camara-a-la-rencontre-des-citoyens-de-dubreka\/"},"wordCount":280,"publisher":{"@id":"https:\/\/universnews224.com\/#organization"},"keywords":["A la une"],"articleSection":["ACTU","POLITIQUE"],"inLanguage":"fr-FR"},{"@type":"WebPage","@id":"https:\/\/universnews224.com\/index.php\/campagne-referendaire-21-septembre-la-ministre-fatima-camara-a-la-rencontre-des-citoyens-de-dubreka\/","url":"https:\/\/universnews224.com\/index.php\/campagne-referendaire-21-septembre-la-ministre-fatima-camara-a-la-rencontre-des-citoyens-de-dubreka\/","name":"Campagne r\u00e9f\u00e9rendaire\u00a0 21 septembre: La Ministre Fatima Camara \u00e0 la rencontre des citoyens de Dubr\u00e9ka - UNIVERSNEWS224","isPartOf":{"@id":"https:\/\/universnews224.com\/#website"},"datePublished":"2025-09-12T16:53:19+00:00","dateModified":"2025-09-12T16:53:19+00:00","inLanguage":"fr-FR","potentialAction":[{"@type":"ReadAction","target":["https:\/\/universnews224.com\/index.php\/campagne-referendaire-21-septembre-la-ministre-fatima-camara-a-la-rencontre-des-citoyens-de-dubreka\/"]}]},{"@type":"WebSite","@id":"https:\/\/universnews224.com\/#website","url":"https:\/\/universnews224.com\/","name":"UNIVERSNEWS224","description":"","publisher":{"@id":"https:\/\/universnews224.com\/#organization"},"potentialAction":[{"@type":"SearchAction","target":{"@type":"EntryPoint","urlTemplate":"https:\/\/universnews224.com\/?s={search_term_string}"},"query-input":"required name=search_term_string"}],"inLanguage":"fr-FR"},{"@type":"Organization","@id":"https:\/\/universnews224.com\/#organization","name":"UNIVERSNEWS224","url":"https:\/\/universnews224.com\/","logo":{"@type":"ImageObject","inLanguage":"fr-FR","@id":"https:\/\/universnews224.com\/#\/schema\/logo\/image\/","url":"https:\/\/universnews224.com\/wp-content\/uploads\/2022\/08\/cropped-cropped-logoban.jpg","contentUrl":"https:\/\/universnews224.com\/wp-content\/uploads\/2022\/08\/cropped-cropped-logoban.jpg","width":1080,"height":138,"caption":"UNIVERSNEWS224"},"image":{"@id":"https:\/\/universnews224.com\/#\/schema\/logo\/image\/"}},{"@type":"Person","@id":"https:\/\/universnews224.com\/#\/schema\/person\/a4b7d4f94a4716df60456a491260485e","name":"La R\u00e9daction","image":{"@type":"ImageObject","inLanguage":"fr-FR","@id":"https:\/\/universnews224.com\/#\/schema\/person\/image\/","url":"https:\/\/secure.gravatar.com\/avatar\/edb90acc7752b23e1b3307ad36c14f0d?s=96&d=mm&r=g","contentUrl":"https:\/\/secure.gravatar.com\/avatar\/edb90acc7752b23e1b3307ad36c14f0d?s=96&d=mm&r=g","caption":"La R\u00e9daction"},"sameAs":["https:\/\/universnews224.com"],"url":"https:\/\/universnews224.com\/index.php\/author\/m-camara\/"}]}},"_links":{"self":[{"href":"https:\/\/universnews224.com\/index.php\/wp-json\/wp\/v2\/posts\/9091"}],"collection":[{"href":"https:\/\/universnews224.com\/index.php\/wp-json\/wp\/v2\/posts"}],"about":[{"href":"https:\/\/universnews224.com\/index.php\/wp-json\/wp\/v2\/types\/post"}],"author":[{"embeddable":true,"href":"https:\/\/universnews224.com\/index.php\/wp-json\/wp\/v2\/users\/2"}],"replies":[{"embeddable":true,"href":"https:\/\/universnews224.com\/index.php\/wp-json\/wp\/v2\/comments?post=9091"}],"version-history":[{"count":1,"href":"https:\/\/universnews224.com\/index.php\/wp-json\/wp\/v2\/posts\/9091\/revisions"}],"predecessor-version":[{"id":9096,"href":"https:\/\/universnews224.com\/index.php\/wp-json\/wp\/v2\/posts\/9091\/revisions\/9096"}],"wp:featuredmedia":[{"embeddable":true,"href":"https:\/\/universnews224.com\/index.php\/wp-json\/wp\/v2\/media\/9092"}],"wp:attachment":[{"href":"https:\/\/universnews224.com\/index.php\/wp-json\/wp\/v2\/media?parent=9091"}],"wp:term":[{"taxonomy":"category","embeddable":true,"href":"https:\/\/universnews224.com\/index.php\/wp-json\/wp\/v2\/categories?post=9091"},{"taxonomy":"post_tag","embeddable":true,"href":"https:\/\/universnews224.com\/index.php\/wp-json\/wp\/v2\/tags?post=9091"}],"curies":[{"name":"wp","href":"https:\/\/api.w.org\/{rel}","templated":true}]}}