{"id":9097,"date":"2025-09-13T15:27:45","date_gmt":"2025-09-13T14:27:45","guid":{"rendered":"https:\/\/universnews224.com\/?p=9097"},"modified":"2025-09-13T15:27:45","modified_gmt":"2025-09-13T14:27:45","slug":"referendum-constitutionnel-des-anciens-premiers-ministres-appellent-a-voter-oui-au-projet-de-constitution-declaration","status":"publish","type":"post","link":"https:\/\/universnews224.com\/index.php\/referendum-constitutionnel-des-anciens-premiers-ministres-appellent-a-voter-oui-au-projet-de-constitution-declaration\/","title":{"rendered":"R\u00e9f\u00e9rendum constitutionnel : Des anciens Premiers ministres appellent \u00e0 voter Oui au projet de constitution (D\u00e9claration)"},"content":{"rendered":"<div dir=\"auto\">Mmes et Mrs<\/div>\n<div dir=\"auto\"><\/div>\n<div dir=\"auto\">Chers compatriotes<\/div>\n<div dir=\"auto\"><\/div>\n<div dir=\"auto\"><\/div>\n<p>Le 21 Septembre 2025 le Peuple de Guin\u00e9e a de nouveau rendez-vous avec l\u2019histoire, avec son histoire.<\/p>\n<div dir=\"auto\"><\/div>\n<div dir=\"auto\">Le projet de Constitution par le CNT \u00e0 travers des consultations larges et inclusives sera soumis aux guin\u00e9ennes et guin\u00e9ens.<\/div>\n<div dir=\"auto\"><\/div>\n<div dir=\"auto\">Chers compatriotes<\/div>\n<div dir=\"auto\"><\/div>\n<div dir=\"auto\">Nous Anciens Premiers Ministres de la R\u00e9publique pr\u00e9sents \u00e0 Conakry avons, sur invitation du CNT, pendant le processus d\u2019\u00e9laboration du projet, formul\u00e9 nos remarques avis\u00e9es sur l\u2019ensemble des articles.<\/div>\n<div dir=\"auto\"><\/div>\n<div dir=\"auto\">A la sortie du document final, Mr le PM, au nom de SE Mr le Pr\u00e9sident et de l\u2019ensemble du Gouvernement, nous a donn\u00e9 de larges informations sur le Projet de Nouvelle Constitution, notamment sur la prise en compte par le document des pr\u00e9occupations essentielles des citoyens. Ensuite il a fait \u00e9tat des innovations et avanc\u00e9es majeures du projet de constitution en faveur d\u2019un progr\u00e8s institutionnel, politique, \u00e9conomique, social, environnemental, culturel et s\u00e9curitaire dans une R\u00e9publique unie, solidaire, prosp\u00e8re, forte et moderne.<\/div>\n<div dir=\"auto\"><\/div>\n<div dir=\"auto\">Chers Compatriotes<\/div>\n<div dir=\"auto\"><\/div>\n<div dir=\"auto\">Le 21 Septembre 2025 est notre Rendez-vous \u00e0 nous tous.<\/div>\n<div dir=\"auto\"><\/div>\n<div dir=\"auto\">C\u2019est un Rendez-vous du devoir citoyen, un Rendez-vous de nos diversit\u00e9s assum\u00e9es.<\/div>\n<div dir=\"auto\"><\/div>\n<div dir=\"auto\">C\u2019est le Rendez-vous pour adopter ensemble la Constitution qui garantira le fonctionnement normal de la R\u00e9publique et de nos Institutions.<\/div>\n<div dir=\"auto\"><\/div>\n<div dir=\"auto\">Chers Compatriotes<\/div>\n<div dir=\"auto\"><\/div>\n<div dir=\"auto\">Mobilisons nous tous pour retirer nos cartes d\u2019\u00e9lecteurs, comprendre le processus de vote et aller voter massivement, dans la paix, la concorde et dans la fiert\u00e9 d\u2019\u00eatre citoyen \u00ab OUI \u00bb pour La Constitution !<\/div>\n<div dir=\"auto\"><\/div>\n<div dir=\"auto\">Vive La R\u00e9publique<\/div>\n<div dir=\"auto\"><\/div>\n<div dir=\"auto\"><\/div>\n<div dir=\"auto\"><\/div>\n<div dir=\"auto\">Les Anciens Premiers Ministres pr\u00e9sents \u00e0 Conakry.<\/div>\n","protected":false},"excerpt":{"rendered":"<p>Mmes et Mrs Chers compatriotes Le 21 Septembre 2025 le Peuple de Guin\u00e9e a de<\/p>\n","protected":false},"author":2,"featured_media":9098,"comment_status":"closed","ping_status":"open","sticky":false,"template":"","format":"standard","meta":[],"categories":[3,4],"tags":[237],"yoast_head":"<!-- This site is optimized with the Yoast SEO plugin v19.13 - https:\/\/yoast.com\/wordpress\/plugins\/seo\/ -->\n<title>R\u00e9f\u00e9rendum constitutionnel : Des anciens Premiers ministres appellent \u00e0 voter Oui au projet de constitution (D\u00e9claration) - UNIVERSNEWS224<\/title>\n<meta name=\"robots\" content=\"index, follow, max-snippet:-1, max-image-preview:large, max-video-preview:-1\" \/>\n<link rel=\"canonical\" href=\"https:\/\/universnews224.com\/index.php\/referendum-constitutionnel-des-anciens-premiers-ministres-appellent-a-voter-oui-au-projet-de-constitution-declaration\/\" \/>\n<meta property=\"og:locale\" content=\"fr_FR\" \/>\n<meta property=\"og:type\" content=\"article\" \/>\n<meta property=\"og:title\" content=\"R\u00e9f\u00e9rendum constitutionnel : Des anciens Premiers ministres appellent \u00e0 voter Oui au projet de constitution (D\u00e9claration) - UNIVERSNEWS224\" \/>\n<meta property=\"og:description\" content=\"Mmes et Mrs Chers compatriotes Le 21 Septembre 2025 le Peuple de Guin\u00e9e a de\" \/>\n<meta property=\"og:url\" content=\"https:\/\/universnews224.com\/index.php\/referendum-constitutionnel-des-anciens-premiers-ministres-appellent-a-voter-oui-au-projet-de-constitution-declaration\/\" \/>\n<meta property=\"og:site_name\" content=\"UNIVERSNEWS224\" \/>\n<meta property=\"article:published_time\" content=\"2025-09-13T14:27:45+00:00\" \/>\n<meta property=\"og:image\" content=\"https:\/\/universnews224.com\/wp-content\/uploads\/2025\/09\/FB_IMG_1709683425092-750x375-1.jpeg\" \/>\n\t<meta property=\"og:image:width\" content=\"750\" \/>\n\t<meta property=\"og:image:height\" content=\"375\" \/>\n\t<meta property=\"og:image:type\" content=\"image\/jpeg\" \/>\n<meta name=\"author\" content=\"La R\u00e9daction\" \/>\n<meta name=\"twitter:label1\" content=\"\u00c9crit par\" \/>\n\t<meta name=\"twitter:data1\" content=\"La R\u00e9daction\" \/>\n\t<meta name=\"twitter:label2\" content=\"Dur\u00e9e de lecture estim\u00e9e\" \/>\n\t<meta name=\"twitter:data2\" content=\"2 minutes\" \/>\n<script type=\"application\/ld+json\" class=\"yoast-schema-graph\">{\"@context\":\"https:\/\/schema.org\",\"@graph\":[{\"@type\":\"Article\",\"@id\":\"https:\/\/universnews224.com\/index.php\/referendum-constitutionnel-des-anciens-premiers-ministres-appellent-a-voter-oui-au-projet-de-constitution-declaration\/#article\",\"isPartOf\":{\"@id\":\"https:\/\/universnews224.com\/index.php\/referendum-constitutionnel-des-anciens-premiers-ministres-appellent-a-voter-oui-au-projet-de-constitution-declaration\/\"},\"author\":{\"name\":\"La R\u00e9daction\",\"@id\":\"https:\/\/universnews224.com\/#\/schema\/person\/a4b7d4f94a4716df60456a491260485e\"},\"headline\":\"R\u00e9f\u00e9rendum constitutionnel : Des anciens Premiers ministres appellent \u00e0 voter Oui au projet de constitution (D\u00e9claration)\",\"datePublished\":\"2025-09-13T14:27:45+00:00\",\"dateModified\":\"2025-09-13T14:27:45+00:00\",\"mainEntityOfPage\":{\"@id\":\"https:\/\/universnews224.com\/index.php\/referendum-constitutionnel-des-anciens-premiers-ministres-appellent-a-voter-oui-au-projet-de-constitution-declaration\/\"},\"wordCount\":279,\"publisher\":{\"@id\":\"https:\/\/universnews224.com\/#organization\"},\"keywords\":[\"A la une\"],\"articleSection\":[\"ACTU\",\"POLITIQUE\"],\"inLanguage\":\"fr-FR\"},{\"@type\":\"WebPage\",\"@id\":\"https:\/\/universnews224.com\/index.php\/referendum-constitutionnel-des-anciens-premiers-ministres-appellent-a-voter-oui-au-projet-de-constitution-declaration\/\",\"url\":\"https:\/\/universnews224.com\/index.php\/referendum-constitutionnel-des-anciens-premiers-ministres-appellent-a-voter-oui-au-projet-de-constitution-declaration\/\",\"name\":\"R\u00e9f\u00e9rendum constitutionnel : Des anciens Premiers ministres appellent \u00e0 voter Oui au projet de constitution (D\u00e9claration) - UNIVERSNEWS224\",\"isPartOf\":{\"@id\":\"https:\/\/universnews224.com\/#website\"},\"datePublished\":\"2025-09-13T14:27:45+00:00\",\"dateModified\":\"2025-09-13T14:27:45+00:00\",\"inLanguage\":\"fr-FR\",\"potentialAction\":[{\"@type\":\"ReadAction\",\"target\":[\"https:\/\/universnews224.com\/index.php\/referendum-constitutionnel-des-anciens-premiers-ministres-appellent-a-voter-oui-au-projet-de-constitution-declaration\/\"]}]},{\"@type\":\"WebSite\",\"@id\":\"https:\/\/universnews224.com\/#website\",\"url\":\"https:\/\/universnews224.com\/\",\"name\":\"UNIVERSNEWS224\",\"description\":\"\",\"publisher\":{\"@id\":\"https:\/\/universnews224.com\/#organization\"},\"potentialAction\":[{\"@type\":\"SearchAction\",\"target\":{\"@type\":\"EntryPoint\",\"urlTemplate\":\"https:\/\/universnews224.com\/?s={search_term_string}\"},\"query-input\":\"required name=search_term_string\"}],\"inLanguage\":\"fr-FR\"},{\"@type\":\"Organization\",\"@id\":\"https:\/\/universnews224.com\/#organization\",\"name\":\"UNIVERSNEWS224\",\"url\":\"https:\/\/universnews224.com\/\",\"logo\":{\"@type\":\"ImageObject\",\"inLanguage\":\"fr-FR\",\"@id\":\"https:\/\/universnews224.com\/#\/schema\/logo\/image\/\",\"url\":\"https:\/\/universnews224.com\/wp-content\/uploads\/2022\/08\/cropped-cropped-logoban.jpg\",\"contentUrl\":\"https:\/\/universnews224.com\/wp-content\/uploads\/2022\/08\/cropped-cropped-logoban.jpg\",\"width\":1080,\"height\":138,\"caption\":\"UNIVERSNEWS224\"},\"image\":{\"@id\":\"https:\/\/universnews224.com\/#\/schema\/logo\/image\/\"}},{\"@type\":\"Person\",\"@id\":\"https:\/\/universnews224.com\/#\/schema\/person\/a4b7d4f94a4716df60456a491260485e\",\"name\":\"La R\u00e9daction\",\"image\":{\"@type\":\"ImageObject\",\"inLanguage\":\"fr-FR\",\"@id\":\"https:\/\/universnews224.com\/#\/schema\/person\/image\/\",\"url\":\"https:\/\/secure.gravatar.com\/avatar\/edb90acc7752b23e1b3307ad36c14f0d?s=96&d=mm&r=g\",\"contentUrl\":\"https:\/\/secure.gravatar.com\/avatar\/edb90acc7752b23e1b3307ad36c14f0d?s=96&d=mm&r=g\",\"caption\":\"La R\u00e9daction\"},\"sameAs\":[\"https:\/\/universnews224.com\"],\"url\":\"https:\/\/universnews224.com\/index.php\/author\/m-camara\/\"}]}<\/script>\n<!-- \/ Yoast SEO plugin. -->","yoast_head_json":{"title":"R\u00e9f\u00e9rendum constitutionnel : Des anciens Premiers ministres appellent \u00e0 voter Oui au projet de constitution (D\u00e9claration) - UNIVERSNEWS224","robots":{"index":"index","follow":"follow","max-snippet":"max-snippet:-1","max-image-preview":"max-image-preview:large","max-video-preview":"max-video-preview:-1"},"canonical":"https:\/\/universnews224.com\/index.php\/referendum-constitutionnel-des-anciens-premiers-ministres-appellent-a-voter-oui-au-projet-de-constitution-declaration\/","og_locale":"fr_FR","og_type":"article","og_title":"R\u00e9f\u00e9rendum constitutionnel : Des anciens Premiers ministres appellent \u00e0 voter Oui au projet de constitution (D\u00e9claration) - UNIVERSNEWS224","og_description":"Mmes et Mrs Chers compatriotes Le 21 Septembre 2025 le Peuple de Guin\u00e9e a de","og_url":"https:\/\/universnews224.com\/index.php\/referendum-constitutionnel-des-anciens-premiers-ministres-appellent-a-voter-oui-au-projet-de-constitution-declaration\/","og_site_name":"UNIVERSNEWS224","article_published_time":"2025-09-13T14:27:45+00:00","og_image":[{"width":750,"height":375,"url":"https:\/\/universnews224.com\/wp-content\/uploads\/2025\/09\/FB_IMG_1709683425092-750x375-1.jpeg","type":"image\/jpeg"}],"author":"La R\u00e9daction","twitter_misc":{"\u00c9crit par":"La R\u00e9daction","Dur\u00e9e de lecture estim\u00e9e":"2 minutes"},"schema":{"@context":"https:\/\/schema.org","@graph":[{"@type":"Article","@id":"https:\/\/universnews224.com\/index.php\/referendum-constitutionnel-des-anciens-premiers-ministres-appellent-a-voter-oui-au-projet-de-constitution-declaration\/#article","isPartOf":{"@id":"https:\/\/universnews224.com\/index.php\/referendum-constitutionnel-des-anciens-premiers-ministres-appellent-a-voter-oui-au-projet-de-constitution-declaration\/"},"author":{"name":"La R\u00e9daction","@id":"https:\/\/universnews224.com\/#\/schema\/person\/a4b7d4f94a4716df60456a491260485e"},"headline":"R\u00e9f\u00e9rendum constitutionnel : Des anciens Premiers ministres appellent \u00e0 voter Oui au projet de constitution (D\u00e9claration)","datePublished":"2025-09-13T14:27:45+00:00","dateModified":"2025-09-13T14:27:45+00:00","mainEntityOfPage":{"@id":"https:\/\/universnews224.com\/index.php\/referendum-constitutionnel-des-anciens-premiers-ministres-appellent-a-voter-oui-au-projet-de-constitution-declaration\/"},"wordCount":279,"publisher":{"@id":"https:\/\/universnews224.com\/#organization"},"keywords":["A la une"],"articleSection":["ACTU","POLITIQUE"],"inLanguage":"fr-FR"},{"@type":"WebPage","@id":"https:\/\/universnews224.com\/index.php\/referendum-constitutionnel-des-anciens-premiers-ministres-appellent-a-voter-oui-au-projet-de-constitution-declaration\/","url":"https:\/\/universnews224.com\/index.php\/referendum-constitutionnel-des-anciens-premiers-ministres-appellent-a-voter-oui-au-projet-de-constitution-declaration\/","name":"R\u00e9f\u00e9rendum constitutionnel : Des anciens Premiers ministres appellent \u00e0 voter Oui au projet de constitution (D\u00e9claration) - UNIVERSNEWS224","isPartOf":{"@id":"https:\/\/universnews224.com\/#website"},"datePublished":"2025-09-13T14:27:45+00:00","dateModified":"2025-09-13T14:27:45+00:00","inLanguage":"fr-FR","potentialAction":[{"@type":"ReadAction","target":["https:\/\/universnews224.com\/index.php\/referendum-constitutionnel-des-anciens-premiers-ministres-appellent-a-voter-oui-au-projet-de-constitution-declaration\/"]}]},{"@type":"WebSite","@id":"https:\/\/universnews224.com\/#website","url":"https:\/\/universnews224.com\/","name":"UNIVERSNEWS224","description":"","publisher":{"@id":"https:\/\/universnews224.com\/#organization"},"potentialAction":[{"@type":"SearchAction","target":{"@type":"EntryPoint","urlTemplate":"https:\/\/universnews224.com\/?s={search_term_string}"},"query-input":"required name=search_term_string"}],"inLanguage":"fr-FR"},{"@type":"Organization","@id":"https:\/\/universnews224.com\/#organization","name":"UNIVERSNEWS224","url":"https:\/\/universnews224.com\/","logo":{"@type":"ImageObject","inLanguage":"fr-FR","@id":"https:\/\/universnews224.com\/#\/schema\/logo\/image\/","url":"https:\/\/universnews224.com\/wp-content\/uploads\/2022\/08\/cropped-cropped-logoban.jpg","contentUrl":"https:\/\/universnews224.com\/wp-content\/uploads\/2022\/08\/cropped-cropped-logoban.jpg","width":1080,"height":138,"caption":"UNIVERSNEWS224"},"image":{"@id":"https:\/\/universnews224.com\/#\/schema\/logo\/image\/"}},{"@type":"Person","@id":"https:\/\/universnews224.com\/#\/schema\/person\/a4b7d4f94a4716df60456a491260485e","name":"La R\u00e9daction","image":{"@type":"ImageObject","inLanguage":"fr-FR","@id":"https:\/\/universnews224.com\/#\/schema\/person\/image\/","url":"https:\/\/secure.gravatar.com\/avatar\/edb90acc7752b23e1b3307ad36c14f0d?s=96&d=mm&r=g","contentUrl":"https:\/\/secure.gravatar.com\/avatar\/edb90acc7752b23e1b3307ad36c14f0d?s=96&d=mm&r=g","caption":"La R\u00e9daction"},"sameAs":["https:\/\/universnews224.com"],"url":"https:\/\/universnews224.com\/index.php\/author\/m-camara\/"}]}},"_links":{"self":[{"href":"https:\/\/universnews224.com\/index.php\/wp-json\/wp\/v2\/posts\/9097"}],"collection":[{"href":"https:\/\/universnews224.com\/index.php\/wp-json\/wp\/v2\/posts"}],"about":[{"href":"https:\/\/universnews224.com\/index.php\/wp-json\/wp\/v2\/types\/post"}],"author":[{"embeddable":true,"href":"https:\/\/universnews224.com\/index.php\/wp-json\/wp\/v2\/users\/2"}],"replies":[{"embeddable":true,"href":"https:\/\/universnews224.com\/index.php\/wp-json\/wp\/v2\/comments?post=9097"}],"version-history":[{"count":1,"href":"https:\/\/universnews224.com\/index.php\/wp-json\/wp\/v2\/posts\/9097\/revisions"}],"predecessor-version":[{"id":9099,"href":"https:\/\/universnews224.com\/index.php\/wp-json\/wp\/v2\/posts\/9097\/revisions\/9099"}],"wp:featuredmedia":[{"embeddable":true,"href":"https:\/\/universnews224.com\/index.php\/wp-json\/wp\/v2\/media\/9098"}],"wp:attachment":[{"href":"https:\/\/universnews224.com\/index.php\/wp-json\/wp\/v2\/media?parent=9097"}],"wp:term":[{"taxonomy":"category","embeddable":true,"href":"https:\/\/universnews224.com\/index.php\/wp-json\/wp\/v2\/categories?post=9097"},{"taxonomy":"post_tag","embeddable":true,"href":"https:\/\/universnews224.com\/index.php\/wp-json\/wp\/v2\/tags?post=9097"}],"curies":[{"name":"wp","href":"https:\/\/api.w.org\/{rel}","templated":true}]}}