{"id":9106,"date":"2025-09-16T19:47:37","date_gmt":"2025-09-16T18:47:37","guid":{"rendered":"https:\/\/universnews224.com\/?p=9106"},"modified":"2025-09-16T19:47:37","modified_gmt":"2025-09-16T18:47:37","slug":"khorira-la-ministre-fatima-camara-invite-les-citoyens-a-voter-oui-au-referendum-du-21-septembre","status":"publish","type":"post","link":"https:\/\/universnews224.com\/index.php\/khorira-la-ministre-fatima-camara-invite-les-citoyens-a-voter-oui-au-referendum-du-21-septembre\/","title":{"rendered":"Khorira: la Ministre Fatima CAMARA invite les citoyens \u00e0 voter \u00abOUI\u00bb au r\u00e9f\u00e9rendum du 21 septembre."},"content":{"rendered":"<div dir=\"auto\">Dans le cadre de la campagne r\u00e9f\u00e9rendaire du 21 septembre 2025, la Ministre du Commerce, Mme Fatima Camara, continue toujours \u00e0 multiplier la mobilisation massive dans plusieurs de Dubr\u00e9ka. Apr\u00e8s le\u00a0 march\u00e9 du centre-ville de Dubr\u00e9ka, la Ministre s&rsquo;est rendue dans la sous-pr\u00e9fecture de KHORIRA pour sensibiliser et les faire comprendre l&rsquo;importance de la nouvelle constitution. <a href=\"https:\/\/universnews224.com\/wp-content\/uploads\/2025\/09\/IMG-20250916-WA0001.jpg\"><img loading=\"lazy\" class=\"alignnone size-medium wp-image-9107\" src=\"https:\/\/universnews224.com\/wp-content\/uploads\/2025\/09\/IMG-20250916-WA0001-300x180.jpg\" alt=\"\" width=\"300\" height=\"180\" srcset=\"https:\/\/universnews224.com\/wp-content\/uploads\/2025\/09\/IMG-20250916-WA0001-300x180.jpg 300w, https:\/\/universnews224.com\/wp-content\/uploads\/2025\/09\/IMG-20250916-WA0001-1024x613.jpg 1024w, https:\/\/universnews224.com\/wp-content\/uploads\/2025\/09\/IMG-20250916-WA0001-768x460.jpg 768w, https:\/\/universnews224.com\/wp-content\/uploads\/2025\/09\/IMG-20250916-WA0001.jpg 1080w\" sizes=\"(max-width: 300px) 100vw, 300px\" \/><\/a><\/div>\n<div dir=\"auto\">\n<div dir=\"auto\">La mobilisation \u00e9tait de taille avec la participation massive des femmes, jeunes, notables et responsables communautaires et des jeunes de la localit\u00e9 . De Tondon \u00e0 Bady en passant par Ouassou, les citoyens se sont fortement mobilis\u00e9s pour \u00e9couter le message port\u00e9 par Mme la Ministre : soutenir le r\u00e9f\u00e9rendum et voter massivement \u201cOUI\u201d pour la nouvelle Constitution.<a href=\"https:\/\/universnews224.com\/wp-content\/uploads\/2025\/09\/IMG-20250916-WA0007.jpg\"><img loading=\"lazy\" class=\"alignnone size-medium wp-image-9108\" src=\"https:\/\/universnews224.com\/wp-content\/uploads\/2025\/09\/IMG-20250916-WA0007-300x200.jpg\" alt=\"\" width=\"300\" height=\"200\" srcset=\"https:\/\/universnews224.com\/wp-content\/uploads\/2025\/09\/IMG-20250916-WA0007-300x200.jpg 300w, https:\/\/universnews224.com\/wp-content\/uploads\/2025\/09\/IMG-20250916-WA0007-1024x682.jpg 1024w, https:\/\/universnews224.com\/wp-content\/uploads\/2025\/09\/IMG-20250916-WA0007-768x511.jpg 768w, https:\/\/universnews224.com\/wp-content\/uploads\/2025\/09\/IMG-20250916-WA0007.jpg 1080w\" sizes=\"(max-width: 300px) 100vw, 300px\" \/><\/a><\/div>\n<div dir=\"auto\">Dans cet \u00e9lan de vote, la ministre Fatima Camara a mis un accent particulier sur la n\u00e9cessit\u00e9 du retrait des cartes d\u2019\u00e9lecteurs.<a href=\"https:\/\/universnews224.com\/wp-content\/uploads\/2025\/09\/IMG-20250916-WA0006.jpg\"><img loading=\"lazy\" class=\"alignnone size-medium wp-image-9109\" src=\"https:\/\/universnews224.com\/wp-content\/uploads\/2025\/09\/IMG-20250916-WA0006-300x221.jpg\" alt=\"\" width=\"300\" height=\"221\" srcset=\"https:\/\/universnews224.com\/wp-content\/uploads\/2025\/09\/IMG-20250916-WA0006-300x221.jpg 300w, https:\/\/universnews224.com\/wp-content\/uploads\/2025\/09\/IMG-20250916-WA0006-768x566.jpg 768w, https:\/\/universnews224.com\/wp-content\/uploads\/2025\/09\/IMG-20250916-WA0006.jpg 973w\" sizes=\"(max-width: 300px) 100vw, 300px\" \/><\/a><\/div>\n<div dir=\"auto\"><\/div>\n<div dir=\"auto\">\u00a0\u00abAvoir sa carte, c\u2019est disposer de la cl\u00e9 qui ouvre la porte de la participation citoyenne \u00bb, a indiqu\u00e9 devant des foules attentives et conquises. Tout en rappelant que le succ\u00e8s du scrutin repose avant tout sur une forte mobilisation dans les urnes, et que cette mobilisation commence par ce geste simple mais fondamental.<\/div>\n<div dir=\"auto\"><\/div>\n<div dir=\"auto\">Des chants, des applaudissements et des engagements fermes ont marqu\u00e9 chacune de ses \u00e9tapes magnifier sa pr\u00e9sence. Mme Fatima a su cr\u00e9er une v\u00e9ritable communion avec les populations, en leur parlant directement de leur r\u00f4le d\u00e9terminant dans ce processus historique.<a href=\"https:\/\/universnews224.com\/wp-content\/uploads\/2025\/09\/IMG-20250916-WA0002.jpg\"><img loading=\"lazy\" class=\"alignnone size-medium wp-image-9110\" src=\"https:\/\/universnews224.com\/wp-content\/uploads\/2025\/09\/IMG-20250916-WA0002-300x168.jpg\" alt=\"\" width=\"300\" height=\"168\" srcset=\"https:\/\/universnews224.com\/wp-content\/uploads\/2025\/09\/IMG-20250916-WA0002-300x168.jpg 300w, https:\/\/universnews224.com\/wp-content\/uploads\/2025\/09\/IMG-20250916-WA0002-1024x572.jpg 1024w, https:\/\/universnews224.com\/wp-content\/uploads\/2025\/09\/IMG-20250916-WA0002-768x429.jpg 768w, https:\/\/universnews224.com\/wp-content\/uploads\/2025\/09\/IMG-20250916-WA0002-800x450.jpg 800w, https:\/\/universnews224.com\/wp-content\/uploads\/2025\/09\/IMG-20250916-WA0002.jpg 1072w\" sizes=\"(max-width: 300px) 100vw, 300px\" \/><\/a><\/div>\n<div dir=\"auto\"><\/div>\n<div dir=\"auto\">Cette d\u00e9placement grandiose dans les localit\u00e9s de Dubr\u00e9ka affirme une d\u00e9termination \u00e0 faire de la campagne r\u00e9f\u00e9rendaire un moment de proximit\u00e9, d\u2019\u00e9coute et de sensibilisation active. \u00c0 travers ces actions, Mme Fatima d\u00e9montre que la r\u00e9ussite du r\u00e9f\u00e9rendum d\u00e9pend de l\u2019unit\u00e9, de la mobilisation et de la responsabilit\u00e9 de chaque citoyen.<a href=\"https:\/\/universnews224.com\/wp-content\/uploads\/2025\/09\/IMG-20250916-WA0003.jpg\"><img loading=\"lazy\" class=\"alignnone size-medium wp-image-9111\" src=\"https:\/\/universnews224.com\/wp-content\/uploads\/2025\/09\/IMG-20250916-WA0003-300x217.jpg\" alt=\"\" width=\"300\" height=\"217\" srcset=\"https:\/\/universnews224.com\/wp-content\/uploads\/2025\/09\/IMG-20250916-WA0003-300x217.jpg 300w, https:\/\/universnews224.com\/wp-content\/uploads\/2025\/09\/IMG-20250916-WA0003-1024x740.jpg 1024w, https:\/\/universnews224.com\/wp-content\/uploads\/2025\/09\/IMG-20250916-WA0003-768x555.jpg 768w, https:\/\/universnews224.com\/wp-content\/uploads\/2025\/09\/IMG-20250916-WA0003.jpg 1061w\" sizes=\"(max-width: 300px) 100vw, 300px\" \/><\/a><\/div>\n<div dir=\"auto\"><\/div>\n<div dir=\"auto\">Pour finir elle dira que le rendez-vous du 21 septembre approche \u00e0 grands pas, et le mot d\u2019ordre reste le m\u00eame : Retirer sa carte d\u2019\u00e9lecteur, aller voter et dire OUI \u00e0 la nouvelle Constitution pour b\u00e2tir ensemble l\u2019avenir de notre Nation qui est la Guin\u00e9e.<\/div>\n<div dir=\"auto\"><\/div>\n<div dir=\"auto\">Sana Sylla.<\/div>\n<\/div>\n","protected":false},"excerpt":{"rendered":"<p>Dans le cadre de la campagne r\u00e9f\u00e9rendaire du 21 septembre 2025, la Ministre du Commerce,<\/p>\n","protected":false},"author":2,"featured_media":9107,"comment_status":"closed","ping_status":"open","sticky":false,"template":"","format":"standard","meta":[],"categories":[3,5],"tags":[237],"yoast_head":"<!-- This site is optimized with the Yoast SEO plugin v19.13 - https:\/\/yoast.com\/wordpress\/plugins\/seo\/ -->\n<title>Khorira: la Ministre Fatima CAMARA invite les citoyens \u00e0 voter \u00abOUI\u00bb au r\u00e9f\u00e9rendum du 21 septembre. - UNIVERSNEWS224<\/title>\n<meta name=\"robots\" content=\"index, follow, max-snippet:-1, max-image-preview:large, max-video-preview:-1\" \/>\n<link rel=\"canonical\" href=\"https:\/\/universnews224.com\/index.php\/khorira-la-ministre-fatima-camara-invite-les-citoyens-a-voter-oui-au-referendum-du-21-septembre\/\" \/>\n<meta property=\"og:locale\" content=\"fr_FR\" \/>\n<meta property=\"og:type\" content=\"article\" \/>\n<meta property=\"og:title\" content=\"Khorira: la Ministre Fatima CAMARA invite les citoyens \u00e0 voter \u00abOUI\u00bb au r\u00e9f\u00e9rendum du 21 septembre. - UNIVERSNEWS224\" \/>\n<meta property=\"og:description\" content=\"Dans le cadre de la campagne r\u00e9f\u00e9rendaire du 21 septembre 2025, la Ministre du Commerce,\" \/>\n<meta property=\"og:url\" content=\"https:\/\/universnews224.com\/index.php\/khorira-la-ministre-fatima-camara-invite-les-citoyens-a-voter-oui-au-referendum-du-21-septembre\/\" \/>\n<meta property=\"og:site_name\" content=\"UNIVERSNEWS224\" \/>\n<meta property=\"article:published_time\" content=\"2025-09-16T18:47:37+00:00\" \/>\n<meta property=\"og:image\" content=\"https:\/\/universnews224.com\/wp-content\/uploads\/2025\/09\/IMG-20250916-WA0001.jpg\" \/>\n\t<meta property=\"og:image:width\" content=\"1080\" \/>\n\t<meta property=\"og:image:height\" content=\"647\" \/>\n\t<meta property=\"og:image:type\" content=\"image\/jpeg\" \/>\n<meta name=\"author\" content=\"La R\u00e9daction\" \/>\n<meta name=\"twitter:label1\" content=\"\u00c9crit par\" \/>\n\t<meta name=\"twitter:data1\" content=\"La R\u00e9daction\" \/>\n\t<meta name=\"twitter:label2\" content=\"Dur\u00e9e de lecture estim\u00e9e\" \/>\n\t<meta name=\"twitter:data2\" content=\"3 minutes\" \/>\n<script type=\"application\/ld+json\" class=\"yoast-schema-graph\">{\"@context\":\"https:\/\/schema.org\",\"@graph\":[{\"@type\":\"Article\",\"@id\":\"https:\/\/universnews224.com\/index.php\/khorira-la-ministre-fatima-camara-invite-les-citoyens-a-voter-oui-au-referendum-du-21-septembre\/#article\",\"isPartOf\":{\"@id\":\"https:\/\/universnews224.com\/index.php\/khorira-la-ministre-fatima-camara-invite-les-citoyens-a-voter-oui-au-referendum-du-21-septembre\/\"},\"author\":{\"name\":\"La R\u00e9daction\",\"@id\":\"https:\/\/universnews224.com\/#\/schema\/person\/a4b7d4f94a4716df60456a491260485e\"},\"headline\":\"Khorira: la Ministre Fatima CAMARA invite les citoyens \u00e0 voter \u00abOUI\u00bb au r\u00e9f\u00e9rendum du 21 septembre.\",\"datePublished\":\"2025-09-16T18:47:37+00:00\",\"dateModified\":\"2025-09-16T18:47:37+00:00\",\"mainEntityOfPage\":{\"@id\":\"https:\/\/universnews224.com\/index.php\/khorira-la-ministre-fatima-camara-invite-les-citoyens-a-voter-oui-au-referendum-du-21-septembre\/\"},\"wordCount\":369,\"publisher\":{\"@id\":\"https:\/\/universnews224.com\/#organization\"},\"keywords\":[\"A la une\"],\"articleSection\":[\"ACTU\",\"SOCI\u00c9T\u00c9\"],\"inLanguage\":\"fr-FR\"},{\"@type\":\"WebPage\",\"@id\":\"https:\/\/universnews224.com\/index.php\/khorira-la-ministre-fatima-camara-invite-les-citoyens-a-voter-oui-au-referendum-du-21-septembre\/\",\"url\":\"https:\/\/universnews224.com\/index.php\/khorira-la-ministre-fatima-camara-invite-les-citoyens-a-voter-oui-au-referendum-du-21-septembre\/\",\"name\":\"Khorira: la Ministre Fatima CAMARA invite les citoyens \u00e0 voter \u00abOUI\u00bb au r\u00e9f\u00e9rendum du 21 septembre. - UNIVERSNEWS224\",\"isPartOf\":{\"@id\":\"https:\/\/universnews224.com\/#website\"},\"datePublished\":\"2025-09-16T18:47:37+00:00\",\"dateModified\":\"2025-09-16T18:47:37+00:00\",\"inLanguage\":\"fr-FR\",\"potentialAction\":[{\"@type\":\"ReadAction\",\"target\":[\"https:\/\/universnews224.com\/index.php\/khorira-la-ministre-fatima-camara-invite-les-citoyens-a-voter-oui-au-referendum-du-21-septembre\/\"]}]},{\"@type\":\"WebSite\",\"@id\":\"https:\/\/universnews224.com\/#website\",\"url\":\"https:\/\/universnews224.com\/\",\"name\":\"UNIVERSNEWS224\",\"description\":\"\",\"publisher\":{\"@id\":\"https:\/\/universnews224.com\/#organization\"},\"potentialAction\":[{\"@type\":\"SearchAction\",\"target\":{\"@type\":\"EntryPoint\",\"urlTemplate\":\"https:\/\/universnews224.com\/?s={search_term_string}\"},\"query-input\":\"required name=search_term_string\"}],\"inLanguage\":\"fr-FR\"},{\"@type\":\"Organization\",\"@id\":\"https:\/\/universnews224.com\/#organization\",\"name\":\"UNIVERSNEWS224\",\"url\":\"https:\/\/universnews224.com\/\",\"logo\":{\"@type\":\"ImageObject\",\"inLanguage\":\"fr-FR\",\"@id\":\"https:\/\/universnews224.com\/#\/schema\/logo\/image\/\",\"url\":\"https:\/\/universnews224.com\/wp-content\/uploads\/2022\/08\/cropped-cropped-logoban.jpg\",\"contentUrl\":\"https:\/\/universnews224.com\/wp-content\/uploads\/2022\/08\/cropped-cropped-logoban.jpg\",\"width\":1080,\"height\":138,\"caption\":\"UNIVERSNEWS224\"},\"image\":{\"@id\":\"https:\/\/universnews224.com\/#\/schema\/logo\/image\/\"}},{\"@type\":\"Person\",\"@id\":\"https:\/\/universnews224.com\/#\/schema\/person\/a4b7d4f94a4716df60456a491260485e\",\"name\":\"La R\u00e9daction\",\"image\":{\"@type\":\"ImageObject\",\"inLanguage\":\"fr-FR\",\"@id\":\"https:\/\/universnews224.com\/#\/schema\/person\/image\/\",\"url\":\"https:\/\/secure.gravatar.com\/avatar\/edb90acc7752b23e1b3307ad36c14f0d?s=96&d=mm&r=g\",\"contentUrl\":\"https:\/\/secure.gravatar.com\/avatar\/edb90acc7752b23e1b3307ad36c14f0d?s=96&d=mm&r=g\",\"caption\":\"La R\u00e9daction\"},\"sameAs\":[\"https:\/\/universnews224.com\"],\"url\":\"https:\/\/universnews224.com\/index.php\/author\/m-camara\/\"}]}<\/script>\n<!-- \/ Yoast SEO plugin. -->","yoast_head_json":{"title":"Khorira: la Ministre Fatima CAMARA invite les citoyens \u00e0 voter \u00abOUI\u00bb au r\u00e9f\u00e9rendum du 21 septembre. - UNIVERSNEWS224","robots":{"index":"index","follow":"follow","max-snippet":"max-snippet:-1","max-image-preview":"max-image-preview:large","max-video-preview":"max-video-preview:-1"},"canonical":"https:\/\/universnews224.com\/index.php\/khorira-la-ministre-fatima-camara-invite-les-citoyens-a-voter-oui-au-referendum-du-21-septembre\/","og_locale":"fr_FR","og_type":"article","og_title":"Khorira: la Ministre Fatima CAMARA invite les citoyens \u00e0 voter \u00abOUI\u00bb au r\u00e9f\u00e9rendum du 21 septembre. - UNIVERSNEWS224","og_description":"Dans le cadre de la campagne r\u00e9f\u00e9rendaire du 21 septembre 2025, la Ministre du Commerce,","og_url":"https:\/\/universnews224.com\/index.php\/khorira-la-ministre-fatima-camara-invite-les-citoyens-a-voter-oui-au-referendum-du-21-septembre\/","og_site_name":"UNIVERSNEWS224","article_published_time":"2025-09-16T18:47:37+00:00","og_image":[{"width":1080,"height":647,"url":"https:\/\/universnews224.com\/wp-content\/uploads\/2025\/09\/IMG-20250916-WA0001.jpg","type":"image\/jpeg"}],"author":"La R\u00e9daction","twitter_misc":{"\u00c9crit par":"La R\u00e9daction","Dur\u00e9e de lecture estim\u00e9e":"3 minutes"},"schema":{"@context":"https:\/\/schema.org","@graph":[{"@type":"Article","@id":"https:\/\/universnews224.com\/index.php\/khorira-la-ministre-fatima-camara-invite-les-citoyens-a-voter-oui-au-referendum-du-21-septembre\/#article","isPartOf":{"@id":"https:\/\/universnews224.com\/index.php\/khorira-la-ministre-fatima-camara-invite-les-citoyens-a-voter-oui-au-referendum-du-21-septembre\/"},"author":{"name":"La R\u00e9daction","@id":"https:\/\/universnews224.com\/#\/schema\/person\/a4b7d4f94a4716df60456a491260485e"},"headline":"Khorira: la Ministre Fatima CAMARA invite les citoyens \u00e0 voter \u00abOUI\u00bb au r\u00e9f\u00e9rendum du 21 septembre.","datePublished":"2025-09-16T18:47:37+00:00","dateModified":"2025-09-16T18:47:37+00:00","mainEntityOfPage":{"@id":"https:\/\/universnews224.com\/index.php\/khorira-la-ministre-fatima-camara-invite-les-citoyens-a-voter-oui-au-referendum-du-21-septembre\/"},"wordCount":369,"publisher":{"@id":"https:\/\/universnews224.com\/#organization"},"keywords":["A la une"],"articleSection":["ACTU","SOCI\u00c9T\u00c9"],"inLanguage":"fr-FR"},{"@type":"WebPage","@id":"https:\/\/universnews224.com\/index.php\/khorira-la-ministre-fatima-camara-invite-les-citoyens-a-voter-oui-au-referendum-du-21-septembre\/","url":"https:\/\/universnews224.com\/index.php\/khorira-la-ministre-fatima-camara-invite-les-citoyens-a-voter-oui-au-referendum-du-21-septembre\/","name":"Khorira: la Ministre Fatima CAMARA invite les citoyens \u00e0 voter \u00abOUI\u00bb au r\u00e9f\u00e9rendum du 21 septembre. - UNIVERSNEWS224","isPartOf":{"@id":"https:\/\/universnews224.com\/#website"},"datePublished":"2025-09-16T18:47:37+00:00","dateModified":"2025-09-16T18:47:37+00:00","inLanguage":"fr-FR","potentialAction":[{"@type":"ReadAction","target":["https:\/\/universnews224.com\/index.php\/khorira-la-ministre-fatima-camara-invite-les-citoyens-a-voter-oui-au-referendum-du-21-septembre\/"]}]},{"@type":"WebSite","@id":"https:\/\/universnews224.com\/#website","url":"https:\/\/universnews224.com\/","name":"UNIVERSNEWS224","description":"","publisher":{"@id":"https:\/\/universnews224.com\/#organization"},"potentialAction":[{"@type":"SearchAction","target":{"@type":"EntryPoint","urlTemplate":"https:\/\/universnews224.com\/?s={search_term_string}"},"query-input":"required name=search_term_string"}],"inLanguage":"fr-FR"},{"@type":"Organization","@id":"https:\/\/universnews224.com\/#organization","name":"UNIVERSNEWS224","url":"https:\/\/universnews224.com\/","logo":{"@type":"ImageObject","inLanguage":"fr-FR","@id":"https:\/\/universnews224.com\/#\/schema\/logo\/image\/","url":"https:\/\/universnews224.com\/wp-content\/uploads\/2022\/08\/cropped-cropped-logoban.jpg","contentUrl":"https:\/\/universnews224.com\/wp-content\/uploads\/2022\/08\/cropped-cropped-logoban.jpg","width":1080,"height":138,"caption":"UNIVERSNEWS224"},"image":{"@id":"https:\/\/universnews224.com\/#\/schema\/logo\/image\/"}},{"@type":"Person","@id":"https:\/\/universnews224.com\/#\/schema\/person\/a4b7d4f94a4716df60456a491260485e","name":"La R\u00e9daction","image":{"@type":"ImageObject","inLanguage":"fr-FR","@id":"https:\/\/universnews224.com\/#\/schema\/person\/image\/","url":"https:\/\/secure.gravatar.com\/avatar\/edb90acc7752b23e1b3307ad36c14f0d?s=96&d=mm&r=g","contentUrl":"https:\/\/secure.gravatar.com\/avatar\/edb90acc7752b23e1b3307ad36c14f0d?s=96&d=mm&r=g","caption":"La R\u00e9daction"},"sameAs":["https:\/\/universnews224.com"],"url":"https:\/\/universnews224.com\/index.php\/author\/m-camara\/"}]}},"_links":{"self":[{"href":"https:\/\/universnews224.com\/index.php\/wp-json\/wp\/v2\/posts\/9106"}],"collection":[{"href":"https:\/\/universnews224.com\/index.php\/wp-json\/wp\/v2\/posts"}],"about":[{"href":"https:\/\/universnews224.com\/index.php\/wp-json\/wp\/v2\/types\/post"}],"author":[{"embeddable":true,"href":"https:\/\/universnews224.com\/index.php\/wp-json\/wp\/v2\/users\/2"}],"replies":[{"embeddable":true,"href":"https:\/\/universnews224.com\/index.php\/wp-json\/wp\/v2\/comments?post=9106"}],"version-history":[{"count":1,"href":"https:\/\/universnews224.com\/index.php\/wp-json\/wp\/v2\/posts\/9106\/revisions"}],"predecessor-version":[{"id":9112,"href":"https:\/\/universnews224.com\/index.php\/wp-json\/wp\/v2\/posts\/9106\/revisions\/9112"}],"wp:featuredmedia":[{"embeddable":true,"href":"https:\/\/universnews224.com\/index.php\/wp-json\/wp\/v2\/media\/9107"}],"wp:attachment":[{"href":"https:\/\/universnews224.com\/index.php\/wp-json\/wp\/v2\/media?parent=9106"}],"wp:term":[{"taxonomy":"category","embeddable":true,"href":"https:\/\/universnews224.com\/index.php\/wp-json\/wp\/v2\/categories?post=9106"},{"taxonomy":"post_tag","embeddable":true,"href":"https:\/\/universnews224.com\/index.php\/wp-json\/wp\/v2\/tags?post=9106"}],"curies":[{"name":"wp","href":"https:\/\/api.w.org\/{rel}","templated":true}]}}