{"id":9163,"date":"2025-09-19T17:54:35","date_gmt":"2025-09-19T16:54:35","guid":{"rendered":"https:\/\/universnews224.com\/?p=9163"},"modified":"2025-09-19T17:54:35","modified_gmt":"2025-09-19T16:54:35","slug":"la-guinee-notee-b-par-sp-une-premiere-depuis-lindependance-selon-mourana-soumah","status":"publish","type":"post","link":"https:\/\/universnews224.com\/index.php\/la-guinee-notee-b-par-sp-une-premiere-depuis-lindependance-selon-mourana-soumah\/","title":{"rendered":"La Guin\u00e9e not\u00e9e \u00ab B+ \u00bb par S&amp;P: \u201cune premi\u00e8re depuis l\u2019ind\u00e9pendance\u201d, selon Mourana Soumah"},"content":{"rendered":"<header class=\"header-area header_v1\">\n<nav class=\"navbar navbar-expand-lg africaguinee-navbar navbar-light\">\n<div>C\u2019est une excellente nouvelle qui d\u00e9fraie la chronique de l\u2019actualit\u00e9 \u00e9conomique et financi\u00e8re du continent, celle annonc\u00e9e, le jeudi 18 septembre 2025 par l\u2019Agence internationale de notation financi\u00e8re <strong>Standard &amp; Poor\u2019s(S&amp;P)<\/strong>\u00a0attribuant officiellement, \u00e0 la Guin\u00e9e,\u00a0<strong>une notation inaugurale de \u00ab B+ \u00bb avec perspective \u00ab Stable \u00bb.<\/strong><\/div>\n<\/nav>\n<\/header>\n<div class=\"row\">\n<div class=\"col-md-8 page-content left-content\">\n<article class=\"article-details mt-3\">\n<div class=\"article-content\">\n<p>La bonne nouvelle a \u00e9t\u00e9 accueillie et salu\u00e9e avec joie et r\u00e9confort par\u00a0<strong>le Ministre de l\u2019Economie et des finances,<\/strong>\u00a0<strong>Mourana Soumah,<\/strong>\u00a0un des artisans majeurs, au niveau technique et strat\u00e9gique, ayant travaill\u00e9 sous le lead du Comit\u00e9 strat\u00e9gique Simandou, pilot\u00e9 par\u00a0<strong>le Ministre Directeur cabinet \u00e0 la pr\u00e9sidence de la R\u00e9publique, Djiba Diakit\u00e9<\/strong>\u00a0pour arriver \u00e0 ce r\u00e9sultat remarquable de grande port\u00e9e historique.<\/p>\n<p>Le Ministre de l\u2019Economie et des Finances, Gouverneur pays au FMI, joint au t\u00e9l\u00e9phone dans la foul\u00e9e de l\u2019annonce de\u00a0<strong>Standard &amp; Poor\u2019s(S&amp;P)<\/strong>, s\u2019est dit, extr\u00eamement satisfait de cette annonce\u00a0:\u00a0<em>\u00ab\u00a0Aujourd\u2019hui, nous sommes fiers et heureux de cette notation, une premi\u00e8re depuis 65 ans d\u2019ind\u00e9pendance du pays. Jamais le pays ne s\u2019\u00e9tait pr\u00eat\u00e9 \u00e0 cet exercice r\u00e9alis\u00e9 en toute ind\u00e9pendance par des Cabinets Internationaux. \u00a0En effet, c\u2019est notation qui conforte l\u2019image de notre \u00e9conomie. Elle va changer la perception de risques pays en apportant du cr\u00e9dit et beaucoup plus de s\u00e9r\u00e9nit\u00e9, aux yeux des acteurs et autres partenaires qui veulent investir en Guin\u00e9e. C\u2019est un travail s\u00e9rieux, pr\u00e9cieux et de longue haleine qui est ainsi r\u00e9compens\u00e9.<\/em><\/p>\n<div id=\"afric-1875579928\" class=\"afric-contenu-2\"><em style=\"color: #212529;font-family: Georgia, 'Lucida Grande', 'Lucida Sans Unicode', Arial, Verdana, sans-serif\">Il atteste aux yeux du monde, ce que nous savions et \u00e9voquions tous les jours depuis l\u2019av\u00e8nement\u00a0<span style=\"font-weight: bolder\">CNRD au pouvoir en 2021<\/span>, le caract\u00e8re r\u00e9silient de notre \u00e9conomie, la solidit\u00e9 des fondamentaux \u00e9conomiques du pays, la rigueur dans la gestion des finances publiques, la bonne tenue de la monnaie, la gestion prudentielle de la dette, l\u2019accroissement des investissements structurants, les reformes d\u2019envergures, tout ceci, confort\u00e9 par des perspectives de croissance fortes favoris\u00e9es par le projet int\u00e9gr\u00e9 mine et infrastructures Simandou arrim\u00e9 au Programme de d\u00e9veloppement Strat\u00e9gique Simandou 2040, gr\u00e2ce \u00e0 la\u00a0<span style=\"font-weight: bolder\">Vision du Chef de l\u2019Etat, G\u00e9n\u00e9ral Mamadi Doumbouya. \u00bb<\/span><\/em><\/div>\n<\/div>\n<div>\n<p>L\u2019argumentaire du<strong>\u00a0Ministre de l\u2019Economie et des Finances est\u00a0<\/strong>corrobor\u00e9 par<strong>\u00a0les termes du communiqu\u00e9 de presse du Comit\u00e9 strat\u00e9gique Simandou<\/strong>, mettant en exergue, les agr\u00e9gats macro-\u00e9conomiques mis en lumi\u00e8re par<strong>\u00a0le Cabinet de notation Standard &amp; Poor\u2019s(S&amp;P)<\/strong>\u00a0dans sa publication.\u00a0<strong>Citation<\/strong>\u00a0:\u00a0<em>\u00ab\u00a0Le rapport de S&amp;P met en lumi\u00e8re des perspectives de croissance particuli\u00e8rement dynamiques, sur la base des performances du secteur minier notamment. La Guin\u00e9e figure d\u00e9j\u00e0 parmi les leaders mondiaux de la bauxite (#1 mondial) et de l\u2019or et s\u2019appr\u00eate \u00e0 occuper une place pr\u00e9dominante dans le fer avec le lancement imminent du projet Simandou, projet\u00e9 pour devenir la plus grande mine de fer au monde. Ce gisement se distingue par un minerai \u00e0 haute teneur (65 %), appel\u00e9 \u00e0 contribuer \u00e0 la d\u00e9carbonisation de l\u2019industrie et de l\u2019\u00e9conomie mondiales. Selon S&amp;P, entre 2026 et 2028, la Guin\u00e9e pourrait conna\u00eetre une croissance du PIB de pr\u00e8s de 10 % par an, d\u00e9passant largement la moyenne r\u00e9gionale.\u00a0\u00bb<\/em><\/p>\n<p><img loading=\"lazy\" class=\"alignnone wp-image-360803 size-full\" src=\"https:\/\/www.africaguinee.com\/app\/uploads\/2025\/08\/Mourana-s.jpg\" alt=\"\" width=\"724\" height=\"665\" \/><\/p>\n<p><strong>Plus loin, le Rapport du Cabinet de notation Standard &amp; Poor\u2019s(S&amp;P)<\/strong>\u00a0indique\u00a0que\u00a0:\u00a0<em>\u00ab Sur le plan fiscal, S&amp;P note avec satisfaction la discipline budg\u00e9taire d\u00e9montr\u00e9e par le pays. Le d\u00e9ficit public est projet\u00e9 sous la barre des 3 % du PIB pour la p\u00e9riode 2025-2028, soutenu par une hausse des recettes et la digitalisation de l\u2019administration fiscale. La dette publique, qui s\u2019\u00e9levait \u00e0 44% du PIB en d\u00e9cembre 2024, b\u00e9n\u00e9ficie d\u2019une structure favorable avec des dur\u00e9es de remboursement longues et des taux ma\u00eetris\u00e9s. L\u2019inflation a fortement recul\u00e9, passant de 11 % (2020-2022) \u00e0 environ 3,5 % actuellement.\u00a0\u00bb<\/em><\/p>\n<p><strong>Des performances salutaires, qui selon le Ministre Mourana Soumah\u00a0:\u00a0<em>\u00ab\u00a0<\/em><\/strong><em>sacrent et consacrent 6 mois de travaux intenses alliant de collectes de donn\u00e9es, tour de tables, de call meeting rapproch\u00e9s avec les staffs et de traitements des donn\u00e9es recueillies par des cabinets de grande r\u00e9putation internationale recrut\u00e9es par la Guin\u00e9e \u2026 un travail s\u00e9rieux abattu par les Directions de la dette, des \u00e9tudes \u00e9conomiques, du tr\u00e9sor, du plan, de l\u2019institut national de la statistique, la Banque Centrale, le secteur priv\u00e9 et le croissement des donn\u00e9es avec nos partenaires techniques et financiers.\u00a0<strong>La notation \u00ab B+ \u00bb avec perspective \u00ab Stable \u00bb,<\/strong>\u00a0place du coup, la Guin\u00e9e au-dessus de la moyenne continentale, nous hisse au second rang de l\u2019\u00e9conomie, la mieux not\u00e9e en Afrique de l\u2019Ouest.\u00a0\u00bb<\/em>\u00a0confie\u00a0<strong>Mourana Soumah.<\/strong><\/p>\n<\/div>\n<p style=\"margin-top: 0px;margin-bottom: 1rem;font-family: Georgia, 'Lucida Grande', 'Lucida Sans Unicode', Arial, Verdana, sans-serif;color: #212529\">La\u00a0<span style=\"font-weight: bolder\">notation inaugurale<\/span>\u00a0qui couvrira une p\u00e9riode de 6 mois, ouvre ainsi, de r\u00e9elles perspectives au pays, lui facilitant l\u2019acc\u00e8s aux financements internationaux. La mise en production du M\u00e9ga projet Simandou et le retour \u00e0 l\u2019ordre constitutionnel, apr\u00e8s le r\u00e9f\u00e9rendum du 21 septembre 2025, augurent de meilleures perspectives quant \u00e0 la notation future, en termes d\u2019\u00e9valuation des crit\u00e8res.<\/p>\n<p style=\"margin-top: 0px;margin-bottom: 1rem;font-family: Georgia, 'Lucida Grande', 'Lucida Sans Unicode', Arial, Verdana, sans-serif;color: #212529\">Dans un proche avenir,\u00a0<span style=\"font-weight: bolder\">la notation \u00ab B+ \u00bb<\/span>\u00a0avec perspective \u00ab Stable \u00bb \u00e0 la Guin\u00e9e, p\u00e8sera dans la balance des n\u00e9gociations avanc\u00e9es avec les partenaires des institutions de Brettons Woods, notamment la conclusion d\u2019un Programme \u00e9conomique et financier avec le FMI.\u00a0<span style=\"font-weight: bolder\">Le Ministre Gouverneur pays, Mourana Soumah<\/span>\u00a0se dit tr\u00e8s confiant\u00a0:\u00a0<em>\u00ab\u00a0Vous savez, le<span style=\"font-weight: bolder\">\u00a0Standard &amp; Poor\u2019s(S&amp;P)<\/span>\u00a0s\u2019est aussi appuy\u00e9 sur les rapports, donn\u00e9es et agr\u00e9gats puis\u00e9s dans les notes synth\u00e8se et les \u00e9changes lors des missions d\u2019\u00e9valuations p\u00e9riodiques des experts du FMI en Guin\u00e9e. Ce qui conforte nos positions avec ces donn\u00e9es certifi\u00e9es et cr\u00e9dibles par la notation pays\/\u00a0\u00bb \u00a0<\/em><\/p>\n<p style=\"margin-top: 0px;margin-bottom: 1rem;font-family: Georgia, 'Lucida Grande', 'Lucida Sans Unicode', Arial, Verdana, sans-serif;color: #212529\"><img loading=\"lazy\" class=\"alignnone wp-image-304992 size-full\" style=\"vertical-align: middle;border-style: none;object-fit: contain;width: auto !important\" src=\"https:\/\/www.africaguinee.com\/app\/uploads\/2024\/10\/FMI-Gunefee.jpg\" alt=\"\" width=\"618\" height=\"416\" \/><\/p>\n<p style=\"margin-top: 0px;margin-bottom: 1rem;font-family: Georgia, 'Lucida Grande', 'Lucida Sans Unicode', Arial, Verdana, sans-serif;color: #212529\"><span style=\"font-weight: bolder\">Le Ministre de l\u2019Economie et des Finances<\/span>\u00a0a hautement appr\u00e9ci\u00e9 et salu\u00e9 le travail d\u2019impulsion et de coordination, sous le management\u00a0<span style=\"font-weight: bolder\">du Ministre Directeur de Cabinet \u00e0 la Pr\u00e9sidence de la r\u00e9publique, Djiba Diakit\u00e9<\/span>\u00a0ayant contribu\u00e9 fondamentalement \u00e0 ce r\u00e9sultat\u00a0<em>\u00ab\u00a0qui honore la Guinee et les Guin\u00e9ens<\/em>.\u00a0\u00bb<\/p>\n<p style=\"margin-top: 0px;margin-bottom: 1rem;font-family: Georgia, 'Lucida Grande', 'Lucida Sans Unicode', Arial, Verdana, sans-serif;color: #212529\"><img loading=\"lazy\" class=\"alignnone wp-image-203544 size-full\" style=\"vertical-align: middle;border-style: none;object-fit: contain;width: auto !important\" src=\"https:\/\/www.africaguinee.com\/app\/uploads\/2023\/02\/doumbouya_djiba_diiakite_0.jpeg\" alt=\"Djiba Diakit\u00e9, ministre Directeur de Cabinet \u00e0 la Pr\u00e9sidence\u00a0de la R\u00e9publique et le pr\u00e9sident de la Transition, colonel Mamadi Doumbouya \" width=\"571\" height=\"417\" \/><\/p>\n<p style=\"margin-top: 0px;margin-bottom: 1rem;font-family: Georgia, 'Lucida Grande', 'Lucida Sans Unicode', Arial, Verdana, sans-serif;color: #212529\"><span style=\"font-weight: bolder\">Mourana Soumah<\/span>\u00a0a aussi salu\u00e9 le travail en synergie avec\u00a0<span style=\"font-weight: bolder\">le Ministre du Plan et de la Coop\u00e9ration Internationale,<\/span><span style=\"font-weight: bolder\">Isma\u00ebl Nab\u00e9<\/span>\u00a0et services, le staff de la BCRG, les mines, les partenaires techniques et financiers, le tout sous l\u2019\u0153il vigilent du\u00a0<span style=\"font-weight: bolder\">Premier Ministre Chef de Gouvernement, Amadou Oury BAH.<\/span><\/p>\n<p style=\"margin-top: 0px;margin-bottom: 1rem;font-family: Georgia, 'Lucida Grande', 'Lucida Sans Unicode', Arial, Verdana, sans-serif;color: #212529\">c\u2019est au regard des efforts fournis, des reformes engag\u00e9es et des performances affich\u00e9es que la nouvelle charg\u00e9e d\u2019Affaires des Etats Unis en Guin\u00e9e,\u00a0<span style=\"font-weight: bolder\">Mme Mary E. Daschbach,<\/span>\u00a0affirmait r\u00e9cement, \u00e0 la faveur d\u2019une audience avec le Ministre Mourana Soumah que : \u00ab<em>\u00a0Ce que fait actuellement la Guin\u00e9e, en mati\u00e8re de gestion rigoureuse des finances publiques, d\u2019investissements structurants et de programmation strat\u00e9gique du d\u00e9veloppement, cadre bien avec la vision de l\u2019Administration Trump \u00bb.\u00a0<\/em><\/p>\n<p style=\"margin-top: 0px;margin-bottom: 1rem;font-family: Georgia, 'Lucida Grande', 'Lucida Sans Unicode', Arial, Verdana, sans-serif;color: #212529\"><img loading=\"lazy\" class=\"alignnone wp-image-364218 size-large\" style=\"vertical-align: middle;border-style: none;object-fit: contain;width: auto !important\" src=\"https:\/\/www.africaguinee.com\/app\/uploads\/2025\/09\/WhatsApp-Image-2025-09-16-a-13.19.42_08ea1c44-1536x1024-1-1024x683.jpg\" alt=\"\" width=\"640\" height=\"427\" \/><\/p>\n<p style=\"margin-top: 0px;margin-bottom: 1rem;font-family: Georgia, 'Lucida Grande', 'Lucida Sans Unicode', Arial, Verdana, sans-serif;color: #212529\"><span style=\"font-weight: bolder\">Pour le Ministre de l\u2019Econolie et des Finances<\/span><em>, \u00ab La nouvelle est bonne, mais les d\u00e9fis sont \u00e9normes\u2026 pour garder le cap et am\u00e9liorer la notation pays dans 6 mois. Nous devons travailler pour b\u00e2tir une \u00e9conomie diversifi\u00e9e et non vuln\u00e9rable, port\u00e9e par le secteur Agricole. Le Programme Simandou 2040, en fait justement, un gros challenge. Nous y arriverons, sous le leadership \u00e9clair\u00e9\u00a0<span style=\"font-weight: bolder\">du Chef de l\u2019Etat, G\u00e9n\u00e9ral Mamadi Doumbouya<\/span>\u00a0qui ambition de faire de la Guin\u00e9e, un pays \u00e9mergent \u00e0 l\u2019horizon 2040.\u00a0\u00bb<\/em>\u00a0conclura-t-il. Cette bonne nouvelle est un cadeau d\u2019anniversaire \u00e0 la Guinee qui c\u00e9l\u00e8bre, la date anniversaire de son ind\u00e9pendance, le 2 octobre prochain.<\/p>\n<p style=\"margin-top: 0px;margin-bottom: 1rem;font-family: Georgia, 'Lucida Grande', 'Lucida Sans Unicode', Arial, Verdana, sans-serif;color: #212529\">La nouvelle, r\u00e9jouie \u00e9galement dans les hautes sph\u00e8res de l\u2019Etat, en t\u00e9moigne cette r\u00e9action du\u00a0<span style=\"font-weight: bolder\">Ministre Directeur de Cabinet \u00e0 la Pr\u00e9sidence de la R\u00e9publique\u00a0:\u00a0<\/span><\/p>\n<figure id=\"attachment_335221\" class=\"wp-caption alignnone\" style=\"margin-bottom: 1rem;height: auto;color: #212529;font-family: -apple-system, BlinkMacSystemFont, 'Segoe UI', Roboto, 'Helvetica Neue', Arial, sans-serif, 'Apple Color Emoji', 'Segoe UI Emoji', 'Segoe UI Symbol', 'Noto Color Emoji';width: 773px\" aria-describedby=\"caption-attachment-335221\"><img loading=\"lazy\" class=\"wp-image-335221 size-full\" style=\"vertical-align: middle;border-style: none;object-fit: contain;width: auto !important\" src=\"https:\/\/www.africaguinee.com\/app\/uploads\/2025\/03\/486651198_1080262347469348_1194819199394950705_n.jpg\" alt=\"\" width=\"773\" height=\"512\" \/><figcaption id=\"caption-attachment-335221\" class=\"wp-caption-text\" style=\"font-size: inherit\">Djiba Diakit\u00e9<\/figcaption><\/figure>\n<p style=\"margin-top: 0px;margin-bottom: 1rem;font-family: Georgia, 'Lucida Grande', 'Lucida Sans Unicode', Arial, Verdana, sans-serif;color: #212529\"><em>\u201cL\u2019\u00c9tat guin\u00e9en se f\u00e9licite de cette notation inaugurale qui constitue une \u00e9tape d\u00e9cisive dans le d\u00e9ploiement du programme Simandou 2040. Ce rebasage nous offre \u00e9galement une base solide pour mieux planifier, mieux investir et accro\u00eetre l\u2019attractivit\u00e9 de la Guin\u00e9e aupr\u00e8s des investisseurs. Ces \u00e9l\u00e9ments permettront \u00e0 la R\u00e9publique de Guin\u00e9e de mobiliser les financements internationaux n\u00e9cessaires \u00e0 la r\u00e9alisation de ses projets strat\u00e9giques et d\u2019acc\u00e9l\u00e9rer ainsi la transformation \u00e9conomique du pays au b\u00e9n\u00e9fice de l\u2019ensemble de la population\u201d,<\/em>\u00a0a pour sa part, d\u00e9clar\u00e9,\u00a0<span style=\"font-weight: bolder\">M. Djiba Diakit\u00e9, Pr\u00e9sident du Comit\u00e9 Strat\u00e9gique Simandou. \u00a0<\/span><\/p>\n<p style=\"margin-top: 0px;margin-bottom: 1rem;font-family: Georgia, 'Lucida Grande', 'Lucida Sans Unicode', Arial, Verdana, sans-serif;color: #212529\"><span style=\"font-weight: bolder\">Synth\u00e8se ; Service Communication, Relations Publiques MEF<\/span><\/p>\n<\/article>\n<\/div>\n<\/div>\n","protected":false},"excerpt":{"rendered":"<p>C\u2019est une excellente nouvelle qui d\u00e9fraie la chronique de l\u2019actualit\u00e9 \u00e9conomique et financi\u00e8re du continent,<\/p>\n","protected":false},"author":2,"featured_media":9164,"comment_status":"closed","ping_status":"open","sticky":false,"template":"","format":"standard","meta":[],"categories":[3,5],"tags":[237],"yoast_head":"<!-- This site is optimized with the Yoast SEO plugin v19.13 - https:\/\/yoast.com\/wordpress\/plugins\/seo\/ -->\n<title>La Guin\u00e9e not\u00e9e \u00ab B+ \u00bb par S&amp;P: \u201cune premi\u00e8re depuis l\u2019ind\u00e9pendance\u201d, selon Mourana Soumah - UNIVERSNEWS224<\/title>\n<meta name=\"robots\" content=\"index, follow, max-snippet:-1, max-image-preview:large, max-video-preview:-1\" \/>\n<link rel=\"canonical\" href=\"https:\/\/universnews224.com\/index.php\/la-guinee-notee-b-par-sp-une-premiere-depuis-lindependance-selon-mourana-soumah\/\" \/>\n<meta property=\"og:locale\" content=\"fr_FR\" \/>\n<meta property=\"og:type\" content=\"article\" \/>\n<meta property=\"og:title\" content=\"La Guin\u00e9e not\u00e9e \u00ab B+ \u00bb par S&amp;P: \u201cune premi\u00e8re depuis l\u2019ind\u00e9pendance\u201d, selon Mourana Soumah - UNIVERSNEWS224\" \/>\n<meta property=\"og:description\" content=\"C\u2019est une excellente nouvelle qui d\u00e9fraie la chronique de l\u2019actualit\u00e9 \u00e9conomique et financi\u00e8re du continent,\" \/>\n<meta property=\"og:url\" content=\"https:\/\/universnews224.com\/index.php\/la-guinee-notee-b-par-sp-une-premiere-depuis-lindependance-selon-mourana-soumah\/\" \/>\n<meta property=\"og:site_name\" content=\"UNIVERSNEWS224\" \/>\n<meta property=\"article:published_time\" content=\"2025-09-19T16:54:35+00:00\" \/>\n<meta property=\"og:image\" content=\"https:\/\/universnews224.com\/wp-content\/uploads\/2025\/09\/WhatsApp-Image-2025-09-16-a-13.19.46_4edd318a-1-696x928-1.jpg\" \/>\n\t<meta property=\"og:image:width\" content=\"696\" \/>\n\t<meta property=\"og:image:height\" content=\"552\" \/>\n\t<meta property=\"og:image:type\" content=\"image\/jpeg\" \/>\n<meta name=\"author\" content=\"La R\u00e9daction\" \/>\n<meta name=\"twitter:label1\" content=\"\u00c9crit par\" \/>\n\t<meta name=\"twitter:data1\" content=\"La R\u00e9daction\" \/>\n\t<meta name=\"twitter:label2\" content=\"Dur\u00e9e de lecture estim\u00e9e\" \/>\n\t<meta name=\"twitter:data2\" content=\"8 minutes\" \/>\n<script type=\"application\/ld+json\" class=\"yoast-schema-graph\">{\"@context\":\"https:\/\/schema.org\",\"@graph\":[{\"@type\":\"Article\",\"@id\":\"https:\/\/universnews224.com\/index.php\/la-guinee-notee-b-par-sp-une-premiere-depuis-lindependance-selon-mourana-soumah\/#article\",\"isPartOf\":{\"@id\":\"https:\/\/universnews224.com\/index.php\/la-guinee-notee-b-par-sp-une-premiere-depuis-lindependance-selon-mourana-soumah\/\"},\"author\":{\"name\":\"La R\u00e9daction\",\"@id\":\"https:\/\/universnews224.com\/#\/schema\/person\/a4b7d4f94a4716df60456a491260485e\"},\"headline\":\"La Guin\u00e9e not\u00e9e \u00ab B+ \u00bb par S&amp;P: \u201cune premi\u00e8re depuis l\u2019ind\u00e9pendance\u201d, selon Mourana Soumah\",\"datePublished\":\"2025-09-19T16:54:35+00:00\",\"dateModified\":\"2025-09-19T16:54:35+00:00\",\"mainEntityOfPage\":{\"@id\":\"https:\/\/universnews224.com\/index.php\/la-guinee-notee-b-par-sp-une-premiere-depuis-lindependance-selon-mourana-soumah\/\"},\"wordCount\":1453,\"publisher\":{\"@id\":\"https:\/\/universnews224.com\/#organization\"},\"keywords\":[\"A la une\"],\"articleSection\":[\"ACTU\",\"SOCI\u00c9T\u00c9\"],\"inLanguage\":\"fr-FR\"},{\"@type\":\"WebPage\",\"@id\":\"https:\/\/universnews224.com\/index.php\/la-guinee-notee-b-par-sp-une-premiere-depuis-lindependance-selon-mourana-soumah\/\",\"url\":\"https:\/\/universnews224.com\/index.php\/la-guinee-notee-b-par-sp-une-premiere-depuis-lindependance-selon-mourana-soumah\/\",\"name\":\"La Guin\u00e9e not\u00e9e \u00ab B+ \u00bb par S&amp;P: \u201cune premi\u00e8re depuis l\u2019ind\u00e9pendance\u201d, selon Mourana Soumah - UNIVERSNEWS224\",\"isPartOf\":{\"@id\":\"https:\/\/universnews224.com\/#website\"},\"datePublished\":\"2025-09-19T16:54:35+00:00\",\"dateModified\":\"2025-09-19T16:54:35+00:00\",\"inLanguage\":\"fr-FR\",\"potentialAction\":[{\"@type\":\"ReadAction\",\"target\":[\"https:\/\/universnews224.com\/index.php\/la-guinee-notee-b-par-sp-une-premiere-depuis-lindependance-selon-mourana-soumah\/\"]}]},{\"@type\":\"WebSite\",\"@id\":\"https:\/\/universnews224.com\/#website\",\"url\":\"https:\/\/universnews224.com\/\",\"name\":\"UNIVERSNEWS224\",\"description\":\"\",\"publisher\":{\"@id\":\"https:\/\/universnews224.com\/#organization\"},\"potentialAction\":[{\"@type\":\"SearchAction\",\"target\":{\"@type\":\"EntryPoint\",\"urlTemplate\":\"https:\/\/universnews224.com\/?s={search_term_string}\"},\"query-input\":\"required name=search_term_string\"}],\"inLanguage\":\"fr-FR\"},{\"@type\":\"Organization\",\"@id\":\"https:\/\/universnews224.com\/#organization\",\"name\":\"UNIVERSNEWS224\",\"url\":\"https:\/\/universnews224.com\/\",\"logo\":{\"@type\":\"ImageObject\",\"inLanguage\":\"fr-FR\",\"@id\":\"https:\/\/universnews224.com\/#\/schema\/logo\/image\/\",\"url\":\"https:\/\/universnews224.com\/wp-content\/uploads\/2022\/08\/cropped-cropped-logoban.jpg\",\"contentUrl\":\"https:\/\/universnews224.com\/wp-content\/uploads\/2022\/08\/cropped-cropped-logoban.jpg\",\"width\":1080,\"height\":138,\"caption\":\"UNIVERSNEWS224\"},\"image\":{\"@id\":\"https:\/\/universnews224.com\/#\/schema\/logo\/image\/\"}},{\"@type\":\"Person\",\"@id\":\"https:\/\/universnews224.com\/#\/schema\/person\/a4b7d4f94a4716df60456a491260485e\",\"name\":\"La R\u00e9daction\",\"image\":{\"@type\":\"ImageObject\",\"inLanguage\":\"fr-FR\",\"@id\":\"https:\/\/universnews224.com\/#\/schema\/person\/image\/\",\"url\":\"https:\/\/secure.gravatar.com\/avatar\/edb90acc7752b23e1b3307ad36c14f0d?s=96&d=mm&r=g\",\"contentUrl\":\"https:\/\/secure.gravatar.com\/avatar\/edb90acc7752b23e1b3307ad36c14f0d?s=96&d=mm&r=g\",\"caption\":\"La R\u00e9daction\"},\"sameAs\":[\"https:\/\/universnews224.com\"],\"url\":\"https:\/\/universnews224.com\/index.php\/author\/m-camara\/\"}]}<\/script>\n<!-- \/ Yoast SEO plugin. -->","yoast_head_json":{"title":"La Guin\u00e9e not\u00e9e \u00ab B+ \u00bb par S&amp;P: \u201cune premi\u00e8re depuis l\u2019ind\u00e9pendance\u201d, selon Mourana Soumah - UNIVERSNEWS224","robots":{"index":"index","follow":"follow","max-snippet":"max-snippet:-1","max-image-preview":"max-image-preview:large","max-video-preview":"max-video-preview:-1"},"canonical":"https:\/\/universnews224.com\/index.php\/la-guinee-notee-b-par-sp-une-premiere-depuis-lindependance-selon-mourana-soumah\/","og_locale":"fr_FR","og_type":"article","og_title":"La Guin\u00e9e not\u00e9e \u00ab B+ \u00bb par S&amp;P: \u201cune premi\u00e8re depuis l\u2019ind\u00e9pendance\u201d, selon Mourana Soumah - UNIVERSNEWS224","og_description":"C\u2019est une excellente nouvelle qui d\u00e9fraie la chronique de l\u2019actualit\u00e9 \u00e9conomique et financi\u00e8re du continent,","og_url":"https:\/\/universnews224.com\/index.php\/la-guinee-notee-b-par-sp-une-premiere-depuis-lindependance-selon-mourana-soumah\/","og_site_name":"UNIVERSNEWS224","article_published_time":"2025-09-19T16:54:35+00:00","og_image":[{"width":696,"height":552,"url":"https:\/\/universnews224.com\/wp-content\/uploads\/2025\/09\/WhatsApp-Image-2025-09-16-a-13.19.46_4edd318a-1-696x928-1.jpg","type":"image\/jpeg"}],"author":"La R\u00e9daction","twitter_misc":{"\u00c9crit par":"La R\u00e9daction","Dur\u00e9e de lecture estim\u00e9e":"8 minutes"},"schema":{"@context":"https:\/\/schema.org","@graph":[{"@type":"Article","@id":"https:\/\/universnews224.com\/index.php\/la-guinee-notee-b-par-sp-une-premiere-depuis-lindependance-selon-mourana-soumah\/#article","isPartOf":{"@id":"https:\/\/universnews224.com\/index.php\/la-guinee-notee-b-par-sp-une-premiere-depuis-lindependance-selon-mourana-soumah\/"},"author":{"name":"La R\u00e9daction","@id":"https:\/\/universnews224.com\/#\/schema\/person\/a4b7d4f94a4716df60456a491260485e"},"headline":"La Guin\u00e9e not\u00e9e \u00ab B+ \u00bb par S&amp;P: \u201cune premi\u00e8re depuis l\u2019ind\u00e9pendance\u201d, selon Mourana Soumah","datePublished":"2025-09-19T16:54:35+00:00","dateModified":"2025-09-19T16:54:35+00:00","mainEntityOfPage":{"@id":"https:\/\/universnews224.com\/index.php\/la-guinee-notee-b-par-sp-une-premiere-depuis-lindependance-selon-mourana-soumah\/"},"wordCount":1453,"publisher":{"@id":"https:\/\/universnews224.com\/#organization"},"keywords":["A la une"],"articleSection":["ACTU","SOCI\u00c9T\u00c9"],"inLanguage":"fr-FR"},{"@type":"WebPage","@id":"https:\/\/universnews224.com\/index.php\/la-guinee-notee-b-par-sp-une-premiere-depuis-lindependance-selon-mourana-soumah\/","url":"https:\/\/universnews224.com\/index.php\/la-guinee-notee-b-par-sp-une-premiere-depuis-lindependance-selon-mourana-soumah\/","name":"La Guin\u00e9e not\u00e9e \u00ab B+ \u00bb par S&amp;P: \u201cune premi\u00e8re depuis l\u2019ind\u00e9pendance\u201d, selon Mourana Soumah - UNIVERSNEWS224","isPartOf":{"@id":"https:\/\/universnews224.com\/#website"},"datePublished":"2025-09-19T16:54:35+00:00","dateModified":"2025-09-19T16:54:35+00:00","inLanguage":"fr-FR","potentialAction":[{"@type":"ReadAction","target":["https:\/\/universnews224.com\/index.php\/la-guinee-notee-b-par-sp-une-premiere-depuis-lindependance-selon-mourana-soumah\/"]}]},{"@type":"WebSite","@id":"https:\/\/universnews224.com\/#website","url":"https:\/\/universnews224.com\/","name":"UNIVERSNEWS224","description":"","publisher":{"@id":"https:\/\/universnews224.com\/#organization"},"potentialAction":[{"@type":"SearchAction","target":{"@type":"EntryPoint","urlTemplate":"https:\/\/universnews224.com\/?s={search_term_string}"},"query-input":"required name=search_term_string"}],"inLanguage":"fr-FR"},{"@type":"Organization","@id":"https:\/\/universnews224.com\/#organization","name":"UNIVERSNEWS224","url":"https:\/\/universnews224.com\/","logo":{"@type":"ImageObject","inLanguage":"fr-FR","@id":"https:\/\/universnews224.com\/#\/schema\/logo\/image\/","url":"https:\/\/universnews224.com\/wp-content\/uploads\/2022\/08\/cropped-cropped-logoban.jpg","contentUrl":"https:\/\/universnews224.com\/wp-content\/uploads\/2022\/08\/cropped-cropped-logoban.jpg","width":1080,"height":138,"caption":"UNIVERSNEWS224"},"image":{"@id":"https:\/\/universnews224.com\/#\/schema\/logo\/image\/"}},{"@type":"Person","@id":"https:\/\/universnews224.com\/#\/schema\/person\/a4b7d4f94a4716df60456a491260485e","name":"La R\u00e9daction","image":{"@type":"ImageObject","inLanguage":"fr-FR","@id":"https:\/\/universnews224.com\/#\/schema\/person\/image\/","url":"https:\/\/secure.gravatar.com\/avatar\/edb90acc7752b23e1b3307ad36c14f0d?s=96&d=mm&r=g","contentUrl":"https:\/\/secure.gravatar.com\/avatar\/edb90acc7752b23e1b3307ad36c14f0d?s=96&d=mm&r=g","caption":"La R\u00e9daction"},"sameAs":["https:\/\/universnews224.com"],"url":"https:\/\/universnews224.com\/index.php\/author\/m-camara\/"}]}},"_links":{"self":[{"href":"https:\/\/universnews224.com\/index.php\/wp-json\/wp\/v2\/posts\/9163"}],"collection":[{"href":"https:\/\/universnews224.com\/index.php\/wp-json\/wp\/v2\/posts"}],"about":[{"href":"https:\/\/universnews224.com\/index.php\/wp-json\/wp\/v2\/types\/post"}],"author":[{"embeddable":true,"href":"https:\/\/universnews224.com\/index.php\/wp-json\/wp\/v2\/users\/2"}],"replies":[{"embeddable":true,"href":"https:\/\/universnews224.com\/index.php\/wp-json\/wp\/v2\/comments?post=9163"}],"version-history":[{"count":1,"href":"https:\/\/universnews224.com\/index.php\/wp-json\/wp\/v2\/posts\/9163\/revisions"}],"predecessor-version":[{"id":9165,"href":"https:\/\/universnews224.com\/index.php\/wp-json\/wp\/v2\/posts\/9163\/revisions\/9165"}],"wp:featuredmedia":[{"embeddable":true,"href":"https:\/\/universnews224.com\/index.php\/wp-json\/wp\/v2\/media\/9164"}],"wp:attachment":[{"href":"https:\/\/universnews224.com\/index.php\/wp-json\/wp\/v2\/media?parent=9163"}],"wp:term":[{"taxonomy":"category","embeddable":true,"href":"https:\/\/universnews224.com\/index.php\/wp-json\/wp\/v2\/categories?post=9163"},{"taxonomy":"post_tag","embeddable":true,"href":"https:\/\/universnews224.com\/index.php\/wp-json\/wp\/v2\/tags?post=9163"}],"curies":[{"name":"wp","href":"https:\/\/api.w.org\/{rel}","templated":true}]}}