{"id":9177,"date":"2025-09-20T23:40:39","date_gmt":"2025-09-20T22:40:39","guid":{"rendered":"https:\/\/universnews224.com\/?p=9177"},"modified":"2025-09-20T23:40:39","modified_gmt":"2025-09-20T22:40:39","slug":"politique-lancement-officiel-du-mouvement-des-combattants-de-la-liberte-economique-mcle","status":"publish","type":"post","link":"https:\/\/universnews224.com\/index.php\/politique-lancement-officiel-du-mouvement-des-combattants-de-la-liberte-economique-mcle\/","title":{"rendered":"Politique : Lancement officiel du Mouvement des combattants de la libert\u00e9 \u00e9conomique (MCLE)"},"content":{"rendered":"<p>Un nouveau chapitre s\u2019ouvre dans l\u2019histoire du Mouvement des combattants de la libert\u00e9 \u00e9conomique (MCLE). Ce samedi 20 septembre, \u00e0 la Maison de la Presse de la Mini\u00e8re, un groupe de cadres, responsables du parti a proc\u00e9d\u00e9 au lancement officiel du Mouvement des combattants de la libert\u00e9 \u00e9conomique (MCLE). L\u2019initiative a \u00e9t\u00e9 rendue publique lors d\u2019une conf\u00e9rence de presse anim\u00e9e par M. Andr\u00e9 Sagno, dans un climat marqu\u00e9 \u00e0 la fois par la gravit\u00e9 et l\u2019espoir de renaissance politique.<\/p>\n<p>Dans son discours d&rsquo;ouverture, M. Andr\u00e9 Sagno a tout d&rsquo;abord remerci\u00e9 les uns et autres avant d&rsquo;aborder l&rsquo;objectif auquel ils sont venus.<a href=\"https:\/\/universnews224.com\/wp-content\/uploads\/2025\/09\/IMG-20250920-WA0007.jpg\"><img loading=\"lazy\" class=\"alignnone size-medium wp-image-9178\" src=\"https:\/\/universnews224.com\/wp-content\/uploads\/2025\/09\/IMG-20250920-WA0007-300x186.jpg\" alt=\"\" width=\"300\" height=\"186\" srcset=\"https:\/\/universnews224.com\/wp-content\/uploads\/2025\/09\/IMG-20250920-WA0007-300x186.jpg 300w, https:\/\/universnews224.com\/wp-content\/uploads\/2025\/09\/IMG-20250920-WA0007-768x475.jpg 768w, https:\/\/universnews224.com\/wp-content\/uploads\/2025\/09\/IMG-20250920-WA0007.jpg 903w\" sizes=\"(max-width: 300px) 100vw, 300px\" \/><\/a><\/p>\n<p>\u00ab Aujourd\u2019hui nous sommes venus-l\u00e0 pour le lancement officiel de notre mouvement, mais aussi la d\u00e9claration de candidature \u00e0 l\u2019\u00e9lection pr\u00e9sidentielle prochaine. Nous avons eu \u00e0 exposer notre projet de soci\u00e9t\u00e9 au peuple de Guin\u00e9e, qui est illustr\u00e9 en dix points.<\/p>\n<p>Sur le plan politique, nous avons besoin d\u2019un r\u00e9gime unitaire, un r\u00e9gime dans lequel nous allons vraiment mettre en place un r\u00e9gime pr\u00e9sidentiel. C\u2019est-\u00e0-dire qu\u2019on parlera de pr\u00e9sident et de vice-pr\u00e9sident ou vice-pr\u00e9sidente.<br \/>\nParce que le r\u00e9gime pr\u00e9sidentiel sera un r\u00e9gime purement anglo-saxon. Cela nous permettra d\u2019\u00e9quilibrer le pouvoir. Et ensuite, nous allons aussi mettre en place un parlement et un s\u00e9nat. Nous ferons de telle sorte que le parlement regorge que de jeunes et le s\u00e9nat, des dignitaires \u00bb, a-t-il soulign\u00e9 M. Andr\u00e9 Sagno.<a href=\"https:\/\/universnews224.com\/wp-content\/uploads\/2025\/09\/IMG-20250920-WA0006.jpg\"><img loading=\"lazy\" class=\"alignnone size-medium wp-image-9179\" src=\"https:\/\/universnews224.com\/wp-content\/uploads\/2025\/09\/IMG-20250920-WA0006-300x165.jpg\" alt=\"\" width=\"300\" height=\"165\" srcset=\"https:\/\/universnews224.com\/wp-content\/uploads\/2025\/09\/IMG-20250920-WA0006-300x165.jpg 300w, https:\/\/universnews224.com\/wp-content\/uploads\/2025\/09\/IMG-20250920-WA0006-1024x562.jpg 1024w, https:\/\/universnews224.com\/wp-content\/uploads\/2025\/09\/IMG-20250920-WA0006-768x422.jpg 768w, https:\/\/universnews224.com\/wp-content\/uploads\/2025\/09\/IMG-20250920-WA0006.jpg 1280w\" sizes=\"(max-width: 300px) 100vw, 300px\" \/><\/a><\/p>\n<p>Parlant de la presidentielle prochaine dans notrepays, M. Andr\u00e9 donne sa vision et se d\u00e9clare candidat au prochain \u00e9lection pr\u00e9sidentielle \u00ab Je me porte d\u00e9j\u00e0 candidat des jeunes du bas-peuple. Je demande aux jeunes \u00e0 se mobiliser pour que, nous puissions en r\u00e9alit\u00e9 prendre le pouvoir et construire ensemble notre pays qui nous appartient tous\u00bb, a-t-il d\u00e9clar\u00e9.<\/p>\n<p>Alass Sylla. Tel: 625.480.252<\/p>\n","protected":false},"excerpt":{"rendered":"<p>Un nouveau chapitre s\u2019ouvre dans l\u2019histoire du Mouvement des combattants de la libert\u00e9 \u00e9conomique (MCLE).<\/p>\n","protected":false},"author":2,"featured_media":9179,"comment_status":"closed","ping_status":"open","sticky":false,"template":"","format":"standard","meta":[],"categories":[3,4],"tags":[237],"yoast_head":"<!-- This site is optimized with the Yoast SEO plugin v19.13 - https:\/\/yoast.com\/wordpress\/plugins\/seo\/ -->\n<title>Politique : Lancement officiel du Mouvement des combattants de la libert\u00e9 \u00e9conomique (MCLE) - UNIVERSNEWS224<\/title>\n<meta name=\"robots\" content=\"index, follow, max-snippet:-1, max-image-preview:large, max-video-preview:-1\" \/>\n<link rel=\"canonical\" href=\"https:\/\/universnews224.com\/index.php\/politique-lancement-officiel-du-mouvement-des-combattants-de-la-liberte-economique-mcle\/\" \/>\n<meta property=\"og:locale\" content=\"fr_FR\" \/>\n<meta property=\"og:type\" content=\"article\" \/>\n<meta property=\"og:title\" content=\"Politique : Lancement officiel du Mouvement des combattants de la libert\u00e9 \u00e9conomique (MCLE) - UNIVERSNEWS224\" \/>\n<meta property=\"og:description\" content=\"Un nouveau chapitre s\u2019ouvre dans l\u2019histoire du Mouvement des combattants de la libert\u00e9 \u00e9conomique (MCLE).\" \/>\n<meta property=\"og:url\" content=\"https:\/\/universnews224.com\/index.php\/politique-lancement-officiel-du-mouvement-des-combattants-de-la-liberte-economique-mcle\/\" \/>\n<meta property=\"og:site_name\" content=\"UNIVERSNEWS224\" \/>\n<meta property=\"article:published_time\" content=\"2025-09-20T22:40:39+00:00\" \/>\n<meta property=\"og:image\" content=\"https:\/\/universnews224.com\/wp-content\/uploads\/2025\/09\/IMG-20250920-WA0006.jpg\" \/>\n\t<meta property=\"og:image:width\" content=\"1280\" \/>\n\t<meta property=\"og:image:height\" content=\"703\" \/>\n\t<meta property=\"og:image:type\" content=\"image\/jpeg\" \/>\n<meta name=\"author\" content=\"La R\u00e9daction\" \/>\n<meta name=\"twitter:label1\" content=\"\u00c9crit par\" \/>\n\t<meta name=\"twitter:data1\" content=\"La R\u00e9daction\" \/>\n\t<meta name=\"twitter:label2\" content=\"Dur\u00e9e de lecture estim\u00e9e\" \/>\n\t<meta name=\"twitter:data2\" content=\"2 minutes\" \/>\n<script type=\"application\/ld+json\" class=\"yoast-schema-graph\">{\"@context\":\"https:\/\/schema.org\",\"@graph\":[{\"@type\":\"Article\",\"@id\":\"https:\/\/universnews224.com\/index.php\/politique-lancement-officiel-du-mouvement-des-combattants-de-la-liberte-economique-mcle\/#article\",\"isPartOf\":{\"@id\":\"https:\/\/universnews224.com\/index.php\/politique-lancement-officiel-du-mouvement-des-combattants-de-la-liberte-economique-mcle\/\"},\"author\":{\"name\":\"La R\u00e9daction\",\"@id\":\"https:\/\/universnews224.com\/#\/schema\/person\/a4b7d4f94a4716df60456a491260485e\"},\"headline\":\"Politique : Lancement officiel du Mouvement des combattants de la libert\u00e9 \u00e9conomique (MCLE)\",\"datePublished\":\"2025-09-20T22:40:39+00:00\",\"dateModified\":\"2025-09-20T22:40:39+00:00\",\"mainEntityOfPage\":{\"@id\":\"https:\/\/universnews224.com\/index.php\/politique-lancement-officiel-du-mouvement-des-combattants-de-la-liberte-economique-mcle\/\"},\"wordCount\":327,\"publisher\":{\"@id\":\"https:\/\/universnews224.com\/#organization\"},\"keywords\":[\"A la une\"],\"articleSection\":[\"ACTU\",\"POLITIQUE\"],\"inLanguage\":\"fr-FR\"},{\"@type\":\"WebPage\",\"@id\":\"https:\/\/universnews224.com\/index.php\/politique-lancement-officiel-du-mouvement-des-combattants-de-la-liberte-economique-mcle\/\",\"url\":\"https:\/\/universnews224.com\/index.php\/politique-lancement-officiel-du-mouvement-des-combattants-de-la-liberte-economique-mcle\/\",\"name\":\"Politique : Lancement officiel du Mouvement des combattants de la libert\u00e9 \u00e9conomique (MCLE) - UNIVERSNEWS224\",\"isPartOf\":{\"@id\":\"https:\/\/universnews224.com\/#website\"},\"datePublished\":\"2025-09-20T22:40:39+00:00\",\"dateModified\":\"2025-09-20T22:40:39+00:00\",\"inLanguage\":\"fr-FR\",\"potentialAction\":[{\"@type\":\"ReadAction\",\"target\":[\"https:\/\/universnews224.com\/index.php\/politique-lancement-officiel-du-mouvement-des-combattants-de-la-liberte-economique-mcle\/\"]}]},{\"@type\":\"WebSite\",\"@id\":\"https:\/\/universnews224.com\/#website\",\"url\":\"https:\/\/universnews224.com\/\",\"name\":\"UNIVERSNEWS224\",\"description\":\"\",\"publisher\":{\"@id\":\"https:\/\/universnews224.com\/#organization\"},\"potentialAction\":[{\"@type\":\"SearchAction\",\"target\":{\"@type\":\"EntryPoint\",\"urlTemplate\":\"https:\/\/universnews224.com\/?s={search_term_string}\"},\"query-input\":\"required name=search_term_string\"}],\"inLanguage\":\"fr-FR\"},{\"@type\":\"Organization\",\"@id\":\"https:\/\/universnews224.com\/#organization\",\"name\":\"UNIVERSNEWS224\",\"url\":\"https:\/\/universnews224.com\/\",\"logo\":{\"@type\":\"ImageObject\",\"inLanguage\":\"fr-FR\",\"@id\":\"https:\/\/universnews224.com\/#\/schema\/logo\/image\/\",\"url\":\"https:\/\/universnews224.com\/wp-content\/uploads\/2022\/08\/cropped-cropped-logoban.jpg\",\"contentUrl\":\"https:\/\/universnews224.com\/wp-content\/uploads\/2022\/08\/cropped-cropped-logoban.jpg\",\"width\":1080,\"height\":138,\"caption\":\"UNIVERSNEWS224\"},\"image\":{\"@id\":\"https:\/\/universnews224.com\/#\/schema\/logo\/image\/\"}},{\"@type\":\"Person\",\"@id\":\"https:\/\/universnews224.com\/#\/schema\/person\/a4b7d4f94a4716df60456a491260485e\",\"name\":\"La R\u00e9daction\",\"image\":{\"@type\":\"ImageObject\",\"inLanguage\":\"fr-FR\",\"@id\":\"https:\/\/universnews224.com\/#\/schema\/person\/image\/\",\"url\":\"https:\/\/secure.gravatar.com\/avatar\/edb90acc7752b23e1b3307ad36c14f0d?s=96&d=mm&r=g\",\"contentUrl\":\"https:\/\/secure.gravatar.com\/avatar\/edb90acc7752b23e1b3307ad36c14f0d?s=96&d=mm&r=g\",\"caption\":\"La R\u00e9daction\"},\"sameAs\":[\"https:\/\/universnews224.com\"],\"url\":\"https:\/\/universnews224.com\/index.php\/author\/m-camara\/\"}]}<\/script>\n<!-- \/ Yoast SEO plugin. -->","yoast_head_json":{"title":"Politique : Lancement officiel du Mouvement des combattants de la libert\u00e9 \u00e9conomique (MCLE) - UNIVERSNEWS224","robots":{"index":"index","follow":"follow","max-snippet":"max-snippet:-1","max-image-preview":"max-image-preview:large","max-video-preview":"max-video-preview:-1"},"canonical":"https:\/\/universnews224.com\/index.php\/politique-lancement-officiel-du-mouvement-des-combattants-de-la-liberte-economique-mcle\/","og_locale":"fr_FR","og_type":"article","og_title":"Politique : Lancement officiel du Mouvement des combattants de la libert\u00e9 \u00e9conomique (MCLE) - UNIVERSNEWS224","og_description":"Un nouveau chapitre s\u2019ouvre dans l\u2019histoire du Mouvement des combattants de la libert\u00e9 \u00e9conomique (MCLE).","og_url":"https:\/\/universnews224.com\/index.php\/politique-lancement-officiel-du-mouvement-des-combattants-de-la-liberte-economique-mcle\/","og_site_name":"UNIVERSNEWS224","article_published_time":"2025-09-20T22:40:39+00:00","og_image":[{"width":1280,"height":703,"url":"https:\/\/universnews224.com\/wp-content\/uploads\/2025\/09\/IMG-20250920-WA0006.jpg","type":"image\/jpeg"}],"author":"La R\u00e9daction","twitter_misc":{"\u00c9crit par":"La R\u00e9daction","Dur\u00e9e de lecture estim\u00e9e":"2 minutes"},"schema":{"@context":"https:\/\/schema.org","@graph":[{"@type":"Article","@id":"https:\/\/universnews224.com\/index.php\/politique-lancement-officiel-du-mouvement-des-combattants-de-la-liberte-economique-mcle\/#article","isPartOf":{"@id":"https:\/\/universnews224.com\/index.php\/politique-lancement-officiel-du-mouvement-des-combattants-de-la-liberte-economique-mcle\/"},"author":{"name":"La R\u00e9daction","@id":"https:\/\/universnews224.com\/#\/schema\/person\/a4b7d4f94a4716df60456a491260485e"},"headline":"Politique : Lancement officiel du Mouvement des combattants de la libert\u00e9 \u00e9conomique (MCLE)","datePublished":"2025-09-20T22:40:39+00:00","dateModified":"2025-09-20T22:40:39+00:00","mainEntityOfPage":{"@id":"https:\/\/universnews224.com\/index.php\/politique-lancement-officiel-du-mouvement-des-combattants-de-la-liberte-economique-mcle\/"},"wordCount":327,"publisher":{"@id":"https:\/\/universnews224.com\/#organization"},"keywords":["A la une"],"articleSection":["ACTU","POLITIQUE"],"inLanguage":"fr-FR"},{"@type":"WebPage","@id":"https:\/\/universnews224.com\/index.php\/politique-lancement-officiel-du-mouvement-des-combattants-de-la-liberte-economique-mcle\/","url":"https:\/\/universnews224.com\/index.php\/politique-lancement-officiel-du-mouvement-des-combattants-de-la-liberte-economique-mcle\/","name":"Politique : Lancement officiel du Mouvement des combattants de la libert\u00e9 \u00e9conomique (MCLE) - UNIVERSNEWS224","isPartOf":{"@id":"https:\/\/universnews224.com\/#website"},"datePublished":"2025-09-20T22:40:39+00:00","dateModified":"2025-09-20T22:40:39+00:00","inLanguage":"fr-FR","potentialAction":[{"@type":"ReadAction","target":["https:\/\/universnews224.com\/index.php\/politique-lancement-officiel-du-mouvement-des-combattants-de-la-liberte-economique-mcle\/"]}]},{"@type":"WebSite","@id":"https:\/\/universnews224.com\/#website","url":"https:\/\/universnews224.com\/","name":"UNIVERSNEWS224","description":"","publisher":{"@id":"https:\/\/universnews224.com\/#organization"},"potentialAction":[{"@type":"SearchAction","target":{"@type":"EntryPoint","urlTemplate":"https:\/\/universnews224.com\/?s={search_term_string}"},"query-input":"required name=search_term_string"}],"inLanguage":"fr-FR"},{"@type":"Organization","@id":"https:\/\/universnews224.com\/#organization","name":"UNIVERSNEWS224","url":"https:\/\/universnews224.com\/","logo":{"@type":"ImageObject","inLanguage":"fr-FR","@id":"https:\/\/universnews224.com\/#\/schema\/logo\/image\/","url":"https:\/\/universnews224.com\/wp-content\/uploads\/2022\/08\/cropped-cropped-logoban.jpg","contentUrl":"https:\/\/universnews224.com\/wp-content\/uploads\/2022\/08\/cropped-cropped-logoban.jpg","width":1080,"height":138,"caption":"UNIVERSNEWS224"},"image":{"@id":"https:\/\/universnews224.com\/#\/schema\/logo\/image\/"}},{"@type":"Person","@id":"https:\/\/universnews224.com\/#\/schema\/person\/a4b7d4f94a4716df60456a491260485e","name":"La R\u00e9daction","image":{"@type":"ImageObject","inLanguage":"fr-FR","@id":"https:\/\/universnews224.com\/#\/schema\/person\/image\/","url":"https:\/\/secure.gravatar.com\/avatar\/edb90acc7752b23e1b3307ad36c14f0d?s=96&d=mm&r=g","contentUrl":"https:\/\/secure.gravatar.com\/avatar\/edb90acc7752b23e1b3307ad36c14f0d?s=96&d=mm&r=g","caption":"La R\u00e9daction"},"sameAs":["https:\/\/universnews224.com"],"url":"https:\/\/universnews224.com\/index.php\/author\/m-camara\/"}]}},"_links":{"self":[{"href":"https:\/\/universnews224.com\/index.php\/wp-json\/wp\/v2\/posts\/9177"}],"collection":[{"href":"https:\/\/universnews224.com\/index.php\/wp-json\/wp\/v2\/posts"}],"about":[{"href":"https:\/\/universnews224.com\/index.php\/wp-json\/wp\/v2\/types\/post"}],"author":[{"embeddable":true,"href":"https:\/\/universnews224.com\/index.php\/wp-json\/wp\/v2\/users\/2"}],"replies":[{"embeddable":true,"href":"https:\/\/universnews224.com\/index.php\/wp-json\/wp\/v2\/comments?post=9177"}],"version-history":[{"count":1,"href":"https:\/\/universnews224.com\/index.php\/wp-json\/wp\/v2\/posts\/9177\/revisions"}],"predecessor-version":[{"id":9180,"href":"https:\/\/universnews224.com\/index.php\/wp-json\/wp\/v2\/posts\/9177\/revisions\/9180"}],"wp:featuredmedia":[{"embeddable":true,"href":"https:\/\/universnews224.com\/index.php\/wp-json\/wp\/v2\/media\/9179"}],"wp:attachment":[{"href":"https:\/\/universnews224.com\/index.php\/wp-json\/wp\/v2\/media?parent=9177"}],"wp:term":[{"taxonomy":"category","embeddable":true,"href":"https:\/\/universnews224.com\/index.php\/wp-json\/wp\/v2\/categories?post=9177"},{"taxonomy":"post_tag","embeddable":true,"href":"https:\/\/universnews224.com\/index.php\/wp-json\/wp\/v2\/tags?post=9177"}],"curies":[{"name":"wp","href":"https:\/\/api.w.org\/{rel}","templated":true}]}}