{"id":9214,"date":"2025-09-23T13:31:06","date_gmt":"2025-09-23T12:31:06","guid":{"rendered":"https:\/\/universnews224.com\/?p=9214"},"modified":"2025-09-23T13:31:06","modified_gmt":"2025-09-23T12:31:06","slug":"justice-le-burkina-faso-le-mali-et-le-niger-se-retirent-de-la-cpi-communique-conjoint","status":"publish","type":"post","link":"https:\/\/universnews224.com\/index.php\/justice-le-burkina-faso-le-mali-et-le-niger-se-retirent-de-la-cpi-communique-conjoint\/","title":{"rendered":"Justice : Le Burkina Faso, le Mali et le Niger se retirent de la CPI (Communiqu\u00e9 conjoint)"},"content":{"rendered":"<div class=\"xdj266r x14z9mp xat24cr x1lziwak x1vvkbs x126k92a\">\n<div dir=\"auto\">Le Burkina Faso, le Mali et le Niger formant la Conf\u00e9d\u00e9ration des Etats du Sahel (AES), ont annonc\u00e9 ce lundi 22 septembre 2025 \u00e0 travers un communiqu\u00e9, leur retrait de la Cour p\u00e9nale internationale avec effet imm\u00e9diat. Cette d\u00e9cision s\u2019inscrit dans la volont\u00e9 affich\u00e9e des Etats membres de l\u2019AES d\u2019affirmer pleinement leur souverainet\u00e9, ont-ils indiqu\u00e9 dans leur communiqu\u00e9 conjoint.<\/div>\n<\/div>\n<div class=\"x14z9mp xat24cr x1lziwak x1vvkbs xtlvy1s x126k92a\">\n<div dir=\"auto\"><\/div>\n<div dir=\"auto\">Les autorit\u00e9s de ces trois pays reprochent \u00e0 cette juridiction internationale de s\u2019\u00eatre transform\u00e9e, selon elles, en un instrument de r\u00e9pression n\u00e9ocolonial aux mains de l\u2019imp\u00e9rialisme, devenant ainsi l\u2019exemple mondial d\u2019une Justice s\u00e9lective.<\/div>\n<\/div>\n<p>&nbsp;<\/p>\n<p>Il\u00a0estime que la CPI s\u2019est montr\u00e9e incapable de prendre en charge et de juger des crimes de guerre, des crimes contre l\u2019humanit\u00e9, des crimes de g\u00e9nocide et des crimes d\u2019agression av\u00e9r\u00e9s.<\/p>\n<div class=\"x14z9mp xat24cr x1lziwak x1vvkbs xtlvy1s x126k92a\">\n<div dir=\"auto\">En lieu et place de la CPI, les Etats membres de l\u2019AES d\u00e9cident de recourir \u00e0 des m\u00e9canismes endog\u00e8nes pour la consolidation de la paix et de la Justice.<\/div>\n<\/div>\n<div class=\"x14z9mp xat24cr x1lziwak x1vvkbs xtlvy1s x126k92a\">\n<div dir=\"auto\"><\/div>\n<div dir=\"auto\">Par la m\u00eame occasion, ils r\u00e9affirment leur volont\u00e9 d\u2019assurer la promotion et la protection des droits de l\u2019Homme en ad\u00e9quation avec leurs valeurs soci\u00e9tales et de lutter contre toute forme d\u2019impunit\u00e9.<\/div>\n<\/div>\n<div class=\"x14z9mp xat24cr x1lziwak x1vvkbs xtlvy1s x126k92a\">\n<div dir=\"auto\">Le Burkina Faso, la R\u00e9publique du Mali et la R\u00e9publique du Niger ont souverainement ratifi\u00e9 le Statut de Rome de la Cour p\u00e9nale internationale (CPI) respectivement le 16 avril 2004, le 16 ao\u00fbt 2000 et le 11 avril 2002.<\/div>\n<\/div>\n<div class=\"x14z9mp xat24cr x1lziwak x1vvkbs xtlvy1s x126k92a\">\n<div dir=\"auto\"><\/div>\n<div dir=\"auto\">La copie du communiqu\u00e9 conjoint ci-dessous:<\/div>\n<div dir=\"auto\"><a href=\"https:\/\/universnews224.com\/wp-content\/uploads\/2025\/09\/Com-AES-1.jpg\"><img loading=\"lazy\" class=\"alignnone size-medium wp-image-9215\" src=\"https:\/\/universnews224.com\/wp-content\/uploads\/2025\/09\/Com-AES-1-212x300.jpg\" alt=\"\" width=\"212\" height=\"300\" srcset=\"https:\/\/universnews224.com\/wp-content\/uploads\/2025\/09\/Com-AES-1-212x300.jpg 212w, https:\/\/universnews224.com\/wp-content\/uploads\/2025\/09\/Com-AES-1.jpg 700w\" sizes=\"(max-width: 212px) 100vw, 212px\" \/><\/a><\/div>\n<div dir=\"auto\">\u00a0<a href=\"https:\/\/universnews224.com\/wp-content\/uploads\/2025\/09\/Com-AES-2.jpg\"><img loading=\"lazy\" class=\"size-medium wp-image-9216 aligncenter\" src=\"https:\/\/universnews224.com\/wp-content\/uploads\/2025\/09\/Com-AES-2-212x300.jpg\" alt=\"\" width=\"212\" height=\"300\" srcset=\"https:\/\/universnews224.com\/wp-content\/uploads\/2025\/09\/Com-AES-2-212x300.jpg 212w, https:\/\/universnews224.com\/wp-content\/uploads\/2025\/09\/Com-AES-2.jpg 700w\" sizes=\"(max-width: 212px) 100vw, 212px\" \/><\/a><\/div>\n<\/div>\n","protected":false},"excerpt":{"rendered":"<p>Le Burkina Faso, le Mali et le Niger formant la Conf\u00e9d\u00e9ration des Etats du Sahel<\/p>\n","protected":false},"author":2,"featured_media":9217,"comment_status":"closed","ping_status":"open","sticky":false,"template":"","format":"standard","meta":[],"categories":[3,4],"tags":[243,237],"yoast_head":"<!-- This site is optimized with the Yoast SEO plugin v19.13 - https:\/\/yoast.com\/wordpress\/plugins\/seo\/ -->\n<title>Justice : Le Burkina Faso, le Mali et le Niger se retirent de la CPI (Communiqu\u00e9 conjoint) - UNIVERSNEWS224<\/title>\n<meta name=\"robots\" content=\"index, follow, max-snippet:-1, max-image-preview:large, max-video-preview:-1\" \/>\n<link rel=\"canonical\" href=\"https:\/\/universnews224.com\/index.php\/justice-le-burkina-faso-le-mali-et-le-niger-se-retirent-de-la-cpi-communique-conjoint\/\" \/>\n<meta property=\"og:locale\" content=\"fr_FR\" \/>\n<meta property=\"og:type\" content=\"article\" \/>\n<meta property=\"og:title\" content=\"Justice : Le Burkina Faso, le Mali et le Niger se retirent de la CPI (Communiqu\u00e9 conjoint) - UNIVERSNEWS224\" \/>\n<meta property=\"og:description\" content=\"Le Burkina Faso, le Mali et le Niger formant la Conf\u00e9d\u00e9ration des Etats du Sahel\" \/>\n<meta property=\"og:url\" content=\"https:\/\/universnews224.com\/index.php\/justice-le-burkina-faso-le-mali-et-le-niger-se-retirent-de-la-cpi-communique-conjoint\/\" \/>\n<meta property=\"og:site_name\" content=\"UNIVERSNEWS224\" \/>\n<meta property=\"article:published_time\" content=\"2025-09-23T12:31:06+00:00\" \/>\n<meta property=\"og:image\" content=\"https:\/\/universnews224.com\/wp-content\/uploads\/2025\/09\/Chefs-detats-AES-Burkina-Niger-Mali.jpg\" \/>\n\t<meta property=\"og:image:width\" content=\"700\" \/>\n\t<meta property=\"og:image:height\" content=\"375\" \/>\n\t<meta property=\"og:image:type\" content=\"image\/jpeg\" \/>\n<meta name=\"author\" content=\"La R\u00e9daction\" \/>\n<meta name=\"twitter:label1\" content=\"\u00c9crit par\" \/>\n\t<meta name=\"twitter:data1\" content=\"La R\u00e9daction\" \/>\n\t<meta name=\"twitter:label2\" content=\"Dur\u00e9e de lecture estim\u00e9e\" \/>\n\t<meta name=\"twitter:data2\" content=\"2 minutes\" \/>\n<script type=\"application\/ld+json\" class=\"yoast-schema-graph\">{\"@context\":\"https:\/\/schema.org\",\"@graph\":[{\"@type\":\"Article\",\"@id\":\"https:\/\/universnews224.com\/index.php\/justice-le-burkina-faso-le-mali-et-le-niger-se-retirent-de-la-cpi-communique-conjoint\/#article\",\"isPartOf\":{\"@id\":\"https:\/\/universnews224.com\/index.php\/justice-le-burkina-faso-le-mali-et-le-niger-se-retirent-de-la-cpi-communique-conjoint\/\"},\"author\":{\"name\":\"La R\u00e9daction\",\"@id\":\"https:\/\/universnews224.com\/#\/schema\/person\/a4b7d4f94a4716df60456a491260485e\"},\"headline\":\"Justice : Le Burkina Faso, le Mali et le Niger se retirent de la CPI (Communiqu\u00e9 conjoint)\",\"datePublished\":\"2025-09-23T12:31:06+00:00\",\"dateModified\":\"2025-09-23T12:31:06+00:00\",\"mainEntityOfPage\":{\"@id\":\"https:\/\/universnews224.com\/index.php\/justice-le-burkina-faso-le-mali-et-le-niger-se-retirent-de-la-cpi-communique-conjoint\/\"},\"wordCount\":276,\"publisher\":{\"@id\":\"https:\/\/universnews224.com\/#organization\"},\"keywords\":[\"8\",\"A la une\"],\"articleSection\":[\"ACTU\",\"POLITIQUE\"],\"inLanguage\":\"fr-FR\"},{\"@type\":\"WebPage\",\"@id\":\"https:\/\/universnews224.com\/index.php\/justice-le-burkina-faso-le-mali-et-le-niger-se-retirent-de-la-cpi-communique-conjoint\/\",\"url\":\"https:\/\/universnews224.com\/index.php\/justice-le-burkina-faso-le-mali-et-le-niger-se-retirent-de-la-cpi-communique-conjoint\/\",\"name\":\"Justice : Le Burkina Faso, le Mali et le Niger se retirent de la CPI (Communiqu\u00e9 conjoint) - UNIVERSNEWS224\",\"isPartOf\":{\"@id\":\"https:\/\/universnews224.com\/#website\"},\"datePublished\":\"2025-09-23T12:31:06+00:00\",\"dateModified\":\"2025-09-23T12:31:06+00:00\",\"inLanguage\":\"fr-FR\",\"potentialAction\":[{\"@type\":\"ReadAction\",\"target\":[\"https:\/\/universnews224.com\/index.php\/justice-le-burkina-faso-le-mali-et-le-niger-se-retirent-de-la-cpi-communique-conjoint\/\"]}]},{\"@type\":\"WebSite\",\"@id\":\"https:\/\/universnews224.com\/#website\",\"url\":\"https:\/\/universnews224.com\/\",\"name\":\"UNIVERSNEWS224\",\"description\":\"\",\"publisher\":{\"@id\":\"https:\/\/universnews224.com\/#organization\"},\"potentialAction\":[{\"@type\":\"SearchAction\",\"target\":{\"@type\":\"EntryPoint\",\"urlTemplate\":\"https:\/\/universnews224.com\/?s={search_term_string}\"},\"query-input\":\"required name=search_term_string\"}],\"inLanguage\":\"fr-FR\"},{\"@type\":\"Organization\",\"@id\":\"https:\/\/universnews224.com\/#organization\",\"name\":\"UNIVERSNEWS224\",\"url\":\"https:\/\/universnews224.com\/\",\"logo\":{\"@type\":\"ImageObject\",\"inLanguage\":\"fr-FR\",\"@id\":\"https:\/\/universnews224.com\/#\/schema\/logo\/image\/\",\"url\":\"https:\/\/universnews224.com\/wp-content\/uploads\/2022\/08\/cropped-cropped-logoban.jpg\",\"contentUrl\":\"https:\/\/universnews224.com\/wp-content\/uploads\/2022\/08\/cropped-cropped-logoban.jpg\",\"width\":1080,\"height\":138,\"caption\":\"UNIVERSNEWS224\"},\"image\":{\"@id\":\"https:\/\/universnews224.com\/#\/schema\/logo\/image\/\"}},{\"@type\":\"Person\",\"@id\":\"https:\/\/universnews224.com\/#\/schema\/person\/a4b7d4f94a4716df60456a491260485e\",\"name\":\"La R\u00e9daction\",\"image\":{\"@type\":\"ImageObject\",\"inLanguage\":\"fr-FR\",\"@id\":\"https:\/\/universnews224.com\/#\/schema\/person\/image\/\",\"url\":\"https:\/\/secure.gravatar.com\/avatar\/edb90acc7752b23e1b3307ad36c14f0d?s=96&d=mm&r=g\",\"contentUrl\":\"https:\/\/secure.gravatar.com\/avatar\/edb90acc7752b23e1b3307ad36c14f0d?s=96&d=mm&r=g\",\"caption\":\"La R\u00e9daction\"},\"sameAs\":[\"https:\/\/universnews224.com\"],\"url\":\"https:\/\/universnews224.com\/index.php\/author\/m-camara\/\"}]}<\/script>\n<!-- \/ Yoast SEO plugin. -->","yoast_head_json":{"title":"Justice : Le Burkina Faso, le Mali et le Niger se retirent de la CPI (Communiqu\u00e9 conjoint) - UNIVERSNEWS224","robots":{"index":"index","follow":"follow","max-snippet":"max-snippet:-1","max-image-preview":"max-image-preview:large","max-video-preview":"max-video-preview:-1"},"canonical":"https:\/\/universnews224.com\/index.php\/justice-le-burkina-faso-le-mali-et-le-niger-se-retirent-de-la-cpi-communique-conjoint\/","og_locale":"fr_FR","og_type":"article","og_title":"Justice : Le Burkina Faso, le Mali et le Niger se retirent de la CPI (Communiqu\u00e9 conjoint) - UNIVERSNEWS224","og_description":"Le Burkina Faso, le Mali et le Niger formant la Conf\u00e9d\u00e9ration des Etats du Sahel","og_url":"https:\/\/universnews224.com\/index.php\/justice-le-burkina-faso-le-mali-et-le-niger-se-retirent-de-la-cpi-communique-conjoint\/","og_site_name":"UNIVERSNEWS224","article_published_time":"2025-09-23T12:31:06+00:00","og_image":[{"width":700,"height":375,"url":"https:\/\/universnews224.com\/wp-content\/uploads\/2025\/09\/Chefs-detats-AES-Burkina-Niger-Mali.jpg","type":"image\/jpeg"}],"author":"La R\u00e9daction","twitter_misc":{"\u00c9crit par":"La R\u00e9daction","Dur\u00e9e de lecture estim\u00e9e":"2 minutes"},"schema":{"@context":"https:\/\/schema.org","@graph":[{"@type":"Article","@id":"https:\/\/universnews224.com\/index.php\/justice-le-burkina-faso-le-mali-et-le-niger-se-retirent-de-la-cpi-communique-conjoint\/#article","isPartOf":{"@id":"https:\/\/universnews224.com\/index.php\/justice-le-burkina-faso-le-mali-et-le-niger-se-retirent-de-la-cpi-communique-conjoint\/"},"author":{"name":"La R\u00e9daction","@id":"https:\/\/universnews224.com\/#\/schema\/person\/a4b7d4f94a4716df60456a491260485e"},"headline":"Justice : Le Burkina Faso, le Mali et le Niger se retirent de la CPI (Communiqu\u00e9 conjoint)","datePublished":"2025-09-23T12:31:06+00:00","dateModified":"2025-09-23T12:31:06+00:00","mainEntityOfPage":{"@id":"https:\/\/universnews224.com\/index.php\/justice-le-burkina-faso-le-mali-et-le-niger-se-retirent-de-la-cpi-communique-conjoint\/"},"wordCount":276,"publisher":{"@id":"https:\/\/universnews224.com\/#organization"},"keywords":["8","A la une"],"articleSection":["ACTU","POLITIQUE"],"inLanguage":"fr-FR"},{"@type":"WebPage","@id":"https:\/\/universnews224.com\/index.php\/justice-le-burkina-faso-le-mali-et-le-niger-se-retirent-de-la-cpi-communique-conjoint\/","url":"https:\/\/universnews224.com\/index.php\/justice-le-burkina-faso-le-mali-et-le-niger-se-retirent-de-la-cpi-communique-conjoint\/","name":"Justice : Le Burkina Faso, le Mali et le Niger se retirent de la CPI (Communiqu\u00e9 conjoint) - UNIVERSNEWS224","isPartOf":{"@id":"https:\/\/universnews224.com\/#website"},"datePublished":"2025-09-23T12:31:06+00:00","dateModified":"2025-09-23T12:31:06+00:00","inLanguage":"fr-FR","potentialAction":[{"@type":"ReadAction","target":["https:\/\/universnews224.com\/index.php\/justice-le-burkina-faso-le-mali-et-le-niger-se-retirent-de-la-cpi-communique-conjoint\/"]}]},{"@type":"WebSite","@id":"https:\/\/universnews224.com\/#website","url":"https:\/\/universnews224.com\/","name":"UNIVERSNEWS224","description":"","publisher":{"@id":"https:\/\/universnews224.com\/#organization"},"potentialAction":[{"@type":"SearchAction","target":{"@type":"EntryPoint","urlTemplate":"https:\/\/universnews224.com\/?s={search_term_string}"},"query-input":"required name=search_term_string"}],"inLanguage":"fr-FR"},{"@type":"Organization","@id":"https:\/\/universnews224.com\/#organization","name":"UNIVERSNEWS224","url":"https:\/\/universnews224.com\/","logo":{"@type":"ImageObject","inLanguage":"fr-FR","@id":"https:\/\/universnews224.com\/#\/schema\/logo\/image\/","url":"https:\/\/universnews224.com\/wp-content\/uploads\/2022\/08\/cropped-cropped-logoban.jpg","contentUrl":"https:\/\/universnews224.com\/wp-content\/uploads\/2022\/08\/cropped-cropped-logoban.jpg","width":1080,"height":138,"caption":"UNIVERSNEWS224"},"image":{"@id":"https:\/\/universnews224.com\/#\/schema\/logo\/image\/"}},{"@type":"Person","@id":"https:\/\/universnews224.com\/#\/schema\/person\/a4b7d4f94a4716df60456a491260485e","name":"La R\u00e9daction","image":{"@type":"ImageObject","inLanguage":"fr-FR","@id":"https:\/\/universnews224.com\/#\/schema\/person\/image\/","url":"https:\/\/secure.gravatar.com\/avatar\/edb90acc7752b23e1b3307ad36c14f0d?s=96&d=mm&r=g","contentUrl":"https:\/\/secure.gravatar.com\/avatar\/edb90acc7752b23e1b3307ad36c14f0d?s=96&d=mm&r=g","caption":"La R\u00e9daction"},"sameAs":["https:\/\/universnews224.com"],"url":"https:\/\/universnews224.com\/index.php\/author\/m-camara\/"}]}},"_links":{"self":[{"href":"https:\/\/universnews224.com\/index.php\/wp-json\/wp\/v2\/posts\/9214"}],"collection":[{"href":"https:\/\/universnews224.com\/index.php\/wp-json\/wp\/v2\/posts"}],"about":[{"href":"https:\/\/universnews224.com\/index.php\/wp-json\/wp\/v2\/types\/post"}],"author":[{"embeddable":true,"href":"https:\/\/universnews224.com\/index.php\/wp-json\/wp\/v2\/users\/2"}],"replies":[{"embeddable":true,"href":"https:\/\/universnews224.com\/index.php\/wp-json\/wp\/v2\/comments?post=9214"}],"version-history":[{"count":1,"href":"https:\/\/universnews224.com\/index.php\/wp-json\/wp\/v2\/posts\/9214\/revisions"}],"predecessor-version":[{"id":9218,"href":"https:\/\/universnews224.com\/index.php\/wp-json\/wp\/v2\/posts\/9214\/revisions\/9218"}],"wp:featuredmedia":[{"embeddable":true,"href":"https:\/\/universnews224.com\/index.php\/wp-json\/wp\/v2\/media\/9217"}],"wp:attachment":[{"href":"https:\/\/universnews224.com\/index.php\/wp-json\/wp\/v2\/media?parent=9214"}],"wp:term":[{"taxonomy":"category","embeddable":true,"href":"https:\/\/universnews224.com\/index.php\/wp-json\/wp\/v2\/categories?post=9214"},{"taxonomy":"post_tag","embeddable":true,"href":"https:\/\/universnews224.com\/index.php\/wp-json\/wp\/v2\/tags?post=9214"}],"curies":[{"name":"wp","href":"https:\/\/api.w.org\/{rel}","templated":true}]}}