{"id":9370,"date":"2025-10-14T22:36:13","date_gmt":"2025-10-14T21:36:13","guid":{"rendered":"https:\/\/universnews224.com\/?p=9370"},"modified":"2025-10-14T22:36:13","modified_gmt":"2025-10-14T21:36:13","slug":"madagascar-les-militaires-prennent-le-pouvoir-apres-un-vote-de-destitution-du-president","status":"publish","type":"post","link":"https:\/\/universnews224.com\/index.php\/madagascar-les-militaires-prennent-le-pouvoir-apres-un-vote-de-destitution-du-president\/","title":{"rendered":"Madagascar: les militaires prennent le pouvoir apr\u00e8s un vote de destitution du pr\u00e9sident"},"content":{"rendered":"<p>Le sc\u00e9nario se r\u00e9p\u00e8te \u00e0 Madagascar: les militaires ont affirm\u00e9 mardi \u00ab prendre le pouvoir \u00bb et ont act\u00e9 de fait la fin de la pr\u00e9sidence du contest\u00e9 Andry Rajoelina, qui avait acc\u00e9d\u00e9 une premi\u00e8re fois au pouvoir par un coup d\u2019Etat en 2009 dans des circonstances similaires.<\/p>\n<div dir=\"auto\"><\/div>\n<div dir=\"auto\">L\u2019unit\u00e9 militaire qui s\u2019est ralli\u00e9e au mouvement de contestation g\u00e9n\u00e9ralis\u00e9e dans cette \u00eele particuli\u00e8rement pauvre de l\u2019oc\u00e9an Indien a fait cette d\u00e9claration devant le palais pr\u00e9sidentiel du centre d\u2019Antananarivo, juste apr\u00e8s un vote de l\u2019Assembl\u00e9e nationale destituant le chef de l\u2019Etat, pr\u00e9sum\u00e9 avoir quitt\u00e9 le pays.<\/div>\n<div dir=\"auto\"><\/div>\n<div dir=\"auto\">\u00ab On va prendre le pouvoir \u00e0 partir d\u2019aujourd\u2019hui et on dissout le S\u00e9nat et la Haute cour constitutionnelle. L\u2019Assembl\u00e9e nationale, on la laisse continuer \u00e0 travailler \u00bb, a indiqu\u00e9 au micro de l\u2019AFPTV le colonel Michael Randrianirina devant le palais pr\u00e9sidentiel du centre de la capitale malgache.<\/div>\n<div dir=\"auto\"><\/div>\n<div dir=\"auto\"><\/div>\n<div dir=\"auto\">Sc\u00e8nes de f\u00eate et concerts ont suivi cette annonce sur la place du 13-mai. Les drapeaux malgaches et chants de c\u00e9l\u00e9bration ont envahi ce lieu symbolique, baptis\u00e9 en hommage aux tu\u00e9s d\u2019un soul\u00e8vement populaire en 1972 ayant conduit au d\u00e9part du premier pr\u00e9sident.<\/div>\n<div dir=\"auto\"><\/div>\n<div dir=\"auto\">La Haute cour constitutionnelle, ayant constat\u00e9 la \u00ab vacance \u00bb du poste de pr\u00e9sident, \u00ab invite \u00bb dans un communiqu\u00e9 \u00ab l\u2019autorit\u00e9 militaire comp\u00e9tente incarn\u00e9e par le colonel Randrianirina Micha\u00ebl, \u00e0 exercer les fonctions de chef de l\u2019Etat \u00bb.<\/div>\n<div dir=\"auto\"><\/div>\n<div dir=\"auto\">Contest\u00e9 dans la rue et retranch\u00e9 dans un lieu inconnu, Andry Rajoelina, qui avait dissous un peu plus t\u00f4t mardi l\u2019Assembl\u00e9e, a d\u00e9nonc\u00e9 \u00e0 propos du vote le destituant une \u00ab r\u00e9union (\u2026) d\u00e9pourvue de toute base l\u00e9gale \u00bb puis une \u00ab tentative de coup d\u2019Etat \u00bb des militaires. \u00ab Le pr\u00e9sident demeure pleinement en fonction \u00bb, assure-t-il.<\/div>\n<div dir=\"auto\"><\/div>\n<div dir=\"auto\">\u00ab Il n\u2019est pas \u00e0 Madagascar et il ose faire un d\u00e9cret pareil. C\u2019est vraiment un manque de respect pour tout le peuple malgache. Et c\u2019est injuste, on n\u2019accepte pas \u00e7a \u00bb, dit \u00e0 l\u2019AFP l\u2019un des milliers de manifestants dans la rue mardi, Koloina Rakotomavonirina, ing\u00e9nieur de 26 ans.<\/div>\n<div dir=\"auto\"><\/div>\n<div dir=\"auto\">Exfiltr\u00e9 par un avion militaire fran\u00e7ais dimanche d\u2019apr\u00e8s la radio fran\u00e7aise RFI, Andry Rajoelina avait \u00e9t\u00e9 d\u00e9sign\u00e9 pr\u00e9sident de transition par les militaires apr\u00e8s un soul\u00e8vement populaire en 2009.<\/div>\n<div dir=\"auto\"><\/div>\n<div dir=\"auto\">Apr\u00e8s s\u2019\u00eatre mis en retrait en 2014, il avait \u00e9t\u00e9 \u00e9lu pr\u00e9sident en 2018, puis r\u00e9\u00e9lu en 2023 pour un mandat de cinq ans lors d\u2019un scrutin boycott\u00e9 par l\u2019opposition.<\/div>\n<div dir=\"auto\"><\/div>\n<div dir=\"auto\">\u00ab On va mettre en place un comit\u00e9 compos\u00e9 d\u2019officiers venant de l\u2019arm\u00e9e, de la gendarmerie, de la police nationale. Peut-\u00eatre qu\u2019il y aura des hauts conseillers civils l\u00e0-dedans. C\u2019est ce comit\u00e9 qui va assurer le travail de la pr\u00e9sidence. En m\u00eame temps, apr\u00e8s quelques jours, on va mettre en place un gouvernement civil \u00bb, a assur\u00e9 le colonel Randrianirina.<\/div>\n<div dir=\"auto\"><\/div>\n<div dir=\"auto\">\u2013 Constitution suspendue \u2013<\/div>\n<div dir=\"auto\"><\/div>\n<div dir=\"auto\">La Constitution est aussi suspendue, a annonc\u00e9 cet officier qui est \u00e0 la t\u00eate de la Capsat. Cette unit\u00e9 militaire, qui avait jou\u00e9 un r\u00f4le majeur dans le coup d\u2019\u00c9tat de 2009, a renvers\u00e9 le rapport de force en se joignant samedi aux manifestations qui ont commenc\u00e9 le 25 septembre.<\/div>\n<div dir=\"auto\"><\/div>\n<div dir=\"auto\"><\/div>\n<div dir=\"auto\">Ses officiers ont appel\u00e9 les forces de s\u00e9curit\u00e9 \u00e0 \u00ab refuser de tirer \u00bb sur les manifestants, avant de les rejoindre dans le centre de la capitale.<\/div>\n<div dir=\"auto\"><\/div>\n<div dir=\"auto\">La plupart des forces arm\u00e9es leur ont embo\u00eet\u00e9 le pas depuis et ont chang\u00e9 de commandement, y compris la gendarmerie, auparavant en premi\u00e8re ligne de la r\u00e9pression des manifestations. Au moins 22 personnes ont \u00e9t\u00e9 tu\u00e9es au d\u00e9but de celles-ci et plus d\u2019une centaine bless\u00e9es, d\u2019apr\u00e8s un bilan des Nations unies.<\/div>\n<div dir=\"auto\"><\/div>\n<div dir=\"auto\">Au total, 130 des 163 d\u00e9put\u00e9s, soit plus de la majorit\u00e9 des deux tiers requise, ont vot\u00e9 mardi en faveur de la destitution d\u2019Andry Rajoelina. Elle a \u00e9t\u00e9 avalis\u00e9e par la Haute cour constitutionnelle, dont la dissolution avait \u00e9t\u00e9 annonc\u00e9e mardi par le colonel Randrianirina.<\/div>\n<div dir=\"auto\"><\/div>\n<div dir=\"auto\">Madagascar, \u00eele \u00e0 la population tr\u00e8s pauvre, a une longue histoire de soul\u00e8vements populaires suivis par la mise en place de gouvernements militaires de transition.<\/div>\n<div dir=\"auto\"><\/div>\n<div dir=\"auto\">Le pr\u00e9sident en fuite a dit mardi encha\u00eener \u00ab plusieurs visites officielles pr\u00e9vues chez les pays amis, membres de la SADC \u00bb, l\u2019organisation de coop\u00e9ration d\u2019Afrique australe.<\/div>\n<div dir=\"auto\"><\/div>\n<div dir=\"auto\">&lt;p&gt;Le pr\u00e9sident de Madagascar, Andry Rajoelina, le 6 novembre 2020 \u00e0 Antananarivo&lt;\/p&gt;<\/div>\n<div dir=\"auto\">L\u2019incertitude gagne encore plus cette \u00eele tr\u00e8s pauvre de l\u2019oc\u00e9an Indien o\u00f9 des milliers de manifestants se sont encore rassembl\u00e9s mardi \u00e0 Antananarivo.<\/div>\n<div dir=\"auto\"><\/div>\n<div dir=\"auto\">Comme depuis le 25 septembre, il s\u2019agit de jeunes mobilis\u00e9s par le collectif Gen Z, rejoints par des fonctionnaires appel\u00e9s \u00e0 la gr\u00e8ve par plusieurs syndicats et des protestataires de toutes g\u00e9n\u00e9rations.<\/div>\n<div dir=\"auto\"><\/div>\n<div dir=\"auto\">\u00ab Tout est corrompu \u00e0 Madagascar. On en a assez. On veut un r\u00e9el changement de syst\u00e8me (\u2026) Enfin avoir un avenir durable et heureux \u00bb, t\u00e9moigne le manifestant Koloina Rakotomavonirina.<\/div>\n<div dir=\"auto\"><\/div>\n<div dir=\"auto\">Au moins 80% des 32 millions d\u2019habitants de Madagascar vivent avec moins de 15.000 ariary par jour (2,80 euros), le seuil de pauvret\u00e9 fix\u00e9 par la Banque mondiale.<\/div>\n<div dir=\"auto\"><\/div>\n<div dir=\"auto\">AFP<\/div>\n<div dir=\"auto\"><\/div>\n<div dir=\"auto\"><\/div>\n<div dir=\"auto\"><\/div>\n","protected":false},"excerpt":{"rendered":"<p>Le sc\u00e9nario se r\u00e9p\u00e8te \u00e0 Madagascar: les militaires ont affirm\u00e9 mardi \u00ab prendre le pouvoir<\/p>\n","protected":false},"author":2,"featured_media":9371,"comment_status":"closed","ping_status":"open","sticky":false,"template":"","format":"standard","meta":[],"categories":[3,4],"tags":[237],"yoast_head":"<!-- This site is optimized with the Yoast SEO plugin v19.13 - https:\/\/yoast.com\/wordpress\/plugins\/seo\/ -->\n<title>Madagascar: les militaires prennent le pouvoir apr\u00e8s un vote de destitution du pr\u00e9sident - UNIVERSNEWS224<\/title>\n<meta name=\"robots\" content=\"index, follow, max-snippet:-1, max-image-preview:large, max-video-preview:-1\" \/>\n<link rel=\"canonical\" href=\"https:\/\/universnews224.com\/index.php\/madagascar-les-militaires-prennent-le-pouvoir-apres-un-vote-de-destitution-du-president\/\" \/>\n<meta property=\"og:locale\" content=\"fr_FR\" \/>\n<meta property=\"og:type\" content=\"article\" \/>\n<meta property=\"og:title\" content=\"Madagascar: les militaires prennent le pouvoir apr\u00e8s un vote de destitution du pr\u00e9sident - UNIVERSNEWS224\" \/>\n<meta property=\"og:description\" content=\"Le sc\u00e9nario se r\u00e9p\u00e8te \u00e0 Madagascar: les militaires ont affirm\u00e9 mardi \u00ab prendre le pouvoir\" \/>\n<meta property=\"og:url\" content=\"https:\/\/universnews224.com\/index.php\/madagascar-les-militaires-prennent-le-pouvoir-apres-un-vote-de-destitution-du-president\/\" \/>\n<meta property=\"og:site_name\" content=\"UNIVERSNEWS224\" \/>\n<meta property=\"article:published_time\" content=\"2025-10-14T21:36:13+00:00\" \/>\n<meta property=\"og:image\" content=\"https:\/\/universnews224.com\/wp-content\/uploads\/2025\/10\/IMG_4126.jpeg\" \/>\n\t<meta property=\"og:image:width\" content=\"1112\" \/>\n\t<meta property=\"og:image:height\" content=\"742\" \/>\n\t<meta property=\"og:image:type\" content=\"image\/jpeg\" \/>\n<meta name=\"author\" content=\"La R\u00e9daction\" \/>\n<meta name=\"twitter:label1\" content=\"\u00c9crit par\" \/>\n\t<meta name=\"twitter:data1\" content=\"La R\u00e9daction\" \/>\n\t<meta name=\"twitter:label2\" content=\"Dur\u00e9e de lecture estim\u00e9e\" \/>\n\t<meta name=\"twitter:data2\" content=\"4 minutes\" \/>\n<script type=\"application\/ld+json\" class=\"yoast-schema-graph\">{\"@context\":\"https:\/\/schema.org\",\"@graph\":[{\"@type\":\"Article\",\"@id\":\"https:\/\/universnews224.com\/index.php\/madagascar-les-militaires-prennent-le-pouvoir-apres-un-vote-de-destitution-du-president\/#article\",\"isPartOf\":{\"@id\":\"https:\/\/universnews224.com\/index.php\/madagascar-les-militaires-prennent-le-pouvoir-apres-un-vote-de-destitution-du-president\/\"},\"author\":{\"name\":\"La R\u00e9daction\",\"@id\":\"https:\/\/universnews224.com\/#\/schema\/person\/a4b7d4f94a4716df60456a491260485e\"},\"headline\":\"Madagascar: les militaires prennent le pouvoir apr\u00e8s un vote de destitution du pr\u00e9sident\",\"datePublished\":\"2025-10-14T21:36:13+00:00\",\"dateModified\":\"2025-10-14T21:36:13+00:00\",\"mainEntityOfPage\":{\"@id\":\"https:\/\/universnews224.com\/index.php\/madagascar-les-militaires-prennent-le-pouvoir-apres-un-vote-de-destitution-du-president\/\"},\"wordCount\":895,\"publisher\":{\"@id\":\"https:\/\/universnews224.com\/#organization\"},\"keywords\":[\"A la une\"],\"articleSection\":[\"ACTU\",\"POLITIQUE\"],\"inLanguage\":\"fr-FR\"},{\"@type\":\"WebPage\",\"@id\":\"https:\/\/universnews224.com\/index.php\/madagascar-les-militaires-prennent-le-pouvoir-apres-un-vote-de-destitution-du-president\/\",\"url\":\"https:\/\/universnews224.com\/index.php\/madagascar-les-militaires-prennent-le-pouvoir-apres-un-vote-de-destitution-du-president\/\",\"name\":\"Madagascar: les militaires prennent le pouvoir apr\u00e8s un vote de destitution du pr\u00e9sident - UNIVERSNEWS224\",\"isPartOf\":{\"@id\":\"https:\/\/universnews224.com\/#website\"},\"datePublished\":\"2025-10-14T21:36:13+00:00\",\"dateModified\":\"2025-10-14T21:36:13+00:00\",\"inLanguage\":\"fr-FR\",\"potentialAction\":[{\"@type\":\"ReadAction\",\"target\":[\"https:\/\/universnews224.com\/index.php\/madagascar-les-militaires-prennent-le-pouvoir-apres-un-vote-de-destitution-du-president\/\"]}]},{\"@type\":\"WebSite\",\"@id\":\"https:\/\/universnews224.com\/#website\",\"url\":\"https:\/\/universnews224.com\/\",\"name\":\"UNIVERSNEWS224\",\"description\":\"\",\"publisher\":{\"@id\":\"https:\/\/universnews224.com\/#organization\"},\"potentialAction\":[{\"@type\":\"SearchAction\",\"target\":{\"@type\":\"EntryPoint\",\"urlTemplate\":\"https:\/\/universnews224.com\/?s={search_term_string}\"},\"query-input\":\"required name=search_term_string\"}],\"inLanguage\":\"fr-FR\"},{\"@type\":\"Organization\",\"@id\":\"https:\/\/universnews224.com\/#organization\",\"name\":\"UNIVERSNEWS224\",\"url\":\"https:\/\/universnews224.com\/\",\"logo\":{\"@type\":\"ImageObject\",\"inLanguage\":\"fr-FR\",\"@id\":\"https:\/\/universnews224.com\/#\/schema\/logo\/image\/\",\"url\":\"https:\/\/universnews224.com\/wp-content\/uploads\/2022\/08\/cropped-cropped-logoban.jpg\",\"contentUrl\":\"https:\/\/universnews224.com\/wp-content\/uploads\/2022\/08\/cropped-cropped-logoban.jpg\",\"width\":1080,\"height\":138,\"caption\":\"UNIVERSNEWS224\"},\"image\":{\"@id\":\"https:\/\/universnews224.com\/#\/schema\/logo\/image\/\"}},{\"@type\":\"Person\",\"@id\":\"https:\/\/universnews224.com\/#\/schema\/person\/a4b7d4f94a4716df60456a491260485e\",\"name\":\"La R\u00e9daction\",\"image\":{\"@type\":\"ImageObject\",\"inLanguage\":\"fr-FR\",\"@id\":\"https:\/\/universnews224.com\/#\/schema\/person\/image\/\",\"url\":\"https:\/\/secure.gravatar.com\/avatar\/edb90acc7752b23e1b3307ad36c14f0d?s=96&d=mm&r=g\",\"contentUrl\":\"https:\/\/secure.gravatar.com\/avatar\/edb90acc7752b23e1b3307ad36c14f0d?s=96&d=mm&r=g\",\"caption\":\"La R\u00e9daction\"},\"sameAs\":[\"https:\/\/universnews224.com\"],\"url\":\"https:\/\/universnews224.com\/index.php\/author\/m-camara\/\"}]}<\/script>\n<!-- \/ Yoast SEO plugin. -->","yoast_head_json":{"title":"Madagascar: les militaires prennent le pouvoir apr\u00e8s un vote de destitution du pr\u00e9sident - UNIVERSNEWS224","robots":{"index":"index","follow":"follow","max-snippet":"max-snippet:-1","max-image-preview":"max-image-preview:large","max-video-preview":"max-video-preview:-1"},"canonical":"https:\/\/universnews224.com\/index.php\/madagascar-les-militaires-prennent-le-pouvoir-apres-un-vote-de-destitution-du-president\/","og_locale":"fr_FR","og_type":"article","og_title":"Madagascar: les militaires prennent le pouvoir apr\u00e8s un vote de destitution du pr\u00e9sident - UNIVERSNEWS224","og_description":"Le sc\u00e9nario se r\u00e9p\u00e8te \u00e0 Madagascar: les militaires ont affirm\u00e9 mardi \u00ab prendre le pouvoir","og_url":"https:\/\/universnews224.com\/index.php\/madagascar-les-militaires-prennent-le-pouvoir-apres-un-vote-de-destitution-du-president\/","og_site_name":"UNIVERSNEWS224","article_published_time":"2025-10-14T21:36:13+00:00","og_image":[{"width":1112,"height":742,"url":"https:\/\/universnews224.com\/wp-content\/uploads\/2025\/10\/IMG_4126.jpeg","type":"image\/jpeg"}],"author":"La R\u00e9daction","twitter_misc":{"\u00c9crit par":"La R\u00e9daction","Dur\u00e9e de lecture estim\u00e9e":"4 minutes"},"schema":{"@context":"https:\/\/schema.org","@graph":[{"@type":"Article","@id":"https:\/\/universnews224.com\/index.php\/madagascar-les-militaires-prennent-le-pouvoir-apres-un-vote-de-destitution-du-president\/#article","isPartOf":{"@id":"https:\/\/universnews224.com\/index.php\/madagascar-les-militaires-prennent-le-pouvoir-apres-un-vote-de-destitution-du-president\/"},"author":{"name":"La R\u00e9daction","@id":"https:\/\/universnews224.com\/#\/schema\/person\/a4b7d4f94a4716df60456a491260485e"},"headline":"Madagascar: les militaires prennent le pouvoir apr\u00e8s un vote de destitution du pr\u00e9sident","datePublished":"2025-10-14T21:36:13+00:00","dateModified":"2025-10-14T21:36:13+00:00","mainEntityOfPage":{"@id":"https:\/\/universnews224.com\/index.php\/madagascar-les-militaires-prennent-le-pouvoir-apres-un-vote-de-destitution-du-president\/"},"wordCount":895,"publisher":{"@id":"https:\/\/universnews224.com\/#organization"},"keywords":["A la une"],"articleSection":["ACTU","POLITIQUE"],"inLanguage":"fr-FR"},{"@type":"WebPage","@id":"https:\/\/universnews224.com\/index.php\/madagascar-les-militaires-prennent-le-pouvoir-apres-un-vote-de-destitution-du-president\/","url":"https:\/\/universnews224.com\/index.php\/madagascar-les-militaires-prennent-le-pouvoir-apres-un-vote-de-destitution-du-president\/","name":"Madagascar: les militaires prennent le pouvoir apr\u00e8s un vote de destitution du pr\u00e9sident - UNIVERSNEWS224","isPartOf":{"@id":"https:\/\/universnews224.com\/#website"},"datePublished":"2025-10-14T21:36:13+00:00","dateModified":"2025-10-14T21:36:13+00:00","inLanguage":"fr-FR","potentialAction":[{"@type":"ReadAction","target":["https:\/\/universnews224.com\/index.php\/madagascar-les-militaires-prennent-le-pouvoir-apres-un-vote-de-destitution-du-president\/"]}]},{"@type":"WebSite","@id":"https:\/\/universnews224.com\/#website","url":"https:\/\/universnews224.com\/","name":"UNIVERSNEWS224","description":"","publisher":{"@id":"https:\/\/universnews224.com\/#organization"},"potentialAction":[{"@type":"SearchAction","target":{"@type":"EntryPoint","urlTemplate":"https:\/\/universnews224.com\/?s={search_term_string}"},"query-input":"required name=search_term_string"}],"inLanguage":"fr-FR"},{"@type":"Organization","@id":"https:\/\/universnews224.com\/#organization","name":"UNIVERSNEWS224","url":"https:\/\/universnews224.com\/","logo":{"@type":"ImageObject","inLanguage":"fr-FR","@id":"https:\/\/universnews224.com\/#\/schema\/logo\/image\/","url":"https:\/\/universnews224.com\/wp-content\/uploads\/2022\/08\/cropped-cropped-logoban.jpg","contentUrl":"https:\/\/universnews224.com\/wp-content\/uploads\/2022\/08\/cropped-cropped-logoban.jpg","width":1080,"height":138,"caption":"UNIVERSNEWS224"},"image":{"@id":"https:\/\/universnews224.com\/#\/schema\/logo\/image\/"}},{"@type":"Person","@id":"https:\/\/universnews224.com\/#\/schema\/person\/a4b7d4f94a4716df60456a491260485e","name":"La R\u00e9daction","image":{"@type":"ImageObject","inLanguage":"fr-FR","@id":"https:\/\/universnews224.com\/#\/schema\/person\/image\/","url":"https:\/\/secure.gravatar.com\/avatar\/edb90acc7752b23e1b3307ad36c14f0d?s=96&d=mm&r=g","contentUrl":"https:\/\/secure.gravatar.com\/avatar\/edb90acc7752b23e1b3307ad36c14f0d?s=96&d=mm&r=g","caption":"La R\u00e9daction"},"sameAs":["https:\/\/universnews224.com"],"url":"https:\/\/universnews224.com\/index.php\/author\/m-camara\/"}]}},"_links":{"self":[{"href":"https:\/\/universnews224.com\/index.php\/wp-json\/wp\/v2\/posts\/9370"}],"collection":[{"href":"https:\/\/universnews224.com\/index.php\/wp-json\/wp\/v2\/posts"}],"about":[{"href":"https:\/\/universnews224.com\/index.php\/wp-json\/wp\/v2\/types\/post"}],"author":[{"embeddable":true,"href":"https:\/\/universnews224.com\/index.php\/wp-json\/wp\/v2\/users\/2"}],"replies":[{"embeddable":true,"href":"https:\/\/universnews224.com\/index.php\/wp-json\/wp\/v2\/comments?post=9370"}],"version-history":[{"count":1,"href":"https:\/\/universnews224.com\/index.php\/wp-json\/wp\/v2\/posts\/9370\/revisions"}],"predecessor-version":[{"id":9372,"href":"https:\/\/universnews224.com\/index.php\/wp-json\/wp\/v2\/posts\/9370\/revisions\/9372"}],"wp:featuredmedia":[{"embeddable":true,"href":"https:\/\/universnews224.com\/index.php\/wp-json\/wp\/v2\/media\/9371"}],"wp:attachment":[{"href":"https:\/\/universnews224.com\/index.php\/wp-json\/wp\/v2\/media?parent=9370"}],"wp:term":[{"taxonomy":"category","embeddable":true,"href":"https:\/\/universnews224.com\/index.php\/wp-json\/wp\/v2\/categories?post=9370"},{"taxonomy":"post_tag","embeddable":true,"href":"https:\/\/universnews224.com\/index.php\/wp-json\/wp\/v2\/tags?post=9370"}],"curies":[{"name":"wp","href":"https:\/\/api.w.org\/{rel}","templated":true}]}}