{"id":9373,"date":"2025-10-16T13:52:34","date_gmt":"2025-10-16T12:52:34","guid":{"rendered":"https:\/\/universnews224.com\/?p=9373"},"modified":"2025-10-16T13:52:34","modified_gmt":"2025-10-16T12:52:34","slug":"cellou-dalein-diallo-a-guinee7-tout-ce-que-le-general-sekouba-konate-a-dit-ce-sont-des-contre-verites","status":"publish","type":"post","link":"https:\/\/universnews224.com\/index.php\/cellou-dalein-diallo-a-guinee7-tout-ce-que-le-general-sekouba-konate-a-dit-ce-sont-des-contre-verites\/","title":{"rendered":"Cellou Dalein Diallo \u00e0 Guinee7 : \u2018\u2018tout ce que le g\u00e9n\u00e9ral S\u00e9kouba Konat\u00e9 a dit, ce sont des contre-v\u00e9rit\u00e9s\u2019\u2019"},"content":{"rendered":"<p>Accus\u00e9 par le g\u00e9n\u00e9ral S\u00e9kouba Konat\u00e9 d\u2019avoir tremp\u00e9 dans la vente d\u2019Air Guin\u00e9e et d\u2019avoir \u00e9chapp\u00e9 \u00e0 la prison gr\u00e2ce \u00e0 lui, l\u2019ancien Premier ministre et pr\u00e9sident de l\u2019UFDG, Cellou Dalein Diallo, contre-attaque. Dans cet entretien exclusif accord\u00e9 \u00e0 Guinee7.com, il d\u00e9monte les \u2018\u2018contre-v\u00e9rit\u00e9s\u2019\u2019 du g\u00e9n\u00e9ral, revient sur les dessous de la privatisation d\u2019Air Guin\u00e9e et livre un t\u00e9moignage in\u00e9dit sur la lib\u00e9ration d\u2019Alpha Cond\u00e9 en 2001.<\/p>\n<div dir=\"auto\"><\/div>\n<div dir=\"auto\">Guinee7.com : Le g\u00e9n\u00e9ral S\u00e9kouba Konat\u00e9 affirme que vous auriez d\u00fb aller en prison pour la vente d\u2019Air Guin\u00e9e et que c\u2019est lui qui vous a sauv\u00e9. Il soutient que vous avez sign\u00e9 et reconnu votre responsabilit\u00e9. Que r\u00e9pondez-vous ?<\/div>\n<div dir=\"auto\"><\/div>\n<div dir=\"auto\">Cellou Dalein Diallo : Tout ce qu\u2019il a dit, c\u2019est des contre-v\u00e9rit\u00e9s. Je n\u2019ai jamais sign\u00e9 un document, je n\u2019ai jamais reconnu quoi que ce soit. Dans l\u2019affaire Air Guin\u00e9e, je n\u2019ai jamais \u00e9t\u00e9 interrog\u00e9. Ni Ousmane Kaba, ni aucun inspecteur charg\u00e9 de l\u2019audit ne m\u2019a convoqu\u00e9.<\/div>\n<div dir=\"auto\"><\/div>\n<div dir=\"auto\"><\/div>\n<div dir=\"auto\">Je ne peux pas signer un dossier sur lequel je n\u2019ai jamais \u00e9t\u00e9 entendu. \u00c0 l\u2019\u00e9poque, je n\u2019ai \u00e9t\u00e9 accus\u00e9 de rien. Les accusations sont venues bien plus tard, sous le CNRD.<\/div>\n<div dir=\"auto\"><\/div>\n<div dir=\"auto\">Le g\u00e9n\u00e9ral parle d\u2019un aveu que vous auriez fait devant l\u2019agent judiciaire de l\u2019\u00c9tat, Alfred Matos\u2026<\/div>\n<div dir=\"auto\"><\/div>\n<div dir=\"auto\">Jamais ! Matos ne m\u2019a jamais interrog\u00e9, jamais convoqu\u00e9. Je n\u2019ai rien reconnu parce que je n\u2019ai rien \u00e0 reconna\u00eetre.<\/div>\n<div dir=\"auto\"><\/div>\n<div dir=\"auto\">Je n\u2019ai jamais \u00e9t\u00e9 interpell\u00e9, ni au temps d\u2019Alpha Cond\u00e9, ni de Dadis, ni de S\u00e9kouba. C\u2019est seulement avec l\u2019arriv\u00e9e du CNRD qu\u2019on a commenc\u00e9 \u00e0 parler de \u201cblanchiment\u201d, \u201cd\u00e9tournement\u201d ou \u201ccorruption des fonctionnaires\u201d. Avant cela, je n\u2019ai jamais eu le moindre probl\u00e8me judiciaire.<\/div>\n<div dir=\"auto\"><\/div>\n<div dir=\"auto\"><\/div>\n<div dir=\"auto\">Vous contestez donc le rapport d\u2019audit qui vous incrimine dans la vente d\u2019Air Guin\u00e9e ?<\/div>\n<div dir=\"auto\"><\/div>\n<div dir=\"auto\">Absolument. Ousmane Kaba a produit un rapport, affirmant que j\u2019avais vendu Air Guin\u00e9e \u00e0 Mamadou Sylla sans appel d\u2019offres. C\u2019est totalement faux.<\/div>\n<div dir=\"auto\"><\/div>\n<div dir=\"auto\"><\/div>\n<div dir=\"auto\">Le Conseil des ministres avait approuv\u00e9 la privatisation, qui a ensuite \u00e9t\u00e9 confi\u00e9e au minist\u00e8re des Finances. Je n\u2019\u00e9tais m\u00eame pas repr\u00e9sent\u00e9 dans la commission qui a conduit l\u2019op\u00e9ration. Aucun cadre du minist\u00e8re des Transports n\u2019y figurait.<\/div>\n<div dir=\"auto\"><\/div>\n<div dir=\"auto\">Mais dans les conclusions du rapport, ils ont quand m\u00eame dit que j\u2019avais \u2018\u2018d\u00e9cid\u00e9 tout seul\u2019\u2019, juste pour me trouver un grief.<\/div>\n<div dir=\"auto\"><\/div>\n<div dir=\"auto\"><\/div>\n<div dir=\"auto\"><\/div>\n<div dir=\"auto\"><\/div>\n<div dir=\"auto\">Je n\u2019ai d\u2019ailleurs vu ce rapport qu\u2019en 2022 ! Ousmane Kaba est vivant, il sait tr\u00e8s bien que je n\u2019ai jamais \u00e9t\u00e9 interrog\u00e9. Et les inspecteurs, Cheick Camara (ancien ministre des Finances) ou Ibrahima Camara (alors directeur de l\u2019Unit\u00e9 de privatisation), savent eux aussi comment les choses se sont r\u00e9ellement pass\u00e9es.<\/div>\n<div dir=\"auto\"><\/div>\n<div dir=\"auto\">Vous dites avoir \u00e9t\u00e9 convoqu\u00e9 r\u00e9cemment dans le cadre de nouvelles proc\u00e9dures ?<\/div>\n<div dir=\"auto\"><\/div>\n<div dir=\"auto\"><\/div>\n<div dir=\"auto\">Oui. Sous le CNRD, alors que j\u2019\u00e9tais \u00e0 l\u2019ext\u00e9rieur du pays, on a lanc\u00e9 des convocations en parlant de \u201cblanchiment d\u2019argent\u201d, \u201cd\u00e9tournement de fonds publics\u201d, \u201ccorruption de fonctionnaires\u201d. Mais tout cela n\u2019a rien \u00e0 voir avec l\u2019affaire Air Guin\u00e9e. Ce sont des accusations sans fondement.<\/div>\n<div dir=\"auto\"><\/div>\n<div dir=\"auto\">Parlons d\u2019un autre sujet. Un autre ancien ministre, Tibou Kamara, dans une tribune, a r\u00e9v\u00e9l\u00e9 que vous aviez jou\u00e9 un r\u00f4le dans la lib\u00e9ration d\u2019Alpha Cond\u00e9. Est-ce vrai ?<\/div>\n<div dir=\"auto\"><\/div>\n<div dir=\"auto\"><\/div>\n<div dir=\"auto\">Ce n\u2019est m\u00eame pas un \u2018\u2018r\u00f4le\u2019\u2019, c\u2019est moi qui ai obtenu sa lib\u00e9ration. Apr\u00e8s mes missions r\u00e9ussies aux \u00c9tats-Unis, le pr\u00e9sident Lansana Cont\u00e9 \u00e9tait satisfait. Un jour, en t\u00eate-\u00e0-t\u00eate, je lui ai dit : Pr\u00e9sident, aujourd\u2019hui, vous \u00eates le doyen des chefs d\u2019\u00c9tat de la sous-r\u00e9gion. Vous avez vaincu la r\u00e9bellion, accueilli des r\u00e9fugi\u00e9s, sauv\u00e9 l\u2019int\u00e9grit\u00e9 du territoire. Surprenez le monde en lib\u00e9rant Alpha Cond\u00e9. Il a tir\u00e9 sur sa cigarette et m\u2019a demand\u00e9 : \u201cComment je fais ?\u201d<\/div>\n<div dir=\"auto\"><\/div>\n<div dir=\"auto\">Je lui ai r\u00e9pondu : Appelez le ministre de la Justice et demandez-lui de vous pr\u00e9parer un d\u00e9cret.<\/div>\n<div dir=\"auto\"><\/div>\n<div dir=\"auto\">Deux jours plus tard, le d\u00e9cret de lib\u00e9ration est sorti. C\u2019\u00e9tait un vendredi.<\/div>\n<div dir=\"auto\"><\/div>\n<div dir=\"auto\">Vous n\u2019avez jamais parl\u00e9 de cette intervention \u00e0 Alpha Cond\u00e9 m\u00eame quand il \u00e9tait au pouvoir?<\/div>\n<div dir=\"auto\"><\/div>\n<div dir=\"auto\">Non. Je ne l\u2019ai pas fait pour (\u2026)<\/div>\n<div dir=\"auto\"><\/div>\n","protected":false},"excerpt":{"rendered":"<p>Accus\u00e9 par le g\u00e9n\u00e9ral S\u00e9kouba Konat\u00e9 d\u2019avoir tremp\u00e9 dans la vente d\u2019Air Guin\u00e9e et d\u2019avoir<\/p>\n","protected":false},"author":2,"featured_media":9374,"comment_status":"closed","ping_status":"open","sticky":false,"template":"","format":"standard","meta":[],"categories":[3,24],"tags":[237],"yoast_head":"<!-- This site is optimized with the Yoast SEO plugin v19.13 - https:\/\/yoast.com\/wordpress\/plugins\/seo\/ -->\n<title>Cellou Dalein Diallo \u00e0 Guinee7 : \u2018\u2018tout ce que le g\u00e9n\u00e9ral S\u00e9kouba Konat\u00e9 a dit, ce sont des contre-v\u00e9rit\u00e9s\u2019\u2019 - UNIVERSNEWS224<\/title>\n<meta name=\"robots\" content=\"index, follow, max-snippet:-1, max-image-preview:large, max-video-preview:-1\" \/>\n<link rel=\"canonical\" href=\"https:\/\/universnews224.com\/index.php\/cellou-dalein-diallo-a-guinee7-tout-ce-que-le-general-sekouba-konate-a-dit-ce-sont-des-contre-verites\/\" \/>\n<meta property=\"og:locale\" content=\"fr_FR\" \/>\n<meta property=\"og:type\" content=\"article\" \/>\n<meta property=\"og:title\" content=\"Cellou Dalein Diallo \u00e0 Guinee7 : \u2018\u2018tout ce que le g\u00e9n\u00e9ral S\u00e9kouba Konat\u00e9 a dit, ce sont des contre-v\u00e9rit\u00e9s\u2019\u2019 - UNIVERSNEWS224\" \/>\n<meta property=\"og:description\" content=\"Accus\u00e9 par le g\u00e9n\u00e9ral S\u00e9kouba Konat\u00e9 d\u2019avoir tremp\u00e9 dans la vente d\u2019Air Guin\u00e9e et d\u2019avoir\" \/>\n<meta property=\"og:url\" content=\"https:\/\/universnews224.com\/index.php\/cellou-dalein-diallo-a-guinee7-tout-ce-que-le-general-sekouba-konate-a-dit-ce-sont-des-contre-verites\/\" \/>\n<meta property=\"og:site_name\" content=\"UNIVERSNEWS224\" \/>\n<meta property=\"article:published_time\" content=\"2025-10-16T12:52:34+00:00\" \/>\n<meta property=\"og:image\" content=\"https:\/\/universnews224.com\/wp-content\/uploads\/2025\/10\/IMG_1866.jpeg\" \/>\n\t<meta property=\"og:image:width\" content=\"947\" \/>\n\t<meta property=\"og:image:height\" content=\"662\" \/>\n\t<meta property=\"og:image:type\" content=\"image\/jpeg\" \/>\n<meta name=\"author\" content=\"La R\u00e9daction\" \/>\n<meta name=\"twitter:label1\" content=\"\u00c9crit par\" \/>\n\t<meta name=\"twitter:data1\" content=\"La R\u00e9daction\" \/>\n\t<meta name=\"twitter:label2\" content=\"Dur\u00e9e de lecture estim\u00e9e\" \/>\n\t<meta name=\"twitter:data2\" content=\"4 minutes\" \/>\n<script type=\"application\/ld+json\" class=\"yoast-schema-graph\">{\"@context\":\"https:\/\/schema.org\",\"@graph\":[{\"@type\":\"Article\",\"@id\":\"https:\/\/universnews224.com\/index.php\/cellou-dalein-diallo-a-guinee7-tout-ce-que-le-general-sekouba-konate-a-dit-ce-sont-des-contre-verites\/#article\",\"isPartOf\":{\"@id\":\"https:\/\/universnews224.com\/index.php\/cellou-dalein-diallo-a-guinee7-tout-ce-que-le-general-sekouba-konate-a-dit-ce-sont-des-contre-verites\/\"},\"author\":{\"name\":\"La R\u00e9daction\",\"@id\":\"https:\/\/universnews224.com\/#\/schema\/person\/a4b7d4f94a4716df60456a491260485e\"},\"headline\":\"Cellou Dalein Diallo \u00e0 Guinee7 : \u2018\u2018tout ce que le g\u00e9n\u00e9ral S\u00e9kouba Konat\u00e9 a dit, ce sont des contre-v\u00e9rit\u00e9s\u2019\u2019\",\"datePublished\":\"2025-10-16T12:52:34+00:00\",\"dateModified\":\"2025-10-16T12:52:34+00:00\",\"mainEntityOfPage\":{\"@id\":\"https:\/\/universnews224.com\/index.php\/cellou-dalein-diallo-a-guinee7-tout-ce-que-le-general-sekouba-konate-a-dit-ce-sont-des-contre-verites\/\"},\"wordCount\":769,\"publisher\":{\"@id\":\"https:\/\/universnews224.com\/#organization\"},\"keywords\":[\"A la une\"],\"articleSection\":[\"ACTU\",\"REPORTAGE\"],\"inLanguage\":\"fr-FR\"},{\"@type\":\"WebPage\",\"@id\":\"https:\/\/universnews224.com\/index.php\/cellou-dalein-diallo-a-guinee7-tout-ce-que-le-general-sekouba-konate-a-dit-ce-sont-des-contre-verites\/\",\"url\":\"https:\/\/universnews224.com\/index.php\/cellou-dalein-diallo-a-guinee7-tout-ce-que-le-general-sekouba-konate-a-dit-ce-sont-des-contre-verites\/\",\"name\":\"Cellou Dalein Diallo \u00e0 Guinee7 : \u2018\u2018tout ce que le g\u00e9n\u00e9ral S\u00e9kouba Konat\u00e9 a dit, ce sont des contre-v\u00e9rit\u00e9s\u2019\u2019 - UNIVERSNEWS224\",\"isPartOf\":{\"@id\":\"https:\/\/universnews224.com\/#website\"},\"datePublished\":\"2025-10-16T12:52:34+00:00\",\"dateModified\":\"2025-10-16T12:52:34+00:00\",\"inLanguage\":\"fr-FR\",\"potentialAction\":[{\"@type\":\"ReadAction\",\"target\":[\"https:\/\/universnews224.com\/index.php\/cellou-dalein-diallo-a-guinee7-tout-ce-que-le-general-sekouba-konate-a-dit-ce-sont-des-contre-verites\/\"]}]},{\"@type\":\"WebSite\",\"@id\":\"https:\/\/universnews224.com\/#website\",\"url\":\"https:\/\/universnews224.com\/\",\"name\":\"UNIVERSNEWS224\",\"description\":\"\",\"publisher\":{\"@id\":\"https:\/\/universnews224.com\/#organization\"},\"potentialAction\":[{\"@type\":\"SearchAction\",\"target\":{\"@type\":\"EntryPoint\",\"urlTemplate\":\"https:\/\/universnews224.com\/?s={search_term_string}\"},\"query-input\":\"required name=search_term_string\"}],\"inLanguage\":\"fr-FR\"},{\"@type\":\"Organization\",\"@id\":\"https:\/\/universnews224.com\/#organization\",\"name\":\"UNIVERSNEWS224\",\"url\":\"https:\/\/universnews224.com\/\",\"logo\":{\"@type\":\"ImageObject\",\"inLanguage\":\"fr-FR\",\"@id\":\"https:\/\/universnews224.com\/#\/schema\/logo\/image\/\",\"url\":\"https:\/\/universnews224.com\/wp-content\/uploads\/2022\/08\/cropped-cropped-logoban.jpg\",\"contentUrl\":\"https:\/\/universnews224.com\/wp-content\/uploads\/2022\/08\/cropped-cropped-logoban.jpg\",\"width\":1080,\"height\":138,\"caption\":\"UNIVERSNEWS224\"},\"image\":{\"@id\":\"https:\/\/universnews224.com\/#\/schema\/logo\/image\/\"}},{\"@type\":\"Person\",\"@id\":\"https:\/\/universnews224.com\/#\/schema\/person\/a4b7d4f94a4716df60456a491260485e\",\"name\":\"La R\u00e9daction\",\"image\":{\"@type\":\"ImageObject\",\"inLanguage\":\"fr-FR\",\"@id\":\"https:\/\/universnews224.com\/#\/schema\/person\/image\/\",\"url\":\"https:\/\/secure.gravatar.com\/avatar\/edb90acc7752b23e1b3307ad36c14f0d?s=96&d=mm&r=g\",\"contentUrl\":\"https:\/\/secure.gravatar.com\/avatar\/edb90acc7752b23e1b3307ad36c14f0d?s=96&d=mm&r=g\",\"caption\":\"La R\u00e9daction\"},\"sameAs\":[\"https:\/\/universnews224.com\"],\"url\":\"https:\/\/universnews224.com\/index.php\/author\/m-camara\/\"}]}<\/script>\n<!-- \/ Yoast SEO plugin. -->","yoast_head_json":{"title":"Cellou Dalein Diallo \u00e0 Guinee7 : \u2018\u2018tout ce que le g\u00e9n\u00e9ral S\u00e9kouba Konat\u00e9 a dit, ce sont des contre-v\u00e9rit\u00e9s\u2019\u2019 - UNIVERSNEWS224","robots":{"index":"index","follow":"follow","max-snippet":"max-snippet:-1","max-image-preview":"max-image-preview:large","max-video-preview":"max-video-preview:-1"},"canonical":"https:\/\/universnews224.com\/index.php\/cellou-dalein-diallo-a-guinee7-tout-ce-que-le-general-sekouba-konate-a-dit-ce-sont-des-contre-verites\/","og_locale":"fr_FR","og_type":"article","og_title":"Cellou Dalein Diallo \u00e0 Guinee7 : \u2018\u2018tout ce que le g\u00e9n\u00e9ral S\u00e9kouba Konat\u00e9 a dit, ce sont des contre-v\u00e9rit\u00e9s\u2019\u2019 - UNIVERSNEWS224","og_description":"Accus\u00e9 par le g\u00e9n\u00e9ral S\u00e9kouba Konat\u00e9 d\u2019avoir tremp\u00e9 dans la vente d\u2019Air Guin\u00e9e et d\u2019avoir","og_url":"https:\/\/universnews224.com\/index.php\/cellou-dalein-diallo-a-guinee7-tout-ce-que-le-general-sekouba-konate-a-dit-ce-sont-des-contre-verites\/","og_site_name":"UNIVERSNEWS224","article_published_time":"2025-10-16T12:52:34+00:00","og_image":[{"width":947,"height":662,"url":"https:\/\/universnews224.com\/wp-content\/uploads\/2025\/10\/IMG_1866.jpeg","type":"image\/jpeg"}],"author":"La R\u00e9daction","twitter_misc":{"\u00c9crit par":"La R\u00e9daction","Dur\u00e9e de lecture estim\u00e9e":"4 minutes"},"schema":{"@context":"https:\/\/schema.org","@graph":[{"@type":"Article","@id":"https:\/\/universnews224.com\/index.php\/cellou-dalein-diallo-a-guinee7-tout-ce-que-le-general-sekouba-konate-a-dit-ce-sont-des-contre-verites\/#article","isPartOf":{"@id":"https:\/\/universnews224.com\/index.php\/cellou-dalein-diallo-a-guinee7-tout-ce-que-le-general-sekouba-konate-a-dit-ce-sont-des-contre-verites\/"},"author":{"name":"La R\u00e9daction","@id":"https:\/\/universnews224.com\/#\/schema\/person\/a4b7d4f94a4716df60456a491260485e"},"headline":"Cellou Dalein Diallo \u00e0 Guinee7 : \u2018\u2018tout ce que le g\u00e9n\u00e9ral S\u00e9kouba Konat\u00e9 a dit, ce sont des contre-v\u00e9rit\u00e9s\u2019\u2019","datePublished":"2025-10-16T12:52:34+00:00","dateModified":"2025-10-16T12:52:34+00:00","mainEntityOfPage":{"@id":"https:\/\/universnews224.com\/index.php\/cellou-dalein-diallo-a-guinee7-tout-ce-que-le-general-sekouba-konate-a-dit-ce-sont-des-contre-verites\/"},"wordCount":769,"publisher":{"@id":"https:\/\/universnews224.com\/#organization"},"keywords":["A la une"],"articleSection":["ACTU","REPORTAGE"],"inLanguage":"fr-FR"},{"@type":"WebPage","@id":"https:\/\/universnews224.com\/index.php\/cellou-dalein-diallo-a-guinee7-tout-ce-que-le-general-sekouba-konate-a-dit-ce-sont-des-contre-verites\/","url":"https:\/\/universnews224.com\/index.php\/cellou-dalein-diallo-a-guinee7-tout-ce-que-le-general-sekouba-konate-a-dit-ce-sont-des-contre-verites\/","name":"Cellou Dalein Diallo \u00e0 Guinee7 : \u2018\u2018tout ce que le g\u00e9n\u00e9ral S\u00e9kouba Konat\u00e9 a dit, ce sont des contre-v\u00e9rit\u00e9s\u2019\u2019 - UNIVERSNEWS224","isPartOf":{"@id":"https:\/\/universnews224.com\/#website"},"datePublished":"2025-10-16T12:52:34+00:00","dateModified":"2025-10-16T12:52:34+00:00","inLanguage":"fr-FR","potentialAction":[{"@type":"ReadAction","target":["https:\/\/universnews224.com\/index.php\/cellou-dalein-diallo-a-guinee7-tout-ce-que-le-general-sekouba-konate-a-dit-ce-sont-des-contre-verites\/"]}]},{"@type":"WebSite","@id":"https:\/\/universnews224.com\/#website","url":"https:\/\/universnews224.com\/","name":"UNIVERSNEWS224","description":"","publisher":{"@id":"https:\/\/universnews224.com\/#organization"},"potentialAction":[{"@type":"SearchAction","target":{"@type":"EntryPoint","urlTemplate":"https:\/\/universnews224.com\/?s={search_term_string}"},"query-input":"required name=search_term_string"}],"inLanguage":"fr-FR"},{"@type":"Organization","@id":"https:\/\/universnews224.com\/#organization","name":"UNIVERSNEWS224","url":"https:\/\/universnews224.com\/","logo":{"@type":"ImageObject","inLanguage":"fr-FR","@id":"https:\/\/universnews224.com\/#\/schema\/logo\/image\/","url":"https:\/\/universnews224.com\/wp-content\/uploads\/2022\/08\/cropped-cropped-logoban.jpg","contentUrl":"https:\/\/universnews224.com\/wp-content\/uploads\/2022\/08\/cropped-cropped-logoban.jpg","width":1080,"height":138,"caption":"UNIVERSNEWS224"},"image":{"@id":"https:\/\/universnews224.com\/#\/schema\/logo\/image\/"}},{"@type":"Person","@id":"https:\/\/universnews224.com\/#\/schema\/person\/a4b7d4f94a4716df60456a491260485e","name":"La R\u00e9daction","image":{"@type":"ImageObject","inLanguage":"fr-FR","@id":"https:\/\/universnews224.com\/#\/schema\/person\/image\/","url":"https:\/\/secure.gravatar.com\/avatar\/edb90acc7752b23e1b3307ad36c14f0d?s=96&d=mm&r=g","contentUrl":"https:\/\/secure.gravatar.com\/avatar\/edb90acc7752b23e1b3307ad36c14f0d?s=96&d=mm&r=g","caption":"La R\u00e9daction"},"sameAs":["https:\/\/universnews224.com"],"url":"https:\/\/universnews224.com\/index.php\/author\/m-camara\/"}]}},"_links":{"self":[{"href":"https:\/\/universnews224.com\/index.php\/wp-json\/wp\/v2\/posts\/9373"}],"collection":[{"href":"https:\/\/universnews224.com\/index.php\/wp-json\/wp\/v2\/posts"}],"about":[{"href":"https:\/\/universnews224.com\/index.php\/wp-json\/wp\/v2\/types\/post"}],"author":[{"embeddable":true,"href":"https:\/\/universnews224.com\/index.php\/wp-json\/wp\/v2\/users\/2"}],"replies":[{"embeddable":true,"href":"https:\/\/universnews224.com\/index.php\/wp-json\/wp\/v2\/comments?post=9373"}],"version-history":[{"count":1,"href":"https:\/\/universnews224.com\/index.php\/wp-json\/wp\/v2\/posts\/9373\/revisions"}],"predecessor-version":[{"id":9375,"href":"https:\/\/universnews224.com\/index.php\/wp-json\/wp\/v2\/posts\/9373\/revisions\/9375"}],"wp:featuredmedia":[{"embeddable":true,"href":"https:\/\/universnews224.com\/index.php\/wp-json\/wp\/v2\/media\/9374"}],"wp:attachment":[{"href":"https:\/\/universnews224.com\/index.php\/wp-json\/wp\/v2\/media?parent=9373"}],"wp:term":[{"taxonomy":"category","embeddable":true,"href":"https:\/\/universnews224.com\/index.php\/wp-json\/wp\/v2\/categories?post=9373"},{"taxonomy":"post_tag","embeddable":true,"href":"https:\/\/universnews224.com\/index.php\/wp-json\/wp\/v2\/tags?post=9373"}],"curies":[{"name":"wp","href":"https:\/\/api.w.org\/{rel}","templated":true}]}}