{"id":9382,"date":"2025-10-16T23:52:23","date_gmt":"2025-10-16T22:52:23","guid":{"rendered":"https:\/\/universnews224.com\/?p=9382"},"modified":"2025-10-16T23:52:23","modified_gmt":"2025-10-16T22:52:23","slug":"ministere-de-la-jeunesse-mohamed-bily-kaba-passe-le-temoin-a-kaite-sall","status":"publish","type":"post","link":"https:\/\/universnews224.com\/index.php\/ministere-de-la-jeunesse-mohamed-bily-kaba-passe-le-temoin-a-kaite-sall\/","title":{"rendered":"Minist\u00e8re de la Jeunesse: Mohamed Bily Kaba passe le t\u00e9moin \u00e0 Ka\u00eft\u00e9 Sall\u00a0"},"content":{"rendered":"<div dir=\"auto\">Nomm\u00e9 le 13 octobre dernier par d\u00e9cret pr\u00e9sidentiel, Mohamed Bily Kaba, a pass\u00e9 le t\u00e9moin ce jeudi, 16 octobre 2025, \u00e0 Mme. Ka\u00eft\u00e9 Sall, la nouvelle secr\u00e9taire g\u00e9n\u00e9rale du minist\u00e8re de la Jeunesse. La c\u00e9r\u00e9monie de passation de service s&rsquo;est d\u00e9roul\u00e9e dans les locaux dudit minist\u00e8re, en pr\u00e9sence de plusieurs personnalit\u00e9s de l&rsquo;administration guin\u00e9enne.<\/div>\n<div dir=\"auto\"><\/div>\n<div dir=\"auto\">Dans son discours de circonstance, Mohamed Bily Kaba a remerci\u00e9 le chef de l&rsquo;\u00c9tat pour le choix port\u00e9 en personne en nommant secr\u00e9taire g\u00e9n\u00e9ral du Minist\u00e8re des Sports avant de revenir sur les actions qu&rsquo;ils ont men\u00e9es durant son passage \u00e0 ce d\u00e9partement.<\/div>\n<div dir=\"auto\"><\/div>\n<div dir=\"auto\">\u00ab\u00a0Durant mon s\u00e9jour, nous nous sommes efforc\u00e9s ensemble de faire avancer l&rsquo;action du Minist\u00e8re de la Jeunesse et des Sports en r\u00e9alisant des actions phares qui \u00e9clairent la voie du d\u00e9veloppement de la jeunesse et des sports suivant les objectifs strat\u00e9giques assign\u00e9s \u00e0 notre d\u00e9partement par Son Excellence Monsieur le Premier Ministre\u00a0\u00bb, a t-il indiqu\u00e9.<\/div>\n<div dir=\"auto\"><\/div>\n<div dir=\"auto\">1-la Gouvernance et de la Transparence<\/div>\n<div dir=\"auto\"><\/div>\n<div dir=\"auto\">\u00ab\u00a0Nous avons pu doter les services centraux d&rsquo;\u00e9quipements informatiques et mis en place un m\u00e9canisme num\u00e9ris\u00e9 du circuit des dossiers. Nous avons \u00e9galement engag\u00e9 des r\u00e9formes majeures, dont, entre autres; la r\u00e9vision et l&rsquo;\u00e9laboration de la Politique Nationale de la Jeunesse et des Sports, l&rsquo;\u00e9laboration de la l&rsquo;annuaire Statistique sur les jeunes, l&rsquo;\u00e9laboration de la Politique Nationale du Volontariat, dont la vulgarisation est en cours. l&rsquo;\u00e9laboration de la Strat\u00e9gie Nationale pour la Promotion de l&rsquo;Emploi des Jeunes, de la Strat\u00e9gie Nationale des HIMO, l&rsquo;\u00e9laboration des textes d&rsquo;application de la Loi sur le Sport et des activit\u00e9s physiques en Guin\u00e9e, la mise en place du Conseil National de Concertation pour l&rsquo;Emploi des Jeunes, du Cadre de Concertation des Partenaires pour le D\u00e9veloppement de la Jeunesse, etc'\u00a0\u00bb, a t-il soulign\u00e9.<\/div>\n<div dir=\"auto\"><\/div>\n<div dir=\"auto\">De la Participation et de l&rsquo;autonomisation des Jeunes<\/div>\n<div dir=\"auto\"><\/div>\n<div dir=\"auto\">\u00ab\u00a0\u00c0 travers la Mise en place du Conseil National des Jeunes de Guin\u00e9e (CNJ-Guin\u00e9e) avec ses d\u00e9membrements dans toutes les collectivit\u00e9s du pays, les programmes d&rsquo;identification, de formation et d&rsquo;orientation professionnelle des jeunes dans les CIOJ, le CIMEC, la mise en place des Centres d&rsquo;Incubation ainsi que la promotion des techniques HIMO et les soutiens aux initiatives des Jeunes, nous avons \u0153uvr\u00e9 \u00e0 transformer notre jeunesse en un v\u00e9ritable moteur de l&rsquo;\u00e9conomie et du d\u00e9veloppement social. La finalisation et l&rsquo;ouverture tr\u00e8s prochaine des Infrastructures socio-\u00e9ducatives, sportives et de loisirs \u00e0 l&rsquo;image des Centres Juv\u00e9niles d&rsquo;insertion socioprofessionnelle \u00e0 Bambeto-Cosa, \u00e0 Sangoyah et sans oublier les quatre capitales r\u00e9gionales, sont autant d&rsquo;initiatives qui contribueront largement \u00e0 l&rsquo;effort de promotion et de d\u00e9veloppement de la Jeunesse guin\u00e9enne\u00a0\u00bb, a t-il d\u00e9clar\u00e9.<\/div>\n<div dir=\"auto\"><\/div>\n<div dir=\"auto\"><\/div>\n<div dir=\"auto\">3-Du d\u00e9veloppement du sport et de la Performance Sportive<\/div>\n<div dir=\"auto\"><\/div>\n<div dir=\"auto\">\u00ab\u00a0Nous avons ouvert plusieurs grands chantiers de construction et de r\u00e9habilitation des infrastructures sportives de proximit\u00e9 et de hau niveau \u00e0 travers tout le pays. L&rsquo;\u00e9laboration d&rsquo;un plan Programme<\/div>\n<div dir=\"auto\">et la mise en place en cours d&rsquo;une base de donn\u00e9es sur les f\u00e9d\u00e9rations et les normes sportives permettront \u00e0 nos athl\u00e8tes d&rsquo;incarner l&rsquo;excellence nationale sur la sc\u00e8ne internationale. Ces actions phares et ces chantiers sont cruciaux et m\u00e9ritent d&rsquo;\u00eatre poursuivis avec la m\u00eame rigueur\u00a0\u00bb, a t-il affirm\u00e9.<\/div>\n<div dir=\"auto\"><\/div>\n<div dir=\"auto\">Poursuivant, M. Kaba a laiss\u00e9 que si nous avons pu r\u00e9aliser ces avanc\u00e9es, c&rsquo;est gr\u00e2ce \u00e0 la collaboration franche qui a pr\u00e9valu au sein de cette administration et avec nos partenaires.<\/div>\n<div dir=\"auto\"><\/div>\n<div dir=\"auto\">\u00ab\u00a0Une relation de travail bas\u00e9e sur la confiance, la loyaut\u00e9 et la compl\u00e9mentarit\u00e9, fondement de l&rsquo;efficacit\u00e9 minist\u00e9rielle.<\/div>\n<div dir=\"auto\"><\/div>\n<div dir=\"auto\">Aussi, qu&rsquo;il s&rsquo;agisse des Partenaires Techniques et Financiers, des F\u00e9d\u00e9rations sportives ou des Associations de jeunesse, nous avons privil\u00e9gi\u00e9 le dialogue constructif. C&rsquo;est dans l&rsquo;union des forces que nous parviendrons \u00e0 relever les d\u00e9fis restants\u00a0\u00bb, a t-il martel\u00e9.<\/div>\n<div dir=\"auto\"><\/div>\n<div dir=\"auto\">Kamara Decoster<\/div>\n<div dir=\"auto\"><\/div>\n","protected":false},"excerpt":{"rendered":"<p>Nomm\u00e9 le 13 octobre dernier par d\u00e9cret pr\u00e9sidentiel, Mohamed Bily Kaba, a pass\u00e9 le t\u00e9moin<\/p>\n","protected":false},"author":2,"featured_media":9383,"comment_status":"closed","ping_status":"open","sticky":false,"template":"","format":"standard","meta":[],"categories":[3,5],"tags":[237],"yoast_head":"<!-- This site is optimized with the Yoast SEO plugin v19.13 - https:\/\/yoast.com\/wordpress\/plugins\/seo\/ -->\n<title>Minist\u00e8re de la Jeunesse: Mohamed Bily Kaba passe le t\u00e9moin \u00e0 Ka\u00eft\u00e9 Sall\u00a0 - UNIVERSNEWS224<\/title>\n<meta name=\"robots\" content=\"index, follow, max-snippet:-1, max-image-preview:large, max-video-preview:-1\" \/>\n<link rel=\"canonical\" href=\"https:\/\/universnews224.com\/index.php\/ministere-de-la-jeunesse-mohamed-bily-kaba-passe-le-temoin-a-kaite-sall\/\" \/>\n<meta property=\"og:locale\" content=\"fr_FR\" \/>\n<meta property=\"og:type\" content=\"article\" \/>\n<meta property=\"og:title\" content=\"Minist\u00e8re de la Jeunesse: Mohamed Bily Kaba passe le t\u00e9moin \u00e0 Ka\u00eft\u00e9 Sall\u00a0 - UNIVERSNEWS224\" \/>\n<meta property=\"og:description\" content=\"Nomm\u00e9 le 13 octobre dernier par d\u00e9cret pr\u00e9sidentiel, Mohamed Bily Kaba, a pass\u00e9 le t\u00e9moin\" \/>\n<meta property=\"og:url\" content=\"https:\/\/universnews224.com\/index.php\/ministere-de-la-jeunesse-mohamed-bily-kaba-passe-le-temoin-a-kaite-sall\/\" \/>\n<meta property=\"og:site_name\" content=\"UNIVERSNEWS224\" \/>\n<meta property=\"article:published_time\" content=\"2025-10-16T22:52:23+00:00\" \/>\n<meta property=\"og:image\" content=\"https:\/\/universnews224.com\/wp-content\/uploads\/2025\/10\/20251016_175029-scaled.jpg\" \/>\n\t<meta property=\"og:image:width\" content=\"2560\" \/>\n\t<meta property=\"og:image:height\" content=\"1441\" \/>\n\t<meta property=\"og:image:type\" content=\"image\/jpeg\" \/>\n<meta name=\"author\" content=\"La R\u00e9daction\" \/>\n<meta name=\"twitter:label1\" content=\"\u00c9crit par\" \/>\n\t<meta name=\"twitter:data1\" content=\"La R\u00e9daction\" \/>\n\t<meta name=\"twitter:label2\" content=\"Dur\u00e9e de lecture estim\u00e9e\" \/>\n\t<meta name=\"twitter:data2\" content=\"4 minutes\" \/>\n<script type=\"application\/ld+json\" class=\"yoast-schema-graph\">{\"@context\":\"https:\/\/schema.org\",\"@graph\":[{\"@type\":\"Article\",\"@id\":\"https:\/\/universnews224.com\/index.php\/ministere-de-la-jeunesse-mohamed-bily-kaba-passe-le-temoin-a-kaite-sall\/#article\",\"isPartOf\":{\"@id\":\"https:\/\/universnews224.com\/index.php\/ministere-de-la-jeunesse-mohamed-bily-kaba-passe-le-temoin-a-kaite-sall\/\"},\"author\":{\"name\":\"La R\u00e9daction\",\"@id\":\"https:\/\/universnews224.com\/#\/schema\/person\/a4b7d4f94a4716df60456a491260485e\"},\"headline\":\"Minist\u00e8re de la Jeunesse: Mohamed Bily Kaba passe le t\u00e9moin \u00e0 Ka\u00eft\u00e9 Sall\u00a0\",\"datePublished\":\"2025-10-16T22:52:23+00:00\",\"dateModified\":\"2025-10-16T22:52:23+00:00\",\"mainEntityOfPage\":{\"@id\":\"https:\/\/universnews224.com\/index.php\/ministere-de-la-jeunesse-mohamed-bily-kaba-passe-le-temoin-a-kaite-sall\/\"},\"wordCount\":676,\"publisher\":{\"@id\":\"https:\/\/universnews224.com\/#organization\"},\"keywords\":[\"A la une\"],\"articleSection\":[\"ACTU\",\"SOCI\u00c9T\u00c9\"],\"inLanguage\":\"fr-FR\"},{\"@type\":\"WebPage\",\"@id\":\"https:\/\/universnews224.com\/index.php\/ministere-de-la-jeunesse-mohamed-bily-kaba-passe-le-temoin-a-kaite-sall\/\",\"url\":\"https:\/\/universnews224.com\/index.php\/ministere-de-la-jeunesse-mohamed-bily-kaba-passe-le-temoin-a-kaite-sall\/\",\"name\":\"Minist\u00e8re de la Jeunesse: Mohamed Bily Kaba passe le t\u00e9moin \u00e0 Ka\u00eft\u00e9 Sall\u00a0 - UNIVERSNEWS224\",\"isPartOf\":{\"@id\":\"https:\/\/universnews224.com\/#website\"},\"datePublished\":\"2025-10-16T22:52:23+00:00\",\"dateModified\":\"2025-10-16T22:52:23+00:00\",\"inLanguage\":\"fr-FR\",\"potentialAction\":[{\"@type\":\"ReadAction\",\"target\":[\"https:\/\/universnews224.com\/index.php\/ministere-de-la-jeunesse-mohamed-bily-kaba-passe-le-temoin-a-kaite-sall\/\"]}]},{\"@type\":\"WebSite\",\"@id\":\"https:\/\/universnews224.com\/#website\",\"url\":\"https:\/\/universnews224.com\/\",\"name\":\"UNIVERSNEWS224\",\"description\":\"\",\"publisher\":{\"@id\":\"https:\/\/universnews224.com\/#organization\"},\"potentialAction\":[{\"@type\":\"SearchAction\",\"target\":{\"@type\":\"EntryPoint\",\"urlTemplate\":\"https:\/\/universnews224.com\/?s={search_term_string}\"},\"query-input\":\"required name=search_term_string\"}],\"inLanguage\":\"fr-FR\"},{\"@type\":\"Organization\",\"@id\":\"https:\/\/universnews224.com\/#organization\",\"name\":\"UNIVERSNEWS224\",\"url\":\"https:\/\/universnews224.com\/\",\"logo\":{\"@type\":\"ImageObject\",\"inLanguage\":\"fr-FR\",\"@id\":\"https:\/\/universnews224.com\/#\/schema\/logo\/image\/\",\"url\":\"https:\/\/universnews224.com\/wp-content\/uploads\/2022\/08\/cropped-cropped-logoban.jpg\",\"contentUrl\":\"https:\/\/universnews224.com\/wp-content\/uploads\/2022\/08\/cropped-cropped-logoban.jpg\",\"width\":1080,\"height\":138,\"caption\":\"UNIVERSNEWS224\"},\"image\":{\"@id\":\"https:\/\/universnews224.com\/#\/schema\/logo\/image\/\"}},{\"@type\":\"Person\",\"@id\":\"https:\/\/universnews224.com\/#\/schema\/person\/a4b7d4f94a4716df60456a491260485e\",\"name\":\"La R\u00e9daction\",\"image\":{\"@type\":\"ImageObject\",\"inLanguage\":\"fr-FR\",\"@id\":\"https:\/\/universnews224.com\/#\/schema\/person\/image\/\",\"url\":\"https:\/\/secure.gravatar.com\/avatar\/edb90acc7752b23e1b3307ad36c14f0d?s=96&d=mm&r=g\",\"contentUrl\":\"https:\/\/secure.gravatar.com\/avatar\/edb90acc7752b23e1b3307ad36c14f0d?s=96&d=mm&r=g\",\"caption\":\"La R\u00e9daction\"},\"sameAs\":[\"https:\/\/universnews224.com\"],\"url\":\"https:\/\/universnews224.com\/index.php\/author\/m-camara\/\"}]}<\/script>\n<!-- \/ Yoast SEO plugin. -->","yoast_head_json":{"title":"Minist\u00e8re de la Jeunesse: Mohamed Bily Kaba passe le t\u00e9moin \u00e0 Ka\u00eft\u00e9 Sall\u00a0 - UNIVERSNEWS224","robots":{"index":"index","follow":"follow","max-snippet":"max-snippet:-1","max-image-preview":"max-image-preview:large","max-video-preview":"max-video-preview:-1"},"canonical":"https:\/\/universnews224.com\/index.php\/ministere-de-la-jeunesse-mohamed-bily-kaba-passe-le-temoin-a-kaite-sall\/","og_locale":"fr_FR","og_type":"article","og_title":"Minist\u00e8re de la Jeunesse: Mohamed Bily Kaba passe le t\u00e9moin \u00e0 Ka\u00eft\u00e9 Sall\u00a0 - UNIVERSNEWS224","og_description":"Nomm\u00e9 le 13 octobre dernier par d\u00e9cret pr\u00e9sidentiel, Mohamed Bily Kaba, a pass\u00e9 le t\u00e9moin","og_url":"https:\/\/universnews224.com\/index.php\/ministere-de-la-jeunesse-mohamed-bily-kaba-passe-le-temoin-a-kaite-sall\/","og_site_name":"UNIVERSNEWS224","article_published_time":"2025-10-16T22:52:23+00:00","og_image":[{"width":2560,"height":1441,"url":"https:\/\/universnews224.com\/wp-content\/uploads\/2025\/10\/20251016_175029-scaled.jpg","type":"image\/jpeg"}],"author":"La R\u00e9daction","twitter_misc":{"\u00c9crit par":"La R\u00e9daction","Dur\u00e9e de lecture estim\u00e9e":"4 minutes"},"schema":{"@context":"https:\/\/schema.org","@graph":[{"@type":"Article","@id":"https:\/\/universnews224.com\/index.php\/ministere-de-la-jeunesse-mohamed-bily-kaba-passe-le-temoin-a-kaite-sall\/#article","isPartOf":{"@id":"https:\/\/universnews224.com\/index.php\/ministere-de-la-jeunesse-mohamed-bily-kaba-passe-le-temoin-a-kaite-sall\/"},"author":{"name":"La R\u00e9daction","@id":"https:\/\/universnews224.com\/#\/schema\/person\/a4b7d4f94a4716df60456a491260485e"},"headline":"Minist\u00e8re de la Jeunesse: Mohamed Bily Kaba passe le t\u00e9moin \u00e0 Ka\u00eft\u00e9 Sall\u00a0","datePublished":"2025-10-16T22:52:23+00:00","dateModified":"2025-10-16T22:52:23+00:00","mainEntityOfPage":{"@id":"https:\/\/universnews224.com\/index.php\/ministere-de-la-jeunesse-mohamed-bily-kaba-passe-le-temoin-a-kaite-sall\/"},"wordCount":676,"publisher":{"@id":"https:\/\/universnews224.com\/#organization"},"keywords":["A la une"],"articleSection":["ACTU","SOCI\u00c9T\u00c9"],"inLanguage":"fr-FR"},{"@type":"WebPage","@id":"https:\/\/universnews224.com\/index.php\/ministere-de-la-jeunesse-mohamed-bily-kaba-passe-le-temoin-a-kaite-sall\/","url":"https:\/\/universnews224.com\/index.php\/ministere-de-la-jeunesse-mohamed-bily-kaba-passe-le-temoin-a-kaite-sall\/","name":"Minist\u00e8re de la Jeunesse: Mohamed Bily Kaba passe le t\u00e9moin \u00e0 Ka\u00eft\u00e9 Sall\u00a0 - UNIVERSNEWS224","isPartOf":{"@id":"https:\/\/universnews224.com\/#website"},"datePublished":"2025-10-16T22:52:23+00:00","dateModified":"2025-10-16T22:52:23+00:00","inLanguage":"fr-FR","potentialAction":[{"@type":"ReadAction","target":["https:\/\/universnews224.com\/index.php\/ministere-de-la-jeunesse-mohamed-bily-kaba-passe-le-temoin-a-kaite-sall\/"]}]},{"@type":"WebSite","@id":"https:\/\/universnews224.com\/#website","url":"https:\/\/universnews224.com\/","name":"UNIVERSNEWS224","description":"","publisher":{"@id":"https:\/\/universnews224.com\/#organization"},"potentialAction":[{"@type":"SearchAction","target":{"@type":"EntryPoint","urlTemplate":"https:\/\/universnews224.com\/?s={search_term_string}"},"query-input":"required name=search_term_string"}],"inLanguage":"fr-FR"},{"@type":"Organization","@id":"https:\/\/universnews224.com\/#organization","name":"UNIVERSNEWS224","url":"https:\/\/universnews224.com\/","logo":{"@type":"ImageObject","inLanguage":"fr-FR","@id":"https:\/\/universnews224.com\/#\/schema\/logo\/image\/","url":"https:\/\/universnews224.com\/wp-content\/uploads\/2022\/08\/cropped-cropped-logoban.jpg","contentUrl":"https:\/\/universnews224.com\/wp-content\/uploads\/2022\/08\/cropped-cropped-logoban.jpg","width":1080,"height":138,"caption":"UNIVERSNEWS224"},"image":{"@id":"https:\/\/universnews224.com\/#\/schema\/logo\/image\/"}},{"@type":"Person","@id":"https:\/\/universnews224.com\/#\/schema\/person\/a4b7d4f94a4716df60456a491260485e","name":"La R\u00e9daction","image":{"@type":"ImageObject","inLanguage":"fr-FR","@id":"https:\/\/universnews224.com\/#\/schema\/person\/image\/","url":"https:\/\/secure.gravatar.com\/avatar\/edb90acc7752b23e1b3307ad36c14f0d?s=96&d=mm&r=g","contentUrl":"https:\/\/secure.gravatar.com\/avatar\/edb90acc7752b23e1b3307ad36c14f0d?s=96&d=mm&r=g","caption":"La R\u00e9daction"},"sameAs":["https:\/\/universnews224.com"],"url":"https:\/\/universnews224.com\/index.php\/author\/m-camara\/"}]}},"_links":{"self":[{"href":"https:\/\/universnews224.com\/index.php\/wp-json\/wp\/v2\/posts\/9382"}],"collection":[{"href":"https:\/\/universnews224.com\/index.php\/wp-json\/wp\/v2\/posts"}],"about":[{"href":"https:\/\/universnews224.com\/index.php\/wp-json\/wp\/v2\/types\/post"}],"author":[{"embeddable":true,"href":"https:\/\/universnews224.com\/index.php\/wp-json\/wp\/v2\/users\/2"}],"replies":[{"embeddable":true,"href":"https:\/\/universnews224.com\/index.php\/wp-json\/wp\/v2\/comments?post=9382"}],"version-history":[{"count":1,"href":"https:\/\/universnews224.com\/index.php\/wp-json\/wp\/v2\/posts\/9382\/revisions"}],"predecessor-version":[{"id":9384,"href":"https:\/\/universnews224.com\/index.php\/wp-json\/wp\/v2\/posts\/9382\/revisions\/9384"}],"wp:featuredmedia":[{"embeddable":true,"href":"https:\/\/universnews224.com\/index.php\/wp-json\/wp\/v2\/media\/9383"}],"wp:attachment":[{"href":"https:\/\/universnews224.com\/index.php\/wp-json\/wp\/v2\/media?parent=9382"}],"wp:term":[{"taxonomy":"category","embeddable":true,"href":"https:\/\/universnews224.com\/index.php\/wp-json\/wp\/v2\/categories?post=9382"},{"taxonomy":"post_tag","embeddable":true,"href":"https:\/\/universnews224.com\/index.php\/wp-json\/wp\/v2\/tags?post=9382"}],"curies":[{"name":"wp","href":"https:\/\/api.w.org\/{rel}","templated":true}]}}