{"id":9393,"date":"2025-10-21T13:58:41","date_gmt":"2025-10-21T12:58:41","guid":{"rendered":"https:\/\/universnews224.com\/?p=9393"},"modified":"2025-10-21T13:58:41","modified_gmt":"2025-10-21T12:58:41","slug":"nicolas-sarkozy-incarcere-a-la-prison-de-la-sante-la-demande-de-mise-en-liberte-deposee","status":"publish","type":"post","link":"https:\/\/universnews224.com\/index.php\/nicolas-sarkozy-incarcere-a-la-prison-de-la-sante-la-demande-de-mise-en-liberte-deposee\/","title":{"rendered":"Nicolas Sarkozy incarc\u00e9r\u00e9 \u00e0 la prison de la Sant\u00e9, la demande de mise en libert\u00e9 d\u00e9pos\u00e9e"},"content":{"rendered":"<p>C&rsquo;est la premi\u00e8re fois dans l&rsquo;histoire de la Ve r\u00e9publique qu&rsquo;un ancien pr\u00e9sident va dormir en prison. Nicolas Sarkozy a \u00e9t\u00e9 incarc\u00e9r\u00e9, ce mardi 21 octobre, \u00e0 la prison de la Sant\u00e9 \u00e0 Paris. Ses soutiens s&rsquo;\u00e9taient retrouv\u00e9s t\u00f4t ce matin devant son domicile parisien. Sur ses r\u00e9seaux sociaux, il promet \u00e0 ses supporteurs \u00ab que la v\u00e9rit\u00e9 triomphera \u00bb. Une demande de mise en libert\u00e9 a imm\u00e9diatement \u00e9t\u00e9 d\u00e9pos\u00e9e.<\/p>\n<div dir=\"auto\">\n<div dir=\"auto\"><\/div>\n<div dir=\"auto\">L&rsquo;ancien pr\u00e9sident de la R\u00e9publique, reconnu coupable d&rsquo;\u00ab association de malfaiteurs \u00bb fin septembre 2025 par la justice fran\u00e7aise, est arriv\u00e9 aux alentours de 9h30 ce 21 octobre \u00e0 proximit\u00e9 de la prison de la Sant\u00e9. \u00ab Oh bienvenue Sarkozy ! \u00bb, \u00ab Y a Sarkozy\u202f! \u00bb, ont cri\u00e9 des d\u00e9tenus depuis leurs cellules de la maison d&rsquo;arr\u00eat du XIVe arrondissement de Paris.<\/div>\n<div dir=\"auto\"><\/div>\n<div dir=\"auto\">Un peu plus t\u00f4t, il avait \u00e9t\u00e9 applaudi \u00e0 la sortie de son domicile par une centaine de sympathisants r\u00e9unis \u00e0 l&rsquo;initiative de deux de ses fils pour le soutenir. Avant de monter dans sa voiture, accompagn\u00e9 de son \u00e9pouse Carla Bruni, il a tenu \u00e0 saluer ses partisans.<\/div>\n<div dir=\"auto\"><\/div>\n<div dir=\"auto\"><\/div>\n<div dir=\"auto\">Un dernier message avant l&rsquo;incarc\u00e9ration<\/div>\n<div dir=\"auto\">Dans un message post\u00e9 sur ses r\u00e9seaux sociaux moins d&rsquo;une heure avant l&rsquo;heure pr\u00e9vue de son incarc\u00e9ration, il a dit ressentir \u00ab une peine profonde pour la France qui se retrouve humili\u00e9e par l&rsquo;expression d&rsquo;une vengeance qui a port\u00e9 la haine \u00e0 un niveau in\u00e9gal\u00e9 \u00bb. Cette prise de parole conteste donc le jugement du tribunal correctionnel de Paris qui l&rsquo;a condamn\u00e9 \u00e0 cinq ans de prison ferme, cinq ans d&rsquo;in\u00e9ligibilit\u00e9 et 100 000 euros d&rsquo;amende pour avoir laiss\u00e9 ses plus proches collaborateurs d\u00e9marcher la Libye de Mouammar Kadhafi en vue d&rsquo;un financement ill\u00e9gal de sa campagne de 2007.<\/div>\n<div dir=\"auto\"><\/div>\n<div dir=\"auto\">Pour des raisons de s\u00e9curit\u00e9, Nicolas Sarkozy est plac\u00e9 \u00e0 l&rsquo;isolement. Il sera ainsi, d\u00e8s ce mardi 21 octobre, confront\u00e9 \u00e0 la solitude et a d\u00e9j\u00e0 pr\u00e9vu d&rsquo;\u00e9crire pour occuper ses journ\u00e9es et t\u00e9moigner, comme l&rsquo;ont fait savoir ses avocats. Il a confi\u00e9 emporter comme lectures : une biographie de J\u00e9sus et le roman d&rsquo;Alexandre Dumas Le Comte de Monte-Cristo.<\/div>\n<div dir=\"auto\"><\/div>\n<div dir=\"auto\">La demande de mise en libert\u00e9 d\u00e9pos\u00e9e<\/div>\n<div dir=\"auto\">Jean-Michel Darrois, son avocat, a qualifi\u00e9 cette incarc\u00e9ration de \u00ab honte \u00bb. Christophe Ingrain, son autre avocat, a fait savoir devant la prison de la Sant\u00e9 que son client \u00e9tait entr\u00e9 pour faire face aux formalit\u00e9s de la d\u00e9tention et qu&rsquo;il \u00ab faisait face \u00bb. \u00ab Il est rentr\u00e9, il a salu\u00e9 les personnes qui l&rsquo;attendaient pour ex\u00e9cuter les formalit\u00e9s de la d\u00e9tention \u00bb, a-t-il d\u00e9taill\u00e9.<\/div>\n<div dir=\"auto\"><\/div>\n<div dir=\"auto\">La demande de mise en libert\u00e9 a d\u00e9j\u00e0 \u00e9t\u00e9 d\u00e9pos\u00e9e. Elle sera examin\u00e9e dans un mois \u00e0 peu pr\u00e8s. \u00ab Quoi qu&rsquo;il arrive \u00bb, ce sera \u00ab trois semaines, un mois de d\u00e9tention \u00bb, a estim\u00e9 Christophe Ingrain sur Europe 1.<\/div>\n<div dir=\"auto\"><\/div>\n<div dir=\"auto\">Le proc\u00e8s en appel de Nicolas Sarkozy dans l&rsquo;affaire du financement libyen ne devrait pas se d\u00e9rouler avant 2026.<\/div>\n<\/div>\n","protected":false},"excerpt":{"rendered":"<p>C&rsquo;est la premi\u00e8re fois dans l&rsquo;histoire de la Ve r\u00e9publique qu&rsquo;un ancien pr\u00e9sident va dormir<\/p>\n","protected":false},"author":2,"featured_media":9239,"comment_status":"closed","ping_status":"open","sticky":false,"template":"","format":"standard","meta":[],"categories":[3,4],"tags":[237],"yoast_head":"<!-- This site is optimized with the Yoast SEO plugin v19.13 - https:\/\/yoast.com\/wordpress\/plugins\/seo\/ -->\n<title>Nicolas Sarkozy incarc\u00e9r\u00e9 \u00e0 la prison de la Sant\u00e9, la demande de mise en libert\u00e9 d\u00e9pos\u00e9e - UNIVERSNEWS224<\/title>\n<meta name=\"robots\" content=\"index, follow, max-snippet:-1, max-image-preview:large, max-video-preview:-1\" \/>\n<link rel=\"canonical\" href=\"https:\/\/universnews224.com\/index.php\/nicolas-sarkozy-incarcere-a-la-prison-de-la-sante-la-demande-de-mise-en-liberte-deposee\/\" \/>\n<meta property=\"og:locale\" content=\"fr_FR\" \/>\n<meta property=\"og:type\" content=\"article\" \/>\n<meta property=\"og:title\" content=\"Nicolas Sarkozy incarc\u00e9r\u00e9 \u00e0 la prison de la Sant\u00e9, la demande de mise en libert\u00e9 d\u00e9pos\u00e9e - UNIVERSNEWS224\" \/>\n<meta property=\"og:description\" content=\"C&rsquo;est la premi\u00e8re fois dans l&rsquo;histoire de la Ve r\u00e9publique qu&rsquo;un ancien pr\u00e9sident va dormir\" \/>\n<meta property=\"og:url\" content=\"https:\/\/universnews224.com\/index.php\/nicolas-sarkozy-incarcere-a-la-prison-de-la-sante-la-demande-de-mise-en-liberte-deposee\/\" \/>\n<meta property=\"og:site_name\" content=\"UNIVERSNEWS224\" \/>\n<meta property=\"article:published_time\" content=\"2025-10-21T12:58:41+00:00\" \/>\n<meta property=\"og:image\" content=\"https:\/\/universnews224.com\/wp-content\/uploads\/2025\/09\/nicolas-sarkozy.jpg\" \/>\n\t<meta property=\"og:image:width\" content=\"1140\" \/>\n\t<meta property=\"og:image:height\" content=\"480\" \/>\n\t<meta property=\"og:image:type\" content=\"image\/jpeg\" \/>\n<meta name=\"author\" content=\"La R\u00e9daction\" \/>\n<meta name=\"twitter:label1\" content=\"\u00c9crit par\" \/>\n\t<meta name=\"twitter:data1\" content=\"La R\u00e9daction\" \/>\n\t<meta name=\"twitter:label2\" content=\"Dur\u00e9e de lecture estim\u00e9e\" \/>\n\t<meta name=\"twitter:data2\" content=\"3 minutes\" \/>\n<script type=\"application\/ld+json\" class=\"yoast-schema-graph\">{\"@context\":\"https:\/\/schema.org\",\"@graph\":[{\"@type\":\"Article\",\"@id\":\"https:\/\/universnews224.com\/index.php\/nicolas-sarkozy-incarcere-a-la-prison-de-la-sante-la-demande-de-mise-en-liberte-deposee\/#article\",\"isPartOf\":{\"@id\":\"https:\/\/universnews224.com\/index.php\/nicolas-sarkozy-incarcere-a-la-prison-de-la-sante-la-demande-de-mise-en-liberte-deposee\/\"},\"author\":{\"name\":\"La R\u00e9daction\",\"@id\":\"https:\/\/universnews224.com\/#\/schema\/person\/a4b7d4f94a4716df60456a491260485e\"},\"headline\":\"Nicolas Sarkozy incarc\u00e9r\u00e9 \u00e0 la prison de la Sant\u00e9, la demande de mise en libert\u00e9 d\u00e9pos\u00e9e\",\"datePublished\":\"2025-10-21T12:58:41+00:00\",\"dateModified\":\"2025-10-21T12:58:41+00:00\",\"mainEntityOfPage\":{\"@id\":\"https:\/\/universnews224.com\/index.php\/nicolas-sarkozy-incarcere-a-la-prison-de-la-sante-la-demande-de-mise-en-liberte-deposee\/\"},\"wordCount\":508,\"publisher\":{\"@id\":\"https:\/\/universnews224.com\/#organization\"},\"keywords\":[\"A la une\"],\"articleSection\":[\"ACTU\",\"POLITIQUE\"],\"inLanguage\":\"fr-FR\"},{\"@type\":\"WebPage\",\"@id\":\"https:\/\/universnews224.com\/index.php\/nicolas-sarkozy-incarcere-a-la-prison-de-la-sante-la-demande-de-mise-en-liberte-deposee\/\",\"url\":\"https:\/\/universnews224.com\/index.php\/nicolas-sarkozy-incarcere-a-la-prison-de-la-sante-la-demande-de-mise-en-liberte-deposee\/\",\"name\":\"Nicolas Sarkozy incarc\u00e9r\u00e9 \u00e0 la prison de la Sant\u00e9, la demande de mise en libert\u00e9 d\u00e9pos\u00e9e - UNIVERSNEWS224\",\"isPartOf\":{\"@id\":\"https:\/\/universnews224.com\/#website\"},\"datePublished\":\"2025-10-21T12:58:41+00:00\",\"dateModified\":\"2025-10-21T12:58:41+00:00\",\"inLanguage\":\"fr-FR\",\"potentialAction\":[{\"@type\":\"ReadAction\",\"target\":[\"https:\/\/universnews224.com\/index.php\/nicolas-sarkozy-incarcere-a-la-prison-de-la-sante-la-demande-de-mise-en-liberte-deposee\/\"]}]},{\"@type\":\"WebSite\",\"@id\":\"https:\/\/universnews224.com\/#website\",\"url\":\"https:\/\/universnews224.com\/\",\"name\":\"UNIVERSNEWS224\",\"description\":\"\",\"publisher\":{\"@id\":\"https:\/\/universnews224.com\/#organization\"},\"potentialAction\":[{\"@type\":\"SearchAction\",\"target\":{\"@type\":\"EntryPoint\",\"urlTemplate\":\"https:\/\/universnews224.com\/?s={search_term_string}\"},\"query-input\":\"required name=search_term_string\"}],\"inLanguage\":\"fr-FR\"},{\"@type\":\"Organization\",\"@id\":\"https:\/\/universnews224.com\/#organization\",\"name\":\"UNIVERSNEWS224\",\"url\":\"https:\/\/universnews224.com\/\",\"logo\":{\"@type\":\"ImageObject\",\"inLanguage\":\"fr-FR\",\"@id\":\"https:\/\/universnews224.com\/#\/schema\/logo\/image\/\",\"url\":\"https:\/\/universnews224.com\/wp-content\/uploads\/2022\/08\/cropped-cropped-logoban.jpg\",\"contentUrl\":\"https:\/\/universnews224.com\/wp-content\/uploads\/2022\/08\/cropped-cropped-logoban.jpg\",\"width\":1080,\"height\":138,\"caption\":\"UNIVERSNEWS224\"},\"image\":{\"@id\":\"https:\/\/universnews224.com\/#\/schema\/logo\/image\/\"}},{\"@type\":\"Person\",\"@id\":\"https:\/\/universnews224.com\/#\/schema\/person\/a4b7d4f94a4716df60456a491260485e\",\"name\":\"La R\u00e9daction\",\"image\":{\"@type\":\"ImageObject\",\"inLanguage\":\"fr-FR\",\"@id\":\"https:\/\/universnews224.com\/#\/schema\/person\/image\/\",\"url\":\"https:\/\/secure.gravatar.com\/avatar\/edb90acc7752b23e1b3307ad36c14f0d?s=96&d=mm&r=g\",\"contentUrl\":\"https:\/\/secure.gravatar.com\/avatar\/edb90acc7752b23e1b3307ad36c14f0d?s=96&d=mm&r=g\",\"caption\":\"La R\u00e9daction\"},\"sameAs\":[\"https:\/\/universnews224.com\"],\"url\":\"https:\/\/universnews224.com\/index.php\/author\/m-camara\/\"}]}<\/script>\n<!-- \/ Yoast SEO plugin. -->","yoast_head_json":{"title":"Nicolas Sarkozy incarc\u00e9r\u00e9 \u00e0 la prison de la Sant\u00e9, la demande de mise en libert\u00e9 d\u00e9pos\u00e9e - UNIVERSNEWS224","robots":{"index":"index","follow":"follow","max-snippet":"max-snippet:-1","max-image-preview":"max-image-preview:large","max-video-preview":"max-video-preview:-1"},"canonical":"https:\/\/universnews224.com\/index.php\/nicolas-sarkozy-incarcere-a-la-prison-de-la-sante-la-demande-de-mise-en-liberte-deposee\/","og_locale":"fr_FR","og_type":"article","og_title":"Nicolas Sarkozy incarc\u00e9r\u00e9 \u00e0 la prison de la Sant\u00e9, la demande de mise en libert\u00e9 d\u00e9pos\u00e9e - UNIVERSNEWS224","og_description":"C&rsquo;est la premi\u00e8re fois dans l&rsquo;histoire de la Ve r\u00e9publique qu&rsquo;un ancien pr\u00e9sident va dormir","og_url":"https:\/\/universnews224.com\/index.php\/nicolas-sarkozy-incarcere-a-la-prison-de-la-sante-la-demande-de-mise-en-liberte-deposee\/","og_site_name":"UNIVERSNEWS224","article_published_time":"2025-10-21T12:58:41+00:00","og_image":[{"width":1140,"height":480,"url":"https:\/\/universnews224.com\/wp-content\/uploads\/2025\/09\/nicolas-sarkozy.jpg","type":"image\/jpeg"}],"author":"La R\u00e9daction","twitter_misc":{"\u00c9crit par":"La R\u00e9daction","Dur\u00e9e de lecture estim\u00e9e":"3 minutes"},"schema":{"@context":"https:\/\/schema.org","@graph":[{"@type":"Article","@id":"https:\/\/universnews224.com\/index.php\/nicolas-sarkozy-incarcere-a-la-prison-de-la-sante-la-demande-de-mise-en-liberte-deposee\/#article","isPartOf":{"@id":"https:\/\/universnews224.com\/index.php\/nicolas-sarkozy-incarcere-a-la-prison-de-la-sante-la-demande-de-mise-en-liberte-deposee\/"},"author":{"name":"La R\u00e9daction","@id":"https:\/\/universnews224.com\/#\/schema\/person\/a4b7d4f94a4716df60456a491260485e"},"headline":"Nicolas Sarkozy incarc\u00e9r\u00e9 \u00e0 la prison de la Sant\u00e9, la demande de mise en libert\u00e9 d\u00e9pos\u00e9e","datePublished":"2025-10-21T12:58:41+00:00","dateModified":"2025-10-21T12:58:41+00:00","mainEntityOfPage":{"@id":"https:\/\/universnews224.com\/index.php\/nicolas-sarkozy-incarcere-a-la-prison-de-la-sante-la-demande-de-mise-en-liberte-deposee\/"},"wordCount":508,"publisher":{"@id":"https:\/\/universnews224.com\/#organization"},"keywords":["A la une"],"articleSection":["ACTU","POLITIQUE"],"inLanguage":"fr-FR"},{"@type":"WebPage","@id":"https:\/\/universnews224.com\/index.php\/nicolas-sarkozy-incarcere-a-la-prison-de-la-sante-la-demande-de-mise-en-liberte-deposee\/","url":"https:\/\/universnews224.com\/index.php\/nicolas-sarkozy-incarcere-a-la-prison-de-la-sante-la-demande-de-mise-en-liberte-deposee\/","name":"Nicolas Sarkozy incarc\u00e9r\u00e9 \u00e0 la prison de la Sant\u00e9, la demande de mise en libert\u00e9 d\u00e9pos\u00e9e - UNIVERSNEWS224","isPartOf":{"@id":"https:\/\/universnews224.com\/#website"},"datePublished":"2025-10-21T12:58:41+00:00","dateModified":"2025-10-21T12:58:41+00:00","inLanguage":"fr-FR","potentialAction":[{"@type":"ReadAction","target":["https:\/\/universnews224.com\/index.php\/nicolas-sarkozy-incarcere-a-la-prison-de-la-sante-la-demande-de-mise-en-liberte-deposee\/"]}]},{"@type":"WebSite","@id":"https:\/\/universnews224.com\/#website","url":"https:\/\/universnews224.com\/","name":"UNIVERSNEWS224","description":"","publisher":{"@id":"https:\/\/universnews224.com\/#organization"},"potentialAction":[{"@type":"SearchAction","target":{"@type":"EntryPoint","urlTemplate":"https:\/\/universnews224.com\/?s={search_term_string}"},"query-input":"required name=search_term_string"}],"inLanguage":"fr-FR"},{"@type":"Organization","@id":"https:\/\/universnews224.com\/#organization","name":"UNIVERSNEWS224","url":"https:\/\/universnews224.com\/","logo":{"@type":"ImageObject","inLanguage":"fr-FR","@id":"https:\/\/universnews224.com\/#\/schema\/logo\/image\/","url":"https:\/\/universnews224.com\/wp-content\/uploads\/2022\/08\/cropped-cropped-logoban.jpg","contentUrl":"https:\/\/universnews224.com\/wp-content\/uploads\/2022\/08\/cropped-cropped-logoban.jpg","width":1080,"height":138,"caption":"UNIVERSNEWS224"},"image":{"@id":"https:\/\/universnews224.com\/#\/schema\/logo\/image\/"}},{"@type":"Person","@id":"https:\/\/universnews224.com\/#\/schema\/person\/a4b7d4f94a4716df60456a491260485e","name":"La R\u00e9daction","image":{"@type":"ImageObject","inLanguage":"fr-FR","@id":"https:\/\/universnews224.com\/#\/schema\/person\/image\/","url":"https:\/\/secure.gravatar.com\/avatar\/edb90acc7752b23e1b3307ad36c14f0d?s=96&d=mm&r=g","contentUrl":"https:\/\/secure.gravatar.com\/avatar\/edb90acc7752b23e1b3307ad36c14f0d?s=96&d=mm&r=g","caption":"La R\u00e9daction"},"sameAs":["https:\/\/universnews224.com"],"url":"https:\/\/universnews224.com\/index.php\/author\/m-camara\/"}]}},"_links":{"self":[{"href":"https:\/\/universnews224.com\/index.php\/wp-json\/wp\/v2\/posts\/9393"}],"collection":[{"href":"https:\/\/universnews224.com\/index.php\/wp-json\/wp\/v2\/posts"}],"about":[{"href":"https:\/\/universnews224.com\/index.php\/wp-json\/wp\/v2\/types\/post"}],"author":[{"embeddable":true,"href":"https:\/\/universnews224.com\/index.php\/wp-json\/wp\/v2\/users\/2"}],"replies":[{"embeddable":true,"href":"https:\/\/universnews224.com\/index.php\/wp-json\/wp\/v2\/comments?post=9393"}],"version-history":[{"count":1,"href":"https:\/\/universnews224.com\/index.php\/wp-json\/wp\/v2\/posts\/9393\/revisions"}],"predecessor-version":[{"id":9394,"href":"https:\/\/universnews224.com\/index.php\/wp-json\/wp\/v2\/posts\/9393\/revisions\/9394"}],"wp:featuredmedia":[{"embeddable":true,"href":"https:\/\/universnews224.com\/index.php\/wp-json\/wp\/v2\/media\/9239"}],"wp:attachment":[{"href":"https:\/\/universnews224.com\/index.php\/wp-json\/wp\/v2\/media?parent=9393"}],"wp:term":[{"taxonomy":"category","embeddable":true,"href":"https:\/\/universnews224.com\/index.php\/wp-json\/wp\/v2\/categories?post=9393"},{"taxonomy":"post_tag","embeddable":true,"href":"https:\/\/universnews224.com\/index.php\/wp-json\/wp\/v2\/tags?post=9393"}],"curies":[{"name":"wp","href":"https:\/\/api.w.org\/{rel}","templated":true}]}}