{"id":9410,"date":"2025-10-26T17:18:42","date_gmt":"2025-10-26T16:18:42","guid":{"rendered":"https:\/\/universnews224.com\/?p=9410"},"modified":"2025-10-26T17:18:42","modified_gmt":"2025-10-26T16:18:42","slug":"soutien-au-president-mamadi-doumbouya-la-dynamique-des-ambassadeurs-de-la-refondation-lancee-a-conakry","status":"publish","type":"post","link":"https:\/\/universnews224.com\/index.php\/soutien-au-president-mamadi-doumbouya-la-dynamique-des-ambassadeurs-de-la-refondation-lancee-a-conakry\/","title":{"rendered":"Soutien au pr\u00e9sident Mamadi Doumbouya : la Dynamique des ambassadeurs de la refondation lanc\u00e9e \u00e0 Conakry"},"content":{"rendered":"<p>Dans le cadre du soutien aux id\u00e9aux du CNRD et \u00e0 son pr\u00e9sident, le G\u00e9n\u00e9ral Mamadi Doumbouya, qui vient de b\u00e9n\u00e9ficier d\u2019un nouveau soutien de taille encore ce Dimanche 26 octobre 2025. Il s\u2019agit de la Dynamique des ambassadeurs de la refondation. Ce mouvement dirig\u00e9 par le directeur g\u00e9n\u00e9ral du Fonds de D\u00e9veloppement Social et de l\u2019Indigence (FDSI) M. Lansana Diawara, a exprim\u00e9 son adh\u00e9sion \u00e0 la vision et \u00e0 l\u2019id\u00e9ologie du Pr\u00e9sident du Comit\u00e9 National du Rassemblement pour le D\u00e9veloppement(CNRD)<a href=\"https:\/\/universnews224.com\/wp-content\/uploads\/2025\/10\/IMG-20251026-WA0013.jpg\"><img loading=\"lazy\" class=\"alignnone size-medium wp-image-9413\" src=\"https:\/\/universnews224.com\/wp-content\/uploads\/2025\/10\/IMG-20251026-WA0013-300x186.jpg\" alt=\"\" width=\"300\" height=\"186\" srcset=\"https:\/\/universnews224.com\/wp-content\/uploads\/2025\/10\/IMG-20251026-WA0013-300x186.jpg 300w, https:\/\/universnews224.com\/wp-content\/uploads\/2025\/10\/IMG-20251026-WA0013-1024x636.jpg 1024w, https:\/\/universnews224.com\/wp-content\/uploads\/2025\/10\/IMG-20251026-WA0013-768x477.jpg 768w, https:\/\/universnews224.com\/wp-content\/uploads\/2025\/10\/IMG-20251026-WA0013.jpg 1080w\" sizes=\"(max-width: 300px) 100vw, 300px\" \/><\/a><\/p>\n<p>Dans son discours du lancement, M. Lansana Diawara, Coordinateur G\u00e9n\u00e9ral de ce nouveau mouvement,a indiqu\u00e9 que ce mouvement n\u2019a pas seulement pour but de soutenir le G\u00e9n\u00e9ral Mamadi Doumbouya, mais il a aussi pour objectif de renforcer l\u2019Union entre les fils et filles de la Guin\u00e9e.<a href=\"https:\/\/universnews224.com\/wp-content\/uploads\/2025\/10\/IMG-20251026-WA0011.jpg\"><img loading=\"lazy\" class=\"alignnone size-medium wp-image-9411\" src=\"https:\/\/universnews224.com\/wp-content\/uploads\/2025\/10\/IMG-20251026-WA0011-300x201.jpg\" alt=\"\" width=\"300\" height=\"201\" srcset=\"https:\/\/universnews224.com\/wp-content\/uploads\/2025\/10\/IMG-20251026-WA0011-300x201.jpg 300w, https:\/\/universnews224.com\/wp-content\/uploads\/2025\/10\/IMG-20251026-WA0011-1024x686.jpg 1024w, https:\/\/universnews224.com\/wp-content\/uploads\/2025\/10\/IMG-20251026-WA0011-768x515.jpg 768w, https:\/\/universnews224.com\/wp-content\/uploads\/2025\/10\/IMG-20251026-WA0011.jpg 1080w\" sizes=\"(max-width: 300px) 100vw, 300px\" \/><\/a><br \/>\n\u00ab Aujourd&rsquo;hui pour le lancement officiel des activit\u00e9s de la dynamique qui s&rsquo;appellera d\u00e9sormais les Ambassadeurs de la R\u00e9fondation Nationale, c&rsquo;est une initiative aide la volont\u00e9 collective de chacun d&rsquo;entre nous de se mettre ensemble et de v\u00e9hiculer, de mettre en lumi\u00e8re tous les acquis de la R\u00e9fondation depuis le 5 septembre 2021. Convaincus que la R\u00e9fondation pr\u00f4n\u00e9e par le G\u00e9n\u00e9ral Mamadi Doumbouyam, est une r\u00e9ussite aujourd&rsquo;hui et donc l&rsquo;implication de tous les citoyens est n\u00e9cessaire. C&rsquo;est pourquoi nous lan\u00e7ons aujourd&rsquo;hui cette dynamique qui vise \u00e0 rassembler les \u00e9nergies, les comp\u00e9tences pour promouvoir les valeurs de la R\u00e9fondation Nationale\u00bb, a soulign\u00e9 le coordinateur g\u00e9n\u00e9ral.<a href=\"https:\/\/universnews224.com\/wp-content\/uploads\/2025\/10\/IMG-20251026-WA0010.jpg\"><img loading=\"lazy\" class=\"alignnone size-medium wp-image-9414\" src=\"https:\/\/universnews224.com\/wp-content\/uploads\/2025\/10\/IMG-20251026-WA0010-300x169.jpg\" alt=\"\" width=\"300\" height=\"169\" srcset=\"https:\/\/universnews224.com\/wp-content\/uploads\/2025\/10\/IMG-20251026-WA0010-300x169.jpg 300w, https:\/\/universnews224.com\/wp-content\/uploads\/2025\/10\/IMG-20251026-WA0010-768x432.jpg 768w, https:\/\/universnews224.com\/wp-content\/uploads\/2025\/10\/IMG-20251026-WA0010-800x450.jpg 800w, https:\/\/universnews224.com\/wp-content\/uploads\/2025\/10\/IMG-20251026-WA0010.jpg 1008w\" sizes=\"(max-width: 300px) 100vw, 300px\" \/><\/a><br \/>\nEn outre, \u00ab nous avons comme mission de promouvoir les valeurs de la r\u00e9fondation et de la citoyennet\u00e9 responsables, sensibiliser les populations sur les enjeux de la r\u00e9fondation, mobiliser les \u00e9nergies et les comp\u00e9tences pour contribuer \u00e0 la r\u00e9fondation de notre pays. Donc nous visons \u00e0 installer plus de 2 millions d&rsquo;ambassadeurs en Guin\u00e9e et \u00e0 l&rsquo;\u00e9tranger, parce que nous voulons que chaque ambassadeur soit un acteur majeur dans sa localit\u00e9, dans sa zone et partout o\u00f9 il est. Ce n&rsquo;est pas interdit que vous vous retrouviez dans les jours \u00e0 venir, dans le m\u00eame quartier, 30 \u00e0 20 ambassadeurs et je termine pour demander au g\u00e9n\u00e9ral Mamadi Doumbouya de se d\u00e9clar\u00e9 candidat au prochain \u00e9lection pr\u00e9sidentielle \u00bb, a d\u00e9clar\u00e9 M. Diawara.<br \/>\nAlass Sylla pour universnews224.com 625.480.252<\/p>\n","protected":false},"excerpt":{"rendered":"<p>Dans le cadre du soutien aux id\u00e9aux du CNRD et \u00e0 son pr\u00e9sident, le G\u00e9n\u00e9ral<\/p>\n","protected":false},"author":2,"featured_media":9414,"comment_status":"closed","ping_status":"open","sticky":false,"template":"","format":"standard","meta":[],"categories":[3,4],"tags":[229],"yoast_head":"<!-- This site is optimized with the Yoast SEO plugin v19.13 - https:\/\/yoast.com\/wordpress\/plugins\/seo\/ -->\n<title>Soutien au pr\u00e9sident Mamadi Doumbouya : la Dynamique des ambassadeurs de la refondation lanc\u00e9e \u00e0 Conakry - UNIVERSNEWS224<\/title>\n<meta name=\"robots\" content=\"index, follow, max-snippet:-1, max-image-preview:large, max-video-preview:-1\" \/>\n<link rel=\"canonical\" href=\"https:\/\/universnews224.com\/index.php\/soutien-au-president-mamadi-doumbouya-la-dynamique-des-ambassadeurs-de-la-refondation-lancee-a-conakry\/\" \/>\n<meta property=\"og:locale\" content=\"fr_FR\" \/>\n<meta property=\"og:type\" content=\"article\" \/>\n<meta property=\"og:title\" content=\"Soutien au pr\u00e9sident Mamadi Doumbouya : la Dynamique des ambassadeurs de la refondation lanc\u00e9e \u00e0 Conakry - UNIVERSNEWS224\" \/>\n<meta property=\"og:description\" content=\"Dans le cadre du soutien aux id\u00e9aux du CNRD et \u00e0 son pr\u00e9sident, le G\u00e9n\u00e9ral\" \/>\n<meta property=\"og:url\" content=\"https:\/\/universnews224.com\/index.php\/soutien-au-president-mamadi-doumbouya-la-dynamique-des-ambassadeurs-de-la-refondation-lancee-a-conakry\/\" \/>\n<meta property=\"og:site_name\" content=\"UNIVERSNEWS224\" \/>\n<meta property=\"article:published_time\" content=\"2025-10-26T16:18:42+00:00\" \/>\n<meta property=\"og:image\" content=\"https:\/\/universnews224.com\/wp-content\/uploads\/2025\/10\/IMG-20251026-WA0010.jpg\" \/>\n\t<meta property=\"og:image:width\" content=\"1008\" \/>\n\t<meta property=\"og:image:height\" content=\"567\" \/>\n\t<meta property=\"og:image:type\" content=\"image\/jpeg\" \/>\n<meta name=\"author\" content=\"La R\u00e9daction\" \/>\n<meta name=\"twitter:label1\" content=\"\u00c9crit par\" \/>\n\t<meta name=\"twitter:data1\" content=\"La R\u00e9daction\" \/>\n\t<meta name=\"twitter:label2\" content=\"Dur\u00e9e de lecture estim\u00e9e\" \/>\n\t<meta name=\"twitter:data2\" content=\"3 minutes\" \/>\n<script type=\"application\/ld+json\" class=\"yoast-schema-graph\">{\"@context\":\"https:\/\/schema.org\",\"@graph\":[{\"@type\":\"Article\",\"@id\":\"https:\/\/universnews224.com\/index.php\/soutien-au-president-mamadi-doumbouya-la-dynamique-des-ambassadeurs-de-la-refondation-lancee-a-conakry\/#article\",\"isPartOf\":{\"@id\":\"https:\/\/universnews224.com\/index.php\/soutien-au-president-mamadi-doumbouya-la-dynamique-des-ambassadeurs-de-la-refondation-lancee-a-conakry\/\"},\"author\":{\"name\":\"La R\u00e9daction\",\"@id\":\"https:\/\/universnews224.com\/#\/schema\/person\/a4b7d4f94a4716df60456a491260485e\"},\"headline\":\"Soutien au pr\u00e9sident Mamadi Doumbouya : la Dynamique des ambassadeurs de la refondation lanc\u00e9e \u00e0 Conakry\",\"datePublished\":\"2025-10-26T16:18:42+00:00\",\"dateModified\":\"2025-10-26T16:18:42+00:00\",\"mainEntityOfPage\":{\"@id\":\"https:\/\/universnews224.com\/index.php\/soutien-au-president-mamadi-doumbouya-la-dynamique-des-ambassadeurs-de-la-refondation-lancee-a-conakry\/\"},\"wordCount\":411,\"publisher\":{\"@id\":\"https:\/\/universnews224.com\/#organization\"},\"keywords\":[\"La une\"],\"articleSection\":[\"ACTU\",\"POLITIQUE\"],\"inLanguage\":\"fr-FR\"},{\"@type\":\"WebPage\",\"@id\":\"https:\/\/universnews224.com\/index.php\/soutien-au-president-mamadi-doumbouya-la-dynamique-des-ambassadeurs-de-la-refondation-lancee-a-conakry\/\",\"url\":\"https:\/\/universnews224.com\/index.php\/soutien-au-president-mamadi-doumbouya-la-dynamique-des-ambassadeurs-de-la-refondation-lancee-a-conakry\/\",\"name\":\"Soutien au pr\u00e9sident Mamadi Doumbouya : la Dynamique des ambassadeurs de la refondation lanc\u00e9e \u00e0 Conakry - UNIVERSNEWS224\",\"isPartOf\":{\"@id\":\"https:\/\/universnews224.com\/#website\"},\"datePublished\":\"2025-10-26T16:18:42+00:00\",\"dateModified\":\"2025-10-26T16:18:42+00:00\",\"inLanguage\":\"fr-FR\",\"potentialAction\":[{\"@type\":\"ReadAction\",\"target\":[\"https:\/\/universnews224.com\/index.php\/soutien-au-president-mamadi-doumbouya-la-dynamique-des-ambassadeurs-de-la-refondation-lancee-a-conakry\/\"]}]},{\"@type\":\"WebSite\",\"@id\":\"https:\/\/universnews224.com\/#website\",\"url\":\"https:\/\/universnews224.com\/\",\"name\":\"UNIVERSNEWS224\",\"description\":\"\",\"publisher\":{\"@id\":\"https:\/\/universnews224.com\/#organization\"},\"potentialAction\":[{\"@type\":\"SearchAction\",\"target\":{\"@type\":\"EntryPoint\",\"urlTemplate\":\"https:\/\/universnews224.com\/?s={search_term_string}\"},\"query-input\":\"required name=search_term_string\"}],\"inLanguage\":\"fr-FR\"},{\"@type\":\"Organization\",\"@id\":\"https:\/\/universnews224.com\/#organization\",\"name\":\"UNIVERSNEWS224\",\"url\":\"https:\/\/universnews224.com\/\",\"logo\":{\"@type\":\"ImageObject\",\"inLanguage\":\"fr-FR\",\"@id\":\"https:\/\/universnews224.com\/#\/schema\/logo\/image\/\",\"url\":\"https:\/\/universnews224.com\/wp-content\/uploads\/2022\/08\/cropped-cropped-logoban.jpg\",\"contentUrl\":\"https:\/\/universnews224.com\/wp-content\/uploads\/2022\/08\/cropped-cropped-logoban.jpg\",\"width\":1080,\"height\":138,\"caption\":\"UNIVERSNEWS224\"},\"image\":{\"@id\":\"https:\/\/universnews224.com\/#\/schema\/logo\/image\/\"}},{\"@type\":\"Person\",\"@id\":\"https:\/\/universnews224.com\/#\/schema\/person\/a4b7d4f94a4716df60456a491260485e\",\"name\":\"La R\u00e9daction\",\"image\":{\"@type\":\"ImageObject\",\"inLanguage\":\"fr-FR\",\"@id\":\"https:\/\/universnews224.com\/#\/schema\/person\/image\/\",\"url\":\"https:\/\/secure.gravatar.com\/avatar\/edb90acc7752b23e1b3307ad36c14f0d?s=96&d=mm&r=g\",\"contentUrl\":\"https:\/\/secure.gravatar.com\/avatar\/edb90acc7752b23e1b3307ad36c14f0d?s=96&d=mm&r=g\",\"caption\":\"La R\u00e9daction\"},\"sameAs\":[\"https:\/\/universnews224.com\"],\"url\":\"https:\/\/universnews224.com\/index.php\/author\/m-camara\/\"}]}<\/script>\n<!-- \/ Yoast SEO plugin. -->","yoast_head_json":{"title":"Soutien au pr\u00e9sident Mamadi Doumbouya : la Dynamique des ambassadeurs de la refondation lanc\u00e9e \u00e0 Conakry - UNIVERSNEWS224","robots":{"index":"index","follow":"follow","max-snippet":"max-snippet:-1","max-image-preview":"max-image-preview:large","max-video-preview":"max-video-preview:-1"},"canonical":"https:\/\/universnews224.com\/index.php\/soutien-au-president-mamadi-doumbouya-la-dynamique-des-ambassadeurs-de-la-refondation-lancee-a-conakry\/","og_locale":"fr_FR","og_type":"article","og_title":"Soutien au pr\u00e9sident Mamadi Doumbouya : la Dynamique des ambassadeurs de la refondation lanc\u00e9e \u00e0 Conakry - UNIVERSNEWS224","og_description":"Dans le cadre du soutien aux id\u00e9aux du CNRD et \u00e0 son pr\u00e9sident, le G\u00e9n\u00e9ral","og_url":"https:\/\/universnews224.com\/index.php\/soutien-au-president-mamadi-doumbouya-la-dynamique-des-ambassadeurs-de-la-refondation-lancee-a-conakry\/","og_site_name":"UNIVERSNEWS224","article_published_time":"2025-10-26T16:18:42+00:00","og_image":[{"width":1008,"height":567,"url":"https:\/\/universnews224.com\/wp-content\/uploads\/2025\/10\/IMG-20251026-WA0010.jpg","type":"image\/jpeg"}],"author":"La R\u00e9daction","twitter_misc":{"\u00c9crit par":"La R\u00e9daction","Dur\u00e9e de lecture estim\u00e9e":"3 minutes"},"schema":{"@context":"https:\/\/schema.org","@graph":[{"@type":"Article","@id":"https:\/\/universnews224.com\/index.php\/soutien-au-president-mamadi-doumbouya-la-dynamique-des-ambassadeurs-de-la-refondation-lancee-a-conakry\/#article","isPartOf":{"@id":"https:\/\/universnews224.com\/index.php\/soutien-au-president-mamadi-doumbouya-la-dynamique-des-ambassadeurs-de-la-refondation-lancee-a-conakry\/"},"author":{"name":"La R\u00e9daction","@id":"https:\/\/universnews224.com\/#\/schema\/person\/a4b7d4f94a4716df60456a491260485e"},"headline":"Soutien au pr\u00e9sident Mamadi Doumbouya : la Dynamique des ambassadeurs de la refondation lanc\u00e9e \u00e0 Conakry","datePublished":"2025-10-26T16:18:42+00:00","dateModified":"2025-10-26T16:18:42+00:00","mainEntityOfPage":{"@id":"https:\/\/universnews224.com\/index.php\/soutien-au-president-mamadi-doumbouya-la-dynamique-des-ambassadeurs-de-la-refondation-lancee-a-conakry\/"},"wordCount":411,"publisher":{"@id":"https:\/\/universnews224.com\/#organization"},"keywords":["La une"],"articleSection":["ACTU","POLITIQUE"],"inLanguage":"fr-FR"},{"@type":"WebPage","@id":"https:\/\/universnews224.com\/index.php\/soutien-au-president-mamadi-doumbouya-la-dynamique-des-ambassadeurs-de-la-refondation-lancee-a-conakry\/","url":"https:\/\/universnews224.com\/index.php\/soutien-au-president-mamadi-doumbouya-la-dynamique-des-ambassadeurs-de-la-refondation-lancee-a-conakry\/","name":"Soutien au pr\u00e9sident Mamadi Doumbouya : la Dynamique des ambassadeurs de la refondation lanc\u00e9e \u00e0 Conakry - UNIVERSNEWS224","isPartOf":{"@id":"https:\/\/universnews224.com\/#website"},"datePublished":"2025-10-26T16:18:42+00:00","dateModified":"2025-10-26T16:18:42+00:00","inLanguage":"fr-FR","potentialAction":[{"@type":"ReadAction","target":["https:\/\/universnews224.com\/index.php\/soutien-au-president-mamadi-doumbouya-la-dynamique-des-ambassadeurs-de-la-refondation-lancee-a-conakry\/"]}]},{"@type":"WebSite","@id":"https:\/\/universnews224.com\/#website","url":"https:\/\/universnews224.com\/","name":"UNIVERSNEWS224","description":"","publisher":{"@id":"https:\/\/universnews224.com\/#organization"},"potentialAction":[{"@type":"SearchAction","target":{"@type":"EntryPoint","urlTemplate":"https:\/\/universnews224.com\/?s={search_term_string}"},"query-input":"required name=search_term_string"}],"inLanguage":"fr-FR"},{"@type":"Organization","@id":"https:\/\/universnews224.com\/#organization","name":"UNIVERSNEWS224","url":"https:\/\/universnews224.com\/","logo":{"@type":"ImageObject","inLanguage":"fr-FR","@id":"https:\/\/universnews224.com\/#\/schema\/logo\/image\/","url":"https:\/\/universnews224.com\/wp-content\/uploads\/2022\/08\/cropped-cropped-logoban.jpg","contentUrl":"https:\/\/universnews224.com\/wp-content\/uploads\/2022\/08\/cropped-cropped-logoban.jpg","width":1080,"height":138,"caption":"UNIVERSNEWS224"},"image":{"@id":"https:\/\/universnews224.com\/#\/schema\/logo\/image\/"}},{"@type":"Person","@id":"https:\/\/universnews224.com\/#\/schema\/person\/a4b7d4f94a4716df60456a491260485e","name":"La R\u00e9daction","image":{"@type":"ImageObject","inLanguage":"fr-FR","@id":"https:\/\/universnews224.com\/#\/schema\/person\/image\/","url":"https:\/\/secure.gravatar.com\/avatar\/edb90acc7752b23e1b3307ad36c14f0d?s=96&d=mm&r=g","contentUrl":"https:\/\/secure.gravatar.com\/avatar\/edb90acc7752b23e1b3307ad36c14f0d?s=96&d=mm&r=g","caption":"La R\u00e9daction"},"sameAs":["https:\/\/universnews224.com"],"url":"https:\/\/universnews224.com\/index.php\/author\/m-camara\/"}]}},"_links":{"self":[{"href":"https:\/\/universnews224.com\/index.php\/wp-json\/wp\/v2\/posts\/9410"}],"collection":[{"href":"https:\/\/universnews224.com\/index.php\/wp-json\/wp\/v2\/posts"}],"about":[{"href":"https:\/\/universnews224.com\/index.php\/wp-json\/wp\/v2\/types\/post"}],"author":[{"embeddable":true,"href":"https:\/\/universnews224.com\/index.php\/wp-json\/wp\/v2\/users\/2"}],"replies":[{"embeddable":true,"href":"https:\/\/universnews224.com\/index.php\/wp-json\/wp\/v2\/comments?post=9410"}],"version-history":[{"count":1,"href":"https:\/\/universnews224.com\/index.php\/wp-json\/wp\/v2\/posts\/9410\/revisions"}],"predecessor-version":[{"id":9415,"href":"https:\/\/universnews224.com\/index.php\/wp-json\/wp\/v2\/posts\/9410\/revisions\/9415"}],"wp:featuredmedia":[{"embeddable":true,"href":"https:\/\/universnews224.com\/index.php\/wp-json\/wp\/v2\/media\/9414"}],"wp:attachment":[{"href":"https:\/\/universnews224.com\/index.php\/wp-json\/wp\/v2\/media?parent=9410"}],"wp:term":[{"taxonomy":"category","embeddable":true,"href":"https:\/\/universnews224.com\/index.php\/wp-json\/wp\/v2\/categories?post=9410"},{"taxonomy":"post_tag","embeddable":true,"href":"https:\/\/universnews224.com\/index.php\/wp-json\/wp\/v2\/tags?post=9410"}],"curies":[{"name":"wp","href":"https:\/\/api.w.org\/{rel}","templated":true}]}}