{"id":9421,"date":"2025-10-27T14:52:17","date_gmt":"2025-10-27T13:52:17","guid":{"rendered":"https:\/\/universnews224.com\/?p=9421"},"modified":"2025-10-27T14:52:17","modified_gmt":"2025-10-27T13:52:17","slug":"la-guinee-en-deuil-elhadj-mamoudou-camara-kountiguigbe-de-la-basse-guinee-nest-plus","status":"publish","type":"post","link":"https:\/\/universnews224.com\/index.php\/la-guinee-en-deuil-elhadj-mamoudou-camara-kountiguigbe-de-la-basse-guinee-nest-plus\/","title":{"rendered":"La Guin\u00e9e en deuil : Elhadj Mamoudou Camara, Kountiguigb\u00e9 de la Basse-Guin\u00e9e, n\u2019est plus."},"content":{"rendered":"<p>Un \u00e9minent homme de Dieu, de savoir et de foi islamique vient de s\u2019\u00e9teindre \u00e0 jamais.<\/p>\n<div dir=\"auto\"><\/div>\n<div dir=\"auto\">Apr\u00e8s une longue p\u00e9riode de maladie, Elhadj Mamoudou Camara, connu sous le titre de Kountiguigb\u00e9 de la Basse-Guin\u00e9e, est d\u00e9c\u00e9d\u00e9 ce matin \u00e0 l\u2019h\u00f4pital de l\u2019amiti\u00e9 sino-guin\u00e9enne, malgr\u00e9 les soins m\u00e9dicaux intensifs dont il b\u00e9n\u00e9ficiait apr\u00e8s un s\u00e9jour en Tunisie.<\/div>\n<div dir=\"auto\"><\/div>\n<div dir=\"auto\">Son d\u00e9c\u00e8s marque la disparition d\u2019une grande figure religieuse et morale, respect\u00e9e non seulement en Basse-Guin\u00e9e, mais aussi \u00e0 travers tout le pays<\/div>\n<blockquote>\n<div dir=\"auto\"><\/div>\n<\/blockquote>\n","protected":false},"excerpt":{"rendered":"<p>Un \u00e9minent homme de Dieu, de savoir et de foi islamique vient de s\u2019\u00e9teindre \u00e0<\/p>\n","protected":false},"author":2,"featured_media":9422,"comment_status":"closed","ping_status":"open","sticky":false,"template":"","format":"standard","meta":[],"categories":[3,5],"tags":[237],"yoast_head":"<!-- This site is optimized with the Yoast SEO plugin v19.13 - https:\/\/yoast.com\/wordpress\/plugins\/seo\/ -->\n<title>La Guin\u00e9e en deuil : Elhadj Mamoudou Camara, Kountiguigb\u00e9 de la Basse-Guin\u00e9e, n\u2019est plus. - UNIVERSNEWS224<\/title>\n<meta name=\"robots\" content=\"index, follow, max-snippet:-1, max-image-preview:large, max-video-preview:-1\" \/>\n<link rel=\"canonical\" href=\"https:\/\/universnews224.com\/index.php\/la-guinee-en-deuil-elhadj-mamoudou-camara-kountiguigbe-de-la-basse-guinee-nest-plus\/\" \/>\n<meta property=\"og:locale\" content=\"fr_FR\" \/>\n<meta property=\"og:type\" content=\"article\" \/>\n<meta property=\"og:title\" content=\"La Guin\u00e9e en deuil : Elhadj Mamoudou Camara, Kountiguigb\u00e9 de la Basse-Guin\u00e9e, n\u2019est plus. - UNIVERSNEWS224\" \/>\n<meta property=\"og:description\" content=\"Un \u00e9minent homme de Dieu, de savoir et de foi islamique vient de s\u2019\u00e9teindre \u00e0\" \/>\n<meta property=\"og:url\" content=\"https:\/\/universnews224.com\/index.php\/la-guinee-en-deuil-elhadj-mamoudou-camara-kountiguigbe-de-la-basse-guinee-nest-plus\/\" \/>\n<meta property=\"og:site_name\" content=\"UNIVERSNEWS224\" \/>\n<meta property=\"article:published_time\" content=\"2025-10-27T13:52:17+00:00\" \/>\n<meta property=\"og:image\" content=\"https:\/\/universnews224.com\/wp-content\/uploads\/2025\/10\/Elhadj-Mamoudou-Kindia.jpg\" \/>\n\t<meta property=\"og:image:width\" content=\"1728\" \/>\n\t<meta property=\"og:image:height\" content=\"1152\" \/>\n\t<meta property=\"og:image:type\" content=\"image\/jpeg\" \/>\n<meta name=\"author\" content=\"La R\u00e9daction\" \/>\n<meta name=\"twitter:label1\" content=\"\u00c9crit par\" \/>\n\t<meta name=\"twitter:data1\" content=\"La R\u00e9daction\" \/>\n\t<meta name=\"twitter:label2\" content=\"Dur\u00e9e de lecture estim\u00e9e\" \/>\n\t<meta name=\"twitter:data2\" content=\"1 minute\" \/>\n<script type=\"application\/ld+json\" class=\"yoast-schema-graph\">{\"@context\":\"https:\/\/schema.org\",\"@graph\":[{\"@type\":\"Article\",\"@id\":\"https:\/\/universnews224.com\/index.php\/la-guinee-en-deuil-elhadj-mamoudou-camara-kountiguigbe-de-la-basse-guinee-nest-plus\/#article\",\"isPartOf\":{\"@id\":\"https:\/\/universnews224.com\/index.php\/la-guinee-en-deuil-elhadj-mamoudou-camara-kountiguigbe-de-la-basse-guinee-nest-plus\/\"},\"author\":{\"name\":\"La R\u00e9daction\",\"@id\":\"https:\/\/universnews224.com\/#\/schema\/person\/a4b7d4f94a4716df60456a491260485e\"},\"headline\":\"La Guin\u00e9e en deuil : Elhadj Mamoudou Camara, Kountiguigb\u00e9 de la Basse-Guin\u00e9e, n\u2019est plus.\",\"datePublished\":\"2025-10-27T13:52:17+00:00\",\"dateModified\":\"2025-10-27T13:52:17+00:00\",\"mainEntityOfPage\":{\"@id\":\"https:\/\/universnews224.com\/index.php\/la-guinee-en-deuil-elhadj-mamoudou-camara-kountiguigbe-de-la-basse-guinee-nest-plus\/\"},\"wordCount\":112,\"publisher\":{\"@id\":\"https:\/\/universnews224.com\/#organization\"},\"keywords\":[\"A la une\"],\"articleSection\":[\"ACTU\",\"SOCI\u00c9T\u00c9\"],\"inLanguage\":\"fr-FR\"},{\"@type\":\"WebPage\",\"@id\":\"https:\/\/universnews224.com\/index.php\/la-guinee-en-deuil-elhadj-mamoudou-camara-kountiguigbe-de-la-basse-guinee-nest-plus\/\",\"url\":\"https:\/\/universnews224.com\/index.php\/la-guinee-en-deuil-elhadj-mamoudou-camara-kountiguigbe-de-la-basse-guinee-nest-plus\/\",\"name\":\"La Guin\u00e9e en deuil : Elhadj Mamoudou Camara, Kountiguigb\u00e9 de la Basse-Guin\u00e9e, n\u2019est plus. - UNIVERSNEWS224\",\"isPartOf\":{\"@id\":\"https:\/\/universnews224.com\/#website\"},\"datePublished\":\"2025-10-27T13:52:17+00:00\",\"dateModified\":\"2025-10-27T13:52:17+00:00\",\"inLanguage\":\"fr-FR\",\"potentialAction\":[{\"@type\":\"ReadAction\",\"target\":[\"https:\/\/universnews224.com\/index.php\/la-guinee-en-deuil-elhadj-mamoudou-camara-kountiguigbe-de-la-basse-guinee-nest-plus\/\"]}]},{\"@type\":\"WebSite\",\"@id\":\"https:\/\/universnews224.com\/#website\",\"url\":\"https:\/\/universnews224.com\/\",\"name\":\"UNIVERSNEWS224\",\"description\":\"\",\"publisher\":{\"@id\":\"https:\/\/universnews224.com\/#organization\"},\"potentialAction\":[{\"@type\":\"SearchAction\",\"target\":{\"@type\":\"EntryPoint\",\"urlTemplate\":\"https:\/\/universnews224.com\/?s={search_term_string}\"},\"query-input\":\"required name=search_term_string\"}],\"inLanguage\":\"fr-FR\"},{\"@type\":\"Organization\",\"@id\":\"https:\/\/universnews224.com\/#organization\",\"name\":\"UNIVERSNEWS224\",\"url\":\"https:\/\/universnews224.com\/\",\"logo\":{\"@type\":\"ImageObject\",\"inLanguage\":\"fr-FR\",\"@id\":\"https:\/\/universnews224.com\/#\/schema\/logo\/image\/\",\"url\":\"https:\/\/universnews224.com\/wp-content\/uploads\/2022\/08\/cropped-cropped-logoban.jpg\",\"contentUrl\":\"https:\/\/universnews224.com\/wp-content\/uploads\/2022\/08\/cropped-cropped-logoban.jpg\",\"width\":1080,\"height\":138,\"caption\":\"UNIVERSNEWS224\"},\"image\":{\"@id\":\"https:\/\/universnews224.com\/#\/schema\/logo\/image\/\"}},{\"@type\":\"Person\",\"@id\":\"https:\/\/universnews224.com\/#\/schema\/person\/a4b7d4f94a4716df60456a491260485e\",\"name\":\"La R\u00e9daction\",\"image\":{\"@type\":\"ImageObject\",\"inLanguage\":\"fr-FR\",\"@id\":\"https:\/\/universnews224.com\/#\/schema\/person\/image\/\",\"url\":\"https:\/\/secure.gravatar.com\/avatar\/edb90acc7752b23e1b3307ad36c14f0d?s=96&d=mm&r=g\",\"contentUrl\":\"https:\/\/secure.gravatar.com\/avatar\/edb90acc7752b23e1b3307ad36c14f0d?s=96&d=mm&r=g\",\"caption\":\"La R\u00e9daction\"},\"sameAs\":[\"https:\/\/universnews224.com\"],\"url\":\"https:\/\/universnews224.com\/index.php\/author\/m-camara\/\"}]}<\/script>\n<!-- \/ Yoast SEO plugin. -->","yoast_head_json":{"title":"La Guin\u00e9e en deuil : Elhadj Mamoudou Camara, Kountiguigb\u00e9 de la Basse-Guin\u00e9e, n\u2019est plus. - UNIVERSNEWS224","robots":{"index":"index","follow":"follow","max-snippet":"max-snippet:-1","max-image-preview":"max-image-preview:large","max-video-preview":"max-video-preview:-1"},"canonical":"https:\/\/universnews224.com\/index.php\/la-guinee-en-deuil-elhadj-mamoudou-camara-kountiguigbe-de-la-basse-guinee-nest-plus\/","og_locale":"fr_FR","og_type":"article","og_title":"La Guin\u00e9e en deuil : Elhadj Mamoudou Camara, Kountiguigb\u00e9 de la Basse-Guin\u00e9e, n\u2019est plus. - UNIVERSNEWS224","og_description":"Un \u00e9minent homme de Dieu, de savoir et de foi islamique vient de s\u2019\u00e9teindre \u00e0","og_url":"https:\/\/universnews224.com\/index.php\/la-guinee-en-deuil-elhadj-mamoudou-camara-kountiguigbe-de-la-basse-guinee-nest-plus\/","og_site_name":"UNIVERSNEWS224","article_published_time":"2025-10-27T13:52:17+00:00","og_image":[{"width":1728,"height":1152,"url":"https:\/\/universnews224.com\/wp-content\/uploads\/2025\/10\/Elhadj-Mamoudou-Kindia.jpg","type":"image\/jpeg"}],"author":"La R\u00e9daction","twitter_misc":{"\u00c9crit par":"La R\u00e9daction","Dur\u00e9e de lecture estim\u00e9e":"1 minute"},"schema":{"@context":"https:\/\/schema.org","@graph":[{"@type":"Article","@id":"https:\/\/universnews224.com\/index.php\/la-guinee-en-deuil-elhadj-mamoudou-camara-kountiguigbe-de-la-basse-guinee-nest-plus\/#article","isPartOf":{"@id":"https:\/\/universnews224.com\/index.php\/la-guinee-en-deuil-elhadj-mamoudou-camara-kountiguigbe-de-la-basse-guinee-nest-plus\/"},"author":{"name":"La R\u00e9daction","@id":"https:\/\/universnews224.com\/#\/schema\/person\/a4b7d4f94a4716df60456a491260485e"},"headline":"La Guin\u00e9e en deuil : Elhadj Mamoudou Camara, Kountiguigb\u00e9 de la Basse-Guin\u00e9e, n\u2019est plus.","datePublished":"2025-10-27T13:52:17+00:00","dateModified":"2025-10-27T13:52:17+00:00","mainEntityOfPage":{"@id":"https:\/\/universnews224.com\/index.php\/la-guinee-en-deuil-elhadj-mamoudou-camara-kountiguigbe-de-la-basse-guinee-nest-plus\/"},"wordCount":112,"publisher":{"@id":"https:\/\/universnews224.com\/#organization"},"keywords":["A la une"],"articleSection":["ACTU","SOCI\u00c9T\u00c9"],"inLanguage":"fr-FR"},{"@type":"WebPage","@id":"https:\/\/universnews224.com\/index.php\/la-guinee-en-deuil-elhadj-mamoudou-camara-kountiguigbe-de-la-basse-guinee-nest-plus\/","url":"https:\/\/universnews224.com\/index.php\/la-guinee-en-deuil-elhadj-mamoudou-camara-kountiguigbe-de-la-basse-guinee-nest-plus\/","name":"La Guin\u00e9e en deuil : Elhadj Mamoudou Camara, Kountiguigb\u00e9 de la Basse-Guin\u00e9e, n\u2019est plus. - UNIVERSNEWS224","isPartOf":{"@id":"https:\/\/universnews224.com\/#website"},"datePublished":"2025-10-27T13:52:17+00:00","dateModified":"2025-10-27T13:52:17+00:00","inLanguage":"fr-FR","potentialAction":[{"@type":"ReadAction","target":["https:\/\/universnews224.com\/index.php\/la-guinee-en-deuil-elhadj-mamoudou-camara-kountiguigbe-de-la-basse-guinee-nest-plus\/"]}]},{"@type":"WebSite","@id":"https:\/\/universnews224.com\/#website","url":"https:\/\/universnews224.com\/","name":"UNIVERSNEWS224","description":"","publisher":{"@id":"https:\/\/universnews224.com\/#organization"},"potentialAction":[{"@type":"SearchAction","target":{"@type":"EntryPoint","urlTemplate":"https:\/\/universnews224.com\/?s={search_term_string}"},"query-input":"required name=search_term_string"}],"inLanguage":"fr-FR"},{"@type":"Organization","@id":"https:\/\/universnews224.com\/#organization","name":"UNIVERSNEWS224","url":"https:\/\/universnews224.com\/","logo":{"@type":"ImageObject","inLanguage":"fr-FR","@id":"https:\/\/universnews224.com\/#\/schema\/logo\/image\/","url":"https:\/\/universnews224.com\/wp-content\/uploads\/2022\/08\/cropped-cropped-logoban.jpg","contentUrl":"https:\/\/universnews224.com\/wp-content\/uploads\/2022\/08\/cropped-cropped-logoban.jpg","width":1080,"height":138,"caption":"UNIVERSNEWS224"},"image":{"@id":"https:\/\/universnews224.com\/#\/schema\/logo\/image\/"}},{"@type":"Person","@id":"https:\/\/universnews224.com\/#\/schema\/person\/a4b7d4f94a4716df60456a491260485e","name":"La R\u00e9daction","image":{"@type":"ImageObject","inLanguage":"fr-FR","@id":"https:\/\/universnews224.com\/#\/schema\/person\/image\/","url":"https:\/\/secure.gravatar.com\/avatar\/edb90acc7752b23e1b3307ad36c14f0d?s=96&d=mm&r=g","contentUrl":"https:\/\/secure.gravatar.com\/avatar\/edb90acc7752b23e1b3307ad36c14f0d?s=96&d=mm&r=g","caption":"La R\u00e9daction"},"sameAs":["https:\/\/universnews224.com"],"url":"https:\/\/universnews224.com\/index.php\/author\/m-camara\/"}]}},"_links":{"self":[{"href":"https:\/\/universnews224.com\/index.php\/wp-json\/wp\/v2\/posts\/9421"}],"collection":[{"href":"https:\/\/universnews224.com\/index.php\/wp-json\/wp\/v2\/posts"}],"about":[{"href":"https:\/\/universnews224.com\/index.php\/wp-json\/wp\/v2\/types\/post"}],"author":[{"embeddable":true,"href":"https:\/\/universnews224.com\/index.php\/wp-json\/wp\/v2\/users\/2"}],"replies":[{"embeddable":true,"href":"https:\/\/universnews224.com\/index.php\/wp-json\/wp\/v2\/comments?post=9421"}],"version-history":[{"count":1,"href":"https:\/\/universnews224.com\/index.php\/wp-json\/wp\/v2\/posts\/9421\/revisions"}],"predecessor-version":[{"id":9423,"href":"https:\/\/universnews224.com\/index.php\/wp-json\/wp\/v2\/posts\/9421\/revisions\/9423"}],"wp:featuredmedia":[{"embeddable":true,"href":"https:\/\/universnews224.com\/index.php\/wp-json\/wp\/v2\/media\/9422"}],"wp:attachment":[{"href":"https:\/\/universnews224.com\/index.php\/wp-json\/wp\/v2\/media?parent=9421"}],"wp:term":[{"taxonomy":"category","embeddable":true,"href":"https:\/\/universnews224.com\/index.php\/wp-json\/wp\/v2\/categories?post=9421"},{"taxonomy":"post_tag","embeddable":true,"href":"https:\/\/universnews224.com\/index.php\/wp-json\/wp\/v2\/tags?post=9421"}],"curies":[{"name":"wp","href":"https:\/\/api.w.org\/{rel}","templated":true}]}}