{"id":9439,"date":"2025-10-28T13:43:03","date_gmt":"2025-10-28T12:43:03","guid":{"rendered":"https:\/\/universnews224.com\/?p=9439"},"modified":"2025-10-28T13:43:03","modified_gmt":"2025-10-28T12:43:03","slug":"conakry-vers-la-tenue-de-la-5eme-edition-du-festival-garba","status":"publish","type":"post","link":"https:\/\/universnews224.com\/index.php\/conakry-vers-la-tenue-de-la-5eme-edition-du-festival-garba\/","title":{"rendered":"Conakry: vers la tenue de la\u00a0 5\u00e8me \u00e9dition du festival Garba.\u00a0"},"content":{"rendered":"<p>Apr\u00e8s la r\u00e9ussite de quatre (4) pr\u00e9c\u00e9dentes \u00e9ditions, la structure Rise\u2019up Event a annonc\u00e9 ce mardi 28 octobre 2025, lors d\u2019une conf\u00e9rence de presse de la 5\u00e8me \u00e9dition du festival gastronomique d\u00e9nomm\u00e9 \u00ab festival de Garba \u00bb \u00e0 Conakry.<a href=\"https:\/\/universnews224.com\/wp-content\/uploads\/2025\/10\/IMG-20251028-WA0023.jpg\"><img loading=\"lazy\" class=\"alignnone size-medium wp-image-9440\" src=\"https:\/\/universnews224.com\/wp-content\/uploads\/2025\/10\/IMG-20251028-WA0023-300x194.jpg\" alt=\"\" width=\"300\" height=\"194\" srcset=\"https:\/\/universnews224.com\/wp-content\/uploads\/2025\/10\/IMG-20251028-WA0023-300x194.jpg 300w, https:\/\/universnews224.com\/wp-content\/uploads\/2025\/10\/IMG-20251028-WA0023-1024x663.jpg 1024w, https:\/\/universnews224.com\/wp-content\/uploads\/2025\/10\/IMG-20251028-WA0023-768x497.jpg 768w, https:\/\/universnews224.com\/wp-content\/uploads\/2025\/10\/IMG-20251028-WA0023.jpg 1280w\" sizes=\"(max-width: 300px) 100vw, 300px\" \/><\/a><\/p>\n<div dir=\"auto\">\n<div dir=\"auto\">Cette cinqui\u00e8me \u00e9dition qui se d\u00e9roulera du 31 au 02 novembre 2025 \u00e0 l&rsquo;esplanade du palais du peuple, se veut un\u00a0 moyen d\u2019int\u00e9gration entre le peuple guin\u00e9en et\u00a0 ivoirien.<a href=\"https:\/\/universnews224.com\/wp-content\/uploads\/2025\/10\/IMG-20251028-WA0022.jpg\"><img loading=\"lazy\" class=\"alignnone size-medium wp-image-9441\" src=\"https:\/\/universnews224.com\/wp-content\/uploads\/2025\/10\/IMG-20251028-WA0022-300x169.jpg\" alt=\"\" width=\"300\" height=\"169\" srcset=\"https:\/\/universnews224.com\/wp-content\/uploads\/2025\/10\/IMG-20251028-WA0022-300x169.jpg 300w, https:\/\/universnews224.com\/wp-content\/uploads\/2025\/10\/IMG-20251028-WA0022-1024x576.jpg 1024w, https:\/\/universnews224.com\/wp-content\/uploads\/2025\/10\/IMG-20251028-WA0022-768x432.jpg 768w, https:\/\/universnews224.com\/wp-content\/uploads\/2025\/10\/IMG-20251028-WA0022-800x450.jpg 800w, https:\/\/universnews224.com\/wp-content\/uploads\/2025\/10\/IMG-20251028-WA0022.jpg 1280w\" sizes=\"(max-width: 300px) 100vw, 300px\" \/><\/a><\/div>\n<div dir=\"auto\">Dans son discours de circonstance, le coordinateur g\u00e9n\u00e9ral a fait la r\u00e9trospective des pr\u00e9c\u00e9dentes \u00e9ditions. <a href=\"https:\/\/universnews224.com\/wp-content\/uploads\/2025\/10\/IMG-20251028-WA0024.jpg\"><img loading=\"lazy\" class=\"alignnone size-medium wp-image-9442\" src=\"https:\/\/universnews224.com\/wp-content\/uploads\/2025\/10\/IMG-20251028-WA0024-300x238.jpg\" alt=\"\" width=\"300\" height=\"238\" srcset=\"https:\/\/universnews224.com\/wp-content\/uploads\/2025\/10\/IMG-20251028-WA0024-300x238.jpg 300w, https:\/\/universnews224.com\/wp-content\/uploads\/2025\/10\/IMG-20251028-WA0024-1024x811.jpg 1024w, https:\/\/universnews224.com\/wp-content\/uploads\/2025\/10\/IMG-20251028-WA0024-768x608.jpg 768w, https:\/\/universnews224.com\/wp-content\/uploads\/2025\/10\/IMG-20251028-WA0024.jpg 1280w\" sizes=\"(max-width: 300px) 100vw, 300px\" \/><\/a><\/div>\n<div dir=\"auto\"><\/div>\n<div dir=\"auto\">\u00ab Les quatre (04) pr\u00e9c\u00e9dentes \u00e9ditions ont connu un franc succ\u00e8s, attirant des milliers de visiteurs et suscitant un engouement sans pr\u00e9c\u00e9dent. (Quelques chiffres pour illustrer cela, de 2500 festivaliers \u00e0 la 1\u00e8re \u00e9dition, nous sommes pass\u00e9s \u00e0 10500 lors de la derni\u00e8re \u00e9dition). Face \u00e0 cet int\u00e9r\u00eat croissant et \u00e0 l&rsquo;importance du nombre de festivaliers souhaitant participer, nous avons d\u00e9cid\u00e9 de changer de site, passant du Belv\u00e9d\u00e8re au Palais du Peuple, afin de mieux accueillir tous ceux qui souhaitent se joindre \u00e0 nous pour c\u00e9l\u00e9brer ce plat embl\u00e9matique. Le Garba, plat d&rsquo;origine ivoirienne, est la star de notre festival. Compos\u00e9 d&rsquo;atti\u00e9k\u00e9, cette semoule de manioc ferment\u00e9e et cuite \u00e0 la vapeur, accompagn\u00e9e de poisson, g\u00e9n\u00e9ralement du thon frit, le Garba incarne la simplicit\u00e9 et la richesse de la cuisine ivoirienne. \u00bb, a-t-il indiqu\u00e9, le coordonnateur g\u00e9n\u00e9ral Mohamed Bah Daye.<\/div>\n<div dir=\"auto\"><\/div>\n<div dir=\"auto\">En outre, <a href=\"https:\/\/universnews224.com\/wp-content\/uploads\/2025\/10\/IMG-20251028-WA0021.jpg\"><img loading=\"lazy\" class=\"alignnone size-medium wp-image-9443\" src=\"https:\/\/universnews224.com\/wp-content\/uploads\/2025\/10\/IMG-20251028-WA0021-300x187.jpg\" alt=\"\" width=\"300\" height=\"187\" srcset=\"https:\/\/universnews224.com\/wp-content\/uploads\/2025\/10\/IMG-20251028-WA0021-300x187.jpg 300w, https:\/\/universnews224.com\/wp-content\/uploads\/2025\/10\/IMG-20251028-WA0021-1024x637.jpg 1024w, https:\/\/universnews224.com\/wp-content\/uploads\/2025\/10\/IMG-20251028-WA0021-768x478.jpg 768w, https:\/\/universnews224.com\/wp-content\/uploads\/2025\/10\/IMG-20251028-WA0021.jpg 1280w\" sizes=\"(max-width: 300px) 100vw, 300px\" \/><\/a>\u00ab Ce plat, souvent rehauss\u00e9 de piments et de l\u00e9gumes frais, est non seulement un v\u00e9ritable symbole de convivialit\u00e9 et de partage, mais il est \u00e9galement fortement pris\u00e9 et consomm\u00e9 par les populations guin\u00e9ennes. Sa popularit\u00e9 t\u00e9moigne de l&rsquo;harmonie culinaire entre nos deux pays voisins et de l&rsquo;appr\u00e9ciation mutuelle de nos traditions gastronomiques. Cette ann\u00e9e, nous avons le plaisir d&rsquo;accueillir 35 restauratrices talentueuses, qui vous feront d\u00e9couvrir des plats authentiques et savoureux, t\u00e9moignant de la diversit\u00e9 de notre patrimoine culinaire. Leur engagement et leur cr\u00e9ativit\u00e9 sont la cl\u00e9 de la r\u00e9ussite de ce festival, et je tiens \u00e0 les remercier chaleureusement pour cela \u00bb, a-t-il soulign\u00e9 M. Bah.<\/div>\n<div dir=\"auto\"><\/div>\n<div dir=\"auto\">Dans la m\u00eame lanc\u00e9e, \u00ab du cot\u00e9 animation, cette \u00e9dition sera rythm\u00e9e par un orchestre venu de la C\u00f4te d&rsquo;Ivoire, promettant des moments de musique et de danse inoubliables. En plus de I&rsquo;orchestre, pierre angulaire de l&rsquo;animation de notre festival, Nous aurons le plaisir d&rsquo;accueillir un sp\u00e9cialiste de l&rsquo;ambiance facile appel\u00e9 w\u00f4y\u00f4 (en argot Ivoirien) en la personne de Zee l&rsquo;amour. Sur le plan national, nous avons opt\u00e9 des artistes actuellement en vogue, tels que SHEBA OUEEN, SMS, M SACKO, OPINEL ET KRIMKA, pour enflammer la sc\u00e8ne avec leurs performances. En Guest star, nous aurons la TEAM DE POY (num\u00e9ro 1 actuellement en terme d&rsquo;ambiance avec leur c\u00e9l\u00e8bre tube mets moi au dos \u00bb, a-t-il annonc\u00e9.<\/div>\n<div dir=\"auto\">Pour terminer, le coordinateur g\u00e9n\u00e9ral de Rise Up Events invite les m\u00e9lomane \u00e0 venir massivement pour renforcer les liens de fraternit\u00e9 et de coh\u00e9sion sociale entre les deux pays fr\u00e8re.<\/div>\n<div dir=\"auto\">\u00ab Je vous invite tous \u00e0 venir c\u00e9l\u00e9brer avec nous cette belle f\u00eate de la gastronomie et de la culture. Partageons ensemble des moments de convivialit\u00e9, de d\u00e9couvertes et de joie. Le Festival de Garba est un symbole d&rsquo;unit\u00e9 africaine, et je suis convaincu qu&rsquo;il continuera \u00e0 grandir et \u00e0 rassembler les g\u00e9n\u00e9rations futures \u00bb, a pr\u00e9cis\u00e9 le patron du festival.<\/div>\n<div dir=\"auto\"><\/div>\n<div dir=\"auto\">Alass Sylla pour universnews224.com 625.480.252<\/div>\n<\/div>\n","protected":false},"excerpt":{"rendered":"<p>Apr\u00e8s la r\u00e9ussite de quatre (4) pr\u00e9c\u00e9dentes \u00e9ditions, la structure Rise\u2019up Event a annonc\u00e9 ce<\/p>\n","protected":false},"author":2,"featured_media":9441,"comment_status":"closed","ping_status":"open","sticky":false,"template":"","format":"standard","meta":[],"categories":[3,6],"tags":[237],"yoast_head":"<!-- This site is optimized with the Yoast SEO plugin v19.13 - https:\/\/yoast.com\/wordpress\/plugins\/seo\/ -->\n<title>Conakry: vers la tenue de la\u00a0 5\u00e8me \u00e9dition du festival Garba.\u00a0 - UNIVERSNEWS224<\/title>\n<meta name=\"robots\" content=\"index, follow, max-snippet:-1, max-image-preview:large, max-video-preview:-1\" \/>\n<link rel=\"canonical\" href=\"https:\/\/universnews224.com\/index.php\/conakry-vers-la-tenue-de-la-5eme-edition-du-festival-garba\/\" \/>\n<meta property=\"og:locale\" content=\"fr_FR\" \/>\n<meta property=\"og:type\" content=\"article\" \/>\n<meta property=\"og:title\" content=\"Conakry: vers la tenue de la\u00a0 5\u00e8me \u00e9dition du festival Garba.\u00a0 - UNIVERSNEWS224\" \/>\n<meta property=\"og:description\" content=\"Apr\u00e8s la r\u00e9ussite de quatre (4) pr\u00e9c\u00e9dentes \u00e9ditions, la structure Rise\u2019up Event a annonc\u00e9 ce\" \/>\n<meta property=\"og:url\" content=\"https:\/\/universnews224.com\/index.php\/conakry-vers-la-tenue-de-la-5eme-edition-du-festival-garba\/\" \/>\n<meta property=\"og:site_name\" content=\"UNIVERSNEWS224\" \/>\n<meta property=\"article:published_time\" content=\"2025-10-28T12:43:03+00:00\" \/>\n<meta property=\"og:image\" content=\"https:\/\/universnews224.com\/wp-content\/uploads\/2025\/10\/IMG-20251028-WA0022.jpg\" \/>\n\t<meta property=\"og:image:width\" content=\"1280\" \/>\n\t<meta property=\"og:image:height\" content=\"720\" \/>\n\t<meta property=\"og:image:type\" content=\"image\/jpeg\" \/>\n<meta name=\"author\" content=\"La R\u00e9daction\" \/>\n<meta name=\"twitter:label1\" content=\"\u00c9crit par\" \/>\n\t<meta name=\"twitter:data1\" content=\"La R\u00e9daction\" \/>\n\t<meta name=\"twitter:label2\" content=\"Dur\u00e9e de lecture estim\u00e9e\" \/>\n\t<meta name=\"twitter:data2\" content=\"4 minutes\" \/>\n<script type=\"application\/ld+json\" class=\"yoast-schema-graph\">{\"@context\":\"https:\/\/schema.org\",\"@graph\":[{\"@type\":\"Article\",\"@id\":\"https:\/\/universnews224.com\/index.php\/conakry-vers-la-tenue-de-la-5eme-edition-du-festival-garba\/#article\",\"isPartOf\":{\"@id\":\"https:\/\/universnews224.com\/index.php\/conakry-vers-la-tenue-de-la-5eme-edition-du-festival-garba\/\"},\"author\":{\"name\":\"La R\u00e9daction\",\"@id\":\"https:\/\/universnews224.com\/#\/schema\/person\/a4b7d4f94a4716df60456a491260485e\"},\"headline\":\"Conakry: vers la tenue de la\u00a0 5\u00e8me \u00e9dition du festival Garba.\u00a0\",\"datePublished\":\"2025-10-28T12:43:03+00:00\",\"dateModified\":\"2025-10-28T12:43:03+00:00\",\"mainEntityOfPage\":{\"@id\":\"https:\/\/universnews224.com\/index.php\/conakry-vers-la-tenue-de-la-5eme-edition-du-festival-garba\/\"},\"wordCount\":594,\"publisher\":{\"@id\":\"https:\/\/universnews224.com\/#organization\"},\"keywords\":[\"A la une\"],\"articleSection\":[\"ACTU\",\"CULTURE\"],\"inLanguage\":\"fr-FR\"},{\"@type\":\"WebPage\",\"@id\":\"https:\/\/universnews224.com\/index.php\/conakry-vers-la-tenue-de-la-5eme-edition-du-festival-garba\/\",\"url\":\"https:\/\/universnews224.com\/index.php\/conakry-vers-la-tenue-de-la-5eme-edition-du-festival-garba\/\",\"name\":\"Conakry: vers la tenue de la\u00a0 5\u00e8me \u00e9dition du festival Garba.\u00a0 - UNIVERSNEWS224\",\"isPartOf\":{\"@id\":\"https:\/\/universnews224.com\/#website\"},\"datePublished\":\"2025-10-28T12:43:03+00:00\",\"dateModified\":\"2025-10-28T12:43:03+00:00\",\"inLanguage\":\"fr-FR\",\"potentialAction\":[{\"@type\":\"ReadAction\",\"target\":[\"https:\/\/universnews224.com\/index.php\/conakry-vers-la-tenue-de-la-5eme-edition-du-festival-garba\/\"]}]},{\"@type\":\"WebSite\",\"@id\":\"https:\/\/universnews224.com\/#website\",\"url\":\"https:\/\/universnews224.com\/\",\"name\":\"UNIVERSNEWS224\",\"description\":\"\",\"publisher\":{\"@id\":\"https:\/\/universnews224.com\/#organization\"},\"potentialAction\":[{\"@type\":\"SearchAction\",\"target\":{\"@type\":\"EntryPoint\",\"urlTemplate\":\"https:\/\/universnews224.com\/?s={search_term_string}\"},\"query-input\":\"required name=search_term_string\"}],\"inLanguage\":\"fr-FR\"},{\"@type\":\"Organization\",\"@id\":\"https:\/\/universnews224.com\/#organization\",\"name\":\"UNIVERSNEWS224\",\"url\":\"https:\/\/universnews224.com\/\",\"logo\":{\"@type\":\"ImageObject\",\"inLanguage\":\"fr-FR\",\"@id\":\"https:\/\/universnews224.com\/#\/schema\/logo\/image\/\",\"url\":\"https:\/\/universnews224.com\/wp-content\/uploads\/2022\/08\/cropped-cropped-logoban.jpg\",\"contentUrl\":\"https:\/\/universnews224.com\/wp-content\/uploads\/2022\/08\/cropped-cropped-logoban.jpg\",\"width\":1080,\"height\":138,\"caption\":\"UNIVERSNEWS224\"},\"image\":{\"@id\":\"https:\/\/universnews224.com\/#\/schema\/logo\/image\/\"}},{\"@type\":\"Person\",\"@id\":\"https:\/\/universnews224.com\/#\/schema\/person\/a4b7d4f94a4716df60456a491260485e\",\"name\":\"La R\u00e9daction\",\"image\":{\"@type\":\"ImageObject\",\"inLanguage\":\"fr-FR\",\"@id\":\"https:\/\/universnews224.com\/#\/schema\/person\/image\/\",\"url\":\"https:\/\/secure.gravatar.com\/avatar\/edb90acc7752b23e1b3307ad36c14f0d?s=96&d=mm&r=g\",\"contentUrl\":\"https:\/\/secure.gravatar.com\/avatar\/edb90acc7752b23e1b3307ad36c14f0d?s=96&d=mm&r=g\",\"caption\":\"La R\u00e9daction\"},\"sameAs\":[\"https:\/\/universnews224.com\"],\"url\":\"https:\/\/universnews224.com\/index.php\/author\/m-camara\/\"}]}<\/script>\n<!-- \/ Yoast SEO plugin. -->","yoast_head_json":{"title":"Conakry: vers la tenue de la\u00a0 5\u00e8me \u00e9dition du festival Garba.\u00a0 - UNIVERSNEWS224","robots":{"index":"index","follow":"follow","max-snippet":"max-snippet:-1","max-image-preview":"max-image-preview:large","max-video-preview":"max-video-preview:-1"},"canonical":"https:\/\/universnews224.com\/index.php\/conakry-vers-la-tenue-de-la-5eme-edition-du-festival-garba\/","og_locale":"fr_FR","og_type":"article","og_title":"Conakry: vers la tenue de la\u00a0 5\u00e8me \u00e9dition du festival Garba.\u00a0 - UNIVERSNEWS224","og_description":"Apr\u00e8s la r\u00e9ussite de quatre (4) pr\u00e9c\u00e9dentes \u00e9ditions, la structure Rise\u2019up Event a annonc\u00e9 ce","og_url":"https:\/\/universnews224.com\/index.php\/conakry-vers-la-tenue-de-la-5eme-edition-du-festival-garba\/","og_site_name":"UNIVERSNEWS224","article_published_time":"2025-10-28T12:43:03+00:00","og_image":[{"width":1280,"height":720,"url":"https:\/\/universnews224.com\/wp-content\/uploads\/2025\/10\/IMG-20251028-WA0022.jpg","type":"image\/jpeg"}],"author":"La R\u00e9daction","twitter_misc":{"\u00c9crit par":"La R\u00e9daction","Dur\u00e9e de lecture estim\u00e9e":"4 minutes"},"schema":{"@context":"https:\/\/schema.org","@graph":[{"@type":"Article","@id":"https:\/\/universnews224.com\/index.php\/conakry-vers-la-tenue-de-la-5eme-edition-du-festival-garba\/#article","isPartOf":{"@id":"https:\/\/universnews224.com\/index.php\/conakry-vers-la-tenue-de-la-5eme-edition-du-festival-garba\/"},"author":{"name":"La R\u00e9daction","@id":"https:\/\/universnews224.com\/#\/schema\/person\/a4b7d4f94a4716df60456a491260485e"},"headline":"Conakry: vers la tenue de la\u00a0 5\u00e8me \u00e9dition du festival Garba.\u00a0","datePublished":"2025-10-28T12:43:03+00:00","dateModified":"2025-10-28T12:43:03+00:00","mainEntityOfPage":{"@id":"https:\/\/universnews224.com\/index.php\/conakry-vers-la-tenue-de-la-5eme-edition-du-festival-garba\/"},"wordCount":594,"publisher":{"@id":"https:\/\/universnews224.com\/#organization"},"keywords":["A la une"],"articleSection":["ACTU","CULTURE"],"inLanguage":"fr-FR"},{"@type":"WebPage","@id":"https:\/\/universnews224.com\/index.php\/conakry-vers-la-tenue-de-la-5eme-edition-du-festival-garba\/","url":"https:\/\/universnews224.com\/index.php\/conakry-vers-la-tenue-de-la-5eme-edition-du-festival-garba\/","name":"Conakry: vers la tenue de la\u00a0 5\u00e8me \u00e9dition du festival Garba.\u00a0 - UNIVERSNEWS224","isPartOf":{"@id":"https:\/\/universnews224.com\/#website"},"datePublished":"2025-10-28T12:43:03+00:00","dateModified":"2025-10-28T12:43:03+00:00","inLanguage":"fr-FR","potentialAction":[{"@type":"ReadAction","target":["https:\/\/universnews224.com\/index.php\/conakry-vers-la-tenue-de-la-5eme-edition-du-festival-garba\/"]}]},{"@type":"WebSite","@id":"https:\/\/universnews224.com\/#website","url":"https:\/\/universnews224.com\/","name":"UNIVERSNEWS224","description":"","publisher":{"@id":"https:\/\/universnews224.com\/#organization"},"potentialAction":[{"@type":"SearchAction","target":{"@type":"EntryPoint","urlTemplate":"https:\/\/universnews224.com\/?s={search_term_string}"},"query-input":"required name=search_term_string"}],"inLanguage":"fr-FR"},{"@type":"Organization","@id":"https:\/\/universnews224.com\/#organization","name":"UNIVERSNEWS224","url":"https:\/\/universnews224.com\/","logo":{"@type":"ImageObject","inLanguage":"fr-FR","@id":"https:\/\/universnews224.com\/#\/schema\/logo\/image\/","url":"https:\/\/universnews224.com\/wp-content\/uploads\/2022\/08\/cropped-cropped-logoban.jpg","contentUrl":"https:\/\/universnews224.com\/wp-content\/uploads\/2022\/08\/cropped-cropped-logoban.jpg","width":1080,"height":138,"caption":"UNIVERSNEWS224"},"image":{"@id":"https:\/\/universnews224.com\/#\/schema\/logo\/image\/"}},{"@type":"Person","@id":"https:\/\/universnews224.com\/#\/schema\/person\/a4b7d4f94a4716df60456a491260485e","name":"La R\u00e9daction","image":{"@type":"ImageObject","inLanguage":"fr-FR","@id":"https:\/\/universnews224.com\/#\/schema\/person\/image\/","url":"https:\/\/secure.gravatar.com\/avatar\/edb90acc7752b23e1b3307ad36c14f0d?s=96&d=mm&r=g","contentUrl":"https:\/\/secure.gravatar.com\/avatar\/edb90acc7752b23e1b3307ad36c14f0d?s=96&d=mm&r=g","caption":"La R\u00e9daction"},"sameAs":["https:\/\/universnews224.com"],"url":"https:\/\/universnews224.com\/index.php\/author\/m-camara\/"}]}},"_links":{"self":[{"href":"https:\/\/universnews224.com\/index.php\/wp-json\/wp\/v2\/posts\/9439"}],"collection":[{"href":"https:\/\/universnews224.com\/index.php\/wp-json\/wp\/v2\/posts"}],"about":[{"href":"https:\/\/universnews224.com\/index.php\/wp-json\/wp\/v2\/types\/post"}],"author":[{"embeddable":true,"href":"https:\/\/universnews224.com\/index.php\/wp-json\/wp\/v2\/users\/2"}],"replies":[{"embeddable":true,"href":"https:\/\/universnews224.com\/index.php\/wp-json\/wp\/v2\/comments?post=9439"}],"version-history":[{"count":1,"href":"https:\/\/universnews224.com\/index.php\/wp-json\/wp\/v2\/posts\/9439\/revisions"}],"predecessor-version":[{"id":9444,"href":"https:\/\/universnews224.com\/index.php\/wp-json\/wp\/v2\/posts\/9439\/revisions\/9444"}],"wp:featuredmedia":[{"embeddable":true,"href":"https:\/\/universnews224.com\/index.php\/wp-json\/wp\/v2\/media\/9441"}],"wp:attachment":[{"href":"https:\/\/universnews224.com\/index.php\/wp-json\/wp\/v2\/media?parent=9439"}],"wp:term":[{"taxonomy":"category","embeddable":true,"href":"https:\/\/universnews224.com\/index.php\/wp-json\/wp\/v2\/categories?post=9439"},{"taxonomy":"post_tag","embeddable":true,"href":"https:\/\/universnews224.com\/index.php\/wp-json\/wp\/v2\/tags?post=9439"}],"curies":[{"name":"wp","href":"https:\/\/api.w.org\/{rel}","templated":true}]}}