{"id":9450,"date":"2025-10-28T22:03:17","date_gmt":"2025-10-28T21:03:17","guid":{"rendered":"https:\/\/universnews224.com\/?p=9450"},"modified":"2025-10-28T22:03:17","modified_gmt":"2025-10-28T21:03:17","slug":"justice-apres-4-ans-passes-devant-les-barreaux-amadou-damaro-camara-rentre-a-la-maison","status":"publish","type":"post","link":"https:\/\/universnews224.com\/index.php\/justice-apres-4-ans-passes-devant-les-barreaux-amadou-damaro-camara-rentre-a-la-maison\/","title":{"rendered":"Justice: Apr\u00e8s 4 ans pass\u00e9s devant les barreaux, Amadou Damaro Camara rentre \u00e0 la maison.\u00a0"},"content":{"rendered":"<p>Apr\u00e8s quatre\u00a0 (4) ann\u00e9es pass\u00e9es devant les barreaux, l\u2019ancien pr\u00e9sident de l\u2019Assembl\u00e9e nationale, Amadou Damaro Camara condamn\u00e9 pour d\u00e9tournement de deniers publics et enrichissement illicite,a recouvr\u00e9 sa libert\u00e9 ce mardi 28 octobre 2025.<\/p>\n<div dir=\"auto\"><\/div>\n<div dir=\"auto\">Avant sa lib\u00e9ration, Amadou Damaro Camara \u00e9tait alit\u00e9 \u00e0 l\u2019h\u00f4pital Sino-guin\u00e9en de Conakry depuis plus de deux ans. Il avait \u00e9t\u00e9 condamn\u00e9 pour d\u00e9tournement de deniers publics et enrichissement illicite.<\/div>\n","protected":false},"excerpt":{"rendered":"<p>Apr\u00e8s quatre\u00a0 (4) ann\u00e9es pass\u00e9es devant les barreaux, l\u2019ancien pr\u00e9sident de l\u2019Assembl\u00e9e nationale, Amadou Damaro<\/p>\n","protected":false},"author":2,"featured_media":9451,"comment_status":"closed","ping_status":"open","sticky":false,"template":"","format":"standard","meta":[],"categories":[3,4],"tags":[237],"yoast_head":"<!-- This site is optimized with the Yoast SEO plugin v19.13 - https:\/\/yoast.com\/wordpress\/plugins\/seo\/ -->\n<title>Justice: Apr\u00e8s 4 ans pass\u00e9s devant les barreaux, Amadou Damaro Camara rentre \u00e0 la maison.\u00a0 - UNIVERSNEWS224<\/title>\n<meta name=\"robots\" content=\"index, follow, max-snippet:-1, max-image-preview:large, max-video-preview:-1\" \/>\n<link rel=\"canonical\" href=\"https:\/\/universnews224.com\/index.php\/justice-apres-4-ans-passes-devant-les-barreaux-amadou-damaro-camara-rentre-a-la-maison\/\" \/>\n<meta property=\"og:locale\" content=\"fr_FR\" \/>\n<meta property=\"og:type\" content=\"article\" \/>\n<meta property=\"og:title\" content=\"Justice: Apr\u00e8s 4 ans pass\u00e9s devant les barreaux, Amadou Damaro Camara rentre \u00e0 la maison.\u00a0 - UNIVERSNEWS224\" \/>\n<meta property=\"og:description\" content=\"Apr\u00e8s quatre\u00a0 (4) ann\u00e9es pass\u00e9es devant les barreaux, l\u2019ancien pr\u00e9sident de l\u2019Assembl\u00e9e nationale, Amadou Damaro\" \/>\n<meta property=\"og:url\" content=\"https:\/\/universnews224.com\/index.php\/justice-apres-4-ans-passes-devant-les-barreaux-amadou-damaro-camara-rentre-a-la-maison\/\" \/>\n<meta property=\"og:site_name\" content=\"UNIVERSNEWS224\" \/>\n<meta property=\"article:published_time\" content=\"2025-10-28T21:03:17+00:00\" \/>\n<meta property=\"og:image\" content=\"https:\/\/universnews224.com\/wp-content\/uploads\/2025\/10\/FB_IMG_1761684568659.jpg\" \/>\n\t<meta property=\"og:image:width\" content=\"1045\" \/>\n\t<meta property=\"og:image:height\" content=\"595\" \/>\n\t<meta property=\"og:image:type\" content=\"image\/jpeg\" \/>\n<meta name=\"author\" content=\"La R\u00e9daction\" \/>\n<meta name=\"twitter:label1\" content=\"\u00c9crit par\" \/>\n\t<meta name=\"twitter:data1\" content=\"La R\u00e9daction\" \/>\n\t<meta name=\"twitter:label2\" content=\"Dur\u00e9e de lecture estim\u00e9e\" \/>\n\t<meta name=\"twitter:data2\" content=\"1 minute\" \/>\n<script type=\"application\/ld+json\" class=\"yoast-schema-graph\">{\"@context\":\"https:\/\/schema.org\",\"@graph\":[{\"@type\":\"Article\",\"@id\":\"https:\/\/universnews224.com\/index.php\/justice-apres-4-ans-passes-devant-les-barreaux-amadou-damaro-camara-rentre-a-la-maison\/#article\",\"isPartOf\":{\"@id\":\"https:\/\/universnews224.com\/index.php\/justice-apres-4-ans-passes-devant-les-barreaux-amadou-damaro-camara-rentre-a-la-maison\/\"},\"author\":{\"name\":\"La R\u00e9daction\",\"@id\":\"https:\/\/universnews224.com\/#\/schema\/person\/a4b7d4f94a4716df60456a491260485e\"},\"headline\":\"Justice: Apr\u00e8s 4 ans pass\u00e9s devant les barreaux, Amadou Damaro Camara rentre \u00e0 la maison.\u00a0\",\"datePublished\":\"2025-10-28T21:03:17+00:00\",\"dateModified\":\"2025-10-28T21:03:17+00:00\",\"mainEntityOfPage\":{\"@id\":\"https:\/\/universnews224.com\/index.php\/justice-apres-4-ans-passes-devant-les-barreaux-amadou-damaro-camara-rentre-a-la-maison\/\"},\"wordCount\":88,\"publisher\":{\"@id\":\"https:\/\/universnews224.com\/#organization\"},\"keywords\":[\"A la une\"],\"articleSection\":[\"ACTU\",\"POLITIQUE\"],\"inLanguage\":\"fr-FR\"},{\"@type\":\"WebPage\",\"@id\":\"https:\/\/universnews224.com\/index.php\/justice-apres-4-ans-passes-devant-les-barreaux-amadou-damaro-camara-rentre-a-la-maison\/\",\"url\":\"https:\/\/universnews224.com\/index.php\/justice-apres-4-ans-passes-devant-les-barreaux-amadou-damaro-camara-rentre-a-la-maison\/\",\"name\":\"Justice: Apr\u00e8s 4 ans pass\u00e9s devant les barreaux, Amadou Damaro Camara rentre \u00e0 la maison.\u00a0 - UNIVERSNEWS224\",\"isPartOf\":{\"@id\":\"https:\/\/universnews224.com\/#website\"},\"datePublished\":\"2025-10-28T21:03:17+00:00\",\"dateModified\":\"2025-10-28T21:03:17+00:00\",\"inLanguage\":\"fr-FR\",\"potentialAction\":[{\"@type\":\"ReadAction\",\"target\":[\"https:\/\/universnews224.com\/index.php\/justice-apres-4-ans-passes-devant-les-barreaux-amadou-damaro-camara-rentre-a-la-maison\/\"]}]},{\"@type\":\"WebSite\",\"@id\":\"https:\/\/universnews224.com\/#website\",\"url\":\"https:\/\/universnews224.com\/\",\"name\":\"UNIVERSNEWS224\",\"description\":\"\",\"publisher\":{\"@id\":\"https:\/\/universnews224.com\/#organization\"},\"potentialAction\":[{\"@type\":\"SearchAction\",\"target\":{\"@type\":\"EntryPoint\",\"urlTemplate\":\"https:\/\/universnews224.com\/?s={search_term_string}\"},\"query-input\":\"required name=search_term_string\"}],\"inLanguage\":\"fr-FR\"},{\"@type\":\"Organization\",\"@id\":\"https:\/\/universnews224.com\/#organization\",\"name\":\"UNIVERSNEWS224\",\"url\":\"https:\/\/universnews224.com\/\",\"logo\":{\"@type\":\"ImageObject\",\"inLanguage\":\"fr-FR\",\"@id\":\"https:\/\/universnews224.com\/#\/schema\/logo\/image\/\",\"url\":\"https:\/\/universnews224.com\/wp-content\/uploads\/2022\/08\/cropped-cropped-logoban.jpg\",\"contentUrl\":\"https:\/\/universnews224.com\/wp-content\/uploads\/2022\/08\/cropped-cropped-logoban.jpg\",\"width\":1080,\"height\":138,\"caption\":\"UNIVERSNEWS224\"},\"image\":{\"@id\":\"https:\/\/universnews224.com\/#\/schema\/logo\/image\/\"}},{\"@type\":\"Person\",\"@id\":\"https:\/\/universnews224.com\/#\/schema\/person\/a4b7d4f94a4716df60456a491260485e\",\"name\":\"La R\u00e9daction\",\"image\":{\"@type\":\"ImageObject\",\"inLanguage\":\"fr-FR\",\"@id\":\"https:\/\/universnews224.com\/#\/schema\/person\/image\/\",\"url\":\"https:\/\/secure.gravatar.com\/avatar\/edb90acc7752b23e1b3307ad36c14f0d?s=96&d=mm&r=g\",\"contentUrl\":\"https:\/\/secure.gravatar.com\/avatar\/edb90acc7752b23e1b3307ad36c14f0d?s=96&d=mm&r=g\",\"caption\":\"La R\u00e9daction\"},\"sameAs\":[\"https:\/\/universnews224.com\"],\"url\":\"https:\/\/universnews224.com\/index.php\/author\/m-camara\/\"}]}<\/script>\n<!-- \/ Yoast SEO plugin. -->","yoast_head_json":{"title":"Justice: Apr\u00e8s 4 ans pass\u00e9s devant les barreaux, Amadou Damaro Camara rentre \u00e0 la maison.\u00a0 - UNIVERSNEWS224","robots":{"index":"index","follow":"follow","max-snippet":"max-snippet:-1","max-image-preview":"max-image-preview:large","max-video-preview":"max-video-preview:-1"},"canonical":"https:\/\/universnews224.com\/index.php\/justice-apres-4-ans-passes-devant-les-barreaux-amadou-damaro-camara-rentre-a-la-maison\/","og_locale":"fr_FR","og_type":"article","og_title":"Justice: Apr\u00e8s 4 ans pass\u00e9s devant les barreaux, Amadou Damaro Camara rentre \u00e0 la maison.\u00a0 - UNIVERSNEWS224","og_description":"Apr\u00e8s quatre\u00a0 (4) ann\u00e9es pass\u00e9es devant les barreaux, l\u2019ancien pr\u00e9sident de l\u2019Assembl\u00e9e nationale, Amadou Damaro","og_url":"https:\/\/universnews224.com\/index.php\/justice-apres-4-ans-passes-devant-les-barreaux-amadou-damaro-camara-rentre-a-la-maison\/","og_site_name":"UNIVERSNEWS224","article_published_time":"2025-10-28T21:03:17+00:00","og_image":[{"width":1045,"height":595,"url":"https:\/\/universnews224.com\/wp-content\/uploads\/2025\/10\/FB_IMG_1761684568659.jpg","type":"image\/jpeg"}],"author":"La R\u00e9daction","twitter_misc":{"\u00c9crit par":"La R\u00e9daction","Dur\u00e9e de lecture estim\u00e9e":"1 minute"},"schema":{"@context":"https:\/\/schema.org","@graph":[{"@type":"Article","@id":"https:\/\/universnews224.com\/index.php\/justice-apres-4-ans-passes-devant-les-barreaux-amadou-damaro-camara-rentre-a-la-maison\/#article","isPartOf":{"@id":"https:\/\/universnews224.com\/index.php\/justice-apres-4-ans-passes-devant-les-barreaux-amadou-damaro-camara-rentre-a-la-maison\/"},"author":{"name":"La R\u00e9daction","@id":"https:\/\/universnews224.com\/#\/schema\/person\/a4b7d4f94a4716df60456a491260485e"},"headline":"Justice: Apr\u00e8s 4 ans pass\u00e9s devant les barreaux, Amadou Damaro Camara rentre \u00e0 la maison.\u00a0","datePublished":"2025-10-28T21:03:17+00:00","dateModified":"2025-10-28T21:03:17+00:00","mainEntityOfPage":{"@id":"https:\/\/universnews224.com\/index.php\/justice-apres-4-ans-passes-devant-les-barreaux-amadou-damaro-camara-rentre-a-la-maison\/"},"wordCount":88,"publisher":{"@id":"https:\/\/universnews224.com\/#organization"},"keywords":["A la une"],"articleSection":["ACTU","POLITIQUE"],"inLanguage":"fr-FR"},{"@type":"WebPage","@id":"https:\/\/universnews224.com\/index.php\/justice-apres-4-ans-passes-devant-les-barreaux-amadou-damaro-camara-rentre-a-la-maison\/","url":"https:\/\/universnews224.com\/index.php\/justice-apres-4-ans-passes-devant-les-barreaux-amadou-damaro-camara-rentre-a-la-maison\/","name":"Justice: Apr\u00e8s 4 ans pass\u00e9s devant les barreaux, Amadou Damaro Camara rentre \u00e0 la maison.\u00a0 - UNIVERSNEWS224","isPartOf":{"@id":"https:\/\/universnews224.com\/#website"},"datePublished":"2025-10-28T21:03:17+00:00","dateModified":"2025-10-28T21:03:17+00:00","inLanguage":"fr-FR","potentialAction":[{"@type":"ReadAction","target":["https:\/\/universnews224.com\/index.php\/justice-apres-4-ans-passes-devant-les-barreaux-amadou-damaro-camara-rentre-a-la-maison\/"]}]},{"@type":"WebSite","@id":"https:\/\/universnews224.com\/#website","url":"https:\/\/universnews224.com\/","name":"UNIVERSNEWS224","description":"","publisher":{"@id":"https:\/\/universnews224.com\/#organization"},"potentialAction":[{"@type":"SearchAction","target":{"@type":"EntryPoint","urlTemplate":"https:\/\/universnews224.com\/?s={search_term_string}"},"query-input":"required name=search_term_string"}],"inLanguage":"fr-FR"},{"@type":"Organization","@id":"https:\/\/universnews224.com\/#organization","name":"UNIVERSNEWS224","url":"https:\/\/universnews224.com\/","logo":{"@type":"ImageObject","inLanguage":"fr-FR","@id":"https:\/\/universnews224.com\/#\/schema\/logo\/image\/","url":"https:\/\/universnews224.com\/wp-content\/uploads\/2022\/08\/cropped-cropped-logoban.jpg","contentUrl":"https:\/\/universnews224.com\/wp-content\/uploads\/2022\/08\/cropped-cropped-logoban.jpg","width":1080,"height":138,"caption":"UNIVERSNEWS224"},"image":{"@id":"https:\/\/universnews224.com\/#\/schema\/logo\/image\/"}},{"@type":"Person","@id":"https:\/\/universnews224.com\/#\/schema\/person\/a4b7d4f94a4716df60456a491260485e","name":"La R\u00e9daction","image":{"@type":"ImageObject","inLanguage":"fr-FR","@id":"https:\/\/universnews224.com\/#\/schema\/person\/image\/","url":"https:\/\/secure.gravatar.com\/avatar\/edb90acc7752b23e1b3307ad36c14f0d?s=96&d=mm&r=g","contentUrl":"https:\/\/secure.gravatar.com\/avatar\/edb90acc7752b23e1b3307ad36c14f0d?s=96&d=mm&r=g","caption":"La R\u00e9daction"},"sameAs":["https:\/\/universnews224.com"],"url":"https:\/\/universnews224.com\/index.php\/author\/m-camara\/"}]}},"_links":{"self":[{"href":"https:\/\/universnews224.com\/index.php\/wp-json\/wp\/v2\/posts\/9450"}],"collection":[{"href":"https:\/\/universnews224.com\/index.php\/wp-json\/wp\/v2\/posts"}],"about":[{"href":"https:\/\/universnews224.com\/index.php\/wp-json\/wp\/v2\/types\/post"}],"author":[{"embeddable":true,"href":"https:\/\/universnews224.com\/index.php\/wp-json\/wp\/v2\/users\/2"}],"replies":[{"embeddable":true,"href":"https:\/\/universnews224.com\/index.php\/wp-json\/wp\/v2\/comments?post=9450"}],"version-history":[{"count":1,"href":"https:\/\/universnews224.com\/index.php\/wp-json\/wp\/v2\/posts\/9450\/revisions"}],"predecessor-version":[{"id":9452,"href":"https:\/\/universnews224.com\/index.php\/wp-json\/wp\/v2\/posts\/9450\/revisions\/9452"}],"wp:featuredmedia":[{"embeddable":true,"href":"https:\/\/universnews224.com\/index.php\/wp-json\/wp\/v2\/media\/9451"}],"wp:attachment":[{"href":"https:\/\/universnews224.com\/index.php\/wp-json\/wp\/v2\/media?parent=9450"}],"wp:term":[{"taxonomy":"category","embeddable":true,"href":"https:\/\/universnews224.com\/index.php\/wp-json\/wp\/v2\/categories?post=9450"},{"taxonomy":"post_tag","embeddable":true,"href":"https:\/\/universnews224.com\/index.php\/wp-json\/wp\/v2\/tags?post=9450"}],"curies":[{"name":"wp","href":"https:\/\/api.w.org\/{rel}","templated":true}]}}