{"id":9491,"date":"2025-11-03T18:02:06","date_gmt":"2025-11-03T17:02:06","guid":{"rendered":"https:\/\/universnews224.com\/?p=9491"},"modified":"2025-11-03T18:02:06","modified_gmt":"2025-11-03T17:02:06","slug":"presidentielle-2025-le-general-mamadi-doumbouya-a-depose-sa-candidature","status":"publish","type":"post","link":"https:\/\/universnews224.com\/index.php\/presidentielle-2025-le-general-mamadi-doumbouya-a-depose-sa-candidature\/","title":{"rendered":"Pr\u00e9sidentielle 2025: Le G\u00e9n\u00e9ral Mamadi Doumbouya a d\u00e9pos\u00e9 sa candidature."},"content":{"rendered":"<div dir=\"auto\"><\/div>\n<div dir=\"auto\">C&rsquo;est d\u00e9sormais officiel! Le pr\u00e9sident de la transition, G\u00e9n\u00e9ral Mamadi Doumbouya participera bel et bien \u00e0 l&rsquo;\u00e9lection pr\u00e9sidentielle du 28 decembre 2025.<\/div>\n<div dir=\"auto\"><\/div>\n<div dir=\"auto\">L&rsquo;homme du 05 septembre 2021 est arriv\u00e9 ce lundi, 03 novembre 2025 \u00e0 la Cour supr\u00eame pour d\u00e9poser ses dossier de candidature.<\/div>\n<div dir=\"auto\"><\/div>\n<div dir=\"auto\">Le G\u00e9n\u00e9ral Mamadi Doumbouya est arriv\u00e9 \u00e0 16h 00, sous une forte escorte militaire \u00e0 16h 00. Accueilli par ses partisans forte mobilis\u00e9s, le tombeur d&rsquo;Alpha Cond\u00e9, les salu\u00e9 avant de s&rsquo;engouffrer dans la cour de Cour supr\u00eame.Le tout encadr\u00e9 par un imposant dispositif s\u00e9curitaire.<\/div>\n<div dir=\"auto\"><\/div>\n<div dir=\"auto\"><\/div>\n<div dir=\"auto\"><\/div>\n","protected":false},"excerpt":{"rendered":"<p>C&rsquo;est d\u00e9sormais officiel! Le pr\u00e9sident de la transition, G\u00e9n\u00e9ral Mamadi Doumbouya participera bel et bien<\/p>\n","protected":false},"author":2,"featured_media":9492,"comment_status":"closed","ping_status":"open","sticky":false,"template":"","format":"standard","meta":[],"categories":[3,4],"tags":[237],"yoast_head":"<!-- This site is optimized with the Yoast SEO plugin v19.13 - https:\/\/yoast.com\/wordpress\/plugins\/seo\/ -->\n<title>Pr\u00e9sidentielle 2025: Le G\u00e9n\u00e9ral Mamadi Doumbouya a d\u00e9pos\u00e9 sa candidature. - UNIVERSNEWS224<\/title>\n<meta name=\"robots\" content=\"index, follow, max-snippet:-1, max-image-preview:large, max-video-preview:-1\" \/>\n<link rel=\"canonical\" href=\"https:\/\/universnews224.com\/index.php\/presidentielle-2025-le-general-mamadi-doumbouya-a-depose-sa-candidature\/\" \/>\n<meta property=\"og:locale\" content=\"fr_FR\" \/>\n<meta property=\"og:type\" content=\"article\" \/>\n<meta property=\"og:title\" content=\"Pr\u00e9sidentielle 2025: Le G\u00e9n\u00e9ral Mamadi Doumbouya a d\u00e9pos\u00e9 sa candidature. - UNIVERSNEWS224\" \/>\n<meta property=\"og:description\" content=\"C&rsquo;est d\u00e9sormais officiel! Le pr\u00e9sident de la transition, G\u00e9n\u00e9ral Mamadi Doumbouya participera bel et bien\" \/>\n<meta property=\"og:url\" content=\"https:\/\/universnews224.com\/index.php\/presidentielle-2025-le-general-mamadi-doumbouya-a-depose-sa-candidature\/\" \/>\n<meta property=\"og:site_name\" content=\"UNIVERSNEWS224\" \/>\n<meta property=\"article:published_time\" content=\"2025-11-03T17:02:06+00:00\" \/>\n<meta property=\"og:image\" content=\"https:\/\/universnews224.com\/wp-content\/uploads\/2025\/11\/20251103_160913-scaled.jpg\" \/>\n\t<meta property=\"og:image:width\" content=\"2560\" \/>\n\t<meta property=\"og:image:height\" content=\"1441\" \/>\n\t<meta property=\"og:image:type\" content=\"image\/jpeg\" \/>\n<meta name=\"author\" content=\"La R\u00e9daction\" \/>\n<meta name=\"twitter:label1\" content=\"\u00c9crit par\" \/>\n\t<meta name=\"twitter:data1\" content=\"La R\u00e9daction\" \/>\n\t<meta name=\"twitter:label2\" content=\"Dur\u00e9e de lecture estim\u00e9e\" \/>\n\t<meta name=\"twitter:data2\" content=\"1 minute\" \/>\n<script type=\"application\/ld+json\" class=\"yoast-schema-graph\">{\"@context\":\"https:\/\/schema.org\",\"@graph\":[{\"@type\":\"Article\",\"@id\":\"https:\/\/universnews224.com\/index.php\/presidentielle-2025-le-general-mamadi-doumbouya-a-depose-sa-candidature\/#article\",\"isPartOf\":{\"@id\":\"https:\/\/universnews224.com\/index.php\/presidentielle-2025-le-general-mamadi-doumbouya-a-depose-sa-candidature\/\"},\"author\":{\"name\":\"La R\u00e9daction\",\"@id\":\"https:\/\/universnews224.com\/#\/schema\/person\/a4b7d4f94a4716df60456a491260485e\"},\"headline\":\"Pr\u00e9sidentielle 2025: Le G\u00e9n\u00e9ral Mamadi Doumbouya a d\u00e9pos\u00e9 sa candidature.\",\"datePublished\":\"2025-11-03T17:02:06+00:00\",\"dateModified\":\"2025-11-03T17:02:06+00:00\",\"mainEntityOfPage\":{\"@id\":\"https:\/\/universnews224.com\/index.php\/presidentielle-2025-le-general-mamadi-doumbouya-a-depose-sa-candidature\/\"},\"wordCount\":104,\"publisher\":{\"@id\":\"https:\/\/universnews224.com\/#organization\"},\"keywords\":[\"A la une\"],\"articleSection\":[\"ACTU\",\"POLITIQUE\"],\"inLanguage\":\"fr-FR\"},{\"@type\":\"WebPage\",\"@id\":\"https:\/\/universnews224.com\/index.php\/presidentielle-2025-le-general-mamadi-doumbouya-a-depose-sa-candidature\/\",\"url\":\"https:\/\/universnews224.com\/index.php\/presidentielle-2025-le-general-mamadi-doumbouya-a-depose-sa-candidature\/\",\"name\":\"Pr\u00e9sidentielle 2025: Le G\u00e9n\u00e9ral Mamadi Doumbouya a d\u00e9pos\u00e9 sa candidature. - UNIVERSNEWS224\",\"isPartOf\":{\"@id\":\"https:\/\/universnews224.com\/#website\"},\"datePublished\":\"2025-11-03T17:02:06+00:00\",\"dateModified\":\"2025-11-03T17:02:06+00:00\",\"inLanguage\":\"fr-FR\",\"potentialAction\":[{\"@type\":\"ReadAction\",\"target\":[\"https:\/\/universnews224.com\/index.php\/presidentielle-2025-le-general-mamadi-doumbouya-a-depose-sa-candidature\/\"]}]},{\"@type\":\"WebSite\",\"@id\":\"https:\/\/universnews224.com\/#website\",\"url\":\"https:\/\/universnews224.com\/\",\"name\":\"UNIVERSNEWS224\",\"description\":\"\",\"publisher\":{\"@id\":\"https:\/\/universnews224.com\/#organization\"},\"potentialAction\":[{\"@type\":\"SearchAction\",\"target\":{\"@type\":\"EntryPoint\",\"urlTemplate\":\"https:\/\/universnews224.com\/?s={search_term_string}\"},\"query-input\":\"required name=search_term_string\"}],\"inLanguage\":\"fr-FR\"},{\"@type\":\"Organization\",\"@id\":\"https:\/\/universnews224.com\/#organization\",\"name\":\"UNIVERSNEWS224\",\"url\":\"https:\/\/universnews224.com\/\",\"logo\":{\"@type\":\"ImageObject\",\"inLanguage\":\"fr-FR\",\"@id\":\"https:\/\/universnews224.com\/#\/schema\/logo\/image\/\",\"url\":\"https:\/\/universnews224.com\/wp-content\/uploads\/2022\/08\/cropped-cropped-logoban.jpg\",\"contentUrl\":\"https:\/\/universnews224.com\/wp-content\/uploads\/2022\/08\/cropped-cropped-logoban.jpg\",\"width\":1080,\"height\":138,\"caption\":\"UNIVERSNEWS224\"},\"image\":{\"@id\":\"https:\/\/universnews224.com\/#\/schema\/logo\/image\/\"}},{\"@type\":\"Person\",\"@id\":\"https:\/\/universnews224.com\/#\/schema\/person\/a4b7d4f94a4716df60456a491260485e\",\"name\":\"La R\u00e9daction\",\"image\":{\"@type\":\"ImageObject\",\"inLanguage\":\"fr-FR\",\"@id\":\"https:\/\/universnews224.com\/#\/schema\/person\/image\/\",\"url\":\"https:\/\/secure.gravatar.com\/avatar\/edb90acc7752b23e1b3307ad36c14f0d?s=96&d=mm&r=g\",\"contentUrl\":\"https:\/\/secure.gravatar.com\/avatar\/edb90acc7752b23e1b3307ad36c14f0d?s=96&d=mm&r=g\",\"caption\":\"La R\u00e9daction\"},\"sameAs\":[\"https:\/\/universnews224.com\"],\"url\":\"https:\/\/universnews224.com\/index.php\/author\/m-camara\/\"}]}<\/script>\n<!-- \/ Yoast SEO plugin. -->","yoast_head_json":{"title":"Pr\u00e9sidentielle 2025: Le G\u00e9n\u00e9ral Mamadi Doumbouya a d\u00e9pos\u00e9 sa candidature. - UNIVERSNEWS224","robots":{"index":"index","follow":"follow","max-snippet":"max-snippet:-1","max-image-preview":"max-image-preview:large","max-video-preview":"max-video-preview:-1"},"canonical":"https:\/\/universnews224.com\/index.php\/presidentielle-2025-le-general-mamadi-doumbouya-a-depose-sa-candidature\/","og_locale":"fr_FR","og_type":"article","og_title":"Pr\u00e9sidentielle 2025: Le G\u00e9n\u00e9ral Mamadi Doumbouya a d\u00e9pos\u00e9 sa candidature. - UNIVERSNEWS224","og_description":"C&rsquo;est d\u00e9sormais officiel! Le pr\u00e9sident de la transition, G\u00e9n\u00e9ral Mamadi Doumbouya participera bel et bien","og_url":"https:\/\/universnews224.com\/index.php\/presidentielle-2025-le-general-mamadi-doumbouya-a-depose-sa-candidature\/","og_site_name":"UNIVERSNEWS224","article_published_time":"2025-11-03T17:02:06+00:00","og_image":[{"width":2560,"height":1441,"url":"https:\/\/universnews224.com\/wp-content\/uploads\/2025\/11\/20251103_160913-scaled.jpg","type":"image\/jpeg"}],"author":"La R\u00e9daction","twitter_misc":{"\u00c9crit par":"La R\u00e9daction","Dur\u00e9e de lecture estim\u00e9e":"1 minute"},"schema":{"@context":"https:\/\/schema.org","@graph":[{"@type":"Article","@id":"https:\/\/universnews224.com\/index.php\/presidentielle-2025-le-general-mamadi-doumbouya-a-depose-sa-candidature\/#article","isPartOf":{"@id":"https:\/\/universnews224.com\/index.php\/presidentielle-2025-le-general-mamadi-doumbouya-a-depose-sa-candidature\/"},"author":{"name":"La R\u00e9daction","@id":"https:\/\/universnews224.com\/#\/schema\/person\/a4b7d4f94a4716df60456a491260485e"},"headline":"Pr\u00e9sidentielle 2025: Le G\u00e9n\u00e9ral Mamadi Doumbouya a d\u00e9pos\u00e9 sa candidature.","datePublished":"2025-11-03T17:02:06+00:00","dateModified":"2025-11-03T17:02:06+00:00","mainEntityOfPage":{"@id":"https:\/\/universnews224.com\/index.php\/presidentielle-2025-le-general-mamadi-doumbouya-a-depose-sa-candidature\/"},"wordCount":104,"publisher":{"@id":"https:\/\/universnews224.com\/#organization"},"keywords":["A la une"],"articleSection":["ACTU","POLITIQUE"],"inLanguage":"fr-FR"},{"@type":"WebPage","@id":"https:\/\/universnews224.com\/index.php\/presidentielle-2025-le-general-mamadi-doumbouya-a-depose-sa-candidature\/","url":"https:\/\/universnews224.com\/index.php\/presidentielle-2025-le-general-mamadi-doumbouya-a-depose-sa-candidature\/","name":"Pr\u00e9sidentielle 2025: Le G\u00e9n\u00e9ral Mamadi Doumbouya a d\u00e9pos\u00e9 sa candidature. - UNIVERSNEWS224","isPartOf":{"@id":"https:\/\/universnews224.com\/#website"},"datePublished":"2025-11-03T17:02:06+00:00","dateModified":"2025-11-03T17:02:06+00:00","inLanguage":"fr-FR","potentialAction":[{"@type":"ReadAction","target":["https:\/\/universnews224.com\/index.php\/presidentielle-2025-le-general-mamadi-doumbouya-a-depose-sa-candidature\/"]}]},{"@type":"WebSite","@id":"https:\/\/universnews224.com\/#website","url":"https:\/\/universnews224.com\/","name":"UNIVERSNEWS224","description":"","publisher":{"@id":"https:\/\/universnews224.com\/#organization"},"potentialAction":[{"@type":"SearchAction","target":{"@type":"EntryPoint","urlTemplate":"https:\/\/universnews224.com\/?s={search_term_string}"},"query-input":"required name=search_term_string"}],"inLanguage":"fr-FR"},{"@type":"Organization","@id":"https:\/\/universnews224.com\/#organization","name":"UNIVERSNEWS224","url":"https:\/\/universnews224.com\/","logo":{"@type":"ImageObject","inLanguage":"fr-FR","@id":"https:\/\/universnews224.com\/#\/schema\/logo\/image\/","url":"https:\/\/universnews224.com\/wp-content\/uploads\/2022\/08\/cropped-cropped-logoban.jpg","contentUrl":"https:\/\/universnews224.com\/wp-content\/uploads\/2022\/08\/cropped-cropped-logoban.jpg","width":1080,"height":138,"caption":"UNIVERSNEWS224"},"image":{"@id":"https:\/\/universnews224.com\/#\/schema\/logo\/image\/"}},{"@type":"Person","@id":"https:\/\/universnews224.com\/#\/schema\/person\/a4b7d4f94a4716df60456a491260485e","name":"La R\u00e9daction","image":{"@type":"ImageObject","inLanguage":"fr-FR","@id":"https:\/\/universnews224.com\/#\/schema\/person\/image\/","url":"https:\/\/secure.gravatar.com\/avatar\/edb90acc7752b23e1b3307ad36c14f0d?s=96&d=mm&r=g","contentUrl":"https:\/\/secure.gravatar.com\/avatar\/edb90acc7752b23e1b3307ad36c14f0d?s=96&d=mm&r=g","caption":"La R\u00e9daction"},"sameAs":["https:\/\/universnews224.com"],"url":"https:\/\/universnews224.com\/index.php\/author\/m-camara\/"}]}},"_links":{"self":[{"href":"https:\/\/universnews224.com\/index.php\/wp-json\/wp\/v2\/posts\/9491"}],"collection":[{"href":"https:\/\/universnews224.com\/index.php\/wp-json\/wp\/v2\/posts"}],"about":[{"href":"https:\/\/universnews224.com\/index.php\/wp-json\/wp\/v2\/types\/post"}],"author":[{"embeddable":true,"href":"https:\/\/universnews224.com\/index.php\/wp-json\/wp\/v2\/users\/2"}],"replies":[{"embeddable":true,"href":"https:\/\/universnews224.com\/index.php\/wp-json\/wp\/v2\/comments?post=9491"}],"version-history":[{"count":1,"href":"https:\/\/universnews224.com\/index.php\/wp-json\/wp\/v2\/posts\/9491\/revisions"}],"predecessor-version":[{"id":9493,"href":"https:\/\/universnews224.com\/index.php\/wp-json\/wp\/v2\/posts\/9491\/revisions\/9493"}],"wp:featuredmedia":[{"embeddable":true,"href":"https:\/\/universnews224.com\/index.php\/wp-json\/wp\/v2\/media\/9492"}],"wp:attachment":[{"href":"https:\/\/universnews224.com\/index.php\/wp-json\/wp\/v2\/media?parent=9491"}],"wp:term":[{"taxonomy":"category","embeddable":true,"href":"https:\/\/universnews224.com\/index.php\/wp-json\/wp\/v2\/categories?post=9491"},{"taxonomy":"post_tag","embeddable":true,"href":"https:\/\/universnews224.com\/index.php\/wp-json\/wp\/v2\/tags?post=9491"}],"curies":[{"name":"wp","href":"https:\/\/api.w.org\/{rel}","templated":true}]}}