{"id":9494,"date":"2025-11-03T18:10:53","date_gmt":"2025-11-03T17:10:53","guid":{"rendered":"https:\/\/universnews224.com\/?p=9494"},"modified":"2025-11-03T18:10:53","modified_gmt":"2025-11-03T17:10:53","slug":"cour-supreme-dr-mandiouf-mouro-sidibe-depose-sa-candidature-a-lelection-presidentielle-du-28-decembre","status":"publish","type":"post","link":"https:\/\/universnews224.com\/index.php\/cour-supreme-dr-mandiouf-mouro-sidibe-depose-sa-candidature-a-lelection-presidentielle-du-28-decembre\/","title":{"rendered":"Cour supr\u00eame: Dr Mandiouf Mouro Sidib\u00e9 d\u00e9pose sa candidature \u00e0 l&rsquo;\u00e9lection pr\u00e9sidentielle du 28 d\u00e9cembre."},"content":{"rendered":"<p>Dr. Mandiouf Mouro Sidib\u00e9, candidat ind\u00e9pendant, a officiellement d\u00e9pos\u00e9 ce lundi, 03 novembre 2025 \u00e0 la candidature \u00e0 l\u2019\u00e9lection pr\u00e9sidentielle du 28 d\u00e9cembre 2025. Il est arriv\u00e9e accompagn\u00e9e de ses collaborateurs et de nombreux sympathisants.<a href=\"https:\/\/universnews224.com\/wp-content\/uploads\/2025\/11\/IMG-20251103-WA0013.jpg\"><img loading=\"lazy\" class=\"alignnone size-medium wp-image-9495\" src=\"https:\/\/universnews224.com\/wp-content\/uploads\/2025\/11\/IMG-20251103-WA0013-300x169.jpg\" alt=\"\" width=\"300\" height=\"169\" srcset=\"https:\/\/universnews224.com\/wp-content\/uploads\/2025\/11\/IMG-20251103-WA0013-300x169.jpg 300w, https:\/\/universnews224.com\/wp-content\/uploads\/2025\/11\/IMG-20251103-WA0013-768x432.jpg 768w, https:\/\/universnews224.com\/wp-content\/uploads\/2025\/11\/IMG-20251103-WA0013-800x450.jpg 800w, https:\/\/universnews224.com\/wp-content\/uploads\/2025\/11\/IMG-20251103-WA0013.jpg 1008w\" sizes=\"(max-width: 300px) 100vw, 300px\" \/><\/a><\/p>\n<p>\u00ab\u00a0 Nous avons d\u00e9pos\u00e9 nos candidatures, les r\u00e9c\u00e9piss\u00e9s sont l\u00e0, en m\u00eame temps que les requ\u00eates qui sont l\u00e0. Parce que, en tant que candidat ind\u00e9pendant, je pense que vous savez les probl\u00e8mes que nous avons eus. Donc, nos candidatures, il faut que ces probl\u00e8mes soient r\u00e9gl\u00e9s compl\u00e8tement, avant que nous puissions continuer le reste du processus. Pour mon parti, c&rsquo;est une histoire longue, mais ce parti a manqu\u00e9 d&rsquo;agr\u00e9ment jusqu&rsquo;au dernier moment. Donc, si j&rsquo;avais attendu que ce probl\u00e8me soit r\u00e9solu, je n&rsquo;aurais pas pu poser ma candidature. C&rsquo;est pour cela qu&rsquo;en plan B, j&rsquo;ai pris la candidature ind\u00e9pendante. Et jusqu&rsquo;\u00e0 pr\u00e9sent, d&rsquo;ailleurs, je n&rsquo;ai pas ce document \u00bb, a indiqu\u00e9 Dr Mouro Sidib\u00e9.<\/p>\n<p>Pour le cas des candidats ind\u00e9pendants Dr. Ch\u00e9rif dira qu&rsquo;il y a des requ\u00eates qu&rsquo;ils ont fini d&rsquo;introduire pour demander \u00e0 la Cour supr\u00eame d&rsquo;essayer de sursoir sur cette signature de d\u00e9l\u00e9gation sp\u00e9ciale, parce que c&rsquo;est pratiquement impossible. \u00ab Mais puisqu&rsquo;il semble que leur chef \u00e9lergique est candidat, on sous-entend qu&rsquo;ils sont soumis \u00e0 certaines contraintes qui font qu&rsquo;ils ne veulent pas signer nos papiers \u00bb, a-t-il d\u00e9clar\u00e9.<\/p>\n<p>Alass Sylla pour universnews224.com 625.480.252.<\/p>\n","protected":false},"excerpt":{"rendered":"<p>Dr. Mandiouf Mouro Sidib\u00e9, candidat ind\u00e9pendant, a officiellement d\u00e9pos\u00e9 ce lundi, 03 novembre 2025 \u00e0<\/p>\n","protected":false},"author":2,"featured_media":9495,"comment_status":"closed","ping_status":"open","sticky":false,"template":"","format":"standard","meta":[],"categories":[3,4],"tags":[237],"yoast_head":"<!-- This site is optimized with the Yoast SEO plugin v19.13 - https:\/\/yoast.com\/wordpress\/plugins\/seo\/ -->\n<title>Cour supr\u00eame: Dr Mandiouf Mouro Sidib\u00e9 d\u00e9pose sa candidature \u00e0 l&#039;\u00e9lection pr\u00e9sidentielle du 28 d\u00e9cembre. - UNIVERSNEWS224<\/title>\n<meta name=\"robots\" content=\"index, follow, max-snippet:-1, max-image-preview:large, max-video-preview:-1\" \/>\n<link rel=\"canonical\" href=\"https:\/\/universnews224.com\/index.php\/cour-supreme-dr-mandiouf-mouro-sidibe-depose-sa-candidature-a-lelection-presidentielle-du-28-decembre\/\" \/>\n<meta property=\"og:locale\" content=\"fr_FR\" \/>\n<meta property=\"og:type\" content=\"article\" \/>\n<meta property=\"og:title\" content=\"Cour supr\u00eame: Dr Mandiouf Mouro Sidib\u00e9 d\u00e9pose sa candidature \u00e0 l&#039;\u00e9lection pr\u00e9sidentielle du 28 d\u00e9cembre. - UNIVERSNEWS224\" \/>\n<meta property=\"og:description\" content=\"Dr. Mandiouf Mouro Sidib\u00e9, candidat ind\u00e9pendant, a officiellement d\u00e9pos\u00e9 ce lundi, 03 novembre 2025 \u00e0\" \/>\n<meta property=\"og:url\" content=\"https:\/\/universnews224.com\/index.php\/cour-supreme-dr-mandiouf-mouro-sidibe-depose-sa-candidature-a-lelection-presidentielle-du-28-decembre\/\" \/>\n<meta property=\"og:site_name\" content=\"UNIVERSNEWS224\" \/>\n<meta property=\"article:published_time\" content=\"2025-11-03T17:10:53+00:00\" \/>\n<meta property=\"og:image\" content=\"https:\/\/universnews224.com\/wp-content\/uploads\/2025\/11\/IMG-20251103-WA0013.jpg\" \/>\n\t<meta property=\"og:image:width\" content=\"1008\" \/>\n\t<meta property=\"og:image:height\" content=\"567\" \/>\n\t<meta property=\"og:image:type\" content=\"image\/jpeg\" \/>\n<meta name=\"author\" content=\"La R\u00e9daction\" \/>\n<meta name=\"twitter:label1\" content=\"\u00c9crit par\" \/>\n\t<meta name=\"twitter:data1\" content=\"La R\u00e9daction\" \/>\n\t<meta name=\"twitter:label2\" content=\"Dur\u00e9e de lecture estim\u00e9e\" \/>\n\t<meta name=\"twitter:data2\" content=\"2 minutes\" \/>\n<script type=\"application\/ld+json\" class=\"yoast-schema-graph\">{\"@context\":\"https:\/\/schema.org\",\"@graph\":[{\"@type\":\"Article\",\"@id\":\"https:\/\/universnews224.com\/index.php\/cour-supreme-dr-mandiouf-mouro-sidibe-depose-sa-candidature-a-lelection-presidentielle-du-28-decembre\/#article\",\"isPartOf\":{\"@id\":\"https:\/\/universnews224.com\/index.php\/cour-supreme-dr-mandiouf-mouro-sidibe-depose-sa-candidature-a-lelection-presidentielle-du-28-decembre\/\"},\"author\":{\"name\":\"La R\u00e9daction\",\"@id\":\"https:\/\/universnews224.com\/#\/schema\/person\/a4b7d4f94a4716df60456a491260485e\"},\"headline\":\"Cour supr\u00eame: Dr Mandiouf Mouro Sidib\u00e9 d\u00e9pose sa candidature \u00e0 l&rsquo;\u00e9lection pr\u00e9sidentielle du 28 d\u00e9cembre.\",\"datePublished\":\"2025-11-03T17:10:53+00:00\",\"dateModified\":\"2025-11-03T17:10:53+00:00\",\"mainEntityOfPage\":{\"@id\":\"https:\/\/universnews224.com\/index.php\/cour-supreme-dr-mandiouf-mouro-sidibe-depose-sa-candidature-a-lelection-presidentielle-du-28-decembre\/\"},\"wordCount\":261,\"publisher\":{\"@id\":\"https:\/\/universnews224.com\/#organization\"},\"keywords\":[\"A la une\"],\"articleSection\":[\"ACTU\",\"POLITIQUE\"],\"inLanguage\":\"fr-FR\"},{\"@type\":\"WebPage\",\"@id\":\"https:\/\/universnews224.com\/index.php\/cour-supreme-dr-mandiouf-mouro-sidibe-depose-sa-candidature-a-lelection-presidentielle-du-28-decembre\/\",\"url\":\"https:\/\/universnews224.com\/index.php\/cour-supreme-dr-mandiouf-mouro-sidibe-depose-sa-candidature-a-lelection-presidentielle-du-28-decembre\/\",\"name\":\"Cour supr\u00eame: Dr Mandiouf Mouro Sidib\u00e9 d\u00e9pose sa candidature \u00e0 l'\u00e9lection pr\u00e9sidentielle du 28 d\u00e9cembre. - UNIVERSNEWS224\",\"isPartOf\":{\"@id\":\"https:\/\/universnews224.com\/#website\"},\"datePublished\":\"2025-11-03T17:10:53+00:00\",\"dateModified\":\"2025-11-03T17:10:53+00:00\",\"inLanguage\":\"fr-FR\",\"potentialAction\":[{\"@type\":\"ReadAction\",\"target\":[\"https:\/\/universnews224.com\/index.php\/cour-supreme-dr-mandiouf-mouro-sidibe-depose-sa-candidature-a-lelection-presidentielle-du-28-decembre\/\"]}]},{\"@type\":\"WebSite\",\"@id\":\"https:\/\/universnews224.com\/#website\",\"url\":\"https:\/\/universnews224.com\/\",\"name\":\"UNIVERSNEWS224\",\"description\":\"\",\"publisher\":{\"@id\":\"https:\/\/universnews224.com\/#organization\"},\"potentialAction\":[{\"@type\":\"SearchAction\",\"target\":{\"@type\":\"EntryPoint\",\"urlTemplate\":\"https:\/\/universnews224.com\/?s={search_term_string}\"},\"query-input\":\"required name=search_term_string\"}],\"inLanguage\":\"fr-FR\"},{\"@type\":\"Organization\",\"@id\":\"https:\/\/universnews224.com\/#organization\",\"name\":\"UNIVERSNEWS224\",\"url\":\"https:\/\/universnews224.com\/\",\"logo\":{\"@type\":\"ImageObject\",\"inLanguage\":\"fr-FR\",\"@id\":\"https:\/\/universnews224.com\/#\/schema\/logo\/image\/\",\"url\":\"https:\/\/universnews224.com\/wp-content\/uploads\/2022\/08\/cropped-cropped-logoban.jpg\",\"contentUrl\":\"https:\/\/universnews224.com\/wp-content\/uploads\/2022\/08\/cropped-cropped-logoban.jpg\",\"width\":1080,\"height\":138,\"caption\":\"UNIVERSNEWS224\"},\"image\":{\"@id\":\"https:\/\/universnews224.com\/#\/schema\/logo\/image\/\"}},{\"@type\":\"Person\",\"@id\":\"https:\/\/universnews224.com\/#\/schema\/person\/a4b7d4f94a4716df60456a491260485e\",\"name\":\"La R\u00e9daction\",\"image\":{\"@type\":\"ImageObject\",\"inLanguage\":\"fr-FR\",\"@id\":\"https:\/\/universnews224.com\/#\/schema\/person\/image\/\",\"url\":\"https:\/\/secure.gravatar.com\/avatar\/edb90acc7752b23e1b3307ad36c14f0d?s=96&d=mm&r=g\",\"contentUrl\":\"https:\/\/secure.gravatar.com\/avatar\/edb90acc7752b23e1b3307ad36c14f0d?s=96&d=mm&r=g\",\"caption\":\"La R\u00e9daction\"},\"sameAs\":[\"https:\/\/universnews224.com\"],\"url\":\"https:\/\/universnews224.com\/index.php\/author\/m-camara\/\"}]}<\/script>\n<!-- \/ Yoast SEO plugin. -->","yoast_head_json":{"title":"Cour supr\u00eame: Dr Mandiouf Mouro Sidib\u00e9 d\u00e9pose sa candidature \u00e0 l'\u00e9lection pr\u00e9sidentielle du 28 d\u00e9cembre. - UNIVERSNEWS224","robots":{"index":"index","follow":"follow","max-snippet":"max-snippet:-1","max-image-preview":"max-image-preview:large","max-video-preview":"max-video-preview:-1"},"canonical":"https:\/\/universnews224.com\/index.php\/cour-supreme-dr-mandiouf-mouro-sidibe-depose-sa-candidature-a-lelection-presidentielle-du-28-decembre\/","og_locale":"fr_FR","og_type":"article","og_title":"Cour supr\u00eame: Dr Mandiouf Mouro Sidib\u00e9 d\u00e9pose sa candidature \u00e0 l'\u00e9lection pr\u00e9sidentielle du 28 d\u00e9cembre. - UNIVERSNEWS224","og_description":"Dr. Mandiouf Mouro Sidib\u00e9, candidat ind\u00e9pendant, a officiellement d\u00e9pos\u00e9 ce lundi, 03 novembre 2025 \u00e0","og_url":"https:\/\/universnews224.com\/index.php\/cour-supreme-dr-mandiouf-mouro-sidibe-depose-sa-candidature-a-lelection-presidentielle-du-28-decembre\/","og_site_name":"UNIVERSNEWS224","article_published_time":"2025-11-03T17:10:53+00:00","og_image":[{"width":1008,"height":567,"url":"https:\/\/universnews224.com\/wp-content\/uploads\/2025\/11\/IMG-20251103-WA0013.jpg","type":"image\/jpeg"}],"author":"La R\u00e9daction","twitter_misc":{"\u00c9crit par":"La R\u00e9daction","Dur\u00e9e de lecture estim\u00e9e":"2 minutes"},"schema":{"@context":"https:\/\/schema.org","@graph":[{"@type":"Article","@id":"https:\/\/universnews224.com\/index.php\/cour-supreme-dr-mandiouf-mouro-sidibe-depose-sa-candidature-a-lelection-presidentielle-du-28-decembre\/#article","isPartOf":{"@id":"https:\/\/universnews224.com\/index.php\/cour-supreme-dr-mandiouf-mouro-sidibe-depose-sa-candidature-a-lelection-presidentielle-du-28-decembre\/"},"author":{"name":"La R\u00e9daction","@id":"https:\/\/universnews224.com\/#\/schema\/person\/a4b7d4f94a4716df60456a491260485e"},"headline":"Cour supr\u00eame: Dr Mandiouf Mouro Sidib\u00e9 d\u00e9pose sa candidature \u00e0 l&rsquo;\u00e9lection pr\u00e9sidentielle du 28 d\u00e9cembre.","datePublished":"2025-11-03T17:10:53+00:00","dateModified":"2025-11-03T17:10:53+00:00","mainEntityOfPage":{"@id":"https:\/\/universnews224.com\/index.php\/cour-supreme-dr-mandiouf-mouro-sidibe-depose-sa-candidature-a-lelection-presidentielle-du-28-decembre\/"},"wordCount":261,"publisher":{"@id":"https:\/\/universnews224.com\/#organization"},"keywords":["A la une"],"articleSection":["ACTU","POLITIQUE"],"inLanguage":"fr-FR"},{"@type":"WebPage","@id":"https:\/\/universnews224.com\/index.php\/cour-supreme-dr-mandiouf-mouro-sidibe-depose-sa-candidature-a-lelection-presidentielle-du-28-decembre\/","url":"https:\/\/universnews224.com\/index.php\/cour-supreme-dr-mandiouf-mouro-sidibe-depose-sa-candidature-a-lelection-presidentielle-du-28-decembre\/","name":"Cour supr\u00eame: Dr Mandiouf Mouro Sidib\u00e9 d\u00e9pose sa candidature \u00e0 l'\u00e9lection pr\u00e9sidentielle du 28 d\u00e9cembre. - UNIVERSNEWS224","isPartOf":{"@id":"https:\/\/universnews224.com\/#website"},"datePublished":"2025-11-03T17:10:53+00:00","dateModified":"2025-11-03T17:10:53+00:00","inLanguage":"fr-FR","potentialAction":[{"@type":"ReadAction","target":["https:\/\/universnews224.com\/index.php\/cour-supreme-dr-mandiouf-mouro-sidibe-depose-sa-candidature-a-lelection-presidentielle-du-28-decembre\/"]}]},{"@type":"WebSite","@id":"https:\/\/universnews224.com\/#website","url":"https:\/\/universnews224.com\/","name":"UNIVERSNEWS224","description":"","publisher":{"@id":"https:\/\/universnews224.com\/#organization"},"potentialAction":[{"@type":"SearchAction","target":{"@type":"EntryPoint","urlTemplate":"https:\/\/universnews224.com\/?s={search_term_string}"},"query-input":"required name=search_term_string"}],"inLanguage":"fr-FR"},{"@type":"Organization","@id":"https:\/\/universnews224.com\/#organization","name":"UNIVERSNEWS224","url":"https:\/\/universnews224.com\/","logo":{"@type":"ImageObject","inLanguage":"fr-FR","@id":"https:\/\/universnews224.com\/#\/schema\/logo\/image\/","url":"https:\/\/universnews224.com\/wp-content\/uploads\/2022\/08\/cropped-cropped-logoban.jpg","contentUrl":"https:\/\/universnews224.com\/wp-content\/uploads\/2022\/08\/cropped-cropped-logoban.jpg","width":1080,"height":138,"caption":"UNIVERSNEWS224"},"image":{"@id":"https:\/\/universnews224.com\/#\/schema\/logo\/image\/"}},{"@type":"Person","@id":"https:\/\/universnews224.com\/#\/schema\/person\/a4b7d4f94a4716df60456a491260485e","name":"La R\u00e9daction","image":{"@type":"ImageObject","inLanguage":"fr-FR","@id":"https:\/\/universnews224.com\/#\/schema\/person\/image\/","url":"https:\/\/secure.gravatar.com\/avatar\/edb90acc7752b23e1b3307ad36c14f0d?s=96&d=mm&r=g","contentUrl":"https:\/\/secure.gravatar.com\/avatar\/edb90acc7752b23e1b3307ad36c14f0d?s=96&d=mm&r=g","caption":"La R\u00e9daction"},"sameAs":["https:\/\/universnews224.com"],"url":"https:\/\/universnews224.com\/index.php\/author\/m-camara\/"}]}},"_links":{"self":[{"href":"https:\/\/universnews224.com\/index.php\/wp-json\/wp\/v2\/posts\/9494"}],"collection":[{"href":"https:\/\/universnews224.com\/index.php\/wp-json\/wp\/v2\/posts"}],"about":[{"href":"https:\/\/universnews224.com\/index.php\/wp-json\/wp\/v2\/types\/post"}],"author":[{"embeddable":true,"href":"https:\/\/universnews224.com\/index.php\/wp-json\/wp\/v2\/users\/2"}],"replies":[{"embeddable":true,"href":"https:\/\/universnews224.com\/index.php\/wp-json\/wp\/v2\/comments?post=9494"}],"version-history":[{"count":1,"href":"https:\/\/universnews224.com\/index.php\/wp-json\/wp\/v2\/posts\/9494\/revisions"}],"predecessor-version":[{"id":9496,"href":"https:\/\/universnews224.com\/index.php\/wp-json\/wp\/v2\/posts\/9494\/revisions\/9496"}],"wp:featuredmedia":[{"embeddable":true,"href":"https:\/\/universnews224.com\/index.php\/wp-json\/wp\/v2\/media\/9495"}],"wp:attachment":[{"href":"https:\/\/universnews224.com\/index.php\/wp-json\/wp\/v2\/media?parent=9494"}],"wp:term":[{"taxonomy":"category","embeddable":true,"href":"https:\/\/universnews224.com\/index.php\/wp-json\/wp\/v2\/categories?post=9494"},{"taxonomy":"post_tag","embeddable":true,"href":"https:\/\/universnews224.com\/index.php\/wp-json\/wp\/v2\/tags?post=9494"}],"curies":[{"name":"wp","href":"https:\/\/api.w.org\/{rel}","templated":true}]}}