{"id":9497,"date":"2025-11-03T22:25:02","date_gmt":"2025-11-03T21:25:02","guid":{"rendered":"https:\/\/universnews224.com\/?p=9497"},"modified":"2025-11-03T22:25:02","modified_gmt":"2025-11-03T21:25:02","slug":"dady-camara-apres-le-depot-de-candidature-du-general-mamadi-doumbouya-il-est-a-lecoute-du-peuple","status":"publish","type":"post","link":"https:\/\/universnews224.com\/index.php\/dady-camara-apres-le-depot-de-candidature-du-general-mamadi-doumbouya-il-est-a-lecoute-du-peuple\/","title":{"rendered":"Dady Camara apr\u00e8s le d\u00e9p\u00f4t de candidature du G\u00e9n\u00e9ral Mamadi Doumbouya: \u201c Il est \u00e0 l\u2019\u00e9coute du peuple\u00a0\u00bb"},"content":{"rendered":"<p>Apr\u00e8s plusieurs mois de suspense, le pr\u00e9sident de la transition, G\u00e9n\u00e9ral Mamadi Doumbouya sera bel et bien \u00e0 candidat \u00e0 l&rsquo;\u00e9lection pr\u00e9sidentielle du 28 d\u00e9cembre 2025. Il a d\u00e9pos\u00e9 dans l&rsquo;apr\u00e8s midi de ce lundi, 03 novembre de son dossier de candidature \u00e0 la Cour supr\u00eame.<\/p>\n<p>Venu soutenir la candidature du G\u00e9n\u00e9ral Mamadi Doumbouya, Ousmane Dady Camara, coordinateur du Forum Ensemble pour la Guin\u00e9e a laiss\u00e9 eclater sa joie apr\u00e8s le d\u00e9p\u00f4t de candidature de l&rsquo;homme du 05 septembre. <a href=\"https:\/\/universnews224.com\/wp-content\/uploads\/2025\/11\/IMG-20251103-WA0020.jpg\"><img loading=\"lazy\" class=\"alignnone size-medium wp-image-9498\" src=\"https:\/\/universnews224.com\/wp-content\/uploads\/2025\/11\/IMG-20251103-WA0020-300x169.jpg\" alt=\"\" width=\"300\" height=\"169\" srcset=\"https:\/\/universnews224.com\/wp-content\/uploads\/2025\/11\/IMG-20251103-WA0020-300x169.jpg 300w, https:\/\/universnews224.com\/wp-content\/uploads\/2025\/11\/IMG-20251103-WA0020-768x432.jpg 768w, https:\/\/universnews224.com\/wp-content\/uploads\/2025\/11\/IMG-20251103-WA0020-800x450.jpg 800w, https:\/\/universnews224.com\/wp-content\/uploads\/2025\/11\/IMG-20251103-WA0020.jpg 1020w\" sizes=\"(max-width: 300px) 100vw, 300px\" \/><\/a><\/p>\n<p>&nbsp;<\/p>\n<p>\u00ab L\u2019appel d\u2019honneur du peuple de Guin\u00e9e et de toutes ses composantes sur le plan d\u00e9mocratique, l\u2019ascension de la Guin\u00e9e en mati\u00e8re de d\u00e9veloppement, d\u2019infrastructures et d\u2019autosuffisance alimentaire \u00e0 belle et bien sonn\u00e9.Le d\u00e9veloppement tant souhait\u00e9 devient une r\u00e9alit\u00e9 chez nous. Ce travail vise \u00e0 faire de la Guin\u00e9e un pays parmi les \u00c9tats tr\u00e8s \u00e9mergents. Le d\u00e9veloppement tant souhait\u00e9 devient une r\u00e9alit\u00e9 chez nous. Ce travail vise \u00e0 faire de la Guin\u00e9e un pays parmi les \u00c9tats tr\u00e8s \u00e9mergents\u00bb, a-t-il indiqu\u00e9 M. Dady.<\/p>\n<p>Et d&rsquo;ajouter:<a href=\"https:\/\/universnews224.com\/wp-content\/uploads\/2025\/11\/IMG-20251103-WA0021.jpg\"><img loading=\"lazy\" class=\"alignnone size-medium wp-image-9499\" src=\"https:\/\/universnews224.com\/wp-content\/uploads\/2025\/11\/IMG-20251103-WA0021-300x225.jpg\" alt=\"\" width=\"300\" height=\"225\" srcset=\"https:\/\/universnews224.com\/wp-content\/uploads\/2025\/11\/IMG-20251103-WA0021-300x225.jpg 300w, https:\/\/universnews224.com\/wp-content\/uploads\/2025\/11\/IMG-20251103-WA0021-720x540.jpg 720w, https:\/\/universnews224.com\/wp-content\/uploads\/2025\/11\/IMG-20251103-WA0021.jpg 757w\" sizes=\"(max-width: 300px) 100vw, 300px\" \/><\/a><\/p>\n<p>\u00abLe rendez-vous est donn\u00e9 pour le 28 d\u00e9cembre 2025, dans les urnes, de fa\u00e7on d\u00e9mocratique et avec fiert\u00e9. Avec fiert\u00e9, la Guin\u00e9e se l\u00e8vera comme un seul homme pour choisir son fils, notre fils, notre fr\u00e8re, notre p\u00e8re, notre ami, un Guin\u00e9en. Le forum a \u00e9t\u00e9 cr\u00e9\u00e9 pour promouvoir cette vision. Aujourd\u2019hui, Dieu merci, cela devient une r\u00e9alit\u00e9. Notre candidat a d\u00e9pos\u00e9 son dossier et nous esp\u00e9rons qu\u2019il sera valid\u00e9, afin que le peuple puisse se d\u00e9terminer. Il est \u00e0 l\u2019\u00e9coute du peuple. C\u2019est son peuple qui l\u2019a appel\u00e9, il a r\u00e9pondu. Pensez-vous que ce sera un probl\u00e8me de gagner ou de ne pas gagner ? C\u2019est plut\u00f4t le taux de participation et la victoire \u00e9crasante du G\u00e9n\u00e9ral Mamadi Doumbouya que nous attendons dans les prochains jours. Et vous serez t\u00e9moins de l\u2019histoire\u00bb, a conclu le pr\u00e9sident Ousmane Dady.<\/p>\n<p>Alass Sylla pour universnews224.com 625.480.252.<\/p>\n","protected":false},"excerpt":{"rendered":"<p>Apr\u00e8s plusieurs mois de suspense, le pr\u00e9sident de la transition, G\u00e9n\u00e9ral Mamadi Doumbouya sera bel<\/p>\n","protected":false},"author":2,"featured_media":9499,"comment_status":"closed","ping_status":"open","sticky":false,"template":"","format":"standard","meta":[],"categories":[3,4],"tags":[237],"yoast_head":"<!-- This site is optimized with the Yoast SEO plugin v19.13 - https:\/\/yoast.com\/wordpress\/plugins\/seo\/ -->\n<title>Dady Camara apr\u00e8s le d\u00e9p\u00f4t de candidature du G\u00e9n\u00e9ral Mamadi Doumbouya: \u201c Il est \u00e0 l\u2019\u00e9coute du peuple&quot; - UNIVERSNEWS224<\/title>\n<meta name=\"robots\" content=\"index, follow, max-snippet:-1, max-image-preview:large, max-video-preview:-1\" \/>\n<link rel=\"canonical\" href=\"https:\/\/universnews224.com\/index.php\/dady-camara-apres-le-depot-de-candidature-du-general-mamadi-doumbouya-il-est-a-lecoute-du-peuple\/\" \/>\n<meta property=\"og:locale\" content=\"fr_FR\" \/>\n<meta property=\"og:type\" content=\"article\" \/>\n<meta property=\"og:title\" content=\"Dady Camara apr\u00e8s le d\u00e9p\u00f4t de candidature du G\u00e9n\u00e9ral Mamadi Doumbouya: \u201c Il est \u00e0 l\u2019\u00e9coute du peuple&quot; - UNIVERSNEWS224\" \/>\n<meta property=\"og:description\" content=\"Apr\u00e8s plusieurs mois de suspense, le pr\u00e9sident de la transition, G\u00e9n\u00e9ral Mamadi Doumbouya sera bel\" \/>\n<meta property=\"og:url\" content=\"https:\/\/universnews224.com\/index.php\/dady-camara-apres-le-depot-de-candidature-du-general-mamadi-doumbouya-il-est-a-lecoute-du-peuple\/\" \/>\n<meta property=\"og:site_name\" content=\"UNIVERSNEWS224\" \/>\n<meta property=\"article:published_time\" content=\"2025-11-03T21:25:02+00:00\" \/>\n<meta property=\"og:image\" content=\"https:\/\/universnews224.com\/wp-content\/uploads\/2025\/11\/IMG-20251103-WA0021.jpg\" \/>\n\t<meta property=\"og:image:width\" content=\"757\" \/>\n\t<meta property=\"og:image:height\" content=\"568\" \/>\n\t<meta property=\"og:image:type\" content=\"image\/jpeg\" \/>\n<meta name=\"author\" content=\"La R\u00e9daction\" \/>\n<meta name=\"twitter:label1\" content=\"\u00c9crit par\" \/>\n\t<meta name=\"twitter:data1\" content=\"La R\u00e9daction\" \/>\n\t<meta name=\"twitter:label2\" content=\"Dur\u00e9e de lecture estim\u00e9e\" \/>\n\t<meta name=\"twitter:data2\" content=\"2 minutes\" \/>\n<script type=\"application\/ld+json\" class=\"yoast-schema-graph\">{\"@context\":\"https:\/\/schema.org\",\"@graph\":[{\"@type\":\"Article\",\"@id\":\"https:\/\/universnews224.com\/index.php\/dady-camara-apres-le-depot-de-candidature-du-general-mamadi-doumbouya-il-est-a-lecoute-du-peuple\/#article\",\"isPartOf\":{\"@id\":\"https:\/\/universnews224.com\/index.php\/dady-camara-apres-le-depot-de-candidature-du-general-mamadi-doumbouya-il-est-a-lecoute-du-peuple\/\"},\"author\":{\"name\":\"La R\u00e9daction\",\"@id\":\"https:\/\/universnews224.com\/#\/schema\/person\/a4b7d4f94a4716df60456a491260485e\"},\"headline\":\"Dady Camara apr\u00e8s le d\u00e9p\u00f4t de candidature du G\u00e9n\u00e9ral Mamadi Doumbouya: \u201c Il est \u00e0 l\u2019\u00e9coute du peuple\u00a0\u00bb\",\"datePublished\":\"2025-11-03T21:25:02+00:00\",\"dateModified\":\"2025-11-03T21:25:02+00:00\",\"mainEntityOfPage\":{\"@id\":\"https:\/\/universnews224.com\/index.php\/dady-camara-apres-le-depot-de-candidature-du-general-mamadi-doumbouya-il-est-a-lecoute-du-peuple\/\"},\"wordCount\":378,\"publisher\":{\"@id\":\"https:\/\/universnews224.com\/#organization\"},\"keywords\":[\"A la une\"],\"articleSection\":[\"ACTU\",\"POLITIQUE\"],\"inLanguage\":\"fr-FR\"},{\"@type\":\"WebPage\",\"@id\":\"https:\/\/universnews224.com\/index.php\/dady-camara-apres-le-depot-de-candidature-du-general-mamadi-doumbouya-il-est-a-lecoute-du-peuple\/\",\"url\":\"https:\/\/universnews224.com\/index.php\/dady-camara-apres-le-depot-de-candidature-du-general-mamadi-doumbouya-il-est-a-lecoute-du-peuple\/\",\"name\":\"Dady Camara apr\u00e8s le d\u00e9p\u00f4t de candidature du G\u00e9n\u00e9ral Mamadi Doumbouya: \u201c Il est \u00e0 l\u2019\u00e9coute du peuple\\\" - UNIVERSNEWS224\",\"isPartOf\":{\"@id\":\"https:\/\/universnews224.com\/#website\"},\"datePublished\":\"2025-11-03T21:25:02+00:00\",\"dateModified\":\"2025-11-03T21:25:02+00:00\",\"inLanguage\":\"fr-FR\",\"potentialAction\":[{\"@type\":\"ReadAction\",\"target\":[\"https:\/\/universnews224.com\/index.php\/dady-camara-apres-le-depot-de-candidature-du-general-mamadi-doumbouya-il-est-a-lecoute-du-peuple\/\"]}]},{\"@type\":\"WebSite\",\"@id\":\"https:\/\/universnews224.com\/#website\",\"url\":\"https:\/\/universnews224.com\/\",\"name\":\"UNIVERSNEWS224\",\"description\":\"\",\"publisher\":{\"@id\":\"https:\/\/universnews224.com\/#organization\"},\"potentialAction\":[{\"@type\":\"SearchAction\",\"target\":{\"@type\":\"EntryPoint\",\"urlTemplate\":\"https:\/\/universnews224.com\/?s={search_term_string}\"},\"query-input\":\"required name=search_term_string\"}],\"inLanguage\":\"fr-FR\"},{\"@type\":\"Organization\",\"@id\":\"https:\/\/universnews224.com\/#organization\",\"name\":\"UNIVERSNEWS224\",\"url\":\"https:\/\/universnews224.com\/\",\"logo\":{\"@type\":\"ImageObject\",\"inLanguage\":\"fr-FR\",\"@id\":\"https:\/\/universnews224.com\/#\/schema\/logo\/image\/\",\"url\":\"https:\/\/universnews224.com\/wp-content\/uploads\/2022\/08\/cropped-cropped-logoban.jpg\",\"contentUrl\":\"https:\/\/universnews224.com\/wp-content\/uploads\/2022\/08\/cropped-cropped-logoban.jpg\",\"width\":1080,\"height\":138,\"caption\":\"UNIVERSNEWS224\"},\"image\":{\"@id\":\"https:\/\/universnews224.com\/#\/schema\/logo\/image\/\"}},{\"@type\":\"Person\",\"@id\":\"https:\/\/universnews224.com\/#\/schema\/person\/a4b7d4f94a4716df60456a491260485e\",\"name\":\"La R\u00e9daction\",\"image\":{\"@type\":\"ImageObject\",\"inLanguage\":\"fr-FR\",\"@id\":\"https:\/\/universnews224.com\/#\/schema\/person\/image\/\",\"url\":\"https:\/\/secure.gravatar.com\/avatar\/edb90acc7752b23e1b3307ad36c14f0d?s=96&d=mm&r=g\",\"contentUrl\":\"https:\/\/secure.gravatar.com\/avatar\/edb90acc7752b23e1b3307ad36c14f0d?s=96&d=mm&r=g\",\"caption\":\"La R\u00e9daction\"},\"sameAs\":[\"https:\/\/universnews224.com\"],\"url\":\"https:\/\/universnews224.com\/index.php\/author\/m-camara\/\"}]}<\/script>\n<!-- \/ Yoast SEO plugin. -->","yoast_head_json":{"title":"Dady Camara apr\u00e8s le d\u00e9p\u00f4t de candidature du G\u00e9n\u00e9ral Mamadi Doumbouya: \u201c Il est \u00e0 l\u2019\u00e9coute du peuple\" - UNIVERSNEWS224","robots":{"index":"index","follow":"follow","max-snippet":"max-snippet:-1","max-image-preview":"max-image-preview:large","max-video-preview":"max-video-preview:-1"},"canonical":"https:\/\/universnews224.com\/index.php\/dady-camara-apres-le-depot-de-candidature-du-general-mamadi-doumbouya-il-est-a-lecoute-du-peuple\/","og_locale":"fr_FR","og_type":"article","og_title":"Dady Camara apr\u00e8s le d\u00e9p\u00f4t de candidature du G\u00e9n\u00e9ral Mamadi Doumbouya: \u201c Il est \u00e0 l\u2019\u00e9coute du peuple\" - UNIVERSNEWS224","og_description":"Apr\u00e8s plusieurs mois de suspense, le pr\u00e9sident de la transition, G\u00e9n\u00e9ral Mamadi Doumbouya sera bel","og_url":"https:\/\/universnews224.com\/index.php\/dady-camara-apres-le-depot-de-candidature-du-general-mamadi-doumbouya-il-est-a-lecoute-du-peuple\/","og_site_name":"UNIVERSNEWS224","article_published_time":"2025-11-03T21:25:02+00:00","og_image":[{"width":757,"height":568,"url":"https:\/\/universnews224.com\/wp-content\/uploads\/2025\/11\/IMG-20251103-WA0021.jpg","type":"image\/jpeg"}],"author":"La R\u00e9daction","twitter_misc":{"\u00c9crit par":"La R\u00e9daction","Dur\u00e9e de lecture estim\u00e9e":"2 minutes"},"schema":{"@context":"https:\/\/schema.org","@graph":[{"@type":"Article","@id":"https:\/\/universnews224.com\/index.php\/dady-camara-apres-le-depot-de-candidature-du-general-mamadi-doumbouya-il-est-a-lecoute-du-peuple\/#article","isPartOf":{"@id":"https:\/\/universnews224.com\/index.php\/dady-camara-apres-le-depot-de-candidature-du-general-mamadi-doumbouya-il-est-a-lecoute-du-peuple\/"},"author":{"name":"La R\u00e9daction","@id":"https:\/\/universnews224.com\/#\/schema\/person\/a4b7d4f94a4716df60456a491260485e"},"headline":"Dady Camara apr\u00e8s le d\u00e9p\u00f4t de candidature du G\u00e9n\u00e9ral Mamadi Doumbouya: \u201c Il est \u00e0 l\u2019\u00e9coute du peuple\u00a0\u00bb","datePublished":"2025-11-03T21:25:02+00:00","dateModified":"2025-11-03T21:25:02+00:00","mainEntityOfPage":{"@id":"https:\/\/universnews224.com\/index.php\/dady-camara-apres-le-depot-de-candidature-du-general-mamadi-doumbouya-il-est-a-lecoute-du-peuple\/"},"wordCount":378,"publisher":{"@id":"https:\/\/universnews224.com\/#organization"},"keywords":["A la une"],"articleSection":["ACTU","POLITIQUE"],"inLanguage":"fr-FR"},{"@type":"WebPage","@id":"https:\/\/universnews224.com\/index.php\/dady-camara-apres-le-depot-de-candidature-du-general-mamadi-doumbouya-il-est-a-lecoute-du-peuple\/","url":"https:\/\/universnews224.com\/index.php\/dady-camara-apres-le-depot-de-candidature-du-general-mamadi-doumbouya-il-est-a-lecoute-du-peuple\/","name":"Dady Camara apr\u00e8s le d\u00e9p\u00f4t de candidature du G\u00e9n\u00e9ral Mamadi Doumbouya: \u201c Il est \u00e0 l\u2019\u00e9coute du peuple\" - UNIVERSNEWS224","isPartOf":{"@id":"https:\/\/universnews224.com\/#website"},"datePublished":"2025-11-03T21:25:02+00:00","dateModified":"2025-11-03T21:25:02+00:00","inLanguage":"fr-FR","potentialAction":[{"@type":"ReadAction","target":["https:\/\/universnews224.com\/index.php\/dady-camara-apres-le-depot-de-candidature-du-general-mamadi-doumbouya-il-est-a-lecoute-du-peuple\/"]}]},{"@type":"WebSite","@id":"https:\/\/universnews224.com\/#website","url":"https:\/\/universnews224.com\/","name":"UNIVERSNEWS224","description":"","publisher":{"@id":"https:\/\/universnews224.com\/#organization"},"potentialAction":[{"@type":"SearchAction","target":{"@type":"EntryPoint","urlTemplate":"https:\/\/universnews224.com\/?s={search_term_string}"},"query-input":"required name=search_term_string"}],"inLanguage":"fr-FR"},{"@type":"Organization","@id":"https:\/\/universnews224.com\/#organization","name":"UNIVERSNEWS224","url":"https:\/\/universnews224.com\/","logo":{"@type":"ImageObject","inLanguage":"fr-FR","@id":"https:\/\/universnews224.com\/#\/schema\/logo\/image\/","url":"https:\/\/universnews224.com\/wp-content\/uploads\/2022\/08\/cropped-cropped-logoban.jpg","contentUrl":"https:\/\/universnews224.com\/wp-content\/uploads\/2022\/08\/cropped-cropped-logoban.jpg","width":1080,"height":138,"caption":"UNIVERSNEWS224"},"image":{"@id":"https:\/\/universnews224.com\/#\/schema\/logo\/image\/"}},{"@type":"Person","@id":"https:\/\/universnews224.com\/#\/schema\/person\/a4b7d4f94a4716df60456a491260485e","name":"La R\u00e9daction","image":{"@type":"ImageObject","inLanguage":"fr-FR","@id":"https:\/\/universnews224.com\/#\/schema\/person\/image\/","url":"https:\/\/secure.gravatar.com\/avatar\/edb90acc7752b23e1b3307ad36c14f0d?s=96&d=mm&r=g","contentUrl":"https:\/\/secure.gravatar.com\/avatar\/edb90acc7752b23e1b3307ad36c14f0d?s=96&d=mm&r=g","caption":"La R\u00e9daction"},"sameAs":["https:\/\/universnews224.com"],"url":"https:\/\/universnews224.com\/index.php\/author\/m-camara\/"}]}},"_links":{"self":[{"href":"https:\/\/universnews224.com\/index.php\/wp-json\/wp\/v2\/posts\/9497"}],"collection":[{"href":"https:\/\/universnews224.com\/index.php\/wp-json\/wp\/v2\/posts"}],"about":[{"href":"https:\/\/universnews224.com\/index.php\/wp-json\/wp\/v2\/types\/post"}],"author":[{"embeddable":true,"href":"https:\/\/universnews224.com\/index.php\/wp-json\/wp\/v2\/users\/2"}],"replies":[{"embeddable":true,"href":"https:\/\/universnews224.com\/index.php\/wp-json\/wp\/v2\/comments?post=9497"}],"version-history":[{"count":1,"href":"https:\/\/universnews224.com\/index.php\/wp-json\/wp\/v2\/posts\/9497\/revisions"}],"predecessor-version":[{"id":9500,"href":"https:\/\/universnews224.com\/index.php\/wp-json\/wp\/v2\/posts\/9497\/revisions\/9500"}],"wp:featuredmedia":[{"embeddable":true,"href":"https:\/\/universnews224.com\/index.php\/wp-json\/wp\/v2\/media\/9499"}],"wp:attachment":[{"href":"https:\/\/universnews224.com\/index.php\/wp-json\/wp\/v2\/media?parent=9497"}],"wp:term":[{"taxonomy":"category","embeddable":true,"href":"https:\/\/universnews224.com\/index.php\/wp-json\/wp\/v2\/categories?post=9497"},{"taxonomy":"post_tag","embeddable":true,"href":"https:\/\/universnews224.com\/index.php\/wp-json\/wp\/v2\/tags?post=9497"}],"curies":[{"name":"wp","href":"https:\/\/api.w.org\/{rel}","templated":true}]}}