{"id":9506,"date":"2025-11-05T13:12:07","date_gmt":"2025-11-05T12:12:07","guid":{"rendered":"https:\/\/universnews224.com\/?p=9506"},"modified":"2025-11-05T13:12:07","modified_gmt":"2025-11-05T12:12:07","slug":"exclusion-de-cellou-dalein-diallo-a-lelection-presidentielle-ses-avocats-saisissent-la-cour-de-la-cedeao","status":"publish","type":"post","link":"https:\/\/universnews224.com\/index.php\/exclusion-de-cellou-dalein-diallo-a-lelection-presidentielle-ses-avocats-saisissent-la-cour-de-la-cedeao\/","title":{"rendered":"Exclusion de Cellou Dalein Diallo \u00e0 l&rsquo;\u00e9lection pr\u00e9sidentielle: ses avocats saisissent la Cour de la CEDEAO"},"content":{"rendered":"<div dir=\"auto\">Dans un communiqu\u00e9 parvenu \u00e0 Influencesnews.com, les avocats de Cellou Dalein Diallo annoncent pour avoir saisi la Cour de justice de la CEDEAO pour contester l&rsquo;exclusion de leur client dans le processus \u00e9lectoral.<\/div>\n<div dir=\"auto\"><\/div>\n<div dir=\"auto\"><\/div>\n<div dir=\"auto\">Le communiqu\u00e9 rappele que \u00abdepuis maintenant plusieurs ann\u00e9es, M. Cellou Dalein DIALLO, ancien Premier ministre guin\u00e9en et principal opposant politique au pouvoir, fait l&rsquo;objet d&rsquo;une v\u00e9ritable pers\u00e9cution politico-judiciaire orchestr\u00e9e par le r\u00e9gime. Alors qu&rsquo;il se trouve \u00e0 l&rsquo;\u00e9tranger pour des raisons de s\u00e9curit\u00e9, M. Cellou Dalein DIALLO a \u00e9t\u00e9 emp\u00each\u00e9 de se faire enregistrer sur la liste \u00e9lectorale. Il remplit pourtant toutes les conditions pos\u00e9es par la loi. M. Cellou Dalein DIALLO est donc in\u00e9ligible alors que l&rsquo;\u00e9lection pr\u00e9sidentielle doit avoir lieu le 28 d\u00e9cembre 2025 et que ses chances de succ\u00e8s sont s\u00e9rieuses\u00a0\u00bb, ont \u00e9crit les avocats de l&rsquo;ancien PM.<\/div>\n<div dir=\"auto\"><\/div>\n<div dir=\"auto\">Poursuivant, les avocats de Cellou Dalein Diallo diront que \u00abcette obstruction s&rsquo;inscrit dans un contexte de r\u00e9duction des droits de l&rsquo;opposition et de confiscation du pouvoir d&rsquo;\u00c9tat par tous les moyens de la part des autorit\u00e9s de la Transition\u00bb, ont-ils d\u00e9nonc\u00e9.<\/div>\n<div dir=\"auto\"><\/div>\n<div dir=\"auto\"><\/div>\n<div dir=\"auto\"><\/div>\n<div dir=\"auto\">Plus loin, le conseil de l&rsquo;ancien premier\u00a0 a laiss\u00e9 entendre que \u00abcompte tenu de l&rsquo;atteinte ill\u00e9galement port\u00e9e \u00e0 son droit de vote et d&rsquo;\u00e9ligibilit\u00e9, les soussign\u00e9s ont introduit une requ\u00eate devant la Cour de justice de la CEDEAO et dont il demande le traitement en urgence, pour :<\/div>\n<div dir=\"auto\"><\/div>\n<div dir=\"auto\">Dire et juger que le refus d&rsquo;inscrire le requ\u00e9rant sur la liste \u00e9lectorale constitue une violation du droit de participer librement \u00e0 la direction des affaires publiques de son pays, notamment par le droit de vote et d&rsquo;\u00e9ligibilit\u00e9;<\/div>\n<div dir=\"auto\"><\/div>\n<div dir=\"auto\">Ordonner \u00e0 l&rsquo;\u00c9tat d\u00e9fendeur de prendre toutes les mesures n\u00e9cessaires pour r\u00e9tablir M. Cellou Dalein DIALLO dans ses droits civils et politiques, notamment par son inscription imm\u00e9diate sur la liste \u00e9lectorale.<\/div>\n<div dir=\"auto\"><\/div>\n<div dir=\"auto\">Il est imp\u00e9ratif que M. Cellou Dalein DIALLO puisse se pr\u00e9senter dans le cadre de la prochaine \u00e9lection pr\u00e9sidentielle. Toute autre d\u00e9cision porterait atteinte \u00e0 ses droits en m\u00eame temps qu&rsquo;elle confirmerait l&rsquo;absence de v\u00e9ritable processus d\u00e9mocratique\u00bb ont-ils martel\u00e9.<a href=\"https:\/\/universnews224.com\/wp-content\/uploads\/2025\/11\/Cellou-Dalein.jpg\"><img loading=\"lazy\" class=\"alignnone size-medium wp-image-9507\" src=\"https:\/\/universnews224.com\/wp-content\/uploads\/2025\/11\/Cellou-Dalein-300x200.jpg\" alt=\"\" width=\"300\" height=\"200\" srcset=\"https:\/\/universnews224.com\/wp-content\/uploads\/2025\/11\/Cellou-Dalein-300x200.jpg 300w, https:\/\/universnews224.com\/wp-content\/uploads\/2025\/11\/Cellou-Dalein-768x512.jpg 768w, https:\/\/universnews224.com\/wp-content\/uploads\/2025\/11\/Cellou-Dalein.jpg 900w\" sizes=\"(max-width: 300px) 100vw, 300px\" \/><\/a><\/div>\n<div dir=\"auto\"><\/div>\n<div dir=\"auto\"><\/div>\n<div dir=\"auto\"><\/div>\n<div dir=\"auto\"><\/div>\n<div dir=\"auto\"><\/div>\n<div dir=\"auto\"><\/div>\n","protected":false},"excerpt":{"rendered":"<p>Dans un communiqu\u00e9 parvenu \u00e0 Influencesnews.com, les avocats de Cellou Dalein Diallo annoncent pour avoir<\/p>\n","protected":false},"author":2,"featured_media":0,"comment_status":"closed","ping_status":"open","sticky":false,"template":"","format":"standard","meta":[],"categories":[3,4],"tags":[237],"yoast_head":"<!-- This site is optimized with the Yoast SEO plugin v19.13 - https:\/\/yoast.com\/wordpress\/plugins\/seo\/ -->\n<title>Exclusion de Cellou Dalein Diallo \u00e0 l&#039;\u00e9lection pr\u00e9sidentielle: ses avocats saisissent la Cour de la CEDEAO - UNIVERSNEWS224<\/title>\n<meta name=\"robots\" content=\"index, follow, max-snippet:-1, max-image-preview:large, max-video-preview:-1\" \/>\n<link rel=\"canonical\" href=\"https:\/\/universnews224.com\/index.php\/exclusion-de-cellou-dalein-diallo-a-lelection-presidentielle-ses-avocats-saisissent-la-cour-de-la-cedeao\/\" \/>\n<meta property=\"og:locale\" content=\"fr_FR\" \/>\n<meta property=\"og:type\" content=\"article\" \/>\n<meta property=\"og:title\" content=\"Exclusion de Cellou Dalein Diallo \u00e0 l&#039;\u00e9lection pr\u00e9sidentielle: ses avocats saisissent la Cour de la CEDEAO - UNIVERSNEWS224\" \/>\n<meta property=\"og:description\" content=\"Dans un communiqu\u00e9 parvenu \u00e0 Influencesnews.com, les avocats de Cellou Dalein Diallo annoncent pour avoir\" \/>\n<meta property=\"og:url\" content=\"https:\/\/universnews224.com\/index.php\/exclusion-de-cellou-dalein-diallo-a-lelection-presidentielle-ses-avocats-saisissent-la-cour-de-la-cedeao\/\" \/>\n<meta property=\"og:site_name\" content=\"UNIVERSNEWS224\" \/>\n<meta property=\"article:published_time\" content=\"2025-11-05T12:12:07+00:00\" \/>\n<meta property=\"og:image\" content=\"https:\/\/universnews224.com\/wp-content\/uploads\/2025\/11\/Cellou-Dalein-300x200.jpg\" \/>\n<meta name=\"author\" content=\"La R\u00e9daction\" \/>\n<meta name=\"twitter:label1\" content=\"\u00c9crit par\" \/>\n\t<meta name=\"twitter:data1\" content=\"La R\u00e9daction\" \/>\n\t<meta name=\"twitter:label2\" content=\"Dur\u00e9e de lecture estim\u00e9e\" \/>\n\t<meta name=\"twitter:data2\" content=\"2 minutes\" \/>\n<script type=\"application\/ld+json\" class=\"yoast-schema-graph\">{\"@context\":\"https:\/\/schema.org\",\"@graph\":[{\"@type\":\"Article\",\"@id\":\"https:\/\/universnews224.com\/index.php\/exclusion-de-cellou-dalein-diallo-a-lelection-presidentielle-ses-avocats-saisissent-la-cour-de-la-cedeao\/#article\",\"isPartOf\":{\"@id\":\"https:\/\/universnews224.com\/index.php\/exclusion-de-cellou-dalein-diallo-a-lelection-presidentielle-ses-avocats-saisissent-la-cour-de-la-cedeao\/\"},\"author\":{\"name\":\"La R\u00e9daction\",\"@id\":\"https:\/\/universnews224.com\/#\/schema\/person\/a4b7d4f94a4716df60456a491260485e\"},\"headline\":\"Exclusion de Cellou Dalein Diallo \u00e0 l&rsquo;\u00e9lection pr\u00e9sidentielle: ses avocats saisissent la Cour de la CEDEAO\",\"datePublished\":\"2025-11-05T12:12:07+00:00\",\"dateModified\":\"2025-11-05T12:12:07+00:00\",\"mainEntityOfPage\":{\"@id\":\"https:\/\/universnews224.com\/index.php\/exclusion-de-cellou-dalein-diallo-a-lelection-presidentielle-ses-avocats-saisissent-la-cour-de-la-cedeao\/\"},\"wordCount\":379,\"publisher\":{\"@id\":\"https:\/\/universnews224.com\/#organization\"},\"keywords\":[\"A la une\"],\"articleSection\":[\"ACTU\",\"POLITIQUE\"],\"inLanguage\":\"fr-FR\"},{\"@type\":\"WebPage\",\"@id\":\"https:\/\/universnews224.com\/index.php\/exclusion-de-cellou-dalein-diallo-a-lelection-presidentielle-ses-avocats-saisissent-la-cour-de-la-cedeao\/\",\"url\":\"https:\/\/universnews224.com\/index.php\/exclusion-de-cellou-dalein-diallo-a-lelection-presidentielle-ses-avocats-saisissent-la-cour-de-la-cedeao\/\",\"name\":\"Exclusion de Cellou Dalein Diallo \u00e0 l'\u00e9lection pr\u00e9sidentielle: ses avocats saisissent la Cour de la CEDEAO - UNIVERSNEWS224\",\"isPartOf\":{\"@id\":\"https:\/\/universnews224.com\/#website\"},\"datePublished\":\"2025-11-05T12:12:07+00:00\",\"dateModified\":\"2025-11-05T12:12:07+00:00\",\"inLanguage\":\"fr-FR\",\"potentialAction\":[{\"@type\":\"ReadAction\",\"target\":[\"https:\/\/universnews224.com\/index.php\/exclusion-de-cellou-dalein-diallo-a-lelection-presidentielle-ses-avocats-saisissent-la-cour-de-la-cedeao\/\"]}]},{\"@type\":\"WebSite\",\"@id\":\"https:\/\/universnews224.com\/#website\",\"url\":\"https:\/\/universnews224.com\/\",\"name\":\"UNIVERSNEWS224\",\"description\":\"\",\"publisher\":{\"@id\":\"https:\/\/universnews224.com\/#organization\"},\"potentialAction\":[{\"@type\":\"SearchAction\",\"target\":{\"@type\":\"EntryPoint\",\"urlTemplate\":\"https:\/\/universnews224.com\/?s={search_term_string}\"},\"query-input\":\"required name=search_term_string\"}],\"inLanguage\":\"fr-FR\"},{\"@type\":\"Organization\",\"@id\":\"https:\/\/universnews224.com\/#organization\",\"name\":\"UNIVERSNEWS224\",\"url\":\"https:\/\/universnews224.com\/\",\"logo\":{\"@type\":\"ImageObject\",\"inLanguage\":\"fr-FR\",\"@id\":\"https:\/\/universnews224.com\/#\/schema\/logo\/image\/\",\"url\":\"https:\/\/universnews224.com\/wp-content\/uploads\/2022\/08\/cropped-cropped-logoban.jpg\",\"contentUrl\":\"https:\/\/universnews224.com\/wp-content\/uploads\/2022\/08\/cropped-cropped-logoban.jpg\",\"width\":1080,\"height\":138,\"caption\":\"UNIVERSNEWS224\"},\"image\":{\"@id\":\"https:\/\/universnews224.com\/#\/schema\/logo\/image\/\"}},{\"@type\":\"Person\",\"@id\":\"https:\/\/universnews224.com\/#\/schema\/person\/a4b7d4f94a4716df60456a491260485e\",\"name\":\"La R\u00e9daction\",\"image\":{\"@type\":\"ImageObject\",\"inLanguage\":\"fr-FR\",\"@id\":\"https:\/\/universnews224.com\/#\/schema\/person\/image\/\",\"url\":\"https:\/\/secure.gravatar.com\/avatar\/edb90acc7752b23e1b3307ad36c14f0d?s=96&d=mm&r=g\",\"contentUrl\":\"https:\/\/secure.gravatar.com\/avatar\/edb90acc7752b23e1b3307ad36c14f0d?s=96&d=mm&r=g\",\"caption\":\"La R\u00e9daction\"},\"sameAs\":[\"https:\/\/universnews224.com\"],\"url\":\"https:\/\/universnews224.com\/index.php\/author\/m-camara\/\"}]}<\/script>\n<!-- \/ Yoast SEO plugin. -->","yoast_head_json":{"title":"Exclusion de Cellou Dalein Diallo \u00e0 l'\u00e9lection pr\u00e9sidentielle: ses avocats saisissent la Cour de la CEDEAO - UNIVERSNEWS224","robots":{"index":"index","follow":"follow","max-snippet":"max-snippet:-1","max-image-preview":"max-image-preview:large","max-video-preview":"max-video-preview:-1"},"canonical":"https:\/\/universnews224.com\/index.php\/exclusion-de-cellou-dalein-diallo-a-lelection-presidentielle-ses-avocats-saisissent-la-cour-de-la-cedeao\/","og_locale":"fr_FR","og_type":"article","og_title":"Exclusion de Cellou Dalein Diallo \u00e0 l'\u00e9lection pr\u00e9sidentielle: ses avocats saisissent la Cour de la CEDEAO - UNIVERSNEWS224","og_description":"Dans un communiqu\u00e9 parvenu \u00e0 Influencesnews.com, les avocats de Cellou Dalein Diallo annoncent pour avoir","og_url":"https:\/\/universnews224.com\/index.php\/exclusion-de-cellou-dalein-diallo-a-lelection-presidentielle-ses-avocats-saisissent-la-cour-de-la-cedeao\/","og_site_name":"UNIVERSNEWS224","article_published_time":"2025-11-05T12:12:07+00:00","og_image":[{"url":"https:\/\/universnews224.com\/wp-content\/uploads\/2025\/11\/Cellou-Dalein-300x200.jpg"}],"author":"La R\u00e9daction","twitter_misc":{"\u00c9crit par":"La R\u00e9daction","Dur\u00e9e de lecture estim\u00e9e":"2 minutes"},"schema":{"@context":"https:\/\/schema.org","@graph":[{"@type":"Article","@id":"https:\/\/universnews224.com\/index.php\/exclusion-de-cellou-dalein-diallo-a-lelection-presidentielle-ses-avocats-saisissent-la-cour-de-la-cedeao\/#article","isPartOf":{"@id":"https:\/\/universnews224.com\/index.php\/exclusion-de-cellou-dalein-diallo-a-lelection-presidentielle-ses-avocats-saisissent-la-cour-de-la-cedeao\/"},"author":{"name":"La R\u00e9daction","@id":"https:\/\/universnews224.com\/#\/schema\/person\/a4b7d4f94a4716df60456a491260485e"},"headline":"Exclusion de Cellou Dalein Diallo \u00e0 l&rsquo;\u00e9lection pr\u00e9sidentielle: ses avocats saisissent la Cour de la CEDEAO","datePublished":"2025-11-05T12:12:07+00:00","dateModified":"2025-11-05T12:12:07+00:00","mainEntityOfPage":{"@id":"https:\/\/universnews224.com\/index.php\/exclusion-de-cellou-dalein-diallo-a-lelection-presidentielle-ses-avocats-saisissent-la-cour-de-la-cedeao\/"},"wordCount":379,"publisher":{"@id":"https:\/\/universnews224.com\/#organization"},"keywords":["A la une"],"articleSection":["ACTU","POLITIQUE"],"inLanguage":"fr-FR"},{"@type":"WebPage","@id":"https:\/\/universnews224.com\/index.php\/exclusion-de-cellou-dalein-diallo-a-lelection-presidentielle-ses-avocats-saisissent-la-cour-de-la-cedeao\/","url":"https:\/\/universnews224.com\/index.php\/exclusion-de-cellou-dalein-diallo-a-lelection-presidentielle-ses-avocats-saisissent-la-cour-de-la-cedeao\/","name":"Exclusion de Cellou Dalein Diallo \u00e0 l'\u00e9lection pr\u00e9sidentielle: ses avocats saisissent la Cour de la CEDEAO - UNIVERSNEWS224","isPartOf":{"@id":"https:\/\/universnews224.com\/#website"},"datePublished":"2025-11-05T12:12:07+00:00","dateModified":"2025-11-05T12:12:07+00:00","inLanguage":"fr-FR","potentialAction":[{"@type":"ReadAction","target":["https:\/\/universnews224.com\/index.php\/exclusion-de-cellou-dalein-diallo-a-lelection-presidentielle-ses-avocats-saisissent-la-cour-de-la-cedeao\/"]}]},{"@type":"WebSite","@id":"https:\/\/universnews224.com\/#website","url":"https:\/\/universnews224.com\/","name":"UNIVERSNEWS224","description":"","publisher":{"@id":"https:\/\/universnews224.com\/#organization"},"potentialAction":[{"@type":"SearchAction","target":{"@type":"EntryPoint","urlTemplate":"https:\/\/universnews224.com\/?s={search_term_string}"},"query-input":"required name=search_term_string"}],"inLanguage":"fr-FR"},{"@type":"Organization","@id":"https:\/\/universnews224.com\/#organization","name":"UNIVERSNEWS224","url":"https:\/\/universnews224.com\/","logo":{"@type":"ImageObject","inLanguage":"fr-FR","@id":"https:\/\/universnews224.com\/#\/schema\/logo\/image\/","url":"https:\/\/universnews224.com\/wp-content\/uploads\/2022\/08\/cropped-cropped-logoban.jpg","contentUrl":"https:\/\/universnews224.com\/wp-content\/uploads\/2022\/08\/cropped-cropped-logoban.jpg","width":1080,"height":138,"caption":"UNIVERSNEWS224"},"image":{"@id":"https:\/\/universnews224.com\/#\/schema\/logo\/image\/"}},{"@type":"Person","@id":"https:\/\/universnews224.com\/#\/schema\/person\/a4b7d4f94a4716df60456a491260485e","name":"La R\u00e9daction","image":{"@type":"ImageObject","inLanguage":"fr-FR","@id":"https:\/\/universnews224.com\/#\/schema\/person\/image\/","url":"https:\/\/secure.gravatar.com\/avatar\/edb90acc7752b23e1b3307ad36c14f0d?s=96&d=mm&r=g","contentUrl":"https:\/\/secure.gravatar.com\/avatar\/edb90acc7752b23e1b3307ad36c14f0d?s=96&d=mm&r=g","caption":"La R\u00e9daction"},"sameAs":["https:\/\/universnews224.com"],"url":"https:\/\/universnews224.com\/index.php\/author\/m-camara\/"}]}},"_links":{"self":[{"href":"https:\/\/universnews224.com\/index.php\/wp-json\/wp\/v2\/posts\/9506"}],"collection":[{"href":"https:\/\/universnews224.com\/index.php\/wp-json\/wp\/v2\/posts"}],"about":[{"href":"https:\/\/universnews224.com\/index.php\/wp-json\/wp\/v2\/types\/post"}],"author":[{"embeddable":true,"href":"https:\/\/universnews224.com\/index.php\/wp-json\/wp\/v2\/users\/2"}],"replies":[{"embeddable":true,"href":"https:\/\/universnews224.com\/index.php\/wp-json\/wp\/v2\/comments?post=9506"}],"version-history":[{"count":1,"href":"https:\/\/universnews224.com\/index.php\/wp-json\/wp\/v2\/posts\/9506\/revisions"}],"predecessor-version":[{"id":9508,"href":"https:\/\/universnews224.com\/index.php\/wp-json\/wp\/v2\/posts\/9506\/revisions\/9508"}],"wp:attachment":[{"href":"https:\/\/universnews224.com\/index.php\/wp-json\/wp\/v2\/media?parent=9506"}],"wp:term":[{"taxonomy":"category","embeddable":true,"href":"https:\/\/universnews224.com\/index.php\/wp-json\/wp\/v2\/categories?post=9506"},{"taxonomy":"post_tag","embeddable":true,"href":"https:\/\/universnews224.com\/index.php\/wp-json\/wp\/v2\/tags?post=9506"}],"curies":[{"name":"wp","href":"https:\/\/api.w.org\/{rel}","templated":true}]}}