{"id":9513,"date":"2025-11-07T15:38:08","date_gmt":"2025-11-07T14:38:08","guid":{"rendered":"https:\/\/universnews224.com\/?p=9513"},"modified":"2025-11-07T15:38:08","modified_gmt":"2025-11-07T14:38:08","slug":"presidentielle-du-28-decembre-lupr-de-bah-ousmane-donne-les-raisons-de-son-absence","status":"publish","type":"post","link":"https:\/\/universnews224.com\/index.php\/presidentielle-du-28-decembre-lupr-de-bah-ousmane-donne-les-raisons-de-son-absence\/","title":{"rendered":"Pr\u00e9sidentielle du 28 d\u00e9cembre : l\u2019UPR de Bah Ousmane donne les raisons de son absence"},"content":{"rendered":"<p>Dans une d\u00e9claration rendue publique ce vendredi 7 novembre 2025, l\u2019Union pour le Progr\u00e8s et le Renouveau (UPR) s\u2019est exprim\u00e9e sur les raisons de sa non participation \u00e0 la pr\u00e9sidentielle du 28 d\u00e9cembre prochain.<\/p>\n<div dir=\"auto\"><\/div>\n<div dir=\"auto\">Ci-dessous, la d\u00e9claration du Bureau Ex\u00e9cutif National de l\u2019UPR.<\/div>\n<div dir=\"auto\"><\/div>\n<div dir=\"auto\"><\/div>\n<div dir=\"auto\">Le Bureau Ex\u00e9cutif National de l\u2019Union pour le Progr\u00e8s et le Renouveau (UPR), r\u00e9uni ce mercredi 5 novembre 2025 en s\u00e9ance extraordinaire \u00e0 son si\u00e8ge de la Mini\u00e8re dans la commune de Dixinn, tient \u00e0 informer ses militantes, militants, les responsables des Comit\u00e9s de base, des Section, des F\u00e9d\u00e9rations, du Comit\u00e9 central, des Comit\u00e9s nationaux des femmes et des jeunes ainsi que les sympathisants du Parti, de la position de l\u2019UPR par rapport au processus de retour \u00e0 l\u2019ordre constitutionnel.<\/div>\n<div dir=\"auto\"><\/div>\n<div dir=\"auto\">Depuis le changement institutionnel intervenu le 5 septembre 2021, I\u2019UPR, fid\u00e8le \u00e0 sa vision et \u00e0 son engagement pour une Guin\u00e9e unie, paisible et prosp\u00e8re, a pris une part active \u00e0 tout le processus de la transition, en t\u00e9moigne notre pr\u00e9sence au Conseil National de la Transition (CNT) et nos contributions dans le d\u00e9bat national ayant abouti \u00e0 la r\u00e9daction, la vulgarisation et l\u2019adoption le 21 septembre 2025, d\u2019une nouvelle Constitution.<\/div>\n<div dir=\"auto\"><\/div>\n<div dir=\"auto\">S\u2019agissant de la participation au scrutin pr\u00e9sidentiel du 28 d\u00e9cembre 2025, le Bureau Ex\u00e9cutif National se f\u00e9licite de l\u2019unanimit\u00e9 faite autour de la d\u00e9signation du Pr\u00e9sident Elhadj Ousmane BAH pour repr\u00e9senter le Parti \u00e0 ce scrutin. Cette d\u00e9signation a \u00e9t\u00e9 faite \u00e0 l\u2019issue des consultations men\u00e9es au niveau des organismes dirigeants Nationaux et des F\u00e9d\u00e9rations.<\/div>\n<div dir=\"auto\"><\/div>\n<div dir=\"auto\">Le Bureau Ex\u00e9cutif National se r\u00e9jouit et appr\u00e9cie \u00e0 sa juste mesure, l\u2019esprit de maturit\u00e9 politique manifest\u00e9 \u00e0 cette occasion, ce qui a pr\u00e9valu au renouvellement de la confiance au Pr\u00e9sident du Parti.<\/div>\n<div dir=\"auto\"><\/div>\n<div dir=\"auto\">Aussi, apr\u00e8s \u00e9valuation du contexte actuel et dans le souci de privil\u00e9gier l\u2019int\u00e9r\u00eat g\u00e9n\u00e9ral des membres du Parti en leur offrant beaucoup plus d\u2019opportunit\u00e9s de leadership, le Bureau Ex\u00e9cutif National a d\u00e9cid\u00e9, apr\u00e8s consultation du Pr\u00e9sident, candidat d\u00e9sign\u00e9 du Parti, de:<\/div>\n<div dir=\"auto\"><\/div>\n<div dir=\"auto\">ne pas pr\u00e9senter son candidat au Scrutin Pr\u00e9sidentiel du 28 D\u00e9cembre 2025,<\/div>\n<div dir=\"auto\"><\/div>\n<div dir=\"auto\">\u2013 se positionner dans le d\u00e9bat d\u00e9mocratique et d\u2019envisager toutes les dispositions requises pour prendre une part active aux \u00e9lections L\u00e9gislatives, Communales, R\u00e9gionales et S\u00e9natoriales.<\/div>\n<div dir=\"auto\"><\/div>\n<div dir=\"auto\">En cons\u00e9quence, le Bureau Ex\u00e9cutif National invite l\u2019ensemble des militantes, militants et responsables du Parti, ainsi que ses sympathisants \u00e0 vulgariser ses mots d\u2019ordre et \u00e0 demeurer mobilis\u00e9s derri\u00e8re la Direction Nationale du Parti et de son Pr\u00e9sident Elhadj Ousmane BAH.<\/div>\n<div dir=\"auto\"><\/div>\n","protected":false},"excerpt":{"rendered":"<p>Dans une d\u00e9claration rendue publique ce vendredi 7 novembre 2025, l\u2019Union pour le Progr\u00e8s et<\/p>\n","protected":false},"author":2,"featured_media":9514,"comment_status":"closed","ping_status":"open","sticky":false,"template":"","format":"standard","meta":[],"categories":[3,4],"tags":[237],"yoast_head":"<!-- This site is optimized with the Yoast SEO plugin v19.13 - https:\/\/yoast.com\/wordpress\/plugins\/seo\/ -->\n<title>Pr\u00e9sidentielle du 28 d\u00e9cembre : l\u2019UPR de Bah Ousmane donne les raisons de son absence - UNIVERSNEWS224<\/title>\n<meta name=\"robots\" content=\"index, follow, max-snippet:-1, max-image-preview:large, max-video-preview:-1\" \/>\n<link rel=\"canonical\" href=\"https:\/\/universnews224.com\/index.php\/presidentielle-du-28-decembre-lupr-de-bah-ousmane-donne-les-raisons-de-son-absence\/\" \/>\n<meta property=\"og:locale\" content=\"fr_FR\" \/>\n<meta property=\"og:type\" content=\"article\" \/>\n<meta property=\"og:title\" content=\"Pr\u00e9sidentielle du 28 d\u00e9cembre : l\u2019UPR de Bah Ousmane donne les raisons de son absence - UNIVERSNEWS224\" \/>\n<meta property=\"og:description\" content=\"Dans une d\u00e9claration rendue publique ce vendredi 7 novembre 2025, l\u2019Union pour le Progr\u00e8s et\" \/>\n<meta property=\"og:url\" content=\"https:\/\/universnews224.com\/index.php\/presidentielle-du-28-decembre-lupr-de-bah-ousmane-donne-les-raisons-de-son-absence\/\" \/>\n<meta property=\"og:site_name\" content=\"UNIVERSNEWS224\" \/>\n<meta property=\"article:published_time\" content=\"2025-11-07T14:38:08+00:00\" \/>\n<meta property=\"og:image\" content=\"https:\/\/universnews224.com\/wp-content\/uploads\/2025\/11\/Elhadj-Bah-Ousmane-president-de-lUPR.jpg\" \/>\n\t<meta property=\"og:image:width\" content=\"1066\" \/>\n\t<meta property=\"og:image:height\" content=\"1028\" \/>\n\t<meta property=\"og:image:type\" content=\"image\/jpeg\" \/>\n<meta name=\"author\" content=\"La R\u00e9daction\" \/>\n<meta name=\"twitter:label1\" content=\"\u00c9crit par\" \/>\n\t<meta name=\"twitter:data1\" content=\"La R\u00e9daction\" \/>\n\t<meta name=\"twitter:label2\" content=\"Dur\u00e9e de lecture estim\u00e9e\" \/>\n\t<meta name=\"twitter:data2\" content=\"3 minutes\" \/>\n<script type=\"application\/ld+json\" class=\"yoast-schema-graph\">{\"@context\":\"https:\/\/schema.org\",\"@graph\":[{\"@type\":\"Article\",\"@id\":\"https:\/\/universnews224.com\/index.php\/presidentielle-du-28-decembre-lupr-de-bah-ousmane-donne-les-raisons-de-son-absence\/#article\",\"isPartOf\":{\"@id\":\"https:\/\/universnews224.com\/index.php\/presidentielle-du-28-decembre-lupr-de-bah-ousmane-donne-les-raisons-de-son-absence\/\"},\"author\":{\"name\":\"La R\u00e9daction\",\"@id\":\"https:\/\/universnews224.com\/#\/schema\/person\/a4b7d4f94a4716df60456a491260485e\"},\"headline\":\"Pr\u00e9sidentielle du 28 d\u00e9cembre : l\u2019UPR de Bah Ousmane donne les raisons de son absence\",\"datePublished\":\"2025-11-07T14:38:08+00:00\",\"dateModified\":\"2025-11-07T14:38:08+00:00\",\"mainEntityOfPage\":{\"@id\":\"https:\/\/universnews224.com\/index.php\/presidentielle-du-28-decembre-lupr-de-bah-ousmane-donne-les-raisons-de-son-absence\/\"},\"wordCount\":472,\"publisher\":{\"@id\":\"https:\/\/universnews224.com\/#organization\"},\"keywords\":[\"A la une\"],\"articleSection\":[\"ACTU\",\"POLITIQUE\"],\"inLanguage\":\"fr-FR\"},{\"@type\":\"WebPage\",\"@id\":\"https:\/\/universnews224.com\/index.php\/presidentielle-du-28-decembre-lupr-de-bah-ousmane-donne-les-raisons-de-son-absence\/\",\"url\":\"https:\/\/universnews224.com\/index.php\/presidentielle-du-28-decembre-lupr-de-bah-ousmane-donne-les-raisons-de-son-absence\/\",\"name\":\"Pr\u00e9sidentielle du 28 d\u00e9cembre : l\u2019UPR de Bah Ousmane donne les raisons de son absence - UNIVERSNEWS224\",\"isPartOf\":{\"@id\":\"https:\/\/universnews224.com\/#website\"},\"datePublished\":\"2025-11-07T14:38:08+00:00\",\"dateModified\":\"2025-11-07T14:38:08+00:00\",\"inLanguage\":\"fr-FR\",\"potentialAction\":[{\"@type\":\"ReadAction\",\"target\":[\"https:\/\/universnews224.com\/index.php\/presidentielle-du-28-decembre-lupr-de-bah-ousmane-donne-les-raisons-de-son-absence\/\"]}]},{\"@type\":\"WebSite\",\"@id\":\"https:\/\/universnews224.com\/#website\",\"url\":\"https:\/\/universnews224.com\/\",\"name\":\"UNIVERSNEWS224\",\"description\":\"\",\"publisher\":{\"@id\":\"https:\/\/universnews224.com\/#organization\"},\"potentialAction\":[{\"@type\":\"SearchAction\",\"target\":{\"@type\":\"EntryPoint\",\"urlTemplate\":\"https:\/\/universnews224.com\/?s={search_term_string}\"},\"query-input\":\"required name=search_term_string\"}],\"inLanguage\":\"fr-FR\"},{\"@type\":\"Organization\",\"@id\":\"https:\/\/universnews224.com\/#organization\",\"name\":\"UNIVERSNEWS224\",\"url\":\"https:\/\/universnews224.com\/\",\"logo\":{\"@type\":\"ImageObject\",\"inLanguage\":\"fr-FR\",\"@id\":\"https:\/\/universnews224.com\/#\/schema\/logo\/image\/\",\"url\":\"https:\/\/universnews224.com\/wp-content\/uploads\/2022\/08\/cropped-cropped-logoban.jpg\",\"contentUrl\":\"https:\/\/universnews224.com\/wp-content\/uploads\/2022\/08\/cropped-cropped-logoban.jpg\",\"width\":1080,\"height\":138,\"caption\":\"UNIVERSNEWS224\"},\"image\":{\"@id\":\"https:\/\/universnews224.com\/#\/schema\/logo\/image\/\"}},{\"@type\":\"Person\",\"@id\":\"https:\/\/universnews224.com\/#\/schema\/person\/a4b7d4f94a4716df60456a491260485e\",\"name\":\"La R\u00e9daction\",\"image\":{\"@type\":\"ImageObject\",\"inLanguage\":\"fr-FR\",\"@id\":\"https:\/\/universnews224.com\/#\/schema\/person\/image\/\",\"url\":\"https:\/\/secure.gravatar.com\/avatar\/edb90acc7752b23e1b3307ad36c14f0d?s=96&d=mm&r=g\",\"contentUrl\":\"https:\/\/secure.gravatar.com\/avatar\/edb90acc7752b23e1b3307ad36c14f0d?s=96&d=mm&r=g\",\"caption\":\"La R\u00e9daction\"},\"sameAs\":[\"https:\/\/universnews224.com\"],\"url\":\"https:\/\/universnews224.com\/index.php\/author\/m-camara\/\"}]}<\/script>\n<!-- \/ Yoast SEO plugin. -->","yoast_head_json":{"title":"Pr\u00e9sidentielle du 28 d\u00e9cembre : l\u2019UPR de Bah Ousmane donne les raisons de son absence - UNIVERSNEWS224","robots":{"index":"index","follow":"follow","max-snippet":"max-snippet:-1","max-image-preview":"max-image-preview:large","max-video-preview":"max-video-preview:-1"},"canonical":"https:\/\/universnews224.com\/index.php\/presidentielle-du-28-decembre-lupr-de-bah-ousmane-donne-les-raisons-de-son-absence\/","og_locale":"fr_FR","og_type":"article","og_title":"Pr\u00e9sidentielle du 28 d\u00e9cembre : l\u2019UPR de Bah Ousmane donne les raisons de son absence - UNIVERSNEWS224","og_description":"Dans une d\u00e9claration rendue publique ce vendredi 7 novembre 2025, l\u2019Union pour le Progr\u00e8s et","og_url":"https:\/\/universnews224.com\/index.php\/presidentielle-du-28-decembre-lupr-de-bah-ousmane-donne-les-raisons-de-son-absence\/","og_site_name":"UNIVERSNEWS224","article_published_time":"2025-11-07T14:38:08+00:00","og_image":[{"width":1066,"height":1028,"url":"https:\/\/universnews224.com\/wp-content\/uploads\/2025\/11\/Elhadj-Bah-Ousmane-president-de-lUPR.jpg","type":"image\/jpeg"}],"author":"La R\u00e9daction","twitter_misc":{"\u00c9crit par":"La R\u00e9daction","Dur\u00e9e de lecture estim\u00e9e":"3 minutes"},"schema":{"@context":"https:\/\/schema.org","@graph":[{"@type":"Article","@id":"https:\/\/universnews224.com\/index.php\/presidentielle-du-28-decembre-lupr-de-bah-ousmane-donne-les-raisons-de-son-absence\/#article","isPartOf":{"@id":"https:\/\/universnews224.com\/index.php\/presidentielle-du-28-decembre-lupr-de-bah-ousmane-donne-les-raisons-de-son-absence\/"},"author":{"name":"La R\u00e9daction","@id":"https:\/\/universnews224.com\/#\/schema\/person\/a4b7d4f94a4716df60456a491260485e"},"headline":"Pr\u00e9sidentielle du 28 d\u00e9cembre : l\u2019UPR de Bah Ousmane donne les raisons de son absence","datePublished":"2025-11-07T14:38:08+00:00","dateModified":"2025-11-07T14:38:08+00:00","mainEntityOfPage":{"@id":"https:\/\/universnews224.com\/index.php\/presidentielle-du-28-decembre-lupr-de-bah-ousmane-donne-les-raisons-de-son-absence\/"},"wordCount":472,"publisher":{"@id":"https:\/\/universnews224.com\/#organization"},"keywords":["A la une"],"articleSection":["ACTU","POLITIQUE"],"inLanguage":"fr-FR"},{"@type":"WebPage","@id":"https:\/\/universnews224.com\/index.php\/presidentielle-du-28-decembre-lupr-de-bah-ousmane-donne-les-raisons-de-son-absence\/","url":"https:\/\/universnews224.com\/index.php\/presidentielle-du-28-decembre-lupr-de-bah-ousmane-donne-les-raisons-de-son-absence\/","name":"Pr\u00e9sidentielle du 28 d\u00e9cembre : l\u2019UPR de Bah Ousmane donne les raisons de son absence - UNIVERSNEWS224","isPartOf":{"@id":"https:\/\/universnews224.com\/#website"},"datePublished":"2025-11-07T14:38:08+00:00","dateModified":"2025-11-07T14:38:08+00:00","inLanguage":"fr-FR","potentialAction":[{"@type":"ReadAction","target":["https:\/\/universnews224.com\/index.php\/presidentielle-du-28-decembre-lupr-de-bah-ousmane-donne-les-raisons-de-son-absence\/"]}]},{"@type":"WebSite","@id":"https:\/\/universnews224.com\/#website","url":"https:\/\/universnews224.com\/","name":"UNIVERSNEWS224","description":"","publisher":{"@id":"https:\/\/universnews224.com\/#organization"},"potentialAction":[{"@type":"SearchAction","target":{"@type":"EntryPoint","urlTemplate":"https:\/\/universnews224.com\/?s={search_term_string}"},"query-input":"required name=search_term_string"}],"inLanguage":"fr-FR"},{"@type":"Organization","@id":"https:\/\/universnews224.com\/#organization","name":"UNIVERSNEWS224","url":"https:\/\/universnews224.com\/","logo":{"@type":"ImageObject","inLanguage":"fr-FR","@id":"https:\/\/universnews224.com\/#\/schema\/logo\/image\/","url":"https:\/\/universnews224.com\/wp-content\/uploads\/2022\/08\/cropped-cropped-logoban.jpg","contentUrl":"https:\/\/universnews224.com\/wp-content\/uploads\/2022\/08\/cropped-cropped-logoban.jpg","width":1080,"height":138,"caption":"UNIVERSNEWS224"},"image":{"@id":"https:\/\/universnews224.com\/#\/schema\/logo\/image\/"}},{"@type":"Person","@id":"https:\/\/universnews224.com\/#\/schema\/person\/a4b7d4f94a4716df60456a491260485e","name":"La R\u00e9daction","image":{"@type":"ImageObject","inLanguage":"fr-FR","@id":"https:\/\/universnews224.com\/#\/schema\/person\/image\/","url":"https:\/\/secure.gravatar.com\/avatar\/edb90acc7752b23e1b3307ad36c14f0d?s=96&d=mm&r=g","contentUrl":"https:\/\/secure.gravatar.com\/avatar\/edb90acc7752b23e1b3307ad36c14f0d?s=96&d=mm&r=g","caption":"La R\u00e9daction"},"sameAs":["https:\/\/universnews224.com"],"url":"https:\/\/universnews224.com\/index.php\/author\/m-camara\/"}]}},"_links":{"self":[{"href":"https:\/\/universnews224.com\/index.php\/wp-json\/wp\/v2\/posts\/9513"}],"collection":[{"href":"https:\/\/universnews224.com\/index.php\/wp-json\/wp\/v2\/posts"}],"about":[{"href":"https:\/\/universnews224.com\/index.php\/wp-json\/wp\/v2\/types\/post"}],"author":[{"embeddable":true,"href":"https:\/\/universnews224.com\/index.php\/wp-json\/wp\/v2\/users\/2"}],"replies":[{"embeddable":true,"href":"https:\/\/universnews224.com\/index.php\/wp-json\/wp\/v2\/comments?post=9513"}],"version-history":[{"count":1,"href":"https:\/\/universnews224.com\/index.php\/wp-json\/wp\/v2\/posts\/9513\/revisions"}],"predecessor-version":[{"id":9515,"href":"https:\/\/universnews224.com\/index.php\/wp-json\/wp\/v2\/posts\/9513\/revisions\/9515"}],"wp:featuredmedia":[{"embeddable":true,"href":"https:\/\/universnews224.com\/index.php\/wp-json\/wp\/v2\/media\/9514"}],"wp:attachment":[{"href":"https:\/\/universnews224.com\/index.php\/wp-json\/wp\/v2\/media?parent=9513"}],"wp:term":[{"taxonomy":"category","embeddable":true,"href":"https:\/\/universnews224.com\/index.php\/wp-json\/wp\/v2\/categories?post=9513"},{"taxonomy":"post_tag","embeddable":true,"href":"https:\/\/universnews224.com\/index.php\/wp-json\/wp\/v2\/tags?post=9513"}],"curies":[{"name":"wp","href":"https:\/\/api.w.org\/{rel}","templated":true}]}}