{"id":9520,"date":"2025-11-09T03:51:46","date_gmt":"2025-11-09T02:51:46","guid":{"rendered":"https:\/\/universnews224.com\/?p=9520"},"modified":"2025-11-09T03:51:46","modified_gmt":"2025-11-09T02:51:46","slug":"urgent-la-cour-supreme-publie-la-liste-des-candidats-a-lelection-presidentielle-du-28-decembre","status":"publish","type":"post","link":"https:\/\/universnews224.com\/index.php\/urgent-la-cour-supreme-publie-la-liste-des-candidats-a-lelection-presidentielle-du-28-decembre\/","title":{"rendered":"Urgent: la Cour supr\u00eame publie la liste des candidats \u00e0 l&rsquo;\u00e9lection pr\u00e9sidentielle du 28 d\u00e9cembre"},"content":{"rendered":"<p>Une semaine\u00a0 aprr\u00e0 la cl\u00f4ture du d\u00e9p\u00f4t des dossiers de candidatures \u00e0 l&rsquo;\u00e9lection pr\u00e9sidentielle du 2025, la Cour supr\u00eame, la plus haute juridiction du pays , a d\u00e9voil\u00e9 dans la nuit de ce samedi, 08 novembre, le nom des candidats retenus pour comp\u00e9tir au scrutin pr\u00e9sidentiel \u00e0 venir.<\/p>\n<p>&nbsp;<\/p>\n<p>&nbsp;<\/p>\n<p>Sur les 51 candidatures re\u00e7ues, la Cour supr\u00eame de Guin\u00e9e n\u2019a valid\u00e9 que 9 candidats dont deux ind\u00e9pendants.<\/p>\n<p>&nbsp;<\/p>\n<p>Ce sont :<\/p>\n<p>&nbsp;<\/p>\n<p>&nbsp;<\/p>\n<p>M. Abdoulaye Y\u00e9ro Bald\u00e9;<\/p>\n<p>Mme Makale Camara;<\/p>\n<p>M. Ibrahima Abe Sylla,<\/p>\n<p>M. Faya Lansana Milimono;<\/p>\n<p>M. Abdoulaye Kourouma;<\/p>\n<p>M. Mohamed Nabe;<\/p>\n<p>M. Bouna Ke\u00efta;<\/p>\n<p>M. Mamadi Doumbouya;<\/p>\n<p>M. Mohamed Cherif Tounkara.<\/p>\n<p>&nbsp;<\/p>\n<p>Il signaler que la candidature de M. Lansana Kouyat\u00e9 et de Dr. Ousmane Kaba ont \u00e9t\u00e9 rejet\u00e9e par la plus haute juridiction du pays.<\/p>\n<p>&nbsp;<\/p>\n<p>Camara Mamadouba<\/p>\n<p>&nbsp;<\/p>\n<p>611 46 04 10<\/p>\n","protected":false},"excerpt":{"rendered":"<p>Une semaine\u00a0 aprr\u00e0 la cl\u00f4ture du d\u00e9p\u00f4t des dossiers de candidatures \u00e0 l&rsquo;\u00e9lection pr\u00e9sidentielle du<\/p>\n","protected":false},"author":2,"featured_media":9521,"comment_status":"closed","ping_status":"open","sticky":false,"template":"","format":"standard","meta":[],"categories":[3,4],"tags":[237],"yoast_head":"<!-- This site is optimized with the Yoast SEO plugin v19.13 - https:\/\/yoast.com\/wordpress\/plugins\/seo\/ -->\n<title>Urgent: la Cour supr\u00eame publie la liste des candidats \u00e0 l&#039;\u00e9lection pr\u00e9sidentielle du 28 d\u00e9cembre - UNIVERSNEWS224<\/title>\n<meta name=\"robots\" content=\"index, follow, max-snippet:-1, max-image-preview:large, max-video-preview:-1\" \/>\n<link rel=\"canonical\" href=\"https:\/\/universnews224.com\/index.php\/urgent-la-cour-supreme-publie-la-liste-des-candidats-a-lelection-presidentielle-du-28-decembre\/\" \/>\n<meta property=\"og:locale\" content=\"fr_FR\" \/>\n<meta property=\"og:type\" content=\"article\" \/>\n<meta property=\"og:title\" content=\"Urgent: la Cour supr\u00eame publie la liste des candidats \u00e0 l&#039;\u00e9lection pr\u00e9sidentielle du 28 d\u00e9cembre - UNIVERSNEWS224\" \/>\n<meta property=\"og:description\" content=\"Une semaine\u00a0 aprr\u00e0 la cl\u00f4ture du d\u00e9p\u00f4t des dossiers de candidatures \u00e0 l&rsquo;\u00e9lection pr\u00e9sidentielle du\" \/>\n<meta property=\"og:url\" content=\"https:\/\/universnews224.com\/index.php\/urgent-la-cour-supreme-publie-la-liste-des-candidats-a-lelection-presidentielle-du-28-decembre\/\" \/>\n<meta property=\"og:site_name\" content=\"UNIVERSNEWS224\" \/>\n<meta property=\"article:published_time\" content=\"2025-11-09T02:51:46+00:00\" \/>\n<meta property=\"og:image\" content=\"https:\/\/universnews224.com\/wp-content\/uploads\/2025\/11\/577609418_1375740837895758_7825633554005838763_n.jpg\" \/>\n\t<meta property=\"og:image:width\" content=\"638\" \/>\n\t<meta property=\"og:image:height\" content=\"431\" \/>\n\t<meta property=\"og:image:type\" content=\"image\/jpeg\" \/>\n<meta name=\"author\" content=\"La R\u00e9daction\" \/>\n<meta name=\"twitter:label1\" content=\"\u00c9crit par\" \/>\n\t<meta name=\"twitter:data1\" content=\"La R\u00e9daction\" \/>\n\t<meta name=\"twitter:label2\" content=\"Dur\u00e9e de lecture estim\u00e9e\" \/>\n\t<meta name=\"twitter:data2\" content=\"1 minute\" \/>\n<script type=\"application\/ld+json\" class=\"yoast-schema-graph\">{\"@context\":\"https:\/\/schema.org\",\"@graph\":[{\"@type\":\"Article\",\"@id\":\"https:\/\/universnews224.com\/index.php\/urgent-la-cour-supreme-publie-la-liste-des-candidats-a-lelection-presidentielle-du-28-decembre\/#article\",\"isPartOf\":{\"@id\":\"https:\/\/universnews224.com\/index.php\/urgent-la-cour-supreme-publie-la-liste-des-candidats-a-lelection-presidentielle-du-28-decembre\/\"},\"author\":{\"name\":\"La R\u00e9daction\",\"@id\":\"https:\/\/universnews224.com\/#\/schema\/person\/a4b7d4f94a4716df60456a491260485e\"},\"headline\":\"Urgent: la Cour supr\u00eame publie la liste des candidats \u00e0 l&rsquo;\u00e9lection pr\u00e9sidentielle du 28 d\u00e9cembre\",\"datePublished\":\"2025-11-09T02:51:46+00:00\",\"dateModified\":\"2025-11-09T02:51:46+00:00\",\"mainEntityOfPage\":{\"@id\":\"https:\/\/universnews224.com\/index.php\/urgent-la-cour-supreme-publie-la-liste-des-candidats-a-lelection-presidentielle-du-28-decembre\/\"},\"wordCount\":160,\"publisher\":{\"@id\":\"https:\/\/universnews224.com\/#organization\"},\"keywords\":[\"A la une\"],\"articleSection\":[\"ACTU\",\"POLITIQUE\"],\"inLanguage\":\"fr-FR\"},{\"@type\":\"WebPage\",\"@id\":\"https:\/\/universnews224.com\/index.php\/urgent-la-cour-supreme-publie-la-liste-des-candidats-a-lelection-presidentielle-du-28-decembre\/\",\"url\":\"https:\/\/universnews224.com\/index.php\/urgent-la-cour-supreme-publie-la-liste-des-candidats-a-lelection-presidentielle-du-28-decembre\/\",\"name\":\"Urgent: la Cour supr\u00eame publie la liste des candidats \u00e0 l'\u00e9lection pr\u00e9sidentielle du 28 d\u00e9cembre - UNIVERSNEWS224\",\"isPartOf\":{\"@id\":\"https:\/\/universnews224.com\/#website\"},\"datePublished\":\"2025-11-09T02:51:46+00:00\",\"dateModified\":\"2025-11-09T02:51:46+00:00\",\"inLanguage\":\"fr-FR\",\"potentialAction\":[{\"@type\":\"ReadAction\",\"target\":[\"https:\/\/universnews224.com\/index.php\/urgent-la-cour-supreme-publie-la-liste-des-candidats-a-lelection-presidentielle-du-28-decembre\/\"]}]},{\"@type\":\"WebSite\",\"@id\":\"https:\/\/universnews224.com\/#website\",\"url\":\"https:\/\/universnews224.com\/\",\"name\":\"UNIVERSNEWS224\",\"description\":\"\",\"publisher\":{\"@id\":\"https:\/\/universnews224.com\/#organization\"},\"potentialAction\":[{\"@type\":\"SearchAction\",\"target\":{\"@type\":\"EntryPoint\",\"urlTemplate\":\"https:\/\/universnews224.com\/?s={search_term_string}\"},\"query-input\":\"required name=search_term_string\"}],\"inLanguage\":\"fr-FR\"},{\"@type\":\"Organization\",\"@id\":\"https:\/\/universnews224.com\/#organization\",\"name\":\"UNIVERSNEWS224\",\"url\":\"https:\/\/universnews224.com\/\",\"logo\":{\"@type\":\"ImageObject\",\"inLanguage\":\"fr-FR\",\"@id\":\"https:\/\/universnews224.com\/#\/schema\/logo\/image\/\",\"url\":\"https:\/\/universnews224.com\/wp-content\/uploads\/2022\/08\/cropped-cropped-logoban.jpg\",\"contentUrl\":\"https:\/\/universnews224.com\/wp-content\/uploads\/2022\/08\/cropped-cropped-logoban.jpg\",\"width\":1080,\"height\":138,\"caption\":\"UNIVERSNEWS224\"},\"image\":{\"@id\":\"https:\/\/universnews224.com\/#\/schema\/logo\/image\/\"}},{\"@type\":\"Person\",\"@id\":\"https:\/\/universnews224.com\/#\/schema\/person\/a4b7d4f94a4716df60456a491260485e\",\"name\":\"La R\u00e9daction\",\"image\":{\"@type\":\"ImageObject\",\"inLanguage\":\"fr-FR\",\"@id\":\"https:\/\/universnews224.com\/#\/schema\/person\/image\/\",\"url\":\"https:\/\/secure.gravatar.com\/avatar\/edb90acc7752b23e1b3307ad36c14f0d?s=96&d=mm&r=g\",\"contentUrl\":\"https:\/\/secure.gravatar.com\/avatar\/edb90acc7752b23e1b3307ad36c14f0d?s=96&d=mm&r=g\",\"caption\":\"La R\u00e9daction\"},\"sameAs\":[\"https:\/\/universnews224.com\"],\"url\":\"https:\/\/universnews224.com\/index.php\/author\/m-camara\/\"}]}<\/script>\n<!-- \/ Yoast SEO plugin. -->","yoast_head_json":{"title":"Urgent: la Cour supr\u00eame publie la liste des candidats \u00e0 l'\u00e9lection pr\u00e9sidentielle du 28 d\u00e9cembre - UNIVERSNEWS224","robots":{"index":"index","follow":"follow","max-snippet":"max-snippet:-1","max-image-preview":"max-image-preview:large","max-video-preview":"max-video-preview:-1"},"canonical":"https:\/\/universnews224.com\/index.php\/urgent-la-cour-supreme-publie-la-liste-des-candidats-a-lelection-presidentielle-du-28-decembre\/","og_locale":"fr_FR","og_type":"article","og_title":"Urgent: la Cour supr\u00eame publie la liste des candidats \u00e0 l'\u00e9lection pr\u00e9sidentielle du 28 d\u00e9cembre - UNIVERSNEWS224","og_description":"Une semaine\u00a0 aprr\u00e0 la cl\u00f4ture du d\u00e9p\u00f4t des dossiers de candidatures \u00e0 l&rsquo;\u00e9lection pr\u00e9sidentielle du","og_url":"https:\/\/universnews224.com\/index.php\/urgent-la-cour-supreme-publie-la-liste-des-candidats-a-lelection-presidentielle-du-28-decembre\/","og_site_name":"UNIVERSNEWS224","article_published_time":"2025-11-09T02:51:46+00:00","og_image":[{"width":638,"height":431,"url":"https:\/\/universnews224.com\/wp-content\/uploads\/2025\/11\/577609418_1375740837895758_7825633554005838763_n.jpg","type":"image\/jpeg"}],"author":"La R\u00e9daction","twitter_misc":{"\u00c9crit par":"La R\u00e9daction","Dur\u00e9e de lecture estim\u00e9e":"1 minute"},"schema":{"@context":"https:\/\/schema.org","@graph":[{"@type":"Article","@id":"https:\/\/universnews224.com\/index.php\/urgent-la-cour-supreme-publie-la-liste-des-candidats-a-lelection-presidentielle-du-28-decembre\/#article","isPartOf":{"@id":"https:\/\/universnews224.com\/index.php\/urgent-la-cour-supreme-publie-la-liste-des-candidats-a-lelection-presidentielle-du-28-decembre\/"},"author":{"name":"La R\u00e9daction","@id":"https:\/\/universnews224.com\/#\/schema\/person\/a4b7d4f94a4716df60456a491260485e"},"headline":"Urgent: la Cour supr\u00eame publie la liste des candidats \u00e0 l&rsquo;\u00e9lection pr\u00e9sidentielle du 28 d\u00e9cembre","datePublished":"2025-11-09T02:51:46+00:00","dateModified":"2025-11-09T02:51:46+00:00","mainEntityOfPage":{"@id":"https:\/\/universnews224.com\/index.php\/urgent-la-cour-supreme-publie-la-liste-des-candidats-a-lelection-presidentielle-du-28-decembre\/"},"wordCount":160,"publisher":{"@id":"https:\/\/universnews224.com\/#organization"},"keywords":["A la une"],"articleSection":["ACTU","POLITIQUE"],"inLanguage":"fr-FR"},{"@type":"WebPage","@id":"https:\/\/universnews224.com\/index.php\/urgent-la-cour-supreme-publie-la-liste-des-candidats-a-lelection-presidentielle-du-28-decembre\/","url":"https:\/\/universnews224.com\/index.php\/urgent-la-cour-supreme-publie-la-liste-des-candidats-a-lelection-presidentielle-du-28-decembre\/","name":"Urgent: la Cour supr\u00eame publie la liste des candidats \u00e0 l'\u00e9lection pr\u00e9sidentielle du 28 d\u00e9cembre - UNIVERSNEWS224","isPartOf":{"@id":"https:\/\/universnews224.com\/#website"},"datePublished":"2025-11-09T02:51:46+00:00","dateModified":"2025-11-09T02:51:46+00:00","inLanguage":"fr-FR","potentialAction":[{"@type":"ReadAction","target":["https:\/\/universnews224.com\/index.php\/urgent-la-cour-supreme-publie-la-liste-des-candidats-a-lelection-presidentielle-du-28-decembre\/"]}]},{"@type":"WebSite","@id":"https:\/\/universnews224.com\/#website","url":"https:\/\/universnews224.com\/","name":"UNIVERSNEWS224","description":"","publisher":{"@id":"https:\/\/universnews224.com\/#organization"},"potentialAction":[{"@type":"SearchAction","target":{"@type":"EntryPoint","urlTemplate":"https:\/\/universnews224.com\/?s={search_term_string}"},"query-input":"required name=search_term_string"}],"inLanguage":"fr-FR"},{"@type":"Organization","@id":"https:\/\/universnews224.com\/#organization","name":"UNIVERSNEWS224","url":"https:\/\/universnews224.com\/","logo":{"@type":"ImageObject","inLanguage":"fr-FR","@id":"https:\/\/universnews224.com\/#\/schema\/logo\/image\/","url":"https:\/\/universnews224.com\/wp-content\/uploads\/2022\/08\/cropped-cropped-logoban.jpg","contentUrl":"https:\/\/universnews224.com\/wp-content\/uploads\/2022\/08\/cropped-cropped-logoban.jpg","width":1080,"height":138,"caption":"UNIVERSNEWS224"},"image":{"@id":"https:\/\/universnews224.com\/#\/schema\/logo\/image\/"}},{"@type":"Person","@id":"https:\/\/universnews224.com\/#\/schema\/person\/a4b7d4f94a4716df60456a491260485e","name":"La R\u00e9daction","image":{"@type":"ImageObject","inLanguage":"fr-FR","@id":"https:\/\/universnews224.com\/#\/schema\/person\/image\/","url":"https:\/\/secure.gravatar.com\/avatar\/edb90acc7752b23e1b3307ad36c14f0d?s=96&d=mm&r=g","contentUrl":"https:\/\/secure.gravatar.com\/avatar\/edb90acc7752b23e1b3307ad36c14f0d?s=96&d=mm&r=g","caption":"La R\u00e9daction"},"sameAs":["https:\/\/universnews224.com"],"url":"https:\/\/universnews224.com\/index.php\/author\/m-camara\/"}]}},"_links":{"self":[{"href":"https:\/\/universnews224.com\/index.php\/wp-json\/wp\/v2\/posts\/9520"}],"collection":[{"href":"https:\/\/universnews224.com\/index.php\/wp-json\/wp\/v2\/posts"}],"about":[{"href":"https:\/\/universnews224.com\/index.php\/wp-json\/wp\/v2\/types\/post"}],"author":[{"embeddable":true,"href":"https:\/\/universnews224.com\/index.php\/wp-json\/wp\/v2\/users\/2"}],"replies":[{"embeddable":true,"href":"https:\/\/universnews224.com\/index.php\/wp-json\/wp\/v2\/comments?post=9520"}],"version-history":[{"count":1,"href":"https:\/\/universnews224.com\/index.php\/wp-json\/wp\/v2\/posts\/9520\/revisions"}],"predecessor-version":[{"id":9522,"href":"https:\/\/universnews224.com\/index.php\/wp-json\/wp\/v2\/posts\/9520\/revisions\/9522"}],"wp:featuredmedia":[{"embeddable":true,"href":"https:\/\/universnews224.com\/index.php\/wp-json\/wp\/v2\/media\/9521"}],"wp:attachment":[{"href":"https:\/\/universnews224.com\/index.php\/wp-json\/wp\/v2\/media?parent=9520"}],"wp:term":[{"taxonomy":"category","embeddable":true,"href":"https:\/\/universnews224.com\/index.php\/wp-json\/wp\/v2\/categories?post=9520"},{"taxonomy":"post_tag","embeddable":true,"href":"https:\/\/universnews224.com\/index.php\/wp-json\/wp\/v2\/tags?post=9520"}],"curies":[{"name":"wp","href":"https:\/\/api.w.org\/{rel}","templated":true}]}}