{"id":9523,"date":"2025-11-10T14:14:43","date_gmt":"2025-11-10T13:14:43","guid":{"rendered":"https:\/\/universnews224.com\/?p=9523"},"modified":"2025-11-10T14:14:43","modified_gmt":"2025-11-10T13:14:43","slug":"lancement-du-mega-projet-simandou-general-brice-clotaire-oligui-nguema-sera-a-conakry-ce-lundi","status":"publish","type":"post","link":"https:\/\/universnews224.com\/index.php\/lancement-du-mega-projet-simandou-general-brice-clotaire-oligui-nguema-sera-a-conakry-ce-lundi\/","title":{"rendered":"Lancement du m\u00e9ga-projet Simandou: G\u00e9n\u00e9ral Brice Clotaire Oligui Nguema sera \u00e0 Conakry ce lundi."},"content":{"rendered":"<p>Dans le cadre de la c\u00e9r\u00e9monie historique de lancement de l\u2019exploitation du m\u00e9ga-projet mines-infrastructures de Simandou, le pr\u00e9sident de la R\u00e9publique gabonaise, le G\u00e9n\u00e9ral Brice Clotaire Oligui Nguema, effectuera une visite ce lundi, 10 novembre 2025.<\/p>\n<p><a href=\"https:\/\/universnews224.com\/wp-content\/uploads\/2025\/11\/IMG_2668-1112x1536-1.jpeg\"><img loading=\"lazy\" class=\"alignnone size-medium wp-image-9524\" src=\"https:\/\/universnews224.com\/wp-content\/uploads\/2025\/11\/IMG_2668-1112x1536-1-217x300.jpeg\" alt=\"\" width=\"217\" height=\"300\" srcset=\"https:\/\/universnews224.com\/wp-content\/uploads\/2025\/11\/IMG_2668-1112x1536-1-217x300.jpeg 217w, https:\/\/universnews224.com\/wp-content\/uploads\/2025\/11\/IMG_2668-1112x1536-1-741x1024.jpeg 741w, https:\/\/universnews224.com\/wp-content\/uploads\/2025\/11\/IMG_2668-1112x1536-1-768x1061.jpeg 768w, https:\/\/universnews224.com\/wp-content\/uploads\/2025\/11\/IMG_2668-1112x1536-1.jpeg 1112w\" sizes=\"(max-width: 217px) 100vw, 217px\" \/><\/a><\/p>\n","protected":false},"excerpt":{"rendered":"<p>Dans le cadre de la c\u00e9r\u00e9monie historique de lancement de l\u2019exploitation du m\u00e9ga-projet mines-infrastructures de<\/p>\n","protected":false},"author":2,"featured_media":9525,"comment_status":"closed","ping_status":"open","sticky":false,"template":"","format":"standard","meta":[],"categories":[3,4],"tags":[237],"yoast_head":"<!-- This site is optimized with the Yoast SEO plugin v19.13 - https:\/\/yoast.com\/wordpress\/plugins\/seo\/ -->\n<title>Lancement du m\u00e9ga-projet Simandou: G\u00e9n\u00e9ral Brice Clotaire Oligui Nguema sera \u00e0 Conakry ce lundi. - UNIVERSNEWS224<\/title>\n<meta name=\"robots\" content=\"index, follow, max-snippet:-1, max-image-preview:large, max-video-preview:-1\" \/>\n<link rel=\"canonical\" href=\"https:\/\/universnews224.com\/index.php\/lancement-du-mega-projet-simandou-general-brice-clotaire-oligui-nguema-sera-a-conakry-ce-lundi\/\" \/>\n<meta property=\"og:locale\" content=\"fr_FR\" \/>\n<meta property=\"og:type\" content=\"article\" \/>\n<meta property=\"og:title\" content=\"Lancement du m\u00e9ga-projet Simandou: G\u00e9n\u00e9ral Brice Clotaire Oligui Nguema sera \u00e0 Conakry ce lundi. - UNIVERSNEWS224\" \/>\n<meta property=\"og:description\" content=\"Dans le cadre de la c\u00e9r\u00e9monie historique de lancement de l\u2019exploitation du m\u00e9ga-projet mines-infrastructures de\" \/>\n<meta property=\"og:url\" content=\"https:\/\/universnews224.com\/index.php\/lancement-du-mega-projet-simandou-general-brice-clotaire-oligui-nguema-sera-a-conakry-ce-lundi\/\" \/>\n<meta property=\"og:site_name\" content=\"UNIVERSNEWS224\" \/>\n<meta property=\"article:published_time\" content=\"2025-11-10T13:14:43+00:00\" \/>\n<meta property=\"og:image\" content=\"https:\/\/universnews224.com\/wp-content\/uploads\/2025\/11\/FB_IMG_1762779840184.jpg\" \/>\n\t<meta property=\"og:image:width\" content=\"450\" \/>\n\t<meta property=\"og:image:height\" content=\"300\" \/>\n\t<meta property=\"og:image:type\" content=\"image\/jpeg\" \/>\n<meta name=\"author\" content=\"La R\u00e9daction\" \/>\n<meta name=\"twitter:label1\" content=\"\u00c9crit par\" \/>\n\t<meta name=\"twitter:data1\" content=\"La R\u00e9daction\" \/>\n\t<meta name=\"twitter:label2\" content=\"Dur\u00e9e de lecture estim\u00e9e\" \/>\n\t<meta name=\"twitter:data2\" content=\"1 minute\" \/>\n<script type=\"application\/ld+json\" class=\"yoast-schema-graph\">{\"@context\":\"https:\/\/schema.org\",\"@graph\":[{\"@type\":\"Article\",\"@id\":\"https:\/\/universnews224.com\/index.php\/lancement-du-mega-projet-simandou-general-brice-clotaire-oligui-nguema-sera-a-conakry-ce-lundi\/#article\",\"isPartOf\":{\"@id\":\"https:\/\/universnews224.com\/index.php\/lancement-du-mega-projet-simandou-general-brice-clotaire-oligui-nguema-sera-a-conakry-ce-lundi\/\"},\"author\":{\"name\":\"La R\u00e9daction\",\"@id\":\"https:\/\/universnews224.com\/#\/schema\/person\/a4b7d4f94a4716df60456a491260485e\"},\"headline\":\"Lancement du m\u00e9ga-projet Simandou: G\u00e9n\u00e9ral Brice Clotaire Oligui Nguema sera \u00e0 Conakry ce lundi.\",\"datePublished\":\"2025-11-10T13:14:43+00:00\",\"dateModified\":\"2025-11-10T13:14:43+00:00\",\"mainEntityOfPage\":{\"@id\":\"https:\/\/universnews224.com\/index.php\/lancement-du-mega-projet-simandou-general-brice-clotaire-oligui-nguema-sera-a-conakry-ce-lundi\/\"},\"wordCount\":58,\"publisher\":{\"@id\":\"https:\/\/universnews224.com\/#organization\"},\"keywords\":[\"A la une\"],\"articleSection\":[\"ACTU\",\"POLITIQUE\"],\"inLanguage\":\"fr-FR\"},{\"@type\":\"WebPage\",\"@id\":\"https:\/\/universnews224.com\/index.php\/lancement-du-mega-projet-simandou-general-brice-clotaire-oligui-nguema-sera-a-conakry-ce-lundi\/\",\"url\":\"https:\/\/universnews224.com\/index.php\/lancement-du-mega-projet-simandou-general-brice-clotaire-oligui-nguema-sera-a-conakry-ce-lundi\/\",\"name\":\"Lancement du m\u00e9ga-projet Simandou: G\u00e9n\u00e9ral Brice Clotaire Oligui Nguema sera \u00e0 Conakry ce lundi. - UNIVERSNEWS224\",\"isPartOf\":{\"@id\":\"https:\/\/universnews224.com\/#website\"},\"datePublished\":\"2025-11-10T13:14:43+00:00\",\"dateModified\":\"2025-11-10T13:14:43+00:00\",\"inLanguage\":\"fr-FR\",\"potentialAction\":[{\"@type\":\"ReadAction\",\"target\":[\"https:\/\/universnews224.com\/index.php\/lancement-du-mega-projet-simandou-general-brice-clotaire-oligui-nguema-sera-a-conakry-ce-lundi\/\"]}]},{\"@type\":\"WebSite\",\"@id\":\"https:\/\/universnews224.com\/#website\",\"url\":\"https:\/\/universnews224.com\/\",\"name\":\"UNIVERSNEWS224\",\"description\":\"\",\"publisher\":{\"@id\":\"https:\/\/universnews224.com\/#organization\"},\"potentialAction\":[{\"@type\":\"SearchAction\",\"target\":{\"@type\":\"EntryPoint\",\"urlTemplate\":\"https:\/\/universnews224.com\/?s={search_term_string}\"},\"query-input\":\"required name=search_term_string\"}],\"inLanguage\":\"fr-FR\"},{\"@type\":\"Organization\",\"@id\":\"https:\/\/universnews224.com\/#organization\",\"name\":\"UNIVERSNEWS224\",\"url\":\"https:\/\/universnews224.com\/\",\"logo\":{\"@type\":\"ImageObject\",\"inLanguage\":\"fr-FR\",\"@id\":\"https:\/\/universnews224.com\/#\/schema\/logo\/image\/\",\"url\":\"https:\/\/universnews224.com\/wp-content\/uploads\/2022\/08\/cropped-cropped-logoban.jpg\",\"contentUrl\":\"https:\/\/universnews224.com\/wp-content\/uploads\/2022\/08\/cropped-cropped-logoban.jpg\",\"width\":1080,\"height\":138,\"caption\":\"UNIVERSNEWS224\"},\"image\":{\"@id\":\"https:\/\/universnews224.com\/#\/schema\/logo\/image\/\"}},{\"@type\":\"Person\",\"@id\":\"https:\/\/universnews224.com\/#\/schema\/person\/a4b7d4f94a4716df60456a491260485e\",\"name\":\"La R\u00e9daction\",\"image\":{\"@type\":\"ImageObject\",\"inLanguage\":\"fr-FR\",\"@id\":\"https:\/\/universnews224.com\/#\/schema\/person\/image\/\",\"url\":\"https:\/\/secure.gravatar.com\/avatar\/edb90acc7752b23e1b3307ad36c14f0d?s=96&d=mm&r=g\",\"contentUrl\":\"https:\/\/secure.gravatar.com\/avatar\/edb90acc7752b23e1b3307ad36c14f0d?s=96&d=mm&r=g\",\"caption\":\"La R\u00e9daction\"},\"sameAs\":[\"https:\/\/universnews224.com\"],\"url\":\"https:\/\/universnews224.com\/index.php\/author\/m-camara\/\"}]}<\/script>\n<!-- \/ Yoast SEO plugin. -->","yoast_head_json":{"title":"Lancement du m\u00e9ga-projet Simandou: G\u00e9n\u00e9ral Brice Clotaire Oligui Nguema sera \u00e0 Conakry ce lundi. - UNIVERSNEWS224","robots":{"index":"index","follow":"follow","max-snippet":"max-snippet:-1","max-image-preview":"max-image-preview:large","max-video-preview":"max-video-preview:-1"},"canonical":"https:\/\/universnews224.com\/index.php\/lancement-du-mega-projet-simandou-general-brice-clotaire-oligui-nguema-sera-a-conakry-ce-lundi\/","og_locale":"fr_FR","og_type":"article","og_title":"Lancement du m\u00e9ga-projet Simandou: G\u00e9n\u00e9ral Brice Clotaire Oligui Nguema sera \u00e0 Conakry ce lundi. - UNIVERSNEWS224","og_description":"Dans le cadre de la c\u00e9r\u00e9monie historique de lancement de l\u2019exploitation du m\u00e9ga-projet mines-infrastructures de","og_url":"https:\/\/universnews224.com\/index.php\/lancement-du-mega-projet-simandou-general-brice-clotaire-oligui-nguema-sera-a-conakry-ce-lundi\/","og_site_name":"UNIVERSNEWS224","article_published_time":"2025-11-10T13:14:43+00:00","og_image":[{"width":450,"height":300,"url":"https:\/\/universnews224.com\/wp-content\/uploads\/2025\/11\/FB_IMG_1762779840184.jpg","type":"image\/jpeg"}],"author":"La R\u00e9daction","twitter_misc":{"\u00c9crit par":"La R\u00e9daction","Dur\u00e9e de lecture estim\u00e9e":"1 minute"},"schema":{"@context":"https:\/\/schema.org","@graph":[{"@type":"Article","@id":"https:\/\/universnews224.com\/index.php\/lancement-du-mega-projet-simandou-general-brice-clotaire-oligui-nguema-sera-a-conakry-ce-lundi\/#article","isPartOf":{"@id":"https:\/\/universnews224.com\/index.php\/lancement-du-mega-projet-simandou-general-brice-clotaire-oligui-nguema-sera-a-conakry-ce-lundi\/"},"author":{"name":"La R\u00e9daction","@id":"https:\/\/universnews224.com\/#\/schema\/person\/a4b7d4f94a4716df60456a491260485e"},"headline":"Lancement du m\u00e9ga-projet Simandou: G\u00e9n\u00e9ral Brice Clotaire Oligui Nguema sera \u00e0 Conakry ce lundi.","datePublished":"2025-11-10T13:14:43+00:00","dateModified":"2025-11-10T13:14:43+00:00","mainEntityOfPage":{"@id":"https:\/\/universnews224.com\/index.php\/lancement-du-mega-projet-simandou-general-brice-clotaire-oligui-nguema-sera-a-conakry-ce-lundi\/"},"wordCount":58,"publisher":{"@id":"https:\/\/universnews224.com\/#organization"},"keywords":["A la une"],"articleSection":["ACTU","POLITIQUE"],"inLanguage":"fr-FR"},{"@type":"WebPage","@id":"https:\/\/universnews224.com\/index.php\/lancement-du-mega-projet-simandou-general-brice-clotaire-oligui-nguema-sera-a-conakry-ce-lundi\/","url":"https:\/\/universnews224.com\/index.php\/lancement-du-mega-projet-simandou-general-brice-clotaire-oligui-nguema-sera-a-conakry-ce-lundi\/","name":"Lancement du m\u00e9ga-projet Simandou: G\u00e9n\u00e9ral Brice Clotaire Oligui Nguema sera \u00e0 Conakry ce lundi. - UNIVERSNEWS224","isPartOf":{"@id":"https:\/\/universnews224.com\/#website"},"datePublished":"2025-11-10T13:14:43+00:00","dateModified":"2025-11-10T13:14:43+00:00","inLanguage":"fr-FR","potentialAction":[{"@type":"ReadAction","target":["https:\/\/universnews224.com\/index.php\/lancement-du-mega-projet-simandou-general-brice-clotaire-oligui-nguema-sera-a-conakry-ce-lundi\/"]}]},{"@type":"WebSite","@id":"https:\/\/universnews224.com\/#website","url":"https:\/\/universnews224.com\/","name":"UNIVERSNEWS224","description":"","publisher":{"@id":"https:\/\/universnews224.com\/#organization"},"potentialAction":[{"@type":"SearchAction","target":{"@type":"EntryPoint","urlTemplate":"https:\/\/universnews224.com\/?s={search_term_string}"},"query-input":"required name=search_term_string"}],"inLanguage":"fr-FR"},{"@type":"Organization","@id":"https:\/\/universnews224.com\/#organization","name":"UNIVERSNEWS224","url":"https:\/\/universnews224.com\/","logo":{"@type":"ImageObject","inLanguage":"fr-FR","@id":"https:\/\/universnews224.com\/#\/schema\/logo\/image\/","url":"https:\/\/universnews224.com\/wp-content\/uploads\/2022\/08\/cropped-cropped-logoban.jpg","contentUrl":"https:\/\/universnews224.com\/wp-content\/uploads\/2022\/08\/cropped-cropped-logoban.jpg","width":1080,"height":138,"caption":"UNIVERSNEWS224"},"image":{"@id":"https:\/\/universnews224.com\/#\/schema\/logo\/image\/"}},{"@type":"Person","@id":"https:\/\/universnews224.com\/#\/schema\/person\/a4b7d4f94a4716df60456a491260485e","name":"La R\u00e9daction","image":{"@type":"ImageObject","inLanguage":"fr-FR","@id":"https:\/\/universnews224.com\/#\/schema\/person\/image\/","url":"https:\/\/secure.gravatar.com\/avatar\/edb90acc7752b23e1b3307ad36c14f0d?s=96&d=mm&r=g","contentUrl":"https:\/\/secure.gravatar.com\/avatar\/edb90acc7752b23e1b3307ad36c14f0d?s=96&d=mm&r=g","caption":"La R\u00e9daction"},"sameAs":["https:\/\/universnews224.com"],"url":"https:\/\/universnews224.com\/index.php\/author\/m-camara\/"}]}},"_links":{"self":[{"href":"https:\/\/universnews224.com\/index.php\/wp-json\/wp\/v2\/posts\/9523"}],"collection":[{"href":"https:\/\/universnews224.com\/index.php\/wp-json\/wp\/v2\/posts"}],"about":[{"href":"https:\/\/universnews224.com\/index.php\/wp-json\/wp\/v2\/types\/post"}],"author":[{"embeddable":true,"href":"https:\/\/universnews224.com\/index.php\/wp-json\/wp\/v2\/users\/2"}],"replies":[{"embeddable":true,"href":"https:\/\/universnews224.com\/index.php\/wp-json\/wp\/v2\/comments?post=9523"}],"version-history":[{"count":1,"href":"https:\/\/universnews224.com\/index.php\/wp-json\/wp\/v2\/posts\/9523\/revisions"}],"predecessor-version":[{"id":9526,"href":"https:\/\/universnews224.com\/index.php\/wp-json\/wp\/v2\/posts\/9523\/revisions\/9526"}],"wp:featuredmedia":[{"embeddable":true,"href":"https:\/\/universnews224.com\/index.php\/wp-json\/wp\/v2\/media\/9525"}],"wp:attachment":[{"href":"https:\/\/universnews224.com\/index.php\/wp-json\/wp\/v2\/media?parent=9523"}],"wp:term":[{"taxonomy":"category","embeddable":true,"href":"https:\/\/universnews224.com\/index.php\/wp-json\/wp\/v2\/categories?post=9523"},{"taxonomy":"post_tag","embeddable":true,"href":"https:\/\/universnews224.com\/index.php\/wp-json\/wp\/v2\/tags?post=9523"}],"curies":[{"name":"wp","href":"https:\/\/api.w.org\/{rel}","templated":true}]}}